{"id":421013,"date":"2026-03-25T12:29:02","date_gmt":"2026-03-25T15:29:02","guid":{"rendered":"https:\/\/portaltela.pt\/noticias\/2026\/03\/25\/joao-pinto-e-arremesso-de-pedras-na-final-da-taca-de-portugal-de-1994\/"},"modified":"2026-03-25T12:29:02","modified_gmt":"2026-03-25T15:29:02","slug":"joao-pinto-e-arremesso-de-pedras-na-final-da-taca-de-portugal-de-1994","status":"publish","type":"post","link":"https:\/\/portaltela.pt\/desporto\/futebol\/2026\/03\/25\/joao-pinto-e-arremesso-de-pedras-na-final-da-taca-de-portugal-de-1994\/","title":{"rendered":"Jo\u00e3o Pinto e arremesso de pedras na final da Ta\u00e7a de Portugal de 1994"},"content":{"rendered":"<p>Jo\u00e3o Pinto, antigo capit\u00e3o do FC Porto, recorda a final da Ta\u00e7a de Portugal de 1994 frente ao Sporting, numa conversa com Alo\u00edso e Rui Barros. Os drag\u00f5es venceram 2-1 no prolongamento, numa entrega do trof\u00e9u marcada pelo arremesso de pedras.<\/p>\n<p>Na altura, o epis\u00f3dio gerou controv\u00e9rsia e ficou associado \u00e0 cerim\u00f3nia de entrega do trof\u00e9u. A final de 1994 terminou com a vit\u00f3ria do FC Porto, ap\u00f3s o tempo extra.<\/p>\n<p>Alo\u00edso e Rui Barros, tamb\u00e9m ex-jogadores do FC Porto, acompanharam a mem\u00f3ria de Jo\u00e3o Pinto. O relato centra-se no contexto da final e nas consequ\u00eancias para a hist\u00f3ria do clube.<\/p>\n<p>O epis\u00f3dio \u00e9 lembrado como parte da mem\u00f3ria do FC Porto daquela \u00e9poca, com o arremesso de pedras a ficar como marco da cerim\u00f3nia e da emo\u00e7\u00e3o do confronto.<\/p>\n","protected":false},"excerpt":{"rendered":"<ul>\n<li>Jo\u00e3o Pinto, ent\u00e3o capit\u00e3o do FC Porto, recorda a final da Ta\u00e7a de Portugal de 1994 frente ao Sporting.<\/li>\n<li>Os drag\u00f5es venceram por dois a um, ap\u00f3s prolongamento.<\/li>\n<li>A entrega do trof\u00e9u ficou marcada pelo arremesso de pedras.<\/li>\n<li>A recorda\u00e7\u00e3o aconteceu numa conversa com Alo\u00edso e Rui Barros, ambos ex-jogadores do FC Porto.<\/li>\n<li>Jo\u00e3o Pinto disse que aquela final foi o momento em que aprendeu a jogar padel.<\/li>\n<\/ul>\n","protected":false},"author":2,"featured_media":421016,"comment_status":"closed","ping_status":"closed","sticky":false,"template":"","format":"standard","meta":{"footnotes":""},"categories":[21,24],"tags":[7414,2028,32,982,1652,1266],"class_list":["post-421013","post","type-post","status-publish","format-standard","has-post-thumbnail","hentry","category-desporto","category-futebol","tag-arremessos","tag-fc-porto","tag-futebol","tag-porto","tag-sporting","tag-taca-de-portugal"],"yoast_head":"<!-- This site is optimized with the Yoast SEO plugin v27.2 - https:\/\/yoast.com\/product\/yoast-seo-wordpress\/ -->\n<title>Jo\u00e3o Pinto e arremesso de pedras na final da Ta\u00e7a de Portugal de 1994 - Portal Tela Portugal<\/title>\n<meta name=\"robots\" content=\"index, follow, max-snippet:-1, max-image-preview:large, max-video-preview:-1\" \/>\n<meta property=\"og:locale\" content=\"pt_PT\" \/>\n<meta property=\"og:type\" content=\"article\" \/>\n<meta property=\"og:title\" content=\"Jo\u00e3o Pinto e arremesso de pedras na final da Ta\u00e7a de Portugal de 1994 - Portal Tela Portugal\" \/>\n<meta property=\"og:description\" content=\"Jo\u00e3o Pinto, ent\u00e3o capit\u00e3o do FC Porto, recorda a final da Ta\u00e7a de Portugal de 1994 frente ao Sporting. Os drag\u00f5es venceram por dois a um, ap\u00f3s prolongamento. A entrega do trof\u00e9u ficou marcada pelo arremesso de pedras. A recorda\u00e7\u00e3o aconteceu numa conversa com Alo\u00edso e Rui Barros, ambos ex-jogadores do FC Porto. Jo\u00e3o Pinto disse que aquela final foi o momento em que aprendeu a jogar padel.\" \/>\n<meta property=\"og:url\" content=\"https:\/\/portaltela.pt\/noticias\/2026\/03\/25\/joao-pinto-e-arremesso-de-pedras-na-final-da-taca-de-portugal-de-1994\/\" \/>\n<meta property=\"og:site_name\" content=\"Portal Tela Portugal\" \/>\n<meta property=\"article:published_time\" content=\"2026-03-25T15:29:02+00:00\" \/>\n<meta name=\"author\" content=\"Telinha\" \/>\n<meta name=\"twitter:card\" content=\"summary_large_image\" \/>\n<meta name=\"twitter:label1\" content=\"Escrito por\" \/>\n\t<meta name=\"twitter:data1\" content=\"Telinha\" \/>\n\t<meta name=\"twitter:label2\" content=\"Tempo estimado de leitura\" \/>\n\t<meta name=\"twitter:data2\" content=\"1 minuto\" \/>\n<script type=\"application\/ld+json\" class=\"yoast-schema-graph\">{\"@context\":\"https:\/\/schema.org\",\"@graph\":[{\"@type\":\"Article\",\"@id\":\"https:\/\/portaltela.pt\/noticias\/2026\/03\/25\/joao-pinto-e-arremesso-de-pedras-na-final-da-taca-de-portugal-de-1994\/#article\",\"isPartOf\":{\"@id\":\"https:\/\/portaltela.pt\/noticias\/2026\/03\/25\/joao-pinto-e-arremesso-de-pedras-na-final-da-taca-de-portugal-de-1994\/\"},\"author\":{\"name\":\"Telinha\",\"@id\":\"https:\/\/portaltela.pt\/#\/schema\/person\/c4278d4a6028830caff9ee44b42d32ed\"},\"headline\":\"Jo\u00e3o Pinto e arremesso de pedras na final da Ta\u00e7a de Portugal de 1994\",\"datePublished\":\"2026-03-25T15:29:02+00:00\",\"mainEntityOfPage\":{\"@id\":\"https:\/\/portaltela.pt\/noticias\/2026\/03\/25\/joao-pinto-e-arremesso-de-pedras-na-final-da-taca-de-portugal-de-1994\/\"},\"wordCount\":163,\"image\":{\"@id\":\"https:\/\/portaltela.pt\/noticias\/2026\/03\/25\/joao-pinto-e-arremesso-de-pedras-na-final-da-taca-de-portugal-de-1994\/#primaryimage\"},\"thumbnailUrl\":\"https:\/\/portaltela.pt\/s.01k8rhncp4jt1\/2026\/03\/img_1200x721uu2026-03-25-15-24-00-2429316.jpg\",\"keywords\":[\"arremessos\",\"FC Porto\",\"futebol\",\"Porto\",\"Sporting\",\"Ta\u00e7a de Portugal\"],\"articleSection\":[\"Desporto\",\"Futebol\"],\"inLanguage\":\"pt-PT\"},{\"@type\":\"WebPage\",\"@id\":\"https:\/\/portaltela.pt\/noticias\/2026\/03\/25\/joao-pinto-e-arremesso-de-pedras-na-final-da-taca-de-portugal-de-1994\/\",\"url\":\"https:\/\/portaltela.pt\/noticias\/2026\/03\/25\/joao-pinto-e-arremesso-de-pedras-na-final-da-taca-de-portugal-de-1994\/\",\"name\":\"Jo\u00e3o Pinto e arremesso de pedras na final da Ta\u00e7a de Portugal de 1994 - Portal Tela Portugal\",\"isPartOf\":{\"@id\":\"https:\/\/portaltela.pt\/#website\"},\"primaryImageOfPage\":{\"@id\":\"https:\/\/portaltela.pt\/noticias\/2026\/03\/25\/joao-pinto-e-arremesso-de-pedras-na-final-da-taca-de-portugal-de-1994\/#primaryimage\"},\"image\":{\"@id\":\"https:\/\/portaltela.pt\/noticias\/2026\/03\/25\/joao-pinto-e-arremesso-de-pedras-na-final-da-taca-de-portugal-de-1994\/#primaryimage\"},\"thumbnailUrl\":\"https:\/\/portaltela.pt\/s.01k8rhncp4jt1\/2026\/03\/img_1200x721uu2026-03-25-15-24-00-2429316.jpg\",\"datePublished\":\"2026-03-25T15:29:02+00:00\",\"author\":{\"@id\":\"https:\/\/portaltela.pt\/#\/schema\/person\/c4278d4a6028830caff9ee44b42d32ed\"},\"breadcrumb\":{\"@id\":\"https:\/\/portaltela.pt\/noticias\/2026\/03\/25\/joao-pinto-e-arremesso-de-pedras-na-final-da-taca-de-portugal-de-1994\/#breadcrumb\"},\"inLanguage\":\"pt-PT\",\"potentialAction\":[{\"@type\":\"ReadAction\",\"target\":[\"https:\/\/portaltela.pt\/noticias\/2026\/03\/25\/joao-pinto-e-arremesso-de-pedras-na-final-da-taca-de-portugal-de-1994\/\"]}]},{\"@type\":\"ImageObject\",\"inLanguage\":\"pt-PT\",\"@id\":\"https:\/\/portaltela.pt\/noticias\/2026\/03\/25\/joao-pinto-e-arremesso-de-pedras-na-final-da-taca-de-portugal-de-1994\/#primaryimage\",\"url\":\"https:\/\/portaltela.pt\/s.01k8rhncp4jt1\/2026\/03\/img_1200x721uu2026-03-25-15-24-00-2429316.jpg\",\"contentUrl\":\"https:\/\/portaltela.pt\/s.01k8rhncp4jt1\/2026\/03\/img_1200x721uu2026-03-25-15-24-00-2429316.jpg\",\"width\":1200,\"height\":721,\"caption\":\"Jo\u00e3o Pinto e o arremesso de pedras na final da Ta\u00e7a de Portugal de 1994: \u00abFoi a\u00ed que aprendi a jogar padel\u00bb\"},{\"@type\":\"BreadcrumbList\",\"@id\":\"https:\/\/portaltela.pt\/noticias\/2026\/03\/25\/joao-pinto-e-arremesso-de-pedras-na-final-da-taca-de-portugal-de-1994\/#breadcrumb\",\"itemListElement\":[{\"@type\":\"ListItem\",\"position\":1,\"name\":\"In\u00edcio\",\"item\":\"https:\/\/portaltela.pt\/\"},{\"@type\":\"ListItem\",\"position\":2,\"name\":\"Jo\u00e3o Pinto e arremesso de pedras na final da Ta\u00e7a de Portugal de 1994\"}]},{\"@type\":\"WebSite\",\"@id\":\"https:\/\/portaltela.pt\/#website\",\"url\":\"https:\/\/portaltela.pt\/\",\"name\":\"Portal Tela Portugal\",\"description\":\"\",\"potentialAction\":[{\"@type\":\"SearchAction\",\"target\":{\"@type\":\"EntryPoint\",\"urlTemplate\":\"https:\/\/portaltela.pt\/?s={search_term_string}\"},\"query-input\":{\"@type\":\"PropertyValueSpecification\",\"valueRequired\":true,\"valueName\":\"search_term_string\"}}],\"inLanguage\":\"pt-PT\"},{\"@type\":\"Person\",\"@id\":\"https:\/\/portaltela.pt\/#\/schema\/person\/c4278d4a6028830caff9ee44b42d32ed\",\"name\":\"Telinha\",\"image\":{\"@type\":\"ImageObject\",\"inLanguage\":\"pt-PT\",\"@id\":\"https:\/\/portaltela.pt\/s.01k8rhncp4jt1\/2025\/11\/talking-bot-125x125.png\",\"url\":\"https:\/\/portaltela.pt\/s.01k8rhncp4jt1\/2025\/11\/talking-bot-125x125.png\",\"contentUrl\":\"https:\/\/portaltela.pt\/s.01k8rhncp4jt1\/2025\/11\/talking-bot-125x125.png\",\"caption\":\"Telinha\"},\"sameAs\":[\"https:\/\/portaltela.pt\/\"],\"url\":\"https:\/\/portaltela.pt\/por\/367410592786\/\"}]}<\/script>\n<!-- \/ Yoast SEO plugin. -->","yoast_head_json":{"title":"Jo\u00e3o Pinto e arremesso de pedras na final da Ta\u00e7a de Portugal de 1994 - Portal Tela Portugal","robots":{"index":"index","follow":"follow","max-snippet":"max-snippet:-1","max-image-preview":"max-image-preview:large","max-video-preview":"max-video-preview:-1"},"og_locale":"pt_PT","og_type":"article","og_title":"Jo\u00e3o Pinto e arremesso de pedras na final da Ta\u00e7a de Portugal de 1994 - Portal Tela Portugal","og_description":"Jo\u00e3o Pinto, ent\u00e3o capit\u00e3o do FC Porto, recorda a final da Ta\u00e7a de Portugal de 1994 frente ao Sporting. Os drag\u00f5es venceram por dois a um, ap\u00f3s prolongamento. A entrega do trof\u00e9u ficou marcada pelo arremesso de pedras. A recorda\u00e7\u00e3o aconteceu numa conversa com Alo\u00edso e Rui Barros, ambos ex-jogadores do FC Porto. Jo\u00e3o Pinto disse que aquela final foi o momento em que aprendeu a jogar padel.","og_url":"https:\/\/portaltela.pt\/noticias\/2026\/03\/25\/joao-pinto-e-arremesso-de-pedras-na-final-da-taca-de-portugal-de-1994\/","og_site_name":"Portal Tela Portugal","article_published_time":"2026-03-25T15:29:02+00:00","author":"Telinha","twitter_card":"summary_large_image","twitter_misc":{"Escrito por":"Telinha","Tempo estimado de leitura":"1 minuto"},"schema":{"@context":"https:\/\/schema.org","@graph":[{"@type":"Article","@id":"https:\/\/portaltela.pt\/noticias\/2026\/03\/25\/joao-pinto-e-arremesso-de-pedras-na-final-da-taca-de-portugal-de-1994\/#article","isPartOf":{"@id":"https:\/\/portaltela.pt\/noticias\/2026\/03\/25\/joao-pinto-e-arremesso-de-pedras-na-final-da-taca-de-portugal-de-1994\/"},"author":{"name":"Telinha","@id":"https:\/\/portaltela.pt\/#\/schema\/person\/c4278d4a6028830caff9ee44b42d32ed"},"headline":"Jo\u00e3o Pinto e arremesso de pedras na final da Ta\u00e7a de Portugal de 1994","datePublished":"2026-03-25T15:29:02+00:00","mainEntityOfPage":{"@id":"https:\/\/portaltela.pt\/noticias\/2026\/03\/25\/joao-pinto-e-arremesso-de-pedras-na-final-da-taca-de-portugal-de-1994\/"},"wordCount":163,"image":{"@id":"https:\/\/portaltela.pt\/noticias\/2026\/03\/25\/joao-pinto-e-arremesso-de-pedras-na-final-da-taca-de-portugal-de-1994\/#primaryimage"},"thumbnailUrl":"https:\/\/portaltela.pt\/s.01k8rhncp4jt1\/2026\/03\/img_1200x721uu2026-03-25-15-24-00-2429316.jpg","keywords":["arremessos","FC Porto","futebol","Porto","Sporting","Ta\u00e7a de Portugal"],"articleSection":["Desporto","Futebol"],"inLanguage":"pt-PT"},{"@type":"WebPage","@id":"https:\/\/portaltela.pt\/noticias\/2026\/03\/25\/joao-pinto-e-arremesso-de-pedras-na-final-da-taca-de-portugal-de-1994\/","url":"https:\/\/portaltela.pt\/noticias\/2026\/03\/25\/joao-pinto-e-arremesso-de-pedras-na-final-da-taca-de-portugal-de-1994\/","name":"Jo\u00e3o Pinto e arremesso de pedras na final da Ta\u00e7a de Portugal de 1994 - Portal Tela Portugal","isPartOf":{"@id":"https:\/\/portaltela.pt\/#website"},"primaryImageOfPage":{"@id":"https:\/\/portaltela.pt\/noticias\/2026\/03\/25\/joao-pinto-e-arremesso-de-pedras-na-final-da-taca-de-portugal-de-1994\/#primaryimage"},"image":{"@id":"https:\/\/portaltela.pt\/noticias\/2026\/03\/25\/joao-pinto-e-arremesso-de-pedras-na-final-da-taca-de-portugal-de-1994\/#primaryimage"},"thumbnailUrl":"https:\/\/portaltela.pt\/s.01k8rhncp4jt1\/2026\/03\/img_1200x721uu2026-03-25-15-24-00-2429316.jpg","datePublished":"2026-03-25T15:29:02+00:00","author":{"@id":"https:\/\/portaltela.pt\/#\/schema\/person\/c4278d4a6028830caff9ee44b42d32ed"},"breadcrumb":{"@id":"https:\/\/portaltela.pt\/noticias\/2026\/03\/25\/joao-pinto-e-arremesso-de-pedras-na-final-da-taca-de-portugal-de-1994\/#breadcrumb"},"inLanguage":"pt-PT","potentialAction":[{"@type":"ReadAction","target":["https:\/\/portaltela.pt\/noticias\/2026\/03\/25\/joao-pinto-e-arremesso-de-pedras-na-final-da-taca-de-portugal-de-1994\/"]}]},{"@type":"ImageObject","inLanguage":"pt-PT","@id":"https:\/\/portaltela.pt\/noticias\/2026\/03\/25\/joao-pinto-e-arremesso-de-pedras-na-final-da-taca-de-portugal-de-1994\/#primaryimage","url":"https:\/\/portaltela.pt\/s.01k8rhncp4jt1\/2026\/03\/img_1200x721uu2026-03-25-15-24-00-2429316.jpg","contentUrl":"https:\/\/portaltela.pt\/s.01k8rhncp4jt1\/2026\/03\/img_1200x721uu2026-03-25-15-24-00-2429316.jpg","width":1200,"height":721,"caption":"Jo\u00e3o Pinto e o arremesso de pedras na final da Ta\u00e7a de Portugal de 1994: \u00abFoi a\u00ed que aprendi a jogar padel\u00bb"},{"@type":"BreadcrumbList","@id":"https:\/\/portaltela.pt\/noticias\/2026\/03\/25\/joao-pinto-e-arremesso-de-pedras-na-final-da-taca-de-portugal-de-1994\/#breadcrumb","itemListElement":[{"@type":"ListItem","position":1,"name":"In\u00edcio","item":"https:\/\/portaltela.pt\/"},{"@type":"ListItem","position":2,"name":"Jo\u00e3o Pinto e arremesso de pedras na final da Ta\u00e7a de Portugal de 1994"}]},{"@type":"WebSite","@id":"https:\/\/portaltela.pt\/#website","url":"https:\/\/portaltela.pt\/","name":"Portal Tela Portugal","description":"","potentialAction":[{"@type":"SearchAction","target":{"@type":"EntryPoint","urlTemplate":"https:\/\/portaltela.pt\/?s={search_term_string}"},"query-input":{"@type":"PropertyValueSpecification","valueRequired":true,"valueName":"search_term_string"}}],"inLanguage":"pt-PT"},{"@type":"Person","@id":"https:\/\/portaltela.pt\/#\/schema\/person\/c4278d4a6028830caff9ee44b42d32ed","name":"Telinha","image":{"@type":"ImageObject","inLanguage":"pt-PT","@id":"https:\/\/portaltela.pt\/s.01k8rhncp4jt1\/2025\/11\/talking-bot-125x125.png","url":"https:\/\/portaltela.pt\/s.01k8rhncp4jt1\/2025\/11\/talking-bot-125x125.png","contentUrl":"https:\/\/portaltela.pt\/s.01k8rhncp4jt1\/2025\/11\/talking-bot-125x125.png","caption":"Telinha"},"sameAs":["https:\/\/portaltela.pt\/"],"url":"https:\/\/portaltela.pt\/por\/367410592786\/"}]}},"_links":{"self":[{"href":"https:\/\/portaltela.pt\/api\/wp\/v2\/posts\/421013","targetHints":{"allow":["GET"]}}],"collection":[{"href":"https:\/\/portaltela.pt\/api\/wp\/v2\/posts"}],"about":[{"href":"https:\/\/portaltela.pt\/api\/wp\/v2\/types\/post"}],"author":[{"embeddable":true,"href":"https:\/\/portaltela.pt\/api\/wp\/v2\/users\/2"}],"replies":[{"embeddable":true,"href":"https:\/\/portaltela.pt\/api\/wp\/v2\/comments?post=421013"}],"version-history":[{"count":0,"href":"https:\/\/portaltela.pt\/api\/wp\/v2\/posts\/421013\/revisions"}],"wp:featuredmedia":[{"embeddable":true,"href":"https:\/\/portaltela.pt\/api\/wp\/v2\/media\/421016"}],"wp:attachment":[{"href":"https:\/\/portaltela.pt\/api\/wp\/v2\/media?parent=421013"}],"wp:term":[{"taxonomy":"category","embeddable":true,"href":"https:\/\/portaltela.pt\/api\/wp\/v2\/categories?post=421013"},{"taxonomy":"post_tag","embeddable":true,"href":"https:\/\/portaltela.pt\/api\/wp\/v2\/tags?post=421013"}],"curies":[{"name":"wp","href":"https:\/\/api.w.org\/{rel}","templated":true}]}}