{"id":421011,"date":"2026-03-25T12:11:00","date_gmt":"2026-03-25T15:11:00","guid":{"rendered":"https:\/\/portaltela.pt\/noticias\/2026\/03\/25\/morte-de-odair-chefe-da-esquadra-da-amadora-nao-menciona-existencia-de-faca-no-local\/"},"modified":"2026-03-25T12:11:00","modified_gmt":"2026-03-25T15:11:00","slug":"morte-de-odair-chefe-da-esquadra-da-amadora-nao-menciona-existencia-de-faca-no-local","status":"publish","type":"post","link":"https:\/\/portaltela.pt\/policia\/2026\/03\/25\/morte-de-odair-chefe-da-esquadra-da-amadora-nao-menciona-existencia-de-faca-no-local\/","title":{"rendered":"Morte de Odair: Chefe da esquadra da Amadora n\u00e3o menciona exist\u00eancia de faca no local"},"content":{"rendered":"<p>No Tribunal de Sintra, esta quarta-feira v\u00e3o ser ouvidos os agentes que estiveram no local ap\u00f3s os disparos ocorridos no dia da morte de Odair Moniz, no Bairro da Cova da Moura, a 21 de outubro de 2024. A audi\u00eancia foca-se nas declara\u00e7\u00f5es do chefe de servi\u00e7o da esquadra da Amadora, presente no local.<\/p>\n<p>O agente descreve que chegou ap\u00f3s os disparos, encontrou Bruno Pinto visivelmente nervoso e viu Odair Moniz ca\u00eddo e a receber assist\u00eancia. O per\u00edmetro de seguran\u00e7a j\u00e1 estava montado e o local situava-se numa zona pouco iluminada. O chefe de servi\u00e7o assegura que n\u00e3o se aproximou do corpo al\u00e9m do necess\u00e1rio e permaneceu at\u00e9 Odair ser encaminhado para ambul\u00e2ncia.<\/p>\n<p>Seguem-se as declara\u00e7\u00f5es do comandante da divis\u00e3o policial da Amadora, que afirma ter sido informado \u00e0s 6h e que visitou Bruno Pinto no hospital, mas n\u00e3o o local do crime. O comandante defende que as regras de atua\u00e7\u00e3o foram cumpridas, incluindo a utiliza\u00e7\u00e3o de bast\u00f5es para conter o suspeito e a condu\u00e7\u00e3o da opera\u00e7\u00e3o sem recorrer a g\u00e1s pimenta.<\/p>\n<p>O respons\u00e1vel acrescenta que os agentes tentaram imobilizar o suspeito em zonas verdes e que, quando o agressor resistiu, a equipa pediu refor\u00e7os. Em determinado momento, o agente Bruno Pinto disparou para o ar, conforme a avalia\u00e7\u00e3o de que a situa\u00e7\u00e3o exigia resposta para impedir uma agress\u00e3o.<\/p>\n<p>O comandante explica ainda que a postura dos pol\u00edcias visou proteger a integridade f\u00edsica dos elementos da equipa e a sua vida, justificando a decis\u00e3o tomada durante o epis\u00f3dio. O procurador pediu a visualiza\u00e7\u00e3o do v\u00eddeo correspondente para clarificar o momento do disparo.<\/p>\n<p>Antes de avan\u00e7ar para a visualiza\u00e7\u00e3o, o comandante referiu que o movimento do suspeito, relacionado com uma poss\u00edvel amea\u00e7a, poderia justificar a perce\u00e7\u00e3o de risco por parte do agente. O v\u00eddeo dever\u00e1 esclarecer os factos e a sequ\u00eancia de a\u00e7\u00f5es, conforme a linha de investiga\u00e7\u00e3o em curso.<\/p>\n","protected":false},"excerpt":{"rendered":"<ul>\n<li>Esta quarta-feira decorrem no Tribunal de Sintra os depoimentos dos agentes que estiveram no local ap\u00f3s os disparos que tiraram a vida de Odair Moniz, no Bairro da Cova da Moura, no dia 21 de outubro de 2024.<\/li>\n<li>O chefe de servi\u00e7o da esquadra da Amadora disse ter chegado depois dos disparos, falou com Bruno Pinto e viu Odair ca\u00eddo recebendo assist\u00eancia; n\u00e3o mencionou a exist\u00eancia de faca.<\/li>\n<li>O comandante da divis\u00e3o policial da Amadora afirmou ter tomado conhecimento da ocorr\u00eancia \u00e0s seis da manh\u00e3, visitou Bruno Pinto no hospital, mas n\u00e3o o local do crime, e garantiu que as regras de abordagem foram cumpridas.<\/li>\n<li>A patrulha utilizou bast\u00f5es para conter o suspeito em zonas verdes; ap\u00f3s Odair resistir, o agente Bruno Pinto efetuou disparos para o ar, alegando que a escalada da for\u00e7a justificava a a\u00e7\u00e3o para preservar a integridade f\u00edsica dos agentes.<\/li>\n<li>O procurador pediu a visualiza\u00e7\u00e3o do v\u00eddeo do momento; o PSP reiterou que n\u00e3o foi necess\u00e1rio recorrer a meios como g\u00e1s pimenta, e mencionou o contexto de viol\u00eancia vivenciado para explicar as decis\u00f5es tomadas.<\/li>\n<\/ul>\n","protected":false},"author":2,"featured_media":421012,"comment_status":"closed","ping_status":"closed","sticky":false,"template":"","format":"standard","meta":{"footnotes":""},"categories":[6815,6781],"tags":[5837,124,147,3418,1110,6208],"class_list":["post-421011","post","type-post","status-publish","format-standard","has-post-thumbnail","hentry","category-justica","category-policia","tag-a-amadora","tag-arma-de-fogo","tag-crime","tag-policia-de-seguranca-publica","tag-sintra","tag-tribunais"],"yoast_head":"<!-- This site is optimized with the Yoast SEO plugin v27.2 - https:\/\/yoast.com\/product\/yoast-seo-wordpress\/ -->\n<title>Morte de Odair: Chefe da esquadra da Amadora n\u00e3o menciona exist\u00eancia de faca no local - Portal Tela Portugal<\/title>\n<meta name=\"robots\" content=\"index, follow, max-snippet:-1, max-image-preview:large, max-video-preview:-1\" \/>\n<meta property=\"og:locale\" content=\"pt_PT\" \/>\n<meta property=\"og:type\" content=\"article\" \/>\n<meta property=\"og:title\" content=\"Morte de Odair: Chefe da esquadra da Amadora n\u00e3o menciona exist\u00eancia de faca no local - Portal Tela Portugal\" \/>\n<meta property=\"og:description\" content=\"Esta quarta-feira decorrem no Tribunal de Sintra os depoimentos dos agentes que estiveram no local ap\u00f3s os disparos que tiraram a vida de Odair Moniz, no Bairro da Cova da Moura, no dia 21 de outubro de 2024. O chefe de servi\u00e7o da esquadra da Amadora disse ter chegado depois dos disparos, falou com Bruno Pinto e viu Odair ca\u00eddo recebendo assist\u00eancia; n\u00e3o mencionou a exist\u00eancia de faca. O comandante da divis\u00e3o policial da Amadora afirmou ter tomado conhecimento da ocorr\u00eancia \u00e0s seis da manh\u00e3, visitou Bruno Pinto no hospital, mas n\u00e3o o local do crime, e garantiu que as regras de abordagem foram cumpridas. A patrulha utilizou bast\u00f5es para conter o suspeito em zonas verdes; ap\u00f3s Odair resistir, o agente Bruno Pinto efetuou disparos para o ar, alegando que a escalada da for\u00e7a justificava a a\u00e7\u00e3o para preservar a integridade f\u00edsica dos agentes. O procurador pediu a visualiza\u00e7\u00e3o do v\u00eddeo do momento; o PSP reiterou que n\u00e3o foi necess\u00e1rio recorrer a meios como g\u00e1s pimenta, e mencionou o contexto de viol\u00eancia vivenciado para explicar as decis\u00f5es tomadas.\" \/>\n<meta property=\"og:url\" content=\"https:\/\/portaltela.pt\/noticias\/2026\/03\/25\/morte-de-odair-chefe-da-esquadra-da-amadora-nao-menciona-existencia-de-faca-no-local\/\" \/>\n<meta property=\"og:site_name\" content=\"Portal Tela Portugal\" \/>\n<meta property=\"article:published_time\" content=\"2026-03-25T15:11:00+00:00\" \/>\n<meta name=\"author\" content=\"Telinha\" \/>\n<meta name=\"twitter:card\" content=\"summary_large_image\" \/>\n<meta name=\"twitter:label1\" content=\"Escrito por\" \/>\n\t<meta name=\"twitter:data1\" content=\"Telinha\" \/>\n\t<meta name=\"twitter:label2\" content=\"Tempo estimado de leitura\" \/>\n\t<meta name=\"twitter:data2\" content=\"2 minutos\" \/>\n<script type=\"application\/ld+json\" class=\"yoast-schema-graph\">{\"@context\":\"https:\/\/schema.org\",\"@graph\":[{\"@type\":\"Article\",\"@id\":\"https:\/\/portaltela.pt\/noticias\/2026\/03\/25\/morte-de-odair-chefe-da-esquadra-da-amadora-nao-menciona-existencia-de-faca-no-local\/#article\",\"isPartOf\":{\"@id\":\"https:\/\/portaltela.pt\/noticias\/2026\/03\/25\/morte-de-odair-chefe-da-esquadra-da-amadora-nao-menciona-existencia-de-faca-no-local\/\"},\"author\":{\"name\":\"Telinha\",\"@id\":\"https:\/\/portaltela.pt\/#\/schema\/person\/c4278d4a6028830caff9ee44b42d32ed\"},\"headline\":\"Morte de Odair: Chefe da esquadra da Amadora n\u00e3o menciona exist\u00eancia de faca no local\",\"datePublished\":\"2026-03-25T15:11:00+00:00\",\"mainEntityOfPage\":{\"@id\":\"https:\/\/portaltela.pt\/noticias\/2026\/03\/25\/morte-de-odair-chefe-da-esquadra-da-amadora-nao-menciona-existencia-de-faca-no-local\/\"},\"wordCount\":368,\"image\":{\"@id\":\"https:\/\/portaltela.pt\/noticias\/2026\/03\/25\/morte-de-odair-chefe-da-esquadra-da-amadora-nao-menciona-existencia-de-faca-no-local\/#primaryimage\"},\"thumbnailUrl\":\"https:\/\/portaltela.pt\/s.01k8rhncp4jt1\/2026\/03\/img_1500x1000uu2025-10-22-13-08-49-2243185.jpg\",\"keywords\":[\"A Amadora\",\"arma de fogo\",\"crime\",\"Pol\u00edcia de Seguran\u00e7a P\u00fablica\",\"Sintra\",\"Tribunais\"],\"articleSection\":[\"Justi\u00e7a\",\"Pol\u00edcia\"],\"inLanguage\":\"pt-PT\"},{\"@type\":\"WebPage\",\"@id\":\"https:\/\/portaltela.pt\/noticias\/2026\/03\/25\/morte-de-odair-chefe-da-esquadra-da-amadora-nao-menciona-existencia-de-faca-no-local\/\",\"url\":\"https:\/\/portaltela.pt\/noticias\/2026\/03\/25\/morte-de-odair-chefe-da-esquadra-da-amadora-nao-menciona-existencia-de-faca-no-local\/\",\"name\":\"Morte de Odair: Chefe da esquadra da Amadora n\u00e3o menciona exist\u00eancia de faca no local - Portal Tela Portugal\",\"isPartOf\":{\"@id\":\"https:\/\/portaltela.pt\/#website\"},\"primaryImageOfPage\":{\"@id\":\"https:\/\/portaltela.pt\/noticias\/2026\/03\/25\/morte-de-odair-chefe-da-esquadra-da-amadora-nao-menciona-existencia-de-faca-no-local\/#primaryimage\"},\"image\":{\"@id\":\"https:\/\/portaltela.pt\/noticias\/2026\/03\/25\/morte-de-odair-chefe-da-esquadra-da-amadora-nao-menciona-existencia-de-faca-no-local\/#primaryimage\"},\"thumbnailUrl\":\"https:\/\/portaltela.pt\/s.01k8rhncp4jt1\/2026\/03\/img_1500x1000uu2025-10-22-13-08-49-2243185.jpg\",\"datePublished\":\"2026-03-25T15:11:00+00:00\",\"author\":{\"@id\":\"https:\/\/portaltela.pt\/#\/schema\/person\/c4278d4a6028830caff9ee44b42d32ed\"},\"breadcrumb\":{\"@id\":\"https:\/\/portaltela.pt\/noticias\/2026\/03\/25\/morte-de-odair-chefe-da-esquadra-da-amadora-nao-menciona-existencia-de-faca-no-local\/#breadcrumb\"},\"inLanguage\":\"pt-PT\",\"potentialAction\":[{\"@type\":\"ReadAction\",\"target\":[\"https:\/\/portaltela.pt\/noticias\/2026\/03\/25\/morte-de-odair-chefe-da-esquadra-da-amadora-nao-menciona-existencia-de-faca-no-local\/\"]}]},{\"@type\":\"ImageObject\",\"inLanguage\":\"pt-PT\",\"@id\":\"https:\/\/portaltela.pt\/noticias\/2026\/03\/25\/morte-de-odair-chefe-da-esquadra-da-amadora-nao-menciona-existencia-de-faca-no-local\/#primaryimage\",\"url\":\"https:\/\/portaltela.pt\/s.01k8rhncp4jt1\/2026\/03\/img_1500x1000uu2025-10-22-13-08-49-2243185.jpg\",\"contentUrl\":\"https:\/\/portaltela.pt\/s.01k8rhncp4jt1\/2026\/03\/img_1500x1000uu2025-10-22-13-08-49-2243185.jpg\",\"width\":1500,\"height\":1000,\"caption\":\"Tribunal de Sintra onde decorre julgamento do caso da morte de Odair Moniz\"},{\"@type\":\"BreadcrumbList\",\"@id\":\"https:\/\/portaltela.pt\/noticias\/2026\/03\/25\/morte-de-odair-chefe-da-esquadra-da-amadora-nao-menciona-existencia-de-faca-no-local\/#breadcrumb\",\"itemListElement\":[{\"@type\":\"ListItem\",\"position\":1,\"name\":\"In\u00edcio\",\"item\":\"https:\/\/portaltela.pt\/\"},{\"@type\":\"ListItem\",\"position\":2,\"name\":\"Morte de Odair: Chefe da esquadra da Amadora n\u00e3o menciona exist\u00eancia de faca no local\"}]},{\"@type\":\"WebSite\",\"@id\":\"https:\/\/portaltela.pt\/#website\",\"url\":\"https:\/\/portaltela.pt\/\",\"name\":\"Portal Tela Portugal\",\"description\":\"\",\"potentialAction\":[{\"@type\":\"SearchAction\",\"target\":{\"@type\":\"EntryPoint\",\"urlTemplate\":\"https:\/\/portaltela.pt\/?s={search_term_string}\"},\"query-input\":{\"@type\":\"PropertyValueSpecification\",\"valueRequired\":true,\"valueName\":\"search_term_string\"}}],\"inLanguage\":\"pt-PT\"},{\"@type\":\"Person\",\"@id\":\"https:\/\/portaltela.pt\/#\/schema\/person\/c4278d4a6028830caff9ee44b42d32ed\",\"name\":\"Telinha\",\"image\":{\"@type\":\"ImageObject\",\"inLanguage\":\"pt-PT\",\"@id\":\"https:\/\/portaltela.pt\/s.01k8rhncp4jt1\/2025\/11\/talking-bot-125x125.png\",\"url\":\"https:\/\/portaltela.pt\/s.01k8rhncp4jt1\/2025\/11\/talking-bot-125x125.png\",\"contentUrl\":\"https:\/\/portaltela.pt\/s.01k8rhncp4jt1\/2025\/11\/talking-bot-125x125.png\",\"caption\":\"Telinha\"},\"sameAs\":[\"https:\/\/portaltela.pt\/\"],\"url\":\"https:\/\/portaltela.pt\/por\/367410592786\/\"}]}<\/script>\n<!-- \/ Yoast SEO plugin. -->","yoast_head_json":{"title":"Morte de Odair: Chefe da esquadra da Amadora n\u00e3o menciona exist\u00eancia de faca no local - Portal Tela Portugal","robots":{"index":"index","follow":"follow","max-snippet":"max-snippet:-1","max-image-preview":"max-image-preview:large","max-video-preview":"max-video-preview:-1"},"og_locale":"pt_PT","og_type":"article","og_title":"Morte de Odair: Chefe da esquadra da Amadora n\u00e3o menciona exist\u00eancia de faca no local - Portal Tela Portugal","og_description":"Esta quarta-feira decorrem no Tribunal de Sintra os depoimentos dos agentes que estiveram no local ap\u00f3s os disparos que tiraram a vida de Odair Moniz, no Bairro da Cova da Moura, no dia 21 de outubro de 2024. O chefe de servi\u00e7o da esquadra da Amadora disse ter chegado depois dos disparos, falou com Bruno Pinto e viu Odair ca\u00eddo recebendo assist\u00eancia; n\u00e3o mencionou a exist\u00eancia de faca. O comandante da divis\u00e3o policial da Amadora afirmou ter tomado conhecimento da ocorr\u00eancia \u00e0s seis da manh\u00e3, visitou Bruno Pinto no hospital, mas n\u00e3o o local do crime, e garantiu que as regras de abordagem foram cumpridas. A patrulha utilizou bast\u00f5es para conter o suspeito em zonas verdes; ap\u00f3s Odair resistir, o agente Bruno Pinto efetuou disparos para o ar, alegando que a escalada da for\u00e7a justificava a a\u00e7\u00e3o para preservar a integridade f\u00edsica dos agentes. O procurador pediu a visualiza\u00e7\u00e3o do v\u00eddeo do momento; o PSP reiterou que n\u00e3o foi necess\u00e1rio recorrer a meios como g\u00e1s pimenta, e mencionou o contexto de viol\u00eancia vivenciado para explicar as decis\u00f5es tomadas.","og_url":"https:\/\/portaltela.pt\/noticias\/2026\/03\/25\/morte-de-odair-chefe-da-esquadra-da-amadora-nao-menciona-existencia-de-faca-no-local\/","og_site_name":"Portal Tela Portugal","article_published_time":"2026-03-25T15:11:00+00:00","author":"Telinha","twitter_card":"summary_large_image","twitter_misc":{"Escrito por":"Telinha","Tempo estimado de leitura":"2 minutos"},"schema":{"@context":"https:\/\/schema.org","@graph":[{"@type":"Article","@id":"https:\/\/portaltela.pt\/noticias\/2026\/03\/25\/morte-de-odair-chefe-da-esquadra-da-amadora-nao-menciona-existencia-de-faca-no-local\/#article","isPartOf":{"@id":"https:\/\/portaltela.pt\/noticias\/2026\/03\/25\/morte-de-odair-chefe-da-esquadra-da-amadora-nao-menciona-existencia-de-faca-no-local\/"},"author":{"name":"Telinha","@id":"https:\/\/portaltela.pt\/#\/schema\/person\/c4278d4a6028830caff9ee44b42d32ed"},"headline":"Morte de Odair: Chefe da esquadra da Amadora n\u00e3o menciona exist\u00eancia de faca no local","datePublished":"2026-03-25T15:11:00+00:00","mainEntityOfPage":{"@id":"https:\/\/portaltela.pt\/noticias\/2026\/03\/25\/morte-de-odair-chefe-da-esquadra-da-amadora-nao-menciona-existencia-de-faca-no-local\/"},"wordCount":368,"image":{"@id":"https:\/\/portaltela.pt\/noticias\/2026\/03\/25\/morte-de-odair-chefe-da-esquadra-da-amadora-nao-menciona-existencia-de-faca-no-local\/#primaryimage"},"thumbnailUrl":"https:\/\/portaltela.pt\/s.01k8rhncp4jt1\/2026\/03\/img_1500x1000uu2025-10-22-13-08-49-2243185.jpg","keywords":["A Amadora","arma de fogo","crime","Pol\u00edcia de Seguran\u00e7a P\u00fablica","Sintra","Tribunais"],"articleSection":["Justi\u00e7a","Pol\u00edcia"],"inLanguage":"pt-PT"},{"@type":"WebPage","@id":"https:\/\/portaltela.pt\/noticias\/2026\/03\/25\/morte-de-odair-chefe-da-esquadra-da-amadora-nao-menciona-existencia-de-faca-no-local\/","url":"https:\/\/portaltela.pt\/noticias\/2026\/03\/25\/morte-de-odair-chefe-da-esquadra-da-amadora-nao-menciona-existencia-de-faca-no-local\/","name":"Morte de Odair: Chefe da esquadra da Amadora n\u00e3o menciona exist\u00eancia de faca no local - Portal Tela Portugal","isPartOf":{"@id":"https:\/\/portaltela.pt\/#website"},"primaryImageOfPage":{"@id":"https:\/\/portaltela.pt\/noticias\/2026\/03\/25\/morte-de-odair-chefe-da-esquadra-da-amadora-nao-menciona-existencia-de-faca-no-local\/#primaryimage"},"image":{"@id":"https:\/\/portaltela.pt\/noticias\/2026\/03\/25\/morte-de-odair-chefe-da-esquadra-da-amadora-nao-menciona-existencia-de-faca-no-local\/#primaryimage"},"thumbnailUrl":"https:\/\/portaltela.pt\/s.01k8rhncp4jt1\/2026\/03\/img_1500x1000uu2025-10-22-13-08-49-2243185.jpg","datePublished":"2026-03-25T15:11:00+00:00","author":{"@id":"https:\/\/portaltela.pt\/#\/schema\/person\/c4278d4a6028830caff9ee44b42d32ed"},"breadcrumb":{"@id":"https:\/\/portaltela.pt\/noticias\/2026\/03\/25\/morte-de-odair-chefe-da-esquadra-da-amadora-nao-menciona-existencia-de-faca-no-local\/#breadcrumb"},"inLanguage":"pt-PT","potentialAction":[{"@type":"ReadAction","target":["https:\/\/portaltela.pt\/noticias\/2026\/03\/25\/morte-de-odair-chefe-da-esquadra-da-amadora-nao-menciona-existencia-de-faca-no-local\/"]}]},{"@type":"ImageObject","inLanguage":"pt-PT","@id":"https:\/\/portaltela.pt\/noticias\/2026\/03\/25\/morte-de-odair-chefe-da-esquadra-da-amadora-nao-menciona-existencia-de-faca-no-local\/#primaryimage","url":"https:\/\/portaltela.pt\/s.01k8rhncp4jt1\/2026\/03\/img_1500x1000uu2025-10-22-13-08-49-2243185.jpg","contentUrl":"https:\/\/portaltela.pt\/s.01k8rhncp4jt1\/2026\/03\/img_1500x1000uu2025-10-22-13-08-49-2243185.jpg","width":1500,"height":1000,"caption":"Tribunal de Sintra onde decorre julgamento do caso da morte de Odair Moniz"},{"@type":"BreadcrumbList","@id":"https:\/\/portaltela.pt\/noticias\/2026\/03\/25\/morte-de-odair-chefe-da-esquadra-da-amadora-nao-menciona-existencia-de-faca-no-local\/#breadcrumb","itemListElement":[{"@type":"ListItem","position":1,"name":"In\u00edcio","item":"https:\/\/portaltela.pt\/"},{"@type":"ListItem","position":2,"name":"Morte de Odair: Chefe da esquadra da Amadora n\u00e3o menciona exist\u00eancia de faca no local"}]},{"@type":"WebSite","@id":"https:\/\/portaltela.pt\/#website","url":"https:\/\/portaltela.pt\/","name":"Portal Tela Portugal","description":"","potentialAction":[{"@type":"SearchAction","target":{"@type":"EntryPoint","urlTemplate":"https:\/\/portaltela.pt\/?s={search_term_string}"},"query-input":{"@type":"PropertyValueSpecification","valueRequired":true,"valueName":"search_term_string"}}],"inLanguage":"pt-PT"},{"@type":"Person","@id":"https:\/\/portaltela.pt\/#\/schema\/person\/c4278d4a6028830caff9ee44b42d32ed","name":"Telinha","image":{"@type":"ImageObject","inLanguage":"pt-PT","@id":"https:\/\/portaltela.pt\/s.01k8rhncp4jt1\/2025\/11\/talking-bot-125x125.png","url":"https:\/\/portaltela.pt\/s.01k8rhncp4jt1\/2025\/11\/talking-bot-125x125.png","contentUrl":"https:\/\/portaltela.pt\/s.01k8rhncp4jt1\/2025\/11\/talking-bot-125x125.png","caption":"Telinha"},"sameAs":["https:\/\/portaltela.pt\/"],"url":"https:\/\/portaltela.pt\/por\/367410592786\/"}]}},"_links":{"self":[{"href":"https:\/\/portaltela.pt\/api\/wp\/v2\/posts\/421011","targetHints":{"allow":["GET"]}}],"collection":[{"href":"https:\/\/portaltela.pt\/api\/wp\/v2\/posts"}],"about":[{"href":"https:\/\/portaltela.pt\/api\/wp\/v2\/types\/post"}],"author":[{"embeddable":true,"href":"https:\/\/portaltela.pt\/api\/wp\/v2\/users\/2"}],"replies":[{"embeddable":true,"href":"https:\/\/portaltela.pt\/api\/wp\/v2\/comments?post=421011"}],"version-history":[{"count":0,"href":"https:\/\/portaltela.pt\/api\/wp\/v2\/posts\/421011\/revisions"}],"wp:featuredmedia":[{"embeddable":true,"href":"https:\/\/portaltela.pt\/api\/wp\/v2\/media\/421012"}],"wp:attachment":[{"href":"https:\/\/portaltela.pt\/api\/wp\/v2\/media?parent=421011"}],"wp:term":[{"taxonomy":"category","embeddable":true,"href":"https:\/\/portaltela.pt\/api\/wp\/v2\/categories?post=421011"},{"taxonomy":"post_tag","embeddable":true,"href":"https:\/\/portaltela.pt\/api\/wp\/v2\/tags?post=421011"}],"curies":[{"name":"wp","href":"https:\/\/api.w.org\/{rel}","templated":true}]}}