{"id":421007,"date":"2026-03-25T12:03:00","date_gmt":"2026-03-25T15:03:00","guid":{"rendered":"https:\/\/portaltela.pt\/noticias\/2026\/03\/25\/cdp-elogia-sinal-positivo-do-governo-ao-reforcar-apoio-ao-desporto\/"},"modified":"2026-03-25T12:03:00","modified_gmt":"2026-03-25T15:03:00","slug":"cdp-elogia-sinal-positivo-do-governo-ao-reforcar-apoio-ao-desporto","status":"publish","type":"post","link":"https:\/\/portaltela.pt\/desporto\/futebol\/2026\/03\/25\/cdp-elogia-sinal-positivo-do-governo-ao-reforcar-apoio-ao-desporto\/","title":{"rendered":"CDP elogia sinal positivo do Governo ao refor\u00e7ar apoio ao desporto"},"content":{"rendered":"<p>A Confedera\u00e7\u00e3o do Desporto de Portugal (CDP) saudou o an\u00fancio do Governo de refor\u00e7ar em cinco milh\u00f5es de euros o apoio ao setor desportivo. A medida faz parte de um refor\u00e7o adicional a um montante inicial de 62 milh\u00f5es de euros j\u00e1 existentes e que v\u00e3o ser distribu\u00eddos at\u00e9 2028.<\/p>\n<p>Segundo a CDP, investir no desenvolvimento estrutural das modalidades, no acesso, detec\u00e7\u00e3o e acompanhamento de talentos, bem como na diversifica\u00e7\u00e3o dos quadros competitivos e na participa\u00e7\u00e3o internacional, fortalece o desporto nacional para o futuro. O presidente da CDP, Daniel Monteiro, refor\u00e7ou a import\u00e2ncia estrat\u00e9gica da medida.<\/p>\n<p>O Governo, atrav\u00e9s de um comunicado do Minist\u00e9rio da Cultura, Juventude e Desporto, anunciou o refor\u00e7o extraordin\u00e1rio capaz de aumentar o conjunto de apoios em cerca de 15 milh\u00f5es de euros anuais, distribu\u00eddos para diferentes \u00e1reas do setor. A not\u00edcia foi divulgada na ter\u00e7a-feira.<\/p>\n<p>A CDP indicou que acompanhar\u00e1 a implementa\u00e7\u00e3o das medidas, sublinhando a necessidade de crit\u00e9rios de atribui\u00e7\u00e3o que promovam ambi\u00e7\u00e3o e meritocracia nas estruturas desportivas. A entidade afirmou ainda estar dispon\u00edvel para colaborar na defini\u00e7\u00e3o de pol\u00edticas p\u00fablicas para um sucesso sustent\u00e1vel a longo prazo.<\/p>\n<p>De acordo com o minist\u00e9rio, dois milh\u00f5es de euros deste incremento destinam-se a refor\u00e7ar o apoio \u00e0s atividades regulares das federa\u00e7\u00f5es desportivas e dos Comit\u00e9s Ol\u00edmpico e Paral\u00edmpico, com igual montante para o Alto Rendimento e para as sele\u00e7\u00f5es nacionais. O milh\u00e3o de euros restante ser\u00e1 usado para reconhecer resultados de excel\u00eancia em competi\u00e7\u00f5es internacionais.<\/p>\n","protected":false},"excerpt":{"rendered":"<ul>\n<li>O Governo vai investir mais cinco milh\u00f5es de euros no apoio ao setor do Desporto, somando ao bolo inicial de 62 milh\u00f5es j\u00e1 anunciados e v\u00e1lidos at\u00e9 2028.<\/li>\n<li>A Confedera\u00e7\u00e3o do Desporto de Portugal elogiou o sinal positivo e afirmou que refor\u00e7ar o investimento \u00e9 construir um desporto mais forte, competitivo e sustent\u00e1vel.<\/li>\n<li>A CDP defende a cria\u00e7\u00e3o de crit\u00e9rios de atribui\u00e7\u00e3o dos fundos que promovam ambi\u00e7\u00e3o dos projetos e meritocracia nas estruturas desportivas, mantendo disponibilidade para colaborar com o Governo.<\/li>\n<li>Dois milh\u00f5es de euros do refor\u00e7o v\u00e3o para o apoio \u00e0s atividades regulares das federa\u00e7\u00f5es desportivas e dos Comit\u00e9s Ol\u00edmpico e Paral\u00edmpico, com igual montante para o Alto Rendimento e as sele\u00e7\u00f5es nacionais.<\/li>\n<li>O milh\u00e3o de euros restante destina-se a reconhecer e apoiar os resultados de excel\u00eancia alcan\u00e7ados por atletas e sele\u00e7\u00f5es portuguesas nas principais competi\u00e7\u00f5es internacionais.<\/li>\n<\/ul>\n","protected":false},"author":2,"featured_media":421009,"comment_status":"closed","ping_status":"closed","sticky":false,"template":"","format":"standard","meta":{"footnotes":""},"categories":[21,24],"tags":[152,6220,2266,2417,5529,229],"class_list":["post-421007","post","type-post","status-publish","format-standard","has-post-thumbnail","hentry","category-desporto","category-futebol","tag-desporto","tag-desporto-federado","tag-federacoes","tag-financiamento","tag-investimentos","tag-politica-publica"],"yoast_head":"<!-- This site is optimized with the Yoast SEO plugin v27.2 - https:\/\/yoast.com\/product\/yoast-seo-wordpress\/ -->\n<title>CDP elogia sinal positivo do Governo ao refor\u00e7ar apoio ao desporto - Portal Tela Portugal<\/title>\n<meta name=\"robots\" content=\"index, follow, max-snippet:-1, max-image-preview:large, max-video-preview:-1\" \/>\n<meta property=\"og:locale\" content=\"pt_PT\" \/>\n<meta property=\"og:type\" content=\"article\" \/>\n<meta property=\"og:title\" content=\"CDP elogia sinal positivo do Governo ao refor\u00e7ar apoio ao desporto - Portal Tela Portugal\" \/>\n<meta property=\"og:description\" content=\"O Governo vai investir mais cinco milh\u00f5es de euros no apoio ao setor do Desporto, somando ao bolo inicial de 62 milh\u00f5es j\u00e1 anunciados e v\u00e1lidos at\u00e9 2028. A Confedera\u00e7\u00e3o do Desporto de Portugal elogiou o sinal positivo e afirmou que refor\u00e7ar o investimento \u00e9 construir um desporto mais forte, competitivo e sustent\u00e1vel. A CDP defende a cria\u00e7\u00e3o de crit\u00e9rios de atribui\u00e7\u00e3o dos fundos que promovam ambi\u00e7\u00e3o dos projetos e meritocracia nas estruturas desportivas, mantendo disponibilidade para colaborar com o Governo. Dois milh\u00f5es de euros do refor\u00e7o v\u00e3o para o apoio \u00e0s atividades regulares das federa\u00e7\u00f5es desportivas e dos Comit\u00e9s Ol\u00edmpico e Paral\u00edmpico, com igual montante para o Alto Rendimento e as sele\u00e7\u00f5es nacionais. O milh\u00e3o de euros restante destina-se a reconhecer e apoiar os resultados de excel\u00eancia alcan\u00e7ados por atletas e sele\u00e7\u00f5es portuguesas nas principais competi\u00e7\u00f5es internacionais.\" \/>\n<meta property=\"og:url\" content=\"https:\/\/portaltela.pt\/noticias\/2026\/03\/25\/cdp-elogia-sinal-positivo-do-governo-ao-reforcar-apoio-ao-desporto\/\" \/>\n<meta property=\"og:site_name\" content=\"Portal Tela Portugal\" \/>\n<meta property=\"article:published_time\" content=\"2026-03-25T15:03:00+00:00\" \/>\n<meta name=\"author\" content=\"Telinha\" \/>\n<meta name=\"twitter:card\" content=\"summary_large_image\" \/>\n<meta name=\"twitter:label1\" content=\"Escrito por\" \/>\n\t<meta name=\"twitter:data1\" content=\"Telinha\" \/>\n\t<meta name=\"twitter:label2\" content=\"Tempo estimado de leitura\" \/>\n\t<meta name=\"twitter:data2\" content=\"1 minuto\" \/>\n<script type=\"application\/ld+json\" class=\"yoast-schema-graph\">{\"@context\":\"https:\/\/schema.org\",\"@graph\":[{\"@type\":\"Article\",\"@id\":\"https:\/\/portaltela.pt\/noticias\/2026\/03\/25\/cdp-elogia-sinal-positivo-do-governo-ao-reforcar-apoio-ao-desporto\/#article\",\"isPartOf\":{\"@id\":\"https:\/\/portaltela.pt\/noticias\/2026\/03\/25\/cdp-elogia-sinal-positivo-do-governo-ao-reforcar-apoio-ao-desporto\/\"},\"author\":{\"name\":\"Telinha\",\"@id\":\"https:\/\/portaltela.pt\/#\/schema\/person\/c4278d4a6028830caff9ee44b42d32ed\"},\"headline\":\"CDP elogia sinal positivo do Governo ao refor\u00e7ar apoio ao desporto\",\"datePublished\":\"2026-03-25T15:03:00+00:00\",\"mainEntityOfPage\":{\"@id\":\"https:\/\/portaltela.pt\/noticias\/2026\/03\/25\/cdp-elogia-sinal-positivo-do-governo-ao-reforcar-apoio-ao-desporto\/\"},\"wordCount\":290,\"image\":{\"@id\":\"https:\/\/portaltela.pt\/noticias\/2026\/03\/25\/cdp-elogia-sinal-positivo-do-governo-ao-reforcar-apoio-ao-desporto\/#primaryimage\"},\"thumbnailUrl\":\"https:\/\/portaltela.pt\/s.01k8rhncp4jt1\/2026\/03\/img_920x518uu2025-12-10-17-37-51-2408334.jpg\",\"keywords\":[\"desporto\",\"Desporto Federado\",\"federa\u00e7\u00f5es\",\"financiamento\",\"investimentos\",\"pol\u00edtica p\u00fablica\"],\"articleSection\":[\"Desporto\",\"Futebol\"],\"inLanguage\":\"pt-PT\"},{\"@type\":\"WebPage\",\"@id\":\"https:\/\/portaltela.pt\/noticias\/2026\/03\/25\/cdp-elogia-sinal-positivo-do-governo-ao-reforcar-apoio-ao-desporto\/\",\"url\":\"https:\/\/portaltela.pt\/noticias\/2026\/03\/25\/cdp-elogia-sinal-positivo-do-governo-ao-reforcar-apoio-ao-desporto\/\",\"name\":\"CDP elogia sinal positivo do Governo ao refor\u00e7ar apoio ao desporto - Portal Tela Portugal\",\"isPartOf\":{\"@id\":\"https:\/\/portaltela.pt\/#website\"},\"primaryImageOfPage\":{\"@id\":\"https:\/\/portaltela.pt\/noticias\/2026\/03\/25\/cdp-elogia-sinal-positivo-do-governo-ao-reforcar-apoio-ao-desporto\/#primaryimage\"},\"image\":{\"@id\":\"https:\/\/portaltela.pt\/noticias\/2026\/03\/25\/cdp-elogia-sinal-positivo-do-governo-ao-reforcar-apoio-ao-desporto\/#primaryimage\"},\"thumbnailUrl\":\"https:\/\/portaltela.pt\/s.01k8rhncp4jt1\/2026\/03\/img_920x518uu2025-12-10-17-37-51-2408334.jpg\",\"datePublished\":\"2026-03-25T15:03:00+00:00\",\"author\":{\"@id\":\"https:\/\/portaltela.pt\/#\/schema\/person\/c4278d4a6028830caff9ee44b42d32ed\"},\"breadcrumb\":{\"@id\":\"https:\/\/portaltela.pt\/noticias\/2026\/03\/25\/cdp-elogia-sinal-positivo-do-governo-ao-reforcar-apoio-ao-desporto\/#breadcrumb\"},\"inLanguage\":\"pt-PT\",\"potentialAction\":[{\"@type\":\"ReadAction\",\"target\":[\"https:\/\/portaltela.pt\/noticias\/2026\/03\/25\/cdp-elogia-sinal-positivo-do-governo-ao-reforcar-apoio-ao-desporto\/\"]}]},{\"@type\":\"ImageObject\",\"inLanguage\":\"pt-PT\",\"@id\":\"https:\/\/portaltela.pt\/noticias\/2026\/03\/25\/cdp-elogia-sinal-positivo-do-governo-ao-reforcar-apoio-ao-desporto\/#primaryimage\",\"url\":\"https:\/\/portaltela.pt\/s.01k8rhncp4jt1\/2026\/03\/img_920x518uu2025-12-10-17-37-51-2408334.jpg\",\"contentUrl\":\"https:\/\/portaltela.pt\/s.01k8rhncp4jt1\/2026\/03\/img_920x518uu2025-12-10-17-37-51-2408334.jpg\",\"width\":920,\"height\":518,\"caption\":\"Confedera\u00e7\u00e3o do Desporto de Portugal apresenta vis\u00e3o estrat\u00e9gica \u00e0 Comiss\u00e3o Europeia\"},{\"@type\":\"BreadcrumbList\",\"@id\":\"https:\/\/portaltela.pt\/noticias\/2026\/03\/25\/cdp-elogia-sinal-positivo-do-governo-ao-reforcar-apoio-ao-desporto\/#breadcrumb\",\"itemListElement\":[{\"@type\":\"ListItem\",\"position\":1,\"name\":\"In\u00edcio\",\"item\":\"https:\/\/portaltela.pt\/\"},{\"@type\":\"ListItem\",\"position\":2,\"name\":\"CDP elogia sinal positivo do Governo ao refor\u00e7ar apoio ao desporto\"}]},{\"@type\":\"WebSite\",\"@id\":\"https:\/\/portaltela.pt\/#website\",\"url\":\"https:\/\/portaltela.pt\/\",\"name\":\"Portal Tela Portugal\",\"description\":\"\",\"potentialAction\":[{\"@type\":\"SearchAction\",\"target\":{\"@type\":\"EntryPoint\",\"urlTemplate\":\"https:\/\/portaltela.pt\/?s={search_term_string}\"},\"query-input\":{\"@type\":\"PropertyValueSpecification\",\"valueRequired\":true,\"valueName\":\"search_term_string\"}}],\"inLanguage\":\"pt-PT\"},{\"@type\":\"Person\",\"@id\":\"https:\/\/portaltela.pt\/#\/schema\/person\/c4278d4a6028830caff9ee44b42d32ed\",\"name\":\"Telinha\",\"image\":{\"@type\":\"ImageObject\",\"inLanguage\":\"pt-PT\",\"@id\":\"https:\/\/portaltela.pt\/s.01k8rhncp4jt1\/2025\/11\/talking-bot-125x125.png\",\"url\":\"https:\/\/portaltela.pt\/s.01k8rhncp4jt1\/2025\/11\/talking-bot-125x125.png\",\"contentUrl\":\"https:\/\/portaltela.pt\/s.01k8rhncp4jt1\/2025\/11\/talking-bot-125x125.png\",\"caption\":\"Telinha\"},\"sameAs\":[\"https:\/\/portaltela.pt\/\"],\"url\":\"https:\/\/portaltela.pt\/por\/367410592786\/\"}]}<\/script>\n<!-- \/ Yoast SEO plugin. -->","yoast_head_json":{"title":"CDP elogia sinal positivo do Governo ao refor\u00e7ar apoio ao desporto - Portal Tela Portugal","robots":{"index":"index","follow":"follow","max-snippet":"max-snippet:-1","max-image-preview":"max-image-preview:large","max-video-preview":"max-video-preview:-1"},"og_locale":"pt_PT","og_type":"article","og_title":"CDP elogia sinal positivo do Governo ao refor\u00e7ar apoio ao desporto - Portal Tela Portugal","og_description":"O Governo vai investir mais cinco milh\u00f5es de euros no apoio ao setor do Desporto, somando ao bolo inicial de 62 milh\u00f5es j\u00e1 anunciados e v\u00e1lidos at\u00e9 2028. A Confedera\u00e7\u00e3o do Desporto de Portugal elogiou o sinal positivo e afirmou que refor\u00e7ar o investimento \u00e9 construir um desporto mais forte, competitivo e sustent\u00e1vel. A CDP defende a cria\u00e7\u00e3o de crit\u00e9rios de atribui\u00e7\u00e3o dos fundos que promovam ambi\u00e7\u00e3o dos projetos e meritocracia nas estruturas desportivas, mantendo disponibilidade para colaborar com o Governo. Dois milh\u00f5es de euros do refor\u00e7o v\u00e3o para o apoio \u00e0s atividades regulares das federa\u00e7\u00f5es desportivas e dos Comit\u00e9s Ol\u00edmpico e Paral\u00edmpico, com igual montante para o Alto Rendimento e as sele\u00e7\u00f5es nacionais. O milh\u00e3o de euros restante destina-se a reconhecer e apoiar os resultados de excel\u00eancia alcan\u00e7ados por atletas e sele\u00e7\u00f5es portuguesas nas principais competi\u00e7\u00f5es internacionais.","og_url":"https:\/\/portaltela.pt\/noticias\/2026\/03\/25\/cdp-elogia-sinal-positivo-do-governo-ao-reforcar-apoio-ao-desporto\/","og_site_name":"Portal Tela Portugal","article_published_time":"2026-03-25T15:03:00+00:00","author":"Telinha","twitter_card":"summary_large_image","twitter_misc":{"Escrito por":"Telinha","Tempo estimado de leitura":"1 minuto"},"schema":{"@context":"https:\/\/schema.org","@graph":[{"@type":"Article","@id":"https:\/\/portaltela.pt\/noticias\/2026\/03\/25\/cdp-elogia-sinal-positivo-do-governo-ao-reforcar-apoio-ao-desporto\/#article","isPartOf":{"@id":"https:\/\/portaltela.pt\/noticias\/2026\/03\/25\/cdp-elogia-sinal-positivo-do-governo-ao-reforcar-apoio-ao-desporto\/"},"author":{"name":"Telinha","@id":"https:\/\/portaltela.pt\/#\/schema\/person\/c4278d4a6028830caff9ee44b42d32ed"},"headline":"CDP elogia sinal positivo do Governo ao refor\u00e7ar apoio ao desporto","datePublished":"2026-03-25T15:03:00+00:00","mainEntityOfPage":{"@id":"https:\/\/portaltela.pt\/noticias\/2026\/03\/25\/cdp-elogia-sinal-positivo-do-governo-ao-reforcar-apoio-ao-desporto\/"},"wordCount":290,"image":{"@id":"https:\/\/portaltela.pt\/noticias\/2026\/03\/25\/cdp-elogia-sinal-positivo-do-governo-ao-reforcar-apoio-ao-desporto\/#primaryimage"},"thumbnailUrl":"https:\/\/portaltela.pt\/s.01k8rhncp4jt1\/2026\/03\/img_920x518uu2025-12-10-17-37-51-2408334.jpg","keywords":["desporto","Desporto Federado","federa\u00e7\u00f5es","financiamento","investimentos","pol\u00edtica p\u00fablica"],"articleSection":["Desporto","Futebol"],"inLanguage":"pt-PT"},{"@type":"WebPage","@id":"https:\/\/portaltela.pt\/noticias\/2026\/03\/25\/cdp-elogia-sinal-positivo-do-governo-ao-reforcar-apoio-ao-desporto\/","url":"https:\/\/portaltela.pt\/noticias\/2026\/03\/25\/cdp-elogia-sinal-positivo-do-governo-ao-reforcar-apoio-ao-desporto\/","name":"CDP elogia sinal positivo do Governo ao refor\u00e7ar apoio ao desporto - Portal Tela Portugal","isPartOf":{"@id":"https:\/\/portaltela.pt\/#website"},"primaryImageOfPage":{"@id":"https:\/\/portaltela.pt\/noticias\/2026\/03\/25\/cdp-elogia-sinal-positivo-do-governo-ao-reforcar-apoio-ao-desporto\/#primaryimage"},"image":{"@id":"https:\/\/portaltela.pt\/noticias\/2026\/03\/25\/cdp-elogia-sinal-positivo-do-governo-ao-reforcar-apoio-ao-desporto\/#primaryimage"},"thumbnailUrl":"https:\/\/portaltela.pt\/s.01k8rhncp4jt1\/2026\/03\/img_920x518uu2025-12-10-17-37-51-2408334.jpg","datePublished":"2026-03-25T15:03:00+00:00","author":{"@id":"https:\/\/portaltela.pt\/#\/schema\/person\/c4278d4a6028830caff9ee44b42d32ed"},"breadcrumb":{"@id":"https:\/\/portaltela.pt\/noticias\/2026\/03\/25\/cdp-elogia-sinal-positivo-do-governo-ao-reforcar-apoio-ao-desporto\/#breadcrumb"},"inLanguage":"pt-PT","potentialAction":[{"@type":"ReadAction","target":["https:\/\/portaltela.pt\/noticias\/2026\/03\/25\/cdp-elogia-sinal-positivo-do-governo-ao-reforcar-apoio-ao-desporto\/"]}]},{"@type":"ImageObject","inLanguage":"pt-PT","@id":"https:\/\/portaltela.pt\/noticias\/2026\/03\/25\/cdp-elogia-sinal-positivo-do-governo-ao-reforcar-apoio-ao-desporto\/#primaryimage","url":"https:\/\/portaltela.pt\/s.01k8rhncp4jt1\/2026\/03\/img_920x518uu2025-12-10-17-37-51-2408334.jpg","contentUrl":"https:\/\/portaltela.pt\/s.01k8rhncp4jt1\/2026\/03\/img_920x518uu2025-12-10-17-37-51-2408334.jpg","width":920,"height":518,"caption":"Confedera\u00e7\u00e3o do Desporto de Portugal apresenta vis\u00e3o estrat\u00e9gica \u00e0 Comiss\u00e3o Europeia"},{"@type":"BreadcrumbList","@id":"https:\/\/portaltela.pt\/noticias\/2026\/03\/25\/cdp-elogia-sinal-positivo-do-governo-ao-reforcar-apoio-ao-desporto\/#breadcrumb","itemListElement":[{"@type":"ListItem","position":1,"name":"In\u00edcio","item":"https:\/\/portaltela.pt\/"},{"@type":"ListItem","position":2,"name":"CDP elogia sinal positivo do Governo ao refor\u00e7ar apoio ao desporto"}]},{"@type":"WebSite","@id":"https:\/\/portaltela.pt\/#website","url":"https:\/\/portaltela.pt\/","name":"Portal Tela Portugal","description":"","potentialAction":[{"@type":"SearchAction","target":{"@type":"EntryPoint","urlTemplate":"https:\/\/portaltela.pt\/?s={search_term_string}"},"query-input":{"@type":"PropertyValueSpecification","valueRequired":true,"valueName":"search_term_string"}}],"inLanguage":"pt-PT"},{"@type":"Person","@id":"https:\/\/portaltela.pt\/#\/schema\/person\/c4278d4a6028830caff9ee44b42d32ed","name":"Telinha","image":{"@type":"ImageObject","inLanguage":"pt-PT","@id":"https:\/\/portaltela.pt\/s.01k8rhncp4jt1\/2025\/11\/talking-bot-125x125.png","url":"https:\/\/portaltela.pt\/s.01k8rhncp4jt1\/2025\/11\/talking-bot-125x125.png","contentUrl":"https:\/\/portaltela.pt\/s.01k8rhncp4jt1\/2025\/11\/talking-bot-125x125.png","caption":"Telinha"},"sameAs":["https:\/\/portaltela.pt\/"],"url":"https:\/\/portaltela.pt\/por\/367410592786\/"}]}},"_links":{"self":[{"href":"https:\/\/portaltela.pt\/api\/wp\/v2\/posts\/421007","targetHints":{"allow":["GET"]}}],"collection":[{"href":"https:\/\/portaltela.pt\/api\/wp\/v2\/posts"}],"about":[{"href":"https:\/\/portaltela.pt\/api\/wp\/v2\/types\/post"}],"author":[{"embeddable":true,"href":"https:\/\/portaltela.pt\/api\/wp\/v2\/users\/2"}],"replies":[{"embeddable":true,"href":"https:\/\/portaltela.pt\/api\/wp\/v2\/comments?post=421007"}],"version-history":[{"count":0,"href":"https:\/\/portaltela.pt\/api\/wp\/v2\/posts\/421007\/revisions"}],"wp:featuredmedia":[{"embeddable":true,"href":"https:\/\/portaltela.pt\/api\/wp\/v2\/media\/421009"}],"wp:attachment":[{"href":"https:\/\/portaltela.pt\/api\/wp\/v2\/media?parent=421007"}],"wp:term":[{"taxonomy":"category","embeddable":true,"href":"https:\/\/portaltela.pt\/api\/wp\/v2\/categories?post=421007"},{"taxonomy":"post_tag","embeddable":true,"href":"https:\/\/portaltela.pt\/api\/wp\/v2\/tags?post=421007"}],"curies":[{"name":"wp","href":"https:\/\/api.w.org\/{rel}","templated":true}]}}