{"id":421006,"date":"2026-03-25T12:02:27","date_gmt":"2026-03-25T15:02:27","guid":{"rendered":"https:\/\/portaltela.pt\/noticias\/2026\/03\/25\/ventura-condena-buscas-na-camara-de-albufeira-e-acusa-autoridades-de-intimidarem-rui-cristina\/"},"modified":"2026-03-25T12:02:27","modified_gmt":"2026-03-25T15:02:27","slug":"ventura-condena-buscas-na-camara-de-albufeira-e-acusa-autoridades-de-intimidarem-rui-cristina","status":"publish","type":"post","link":"https:\/\/portaltela.pt\/noticias\/politica\/2026\/03\/25\/ventura-condena-buscas-na-camara-de-albufeira-e-acusa-autoridades-de-intimidarem-rui-cristina\/","title":{"rendered":"Ventura condena buscas na C\u00e2mara de Albufeira e acusa autoridades de intimidarem Rui Cristina"},"content":{"rendered":"<p>Na sequ\u00eancia de buscas realizadas na C\u00e2mara Municipal de Albufeira, o l\u00edder do Chega, <strong>Andr\u00e9 Ventura<\/strong>, afirmou que as autoridades usaram poderes policiais para intimidar um representante do povo. Segundo ele, o objetivo seria prosseguir com o que classifica como programa pol\u00edtico do Chega, que diz ter como prioridade n\u00e3o conceder mais casas sociais a determinados grupos. A declara\u00e7\u00e3o foi feita numa publica\u00e7\u00e3o na rede social X, na manh\u00e3 desta quarta-feira.<\/p>\n<p>O Minist\u00e9rio P\u00fablico confirmou, de forma sucinta, que houve buscas no \u00e2mbito de um inqu\u00e9rito ainda em segredo de justi\u00e7a. A Procuradoria-Geral da Rep\u00fablica explicou que o inqu\u00e9rito \u00e9 dirigido pelo Departamento de Investiga\u00e7\u00e3o e A\u00e7\u00e3o Penal (DIAP) Regional de \u00c9vora e que n\u00e3o fornece mais pormenores sobre as suspeitas.<\/p>\n<p>A presen\u00e7a policial na c\u00e2mara municipal de Albufeira envolve o nome de Rui Cristina, ligado ao inqu\u00e9rito por alegado incitamento ao \u00f3dio. A opera\u00e7\u00e3o \u00e9 parte de dilig\u00eancias em curso, com o caso permanecendo em segredo at\u00e9 comunicar evolu\u00e7\u00e3o relevante.<\/p>\n<h3>Contexto da investiga\u00e7\u00e3o<\/h3>\n<p>As buscas foram anunciadas pelas autoridades, sem detalhar as suspeitas, mantendo o sigilo solicitado pelo Minist\u00e9rio P\u00fablico. A C\u00e2mara Municipal de Albufeira, \u00f3rg\u00e3o governado pela coliga\u00e7\u00e3o envolvida e pelo Chega, n\u00e3o divulgou declara\u00e7\u00f5es adicionais at\u00e9 ao momento.<\/p>\n<h3>Repercuss\u00f5es pol\u00edticas<\/h3>\n<p>Ventura reiterou cr\u00edticas ao que chama de uso excessivo de poderes por parte das for\u00e7as de seguran\u00e7a. O Chega descreve o incidente como cumprimento de promessas eleitorais, em defesa de pol\u00edticas que, segundo o partido, priorizam determinados crit\u00e9rios de distribui\u00e7\u00e3o de habita\u00e7\u00e3o.<\/p>\n","protected":false},"excerpt":{"rendered":"<ul>\n<li>Andr\u00e9 Ventura, l\u00edder do Chega, condenou as buscas na C\u00e2mara Municipal de Albufeira e acusou as autoridades de intimidar um representante do povo.<\/li>\n<li>Ventura disse na rede X que as a\u00e7\u00f5es constituem um uso de poderes policiais para intimidar quem afirmou n\u00e3o ceder mais casas sociais para ciganos.<\/li>\n<li>O MP confirmou as buscas na C\u00e2mara de Albufeira, no \u00e2mbito de um inqu\u00e9rito em segredo de justi\u00e7a, sem revelar mais pormenores.<\/li>\n<li>A Procuradoria-Geral da Rep\u00fablica informou que as buscas ocorreram no \u00e2mbito de um inqu\u00e9rito dirigido pelo Departamento de Investiga\u00e7\u00e3o e A\u00e7\u00e3o Penal do DIAP Regional de \u00c9vora, tamb\u00e9m em segredo de justi\u00e7a.<\/li>\n<li>Rui Cristina \u00e9 visado no \u00e2mbito do inqu\u00e9rito, que envolve alega\u00e7\u00f5es relacionadas com incitamento ao \u00f3dio.<\/li>\n<\/ul>\n","protected":false},"author":2,"featured_media":421010,"comment_status":"closed","ping_status":"closed","sticky":false,"template":"","format":"standard","meta":{"footnotes":""},"categories":[1,5],"tags":[1202,2142,150,3544,2613,2558],"class_list":["post-421006","post","type-post","status-publish","format-standard","has-post-thumbnail","hentry","category-noticias","category-politica","tag-albufeira","tag-chega","tag-habitacao","tag-incitacao-ao-odio","tag-ministerio-publico","tag-ventura"],"yoast_head":"<!-- This site is optimized with the Yoast SEO plugin v27.2 - https:\/\/yoast.com\/product\/yoast-seo-wordpress\/ -->\n<title>Ventura condena buscas na C\u00e2mara de Albufeira e acusa autoridades de intimidarem Rui Cristina - Portal Tela Portugal<\/title>\n<meta name=\"robots\" content=\"index, follow, max-snippet:-1, max-image-preview:large, max-video-preview:-1\" \/>\n<meta property=\"og:locale\" content=\"pt_PT\" \/>\n<meta property=\"og:type\" content=\"article\" \/>\n<meta property=\"og:title\" content=\"Ventura condena buscas na C\u00e2mara de Albufeira e acusa autoridades de intimidarem Rui Cristina - Portal Tela Portugal\" \/>\n<meta property=\"og:description\" content=\"Andr\u00e9 Ventura, l\u00edder do Chega, condenou as buscas na C\u00e2mara Municipal de Albufeira e acusou as autoridades de intimidar um representante do povo. Ventura disse na rede X que as a\u00e7\u00f5es constituem um uso de poderes policiais para intimidar quem afirmou n\u00e3o ceder mais casas sociais para ciganos. O MP confirmou as buscas na C\u00e2mara de Albufeira, no \u00e2mbito de um inqu\u00e9rito em segredo de justi\u00e7a, sem revelar mais pormenores. A Procuradoria-Geral da Rep\u00fablica informou que as buscas ocorreram no \u00e2mbito de um inqu\u00e9rito dirigido pelo Departamento de Investiga\u00e7\u00e3o e A\u00e7\u00e3o Penal do DIAP Regional de \u00c9vora, tamb\u00e9m em segredo de justi\u00e7a. Rui Cristina \u00e9 visado no \u00e2mbito do inqu\u00e9rito, que envolve alega\u00e7\u00f5es relacionadas com incitamento ao \u00f3dio.\" \/>\n<meta property=\"og:url\" content=\"https:\/\/portaltela.pt\/noticias\/2026\/03\/25\/ventura-condena-buscas-na-camara-de-albufeira-e-acusa-autoridades-de-intimidarem-rui-cristina\/\" \/>\n<meta property=\"og:site_name\" content=\"Portal Tela Portugal\" \/>\n<meta property=\"article:published_time\" content=\"2026-03-25T15:02:27+00:00\" \/>\n<meta name=\"author\" content=\"Telinha\" \/>\n<meta name=\"twitter:card\" content=\"summary_large_image\" \/>\n<meta name=\"twitter:label1\" content=\"Escrito por\" \/>\n\t<meta name=\"twitter:data1\" content=\"Telinha\" \/>\n\t<meta name=\"twitter:label2\" content=\"Tempo estimado de leitura\" \/>\n\t<meta name=\"twitter:data2\" content=\"1 minuto\" \/>\n<script type=\"application\/ld+json\" class=\"yoast-schema-graph\">{\"@context\":\"https:\/\/schema.org\",\"@graph\":[{\"@type\":\"Article\",\"@id\":\"https:\/\/portaltela.pt\/noticias\/2026\/03\/25\/ventura-condena-buscas-na-camara-de-albufeira-e-acusa-autoridades-de-intimidarem-rui-cristina\/#article\",\"isPartOf\":{\"@id\":\"https:\/\/portaltela.pt\/noticias\/2026\/03\/25\/ventura-condena-buscas-na-camara-de-albufeira-e-acusa-autoridades-de-intimidarem-rui-cristina\/\"},\"author\":{\"name\":\"Telinha\",\"@id\":\"https:\/\/portaltela.pt\/#\/schema\/person\/c4278d4a6028830caff9ee44b42d32ed\"},\"headline\":\"Ventura condena buscas na C\u00e2mara de Albufeira e acusa autoridades de intimidarem Rui Cristina\",\"datePublished\":\"2026-03-25T15:02:27+00:00\",\"mainEntityOfPage\":{\"@id\":\"https:\/\/portaltela.pt\/noticias\/2026\/03\/25\/ventura-condena-buscas-na-camara-de-albufeira-e-acusa-autoridades-de-intimidarem-rui-cristina\/\"},\"wordCount\":297,\"image\":{\"@id\":\"https:\/\/portaltela.pt\/noticias\/2026\/03\/25\/ventura-condena-buscas-na-camara-de-albufeira-e-acusa-autoridades-de-intimidarem-rui-cristina\/#primaryimage\"},\"thumbnailUrl\":\"https:\/\/portaltela.pt\/s.01k8rhncp4jt1\/2026\/03\/img_1280x721uu2026-01-22-23-51-39-2262038.jpg\",\"keywords\":[\"Albufeira\",\"CHEGA\",\"habita\u00e7\u00e3o\",\"incita\u00e7\u00e3o ao \u00f3dio\",\"Minist\u00e9rio P\u00fablico\",\"Ventura\"],\"articleSection\":[\"Not\u00edcias\",\"Pol\u00edtica\"],\"inLanguage\":\"pt-PT\"},{\"@type\":\"WebPage\",\"@id\":\"https:\/\/portaltela.pt\/noticias\/2026\/03\/25\/ventura-condena-buscas-na-camara-de-albufeira-e-acusa-autoridades-de-intimidarem-rui-cristina\/\",\"url\":\"https:\/\/portaltela.pt\/noticias\/2026\/03\/25\/ventura-condena-buscas-na-camara-de-albufeira-e-acusa-autoridades-de-intimidarem-rui-cristina\/\",\"name\":\"Ventura condena buscas na C\u00e2mara de Albufeira e acusa autoridades de intimidarem Rui Cristina - Portal Tela Portugal\",\"isPartOf\":{\"@id\":\"https:\/\/portaltela.pt\/#website\"},\"primaryImageOfPage\":{\"@id\":\"https:\/\/portaltela.pt\/noticias\/2026\/03\/25\/ventura-condena-buscas-na-camara-de-albufeira-e-acusa-autoridades-de-intimidarem-rui-cristina\/#primaryimage\"},\"image\":{\"@id\":\"https:\/\/portaltela.pt\/noticias\/2026\/03\/25\/ventura-condena-buscas-na-camara-de-albufeira-e-acusa-autoridades-de-intimidarem-rui-cristina\/#primaryimage\"},\"thumbnailUrl\":\"https:\/\/portaltela.pt\/s.01k8rhncp4jt1\/2026\/03\/img_1280x721uu2026-01-22-23-51-39-2262038.jpg\",\"datePublished\":\"2026-03-25T15:02:27+00:00\",\"author\":{\"@id\":\"https:\/\/portaltela.pt\/#\/schema\/person\/c4278d4a6028830caff9ee44b42d32ed\"},\"breadcrumb\":{\"@id\":\"https:\/\/portaltela.pt\/noticias\/2026\/03\/25\/ventura-condena-buscas-na-camara-de-albufeira-e-acusa-autoridades-de-intimidarem-rui-cristina\/#breadcrumb\"},\"inLanguage\":\"pt-PT\",\"potentialAction\":[{\"@type\":\"ReadAction\",\"target\":[\"https:\/\/portaltela.pt\/noticias\/2026\/03\/25\/ventura-condena-buscas-na-camara-de-albufeira-e-acusa-autoridades-de-intimidarem-rui-cristina\/\"]}]},{\"@type\":\"ImageObject\",\"inLanguage\":\"pt-PT\",\"@id\":\"https:\/\/portaltela.pt\/noticias\/2026\/03\/25\/ventura-condena-buscas-na-camara-de-albufeira-e-acusa-autoridades-de-intimidarem-rui-cristina\/#primaryimage\",\"url\":\"https:\/\/portaltela.pt\/s.01k8rhncp4jt1\/2026\/03\/img_1280x721uu2026-01-22-23-51-39-2262038.jpg\",\"contentUrl\":\"https:\/\/portaltela.pt\/s.01k8rhncp4jt1\/2026\/03\/img_1280x721uu2026-01-22-23-51-39-2262038.jpg\",\"width\":1280,\"height\":721,\"caption\":\"Rui Cristina com Andr\u00e9 Ventura durante uma a\u00e7\u00e3o de campanha em Albufeira\"},{\"@type\":\"BreadcrumbList\",\"@id\":\"https:\/\/portaltela.pt\/noticias\/2026\/03\/25\/ventura-condena-buscas-na-camara-de-albufeira-e-acusa-autoridades-de-intimidarem-rui-cristina\/#breadcrumb\",\"itemListElement\":[{\"@type\":\"ListItem\",\"position\":1,\"name\":\"In\u00edcio\",\"item\":\"https:\/\/portaltela.pt\/\"},{\"@type\":\"ListItem\",\"position\":2,\"name\":\"Ventura condena buscas na C\u00e2mara de Albufeira e acusa autoridades de intimidarem Rui Cristina\"}]},{\"@type\":\"WebSite\",\"@id\":\"https:\/\/portaltela.pt\/#website\",\"url\":\"https:\/\/portaltela.pt\/\",\"name\":\"Portal Tela Portugal\",\"description\":\"\",\"potentialAction\":[{\"@type\":\"SearchAction\",\"target\":{\"@type\":\"EntryPoint\",\"urlTemplate\":\"https:\/\/portaltela.pt\/?s={search_term_string}\"},\"query-input\":{\"@type\":\"PropertyValueSpecification\",\"valueRequired\":true,\"valueName\":\"search_term_string\"}}],\"inLanguage\":\"pt-PT\"},{\"@type\":\"Person\",\"@id\":\"https:\/\/portaltela.pt\/#\/schema\/person\/c4278d4a6028830caff9ee44b42d32ed\",\"name\":\"Telinha\",\"image\":{\"@type\":\"ImageObject\",\"inLanguage\":\"pt-PT\",\"@id\":\"https:\/\/portaltela.pt\/s.01k8rhncp4jt1\/2025\/11\/talking-bot-125x125.png\",\"url\":\"https:\/\/portaltela.pt\/s.01k8rhncp4jt1\/2025\/11\/talking-bot-125x125.png\",\"contentUrl\":\"https:\/\/portaltela.pt\/s.01k8rhncp4jt1\/2025\/11\/talking-bot-125x125.png\",\"caption\":\"Telinha\"},\"sameAs\":[\"https:\/\/portaltela.pt\/\"],\"url\":\"https:\/\/portaltela.pt\/por\/367410592786\/\"}]}<\/script>\n<!-- \/ Yoast SEO plugin. -->","yoast_head_json":{"title":"Ventura condena buscas na C\u00e2mara de Albufeira e acusa autoridades de intimidarem Rui Cristina - Portal Tela Portugal","robots":{"index":"index","follow":"follow","max-snippet":"max-snippet:-1","max-image-preview":"max-image-preview:large","max-video-preview":"max-video-preview:-1"},"og_locale":"pt_PT","og_type":"article","og_title":"Ventura condena buscas na C\u00e2mara de Albufeira e acusa autoridades de intimidarem Rui Cristina - Portal Tela Portugal","og_description":"Andr\u00e9 Ventura, l\u00edder do Chega, condenou as buscas na C\u00e2mara Municipal de Albufeira e acusou as autoridades de intimidar um representante do povo. Ventura disse na rede X que as a\u00e7\u00f5es constituem um uso de poderes policiais para intimidar quem afirmou n\u00e3o ceder mais casas sociais para ciganos. O MP confirmou as buscas na C\u00e2mara de Albufeira, no \u00e2mbito de um inqu\u00e9rito em segredo de justi\u00e7a, sem revelar mais pormenores. A Procuradoria-Geral da Rep\u00fablica informou que as buscas ocorreram no \u00e2mbito de um inqu\u00e9rito dirigido pelo Departamento de Investiga\u00e7\u00e3o e A\u00e7\u00e3o Penal do DIAP Regional de \u00c9vora, tamb\u00e9m em segredo de justi\u00e7a. Rui Cristina \u00e9 visado no \u00e2mbito do inqu\u00e9rito, que envolve alega\u00e7\u00f5es relacionadas com incitamento ao \u00f3dio.","og_url":"https:\/\/portaltela.pt\/noticias\/2026\/03\/25\/ventura-condena-buscas-na-camara-de-albufeira-e-acusa-autoridades-de-intimidarem-rui-cristina\/","og_site_name":"Portal Tela Portugal","article_published_time":"2026-03-25T15:02:27+00:00","author":"Telinha","twitter_card":"summary_large_image","twitter_misc":{"Escrito por":"Telinha","Tempo estimado de leitura":"1 minuto"},"schema":{"@context":"https:\/\/schema.org","@graph":[{"@type":"Article","@id":"https:\/\/portaltela.pt\/noticias\/2026\/03\/25\/ventura-condena-buscas-na-camara-de-albufeira-e-acusa-autoridades-de-intimidarem-rui-cristina\/#article","isPartOf":{"@id":"https:\/\/portaltela.pt\/noticias\/2026\/03\/25\/ventura-condena-buscas-na-camara-de-albufeira-e-acusa-autoridades-de-intimidarem-rui-cristina\/"},"author":{"name":"Telinha","@id":"https:\/\/portaltela.pt\/#\/schema\/person\/c4278d4a6028830caff9ee44b42d32ed"},"headline":"Ventura condena buscas na C\u00e2mara de Albufeira e acusa autoridades de intimidarem Rui Cristina","datePublished":"2026-03-25T15:02:27+00:00","mainEntityOfPage":{"@id":"https:\/\/portaltela.pt\/noticias\/2026\/03\/25\/ventura-condena-buscas-na-camara-de-albufeira-e-acusa-autoridades-de-intimidarem-rui-cristina\/"},"wordCount":297,"image":{"@id":"https:\/\/portaltela.pt\/noticias\/2026\/03\/25\/ventura-condena-buscas-na-camara-de-albufeira-e-acusa-autoridades-de-intimidarem-rui-cristina\/#primaryimage"},"thumbnailUrl":"https:\/\/portaltela.pt\/s.01k8rhncp4jt1\/2026\/03\/img_1280x721uu2026-01-22-23-51-39-2262038.jpg","keywords":["Albufeira","CHEGA","habita\u00e7\u00e3o","incita\u00e7\u00e3o ao \u00f3dio","Minist\u00e9rio P\u00fablico","Ventura"],"articleSection":["Not\u00edcias","Pol\u00edtica"],"inLanguage":"pt-PT"},{"@type":"WebPage","@id":"https:\/\/portaltela.pt\/noticias\/2026\/03\/25\/ventura-condena-buscas-na-camara-de-albufeira-e-acusa-autoridades-de-intimidarem-rui-cristina\/","url":"https:\/\/portaltela.pt\/noticias\/2026\/03\/25\/ventura-condena-buscas-na-camara-de-albufeira-e-acusa-autoridades-de-intimidarem-rui-cristina\/","name":"Ventura condena buscas na C\u00e2mara de Albufeira e acusa autoridades de intimidarem Rui Cristina - Portal Tela Portugal","isPartOf":{"@id":"https:\/\/portaltela.pt\/#website"},"primaryImageOfPage":{"@id":"https:\/\/portaltela.pt\/noticias\/2026\/03\/25\/ventura-condena-buscas-na-camara-de-albufeira-e-acusa-autoridades-de-intimidarem-rui-cristina\/#primaryimage"},"image":{"@id":"https:\/\/portaltela.pt\/noticias\/2026\/03\/25\/ventura-condena-buscas-na-camara-de-albufeira-e-acusa-autoridades-de-intimidarem-rui-cristina\/#primaryimage"},"thumbnailUrl":"https:\/\/portaltela.pt\/s.01k8rhncp4jt1\/2026\/03\/img_1280x721uu2026-01-22-23-51-39-2262038.jpg","datePublished":"2026-03-25T15:02:27+00:00","author":{"@id":"https:\/\/portaltela.pt\/#\/schema\/person\/c4278d4a6028830caff9ee44b42d32ed"},"breadcrumb":{"@id":"https:\/\/portaltela.pt\/noticias\/2026\/03\/25\/ventura-condena-buscas-na-camara-de-albufeira-e-acusa-autoridades-de-intimidarem-rui-cristina\/#breadcrumb"},"inLanguage":"pt-PT","potentialAction":[{"@type":"ReadAction","target":["https:\/\/portaltela.pt\/noticias\/2026\/03\/25\/ventura-condena-buscas-na-camara-de-albufeira-e-acusa-autoridades-de-intimidarem-rui-cristina\/"]}]},{"@type":"ImageObject","inLanguage":"pt-PT","@id":"https:\/\/portaltela.pt\/noticias\/2026\/03\/25\/ventura-condena-buscas-na-camara-de-albufeira-e-acusa-autoridades-de-intimidarem-rui-cristina\/#primaryimage","url":"https:\/\/portaltela.pt\/s.01k8rhncp4jt1\/2026\/03\/img_1280x721uu2026-01-22-23-51-39-2262038.jpg","contentUrl":"https:\/\/portaltela.pt\/s.01k8rhncp4jt1\/2026\/03\/img_1280x721uu2026-01-22-23-51-39-2262038.jpg","width":1280,"height":721,"caption":"Rui Cristina com Andr\u00e9 Ventura durante uma a\u00e7\u00e3o de campanha em Albufeira"},{"@type":"BreadcrumbList","@id":"https:\/\/portaltela.pt\/noticias\/2026\/03\/25\/ventura-condena-buscas-na-camara-de-albufeira-e-acusa-autoridades-de-intimidarem-rui-cristina\/#breadcrumb","itemListElement":[{"@type":"ListItem","position":1,"name":"In\u00edcio","item":"https:\/\/portaltela.pt\/"},{"@type":"ListItem","position":2,"name":"Ventura condena buscas na C\u00e2mara de Albufeira e acusa autoridades de intimidarem Rui Cristina"}]},{"@type":"WebSite","@id":"https:\/\/portaltela.pt\/#website","url":"https:\/\/portaltela.pt\/","name":"Portal Tela Portugal","description":"","potentialAction":[{"@type":"SearchAction","target":{"@type":"EntryPoint","urlTemplate":"https:\/\/portaltela.pt\/?s={search_term_string}"},"query-input":{"@type":"PropertyValueSpecification","valueRequired":true,"valueName":"search_term_string"}}],"inLanguage":"pt-PT"},{"@type":"Person","@id":"https:\/\/portaltela.pt\/#\/schema\/person\/c4278d4a6028830caff9ee44b42d32ed","name":"Telinha","image":{"@type":"ImageObject","inLanguage":"pt-PT","@id":"https:\/\/portaltela.pt\/s.01k8rhncp4jt1\/2025\/11\/talking-bot-125x125.png","url":"https:\/\/portaltela.pt\/s.01k8rhncp4jt1\/2025\/11\/talking-bot-125x125.png","contentUrl":"https:\/\/portaltela.pt\/s.01k8rhncp4jt1\/2025\/11\/talking-bot-125x125.png","caption":"Telinha"},"sameAs":["https:\/\/portaltela.pt\/"],"url":"https:\/\/portaltela.pt\/por\/367410592786\/"}]}},"_links":{"self":[{"href":"https:\/\/portaltela.pt\/api\/wp\/v2\/posts\/421006","targetHints":{"allow":["GET"]}}],"collection":[{"href":"https:\/\/portaltela.pt\/api\/wp\/v2\/posts"}],"about":[{"href":"https:\/\/portaltela.pt\/api\/wp\/v2\/types\/post"}],"author":[{"embeddable":true,"href":"https:\/\/portaltela.pt\/api\/wp\/v2\/users\/2"}],"replies":[{"embeddable":true,"href":"https:\/\/portaltela.pt\/api\/wp\/v2\/comments?post=421006"}],"version-history":[{"count":0,"href":"https:\/\/portaltela.pt\/api\/wp\/v2\/posts\/421006\/revisions"}],"wp:featuredmedia":[{"embeddable":true,"href":"https:\/\/portaltela.pt\/api\/wp\/v2\/media\/421010"}],"wp:attachment":[{"href":"https:\/\/portaltela.pt\/api\/wp\/v2\/media?parent=421006"}],"wp:term":[{"taxonomy":"category","embeddable":true,"href":"https:\/\/portaltela.pt\/api\/wp\/v2\/categories?post=421006"},{"taxonomy":"post_tag","embeddable":true,"href":"https:\/\/portaltela.pt\/api\/wp\/v2\/tags?post=421006"}],"curies":[{"name":"wp","href":"https:\/\/api.w.org\/{rel}","templated":true}]}}