{"id":421005,"date":"2026-03-25T12:00:00","date_gmt":"2026-03-25T15:00:00","guid":{"rendered":"https:\/\/portaltela.pt\/noticias\/2026\/03\/25\/portugal-deve-afirmar-se-geopoliticamente\/"},"modified":"2026-03-25T12:00:00","modified_gmt":"2026-03-25T15:00:00","slug":"portugal-deve-afirmar-se-geopoliticamente","status":"publish","type":"post","link":"https:\/\/portaltela.pt\/noticias\/2026\/03\/25\/portugal-deve-afirmar-se-geopoliticamente\/","title":{"rendered":"Portugal deve afirmar-se geopol\u00edticamente"},"content":{"rendered":"<p>Portugal pode afirmar-se geopoliticamente em resposta a uma conjuntura internacional de multilateralismo em baixa. O artigo analisa a import\u00e2ncia de uma comunica\u00e7\u00e3o diplom\u00e1tica clara, sem dila\u00e7\u00e3o, perante um M\u00e9dio Oriente inst\u00e1vel e impactos globais.<\/p>\n<p>A pe\u00e7a defende que o sil\u00eancio j\u00e1 n\u00e3o \u00e9 prud\u00eancia, mas cumplicidade. Acrescenta que a lideran\u00e7a portuguesa deve distinguir-se pela defesa do direito internacional e por posi\u00e7\u00f5es p\u00fablicas firmes, alinhadas com regras comuns.<\/p>\n<p>A autora afirma que defender o direito internacional n\u00e3o \u00e9 altru\u00edsmo, mas interesse nacional. Um pa\u00eds pequeno ganha quando as normas s\u00e3o observadas; perde quando s\u00e3o desconsideradas pelos mais fortes.<\/p>\n<p>Portugal \u00e9 apresentado como interlocutor principal no espa\u00e7o lus\u00f3fono, com peso junto de Brasil, Angola, Mo\u00e7ambique e demais pa\u00edses de l\u00edngua portuguesa. A clareza de Lisboa \u00e9 descrita como amplificador diplom\u00e1tico.<\/p>\n<p>A relev\u00e2ncia da candidatura n\u00e3o permanente ao Conselho de Seguran\u00e7a da ONU para 2027-2028 \u00e9 destacada. A credibilidade, segundo o texto, \u00e9 constru\u00edda com posi\u00e7\u00f5es assumidas ao mundo, n\u00e3o apenas com dossiers t\u00e9cnicos.<\/p>\n<p>Frontalidade n\u00e3o \u00e9 imprud\u00eancia. A ideia \u00e9 evitar confronto, manter a clareza e reconhecer que a for\u00e7a n\u00e3o favorece os pequenos. O artigo sustenta que o momento exige afirma\u00e7\u00e3o de princ\u00edpios.<\/p>\n<p>O texto conclui que chegou a altura de o Portugal afirmar-se, sublinhando a dignidade democr\u00e1tica sobre a humildade simulada.<\/p>\n","protected":false},"excerpt":{"rendered":"<ul>\n<li>O texto defende que Portugal deve assumir posi\u00e7\u00e3o p\u00fablica mais clara em pol\u00edtica externa diante do conflito Ir\u00e3o\/EUA-Israel, defendendo o direito internacional.<\/li>\n<li>Argumenta que Portugal, enquanto europeu, atl\u00e2ntico e lus\u00f3fono, tem um trunfo diplom\u00e1tico que deve ser usado.<\/li>\n<li>Citando It\u00e1lia, sustenta que ter voz em alian\u00e7as n\u00e3o enfraquece, mas confere subst\u00e2ncia \u00e0s posi\u00e7\u00f5es externas do pa\u00eds.<\/li>\n<li>Refor\u00e7a que defender o direito internacional \u00e9 interesse nacional e que normas internacionais protegem pa\u00edses pequenos frente a poderes mais fortes.<\/li>\n<li>Informa que Portugal candidata-se a membro n\u00e3o permanente do Conselho de Seguran\u00e7a da ONU para 2027-2028, contando que a credibilidade se constr\u00f3i com posi\u00e7\u00f5es claras hoje.<\/li>\n<\/ul>\n","protected":false},"author":2,"featured_media":421008,"comment_status":"closed","ping_status":"closed","sticky":false,"template":"","format":"standard","meta":{"footnotes":""},"categories":[6814,1],"tags":[3462,3034,5123,7439,5698,1014],"class_list":["post-421005","post","type-post","status-publish","format-standard","has-post-thumbnail","hentry","category-geopolitica","category-noticias","tag-conselho-de-seguranca","tag-direito-internacional","tag-onu","tag-politica-externa","tag-politica-internacional","tag-portugal"],"yoast_head":"<!-- This site is optimized with the Yoast SEO plugin v27.2 - https:\/\/yoast.com\/product\/yoast-seo-wordpress\/ -->\n<title>Portugal deve afirmar-se geopol\u00edticamente - Portal Tela Portugal<\/title>\n<meta name=\"robots\" content=\"index, follow, max-snippet:-1, max-image-preview:large, max-video-preview:-1\" \/>\n<meta property=\"og:locale\" content=\"pt_PT\" \/>\n<meta property=\"og:type\" content=\"article\" \/>\n<meta property=\"og:title\" content=\"Portugal deve afirmar-se geopol\u00edticamente - Portal Tela Portugal\" \/>\n<meta property=\"og:description\" content=\"O texto defende que Portugal deve assumir posi\u00e7\u00e3o p\u00fablica mais clara em pol\u00edtica externa diante do conflito Ir\u00e3o\/EUA-Israel, defendendo o direito internacional. Argumenta que Portugal, enquanto europeu, atl\u00e2ntico e lus\u00f3fono, tem um trunfo diplom\u00e1tico que deve ser usado. Citando It\u00e1lia, sustenta que ter voz em alian\u00e7as n\u00e3o enfraquece, mas confere subst\u00e2ncia \u00e0s posi\u00e7\u00f5es externas do pa\u00eds. Refor\u00e7a que defender o direito internacional \u00e9 interesse nacional e que normas internacionais protegem pa\u00edses pequenos frente a poderes mais fortes. Informa que Portugal candidata-se a membro n\u00e3o permanente do Conselho de Seguran\u00e7a da ONU para 2027-2028, contando que a credibilidade se constr\u00f3i com posi\u00e7\u00f5es claras hoje.\" \/>\n<meta property=\"og:url\" content=\"https:\/\/portaltela.pt\/noticias\/2026\/03\/25\/portugal-deve-afirmar-se-geopoliticamente\/\" \/>\n<meta property=\"og:site_name\" content=\"Portal Tela Portugal\" \/>\n<meta property=\"article:published_time\" content=\"2026-03-25T15:00:00+00:00\" \/>\n<meta name=\"author\" content=\"Telinha\" \/>\n<meta name=\"twitter:card\" content=\"summary_large_image\" \/>\n<meta name=\"twitter:label1\" content=\"Escrito por\" \/>\n\t<meta name=\"twitter:data1\" content=\"Telinha\" \/>\n\t<meta name=\"twitter:label2\" content=\"Tempo estimado de leitura\" \/>\n\t<meta name=\"twitter:data2\" content=\"1 minuto\" \/>\n<script type=\"application\/ld+json\" class=\"yoast-schema-graph\">{\"@context\":\"https:\/\/schema.org\",\"@graph\":[{\"@type\":\"Article\",\"@id\":\"https:\/\/portaltela.pt\/noticias\/2026\/03\/25\/portugal-deve-afirmar-se-geopoliticamente\/#article\",\"isPartOf\":{\"@id\":\"https:\/\/portaltela.pt\/noticias\/2026\/03\/25\/portugal-deve-afirmar-se-geopoliticamente\/\"},\"author\":{\"name\":\"Telinha\",\"@id\":\"https:\/\/portaltela.pt\/#\/schema\/person\/c4278d4a6028830caff9ee44b42d32ed\"},\"headline\":\"Portugal deve afirmar-se geopol\u00edticamente\",\"datePublished\":\"2026-03-25T15:00:00+00:00\",\"mainEntityOfPage\":{\"@id\":\"https:\/\/portaltela.pt\/noticias\/2026\/03\/25\/portugal-deve-afirmar-se-geopoliticamente\/\"},\"wordCount\":246,\"image\":{\"@id\":\"https:\/\/portaltela.pt\/noticias\/2026\/03\/25\/portugal-deve-afirmar-se-geopoliticamente\/#primaryimage\"},\"thumbnailUrl\":\"https:\/\/portaltela.pt\/s.01k8rhncp4jt1\/2026\/03\/87141e5f-f66b-4ea9-9723-67739e8566c2_1200x675.jpg\",\"keywords\":[\"Conselho de Seguran\u00e7a\",\"direito internacional\",\"ONU\",\"pol\u00edtica externa\",\"pol\u00edtica internacional\",\"Portugal\"],\"articleSection\":[\"Geopol\u00edtica\",\"Not\u00edcias\"],\"inLanguage\":\"pt-PT\"},{\"@type\":\"WebPage\",\"@id\":\"https:\/\/portaltela.pt\/noticias\/2026\/03\/25\/portugal-deve-afirmar-se-geopoliticamente\/\",\"url\":\"https:\/\/portaltela.pt\/noticias\/2026\/03\/25\/portugal-deve-afirmar-se-geopoliticamente\/\",\"name\":\"Portugal deve afirmar-se geopol\u00edticamente - Portal Tela Portugal\",\"isPartOf\":{\"@id\":\"https:\/\/portaltela.pt\/#website\"},\"primaryImageOfPage\":{\"@id\":\"https:\/\/portaltela.pt\/noticias\/2026\/03\/25\/portugal-deve-afirmar-se-geopoliticamente\/#primaryimage\"},\"image\":{\"@id\":\"https:\/\/portaltela.pt\/noticias\/2026\/03\/25\/portugal-deve-afirmar-se-geopoliticamente\/#primaryimage\"},\"thumbnailUrl\":\"https:\/\/portaltela.pt\/s.01k8rhncp4jt1\/2026\/03\/87141e5f-f66b-4ea9-9723-67739e8566c2_1200x675.jpg\",\"datePublished\":\"2026-03-25T15:00:00+00:00\",\"author\":{\"@id\":\"https:\/\/portaltela.pt\/#\/schema\/person\/c4278d4a6028830caff9ee44b42d32ed\"},\"breadcrumb\":{\"@id\":\"https:\/\/portaltela.pt\/noticias\/2026\/03\/25\/portugal-deve-afirmar-se-geopoliticamente\/#breadcrumb\"},\"inLanguage\":\"pt-PT\",\"potentialAction\":[{\"@type\":\"ReadAction\",\"target\":[\"https:\/\/portaltela.pt\/noticias\/2026\/03\/25\/portugal-deve-afirmar-se-geopoliticamente\/\"]}]},{\"@type\":\"ImageObject\",\"inLanguage\":\"pt-PT\",\"@id\":\"https:\/\/portaltela.pt\/noticias\/2026\/03\/25\/portugal-deve-afirmar-se-geopoliticamente\/#primaryimage\",\"url\":\"https:\/\/portaltela.pt\/s.01k8rhncp4jt1\/2026\/03\/87141e5f-f66b-4ea9-9723-67739e8566c2_1200x675.jpg\",\"contentUrl\":\"https:\/\/portaltela.pt\/s.01k8rhncp4jt1\/2026\/03\/87141e5f-f66b-4ea9-9723-67739e8566c2_1200x675.jpg\",\"width\":1200,\"height\":675,\"caption\":\"Photo\"},{\"@type\":\"BreadcrumbList\",\"@id\":\"https:\/\/portaltela.pt\/noticias\/2026\/03\/25\/portugal-deve-afirmar-se-geopoliticamente\/#breadcrumb\",\"itemListElement\":[{\"@type\":\"ListItem\",\"position\":1,\"name\":\"In\u00edcio\",\"item\":\"https:\/\/portaltela.pt\/\"},{\"@type\":\"ListItem\",\"position\":2,\"name\":\"Portugal deve afirmar-se geopol\u00edticamente\"}]},{\"@type\":\"WebSite\",\"@id\":\"https:\/\/portaltela.pt\/#website\",\"url\":\"https:\/\/portaltela.pt\/\",\"name\":\"Portal Tela Portugal\",\"description\":\"\",\"potentialAction\":[{\"@type\":\"SearchAction\",\"target\":{\"@type\":\"EntryPoint\",\"urlTemplate\":\"https:\/\/portaltela.pt\/?s={search_term_string}\"},\"query-input\":{\"@type\":\"PropertyValueSpecification\",\"valueRequired\":true,\"valueName\":\"search_term_string\"}}],\"inLanguage\":\"pt-PT\"},{\"@type\":\"Person\",\"@id\":\"https:\/\/portaltela.pt\/#\/schema\/person\/c4278d4a6028830caff9ee44b42d32ed\",\"name\":\"Telinha\",\"image\":{\"@type\":\"ImageObject\",\"inLanguage\":\"pt-PT\",\"@id\":\"https:\/\/portaltela.pt\/s.01k8rhncp4jt1\/2025\/11\/talking-bot-125x125.png\",\"url\":\"https:\/\/portaltela.pt\/s.01k8rhncp4jt1\/2025\/11\/talking-bot-125x125.png\",\"contentUrl\":\"https:\/\/portaltela.pt\/s.01k8rhncp4jt1\/2025\/11\/talking-bot-125x125.png\",\"caption\":\"Telinha\"},\"sameAs\":[\"https:\/\/portaltela.pt\/\"],\"url\":\"https:\/\/portaltela.pt\/por\/367410592786\/\"}]}<\/script>\n<!-- \/ Yoast SEO plugin. -->","yoast_head_json":{"title":"Portugal deve afirmar-se geopol\u00edticamente - Portal Tela Portugal","robots":{"index":"index","follow":"follow","max-snippet":"max-snippet:-1","max-image-preview":"max-image-preview:large","max-video-preview":"max-video-preview:-1"},"og_locale":"pt_PT","og_type":"article","og_title":"Portugal deve afirmar-se geopol\u00edticamente - Portal Tela Portugal","og_description":"O texto defende que Portugal deve assumir posi\u00e7\u00e3o p\u00fablica mais clara em pol\u00edtica externa diante do conflito Ir\u00e3o\/EUA-Israel, defendendo o direito internacional. Argumenta que Portugal, enquanto europeu, atl\u00e2ntico e lus\u00f3fono, tem um trunfo diplom\u00e1tico que deve ser usado. Citando It\u00e1lia, sustenta que ter voz em alian\u00e7as n\u00e3o enfraquece, mas confere subst\u00e2ncia \u00e0s posi\u00e7\u00f5es externas do pa\u00eds. Refor\u00e7a que defender o direito internacional \u00e9 interesse nacional e que normas internacionais protegem pa\u00edses pequenos frente a poderes mais fortes. Informa que Portugal candidata-se a membro n\u00e3o permanente do Conselho de Seguran\u00e7a da ONU para 2027-2028, contando que a credibilidade se constr\u00f3i com posi\u00e7\u00f5es claras hoje.","og_url":"https:\/\/portaltela.pt\/noticias\/2026\/03\/25\/portugal-deve-afirmar-se-geopoliticamente\/","og_site_name":"Portal Tela Portugal","article_published_time":"2026-03-25T15:00:00+00:00","author":"Telinha","twitter_card":"summary_large_image","twitter_misc":{"Escrito por":"Telinha","Tempo estimado de leitura":"1 minuto"},"schema":{"@context":"https:\/\/schema.org","@graph":[{"@type":"Article","@id":"https:\/\/portaltela.pt\/noticias\/2026\/03\/25\/portugal-deve-afirmar-se-geopoliticamente\/#article","isPartOf":{"@id":"https:\/\/portaltela.pt\/noticias\/2026\/03\/25\/portugal-deve-afirmar-se-geopoliticamente\/"},"author":{"name":"Telinha","@id":"https:\/\/portaltela.pt\/#\/schema\/person\/c4278d4a6028830caff9ee44b42d32ed"},"headline":"Portugal deve afirmar-se geopol\u00edticamente","datePublished":"2026-03-25T15:00:00+00:00","mainEntityOfPage":{"@id":"https:\/\/portaltela.pt\/noticias\/2026\/03\/25\/portugal-deve-afirmar-se-geopoliticamente\/"},"wordCount":246,"image":{"@id":"https:\/\/portaltela.pt\/noticias\/2026\/03\/25\/portugal-deve-afirmar-se-geopoliticamente\/#primaryimage"},"thumbnailUrl":"https:\/\/portaltela.pt\/s.01k8rhncp4jt1\/2026\/03\/87141e5f-f66b-4ea9-9723-67739e8566c2_1200x675.jpg","keywords":["Conselho de Seguran\u00e7a","direito internacional","ONU","pol\u00edtica externa","pol\u00edtica internacional","Portugal"],"articleSection":["Geopol\u00edtica","Not\u00edcias"],"inLanguage":"pt-PT"},{"@type":"WebPage","@id":"https:\/\/portaltela.pt\/noticias\/2026\/03\/25\/portugal-deve-afirmar-se-geopoliticamente\/","url":"https:\/\/portaltela.pt\/noticias\/2026\/03\/25\/portugal-deve-afirmar-se-geopoliticamente\/","name":"Portugal deve afirmar-se geopol\u00edticamente - Portal Tela Portugal","isPartOf":{"@id":"https:\/\/portaltela.pt\/#website"},"primaryImageOfPage":{"@id":"https:\/\/portaltela.pt\/noticias\/2026\/03\/25\/portugal-deve-afirmar-se-geopoliticamente\/#primaryimage"},"image":{"@id":"https:\/\/portaltela.pt\/noticias\/2026\/03\/25\/portugal-deve-afirmar-se-geopoliticamente\/#primaryimage"},"thumbnailUrl":"https:\/\/portaltela.pt\/s.01k8rhncp4jt1\/2026\/03\/87141e5f-f66b-4ea9-9723-67739e8566c2_1200x675.jpg","datePublished":"2026-03-25T15:00:00+00:00","author":{"@id":"https:\/\/portaltela.pt\/#\/schema\/person\/c4278d4a6028830caff9ee44b42d32ed"},"breadcrumb":{"@id":"https:\/\/portaltela.pt\/noticias\/2026\/03\/25\/portugal-deve-afirmar-se-geopoliticamente\/#breadcrumb"},"inLanguage":"pt-PT","potentialAction":[{"@type":"ReadAction","target":["https:\/\/portaltela.pt\/noticias\/2026\/03\/25\/portugal-deve-afirmar-se-geopoliticamente\/"]}]},{"@type":"ImageObject","inLanguage":"pt-PT","@id":"https:\/\/portaltela.pt\/noticias\/2026\/03\/25\/portugal-deve-afirmar-se-geopoliticamente\/#primaryimage","url":"https:\/\/portaltela.pt\/s.01k8rhncp4jt1\/2026\/03\/87141e5f-f66b-4ea9-9723-67739e8566c2_1200x675.jpg","contentUrl":"https:\/\/portaltela.pt\/s.01k8rhncp4jt1\/2026\/03\/87141e5f-f66b-4ea9-9723-67739e8566c2_1200x675.jpg","width":1200,"height":675,"caption":"Photo"},{"@type":"BreadcrumbList","@id":"https:\/\/portaltela.pt\/noticias\/2026\/03\/25\/portugal-deve-afirmar-se-geopoliticamente\/#breadcrumb","itemListElement":[{"@type":"ListItem","position":1,"name":"In\u00edcio","item":"https:\/\/portaltela.pt\/"},{"@type":"ListItem","position":2,"name":"Portugal deve afirmar-se geopol\u00edticamente"}]},{"@type":"WebSite","@id":"https:\/\/portaltela.pt\/#website","url":"https:\/\/portaltela.pt\/","name":"Portal Tela Portugal","description":"","potentialAction":[{"@type":"SearchAction","target":{"@type":"EntryPoint","urlTemplate":"https:\/\/portaltela.pt\/?s={search_term_string}"},"query-input":{"@type":"PropertyValueSpecification","valueRequired":true,"valueName":"search_term_string"}}],"inLanguage":"pt-PT"},{"@type":"Person","@id":"https:\/\/portaltela.pt\/#\/schema\/person\/c4278d4a6028830caff9ee44b42d32ed","name":"Telinha","image":{"@type":"ImageObject","inLanguage":"pt-PT","@id":"https:\/\/portaltela.pt\/s.01k8rhncp4jt1\/2025\/11\/talking-bot-125x125.png","url":"https:\/\/portaltela.pt\/s.01k8rhncp4jt1\/2025\/11\/talking-bot-125x125.png","contentUrl":"https:\/\/portaltela.pt\/s.01k8rhncp4jt1\/2025\/11\/talking-bot-125x125.png","caption":"Telinha"},"sameAs":["https:\/\/portaltela.pt\/"],"url":"https:\/\/portaltela.pt\/por\/367410592786\/"}]}},"_links":{"self":[{"href":"https:\/\/portaltela.pt\/api\/wp\/v2\/posts\/421005","targetHints":{"allow":["GET"]}}],"collection":[{"href":"https:\/\/portaltela.pt\/api\/wp\/v2\/posts"}],"about":[{"href":"https:\/\/portaltela.pt\/api\/wp\/v2\/types\/post"}],"author":[{"embeddable":true,"href":"https:\/\/portaltela.pt\/api\/wp\/v2\/users\/2"}],"replies":[{"embeddable":true,"href":"https:\/\/portaltela.pt\/api\/wp\/v2\/comments?post=421005"}],"version-history":[{"count":0,"href":"https:\/\/portaltela.pt\/api\/wp\/v2\/posts\/421005\/revisions"}],"wp:featuredmedia":[{"embeddable":true,"href":"https:\/\/portaltela.pt\/api\/wp\/v2\/media\/421008"}],"wp:attachment":[{"href":"https:\/\/portaltela.pt\/api\/wp\/v2\/media?parent=421005"}],"wp:term":[{"taxonomy":"category","embeddable":true,"href":"https:\/\/portaltela.pt\/api\/wp\/v2\/categories?post=421005"},{"taxonomy":"post_tag","embeddable":true,"href":"https:\/\/portaltela.pt\/api\/wp\/v2\/tags?post=421005"}],"curies":[{"name":"wp","href":"https:\/\/api.w.org\/{rel}","templated":true}]}}