{"id":421003,"date":"2026-03-25T12:03:00","date_gmt":"2026-03-25T15:03:00","guid":{"rendered":"https:\/\/portaltela.pt\/noticias\/2026\/03\/25\/agricultura-perde-210-000-trabalhadores-nos-ultimos-30-anos-aponta-estudo\/"},"modified":"2026-03-25T12:03:00","modified_gmt":"2026-03-25T15:03:00","slug":"agricultura-perde-210-000-trabalhadores-nos-ultimos-30-anos-aponta-estudo","status":"publish","type":"post","link":"https:\/\/portaltela.pt\/noticias\/economia\/2026\/03\/25\/agricultura-perde-210-000-trabalhadores-nos-ultimos-30-anos-aponta-estudo\/","title":{"rendered":"Agricultura perde 210.000 trabalhadores nos \u00faltimos 30 anos, aponta estudo"},"content":{"rendered":"<p>O setor agr\u00edcola portugu\u00eas perdeu 210.000 trabalhadores nos \u00faltimos 30 anos, passando de 430.000 para 220.000. O dado \u00e9 apresentado por um estudo divulgado hoje, que analisa a evolu\u00e7\u00e3o do emprego no campo.<\/p>\n<p>Quatro em cada 10 trabalhadores agr\u00edcolas atuais s\u00e3o estrangeiros, segundo o mesmo estudo. Apesar da redu\u00e7\u00e3o de m\u00e3o de obra, a produtividade agr\u00edcola quase duplicou ao longo do per\u00edodo.<\/p>\n<p>O relat\u00f3rio aponta fatores como envelhecimento da popula\u00e7\u00e3o ativa, maior labora\u00e7\u00e3o de m\u00e3o de obra emigrante e avan\u00e7os tecnol\u00f3gicos que substitu\u00edram parte das tarefas manuais. Os autores destacam a import\u00e2ncia de pol\u00edticas de apoio ao setor.<\/p>\n<h3>Contexto e implica\u00e7\u00f5es<\/h3>\n<p>A an\u00e1lise discute impactos no rendimento das explora\u00e7\u00f5es, na competitividade e na estrutura do emprego rural. O estudo sugere que melhorias na forma\u00e7\u00e3o e na integra\u00e7\u00e3o de trabalhadores podem influenciar a produtividade futura.<\/p>\n<p>Autores do estudo recomendam monitorizar a evolu\u00e7\u00e3o demogr\u00e1fica e investir em inova\u00e7\u00e3o para manter a produ\u00e7\u00e3o est\u00e1vel face \u00e0 redu\u00e7\u00e3o de m\u00e3o de obra nacional. N\u00e3o se incluem avalia\u00e7\u00f5es pol\u00edtico-partid\u00e1rias.<\/p>\n","protected":false},"excerpt":{"rendered":"<ul>\n<li>Nos \u00faltimos 30 anos, o setor agr\u00edcola portugu\u00eas perdeu 210.000 trabalhadores, passando de 430.000 para 220.000.<\/li>\n<li>Quatro em cada dez trabalhadores do setor s\u00e3o estrangeiros.<\/li>\n<li>A produtividade no setor mais que duplicou nesse per\u00edodo.<\/li>\n<li>O estudo foi hoje revelado.<\/li>\n<\/ul>\n","protected":false},"author":2,"featured_media":421004,"comment_status":"closed","ping_status":"closed","sticky":false,"template":"","format":"standard","meta":{"footnotes":""},"categories":[2,6735],"tags":[6416,179,6813,28,1006,712],"class_list":["post-421003","post","type-post","status-publish","format-standard","has-post-thumbnail","hentry","category-economia","category-negocios","tag-agricultores","tag-agricultura","tag-desenvolvimento-rural","tag-economia","tag-emprego","tag-imigracao"],"yoast_head":"<!-- This site is optimized with the Yoast SEO plugin v27.2 - https:\/\/yoast.com\/product\/yoast-seo-wordpress\/ -->\n<title>Agricultura perde 210.000 trabalhadores nos \u00faltimos 30 anos, aponta estudo - Portal Tela Portugal<\/title>\n<meta name=\"robots\" content=\"index, follow, max-snippet:-1, max-image-preview:large, max-video-preview:-1\" \/>\n<meta property=\"og:locale\" content=\"pt_PT\" \/>\n<meta property=\"og:type\" content=\"article\" \/>\n<meta property=\"og:title\" content=\"Agricultura perde 210.000 trabalhadores nos \u00faltimos 30 anos, aponta estudo - Portal Tela Portugal\" \/>\n<meta property=\"og:description\" content=\"Nos \u00faltimos 30 anos, o setor agr\u00edcola portugu\u00eas perdeu 210.000 trabalhadores, passando de 430.000 para 220.000. Quatro em cada dez trabalhadores do setor s\u00e3o estrangeiros. A produtividade no setor mais que duplicou nesse per\u00edodo. O estudo foi hoje revelado.\" \/>\n<meta property=\"og:url\" content=\"https:\/\/portaltela.pt\/noticias\/2026\/03\/25\/agricultura-perde-210-000-trabalhadores-nos-ultimos-30-anos-aponta-estudo\/\" \/>\n<meta property=\"og:site_name\" content=\"Portal Tela Portugal\" \/>\n<meta property=\"article:published_time\" content=\"2026-03-25T15:03:00+00:00\" \/>\n<meta name=\"author\" content=\"Telinha\" \/>\n<meta name=\"twitter:card\" content=\"summary_large_image\" \/>\n<meta name=\"twitter:label1\" content=\"Escrito por\" \/>\n\t<meta name=\"twitter:data1\" content=\"Telinha\" \/>\n\t<meta name=\"twitter:label2\" content=\"Tempo estimado de leitura\" \/>\n\t<meta name=\"twitter:data2\" content=\"1 minuto\" \/>\n<script type=\"application\/ld+json\" class=\"yoast-schema-graph\">{\"@context\":\"https:\/\/schema.org\",\"@graph\":[{\"@type\":\"Article\",\"@id\":\"https:\/\/portaltela.pt\/noticias\/2026\/03\/25\/agricultura-perde-210-000-trabalhadores-nos-ultimos-30-anos-aponta-estudo\/#article\",\"isPartOf\":{\"@id\":\"https:\/\/portaltela.pt\/noticias\/2026\/03\/25\/agricultura-perde-210-000-trabalhadores-nos-ultimos-30-anos-aponta-estudo\/\"},\"author\":{\"name\":\"Telinha\",\"@id\":\"https:\/\/portaltela.pt\/#\/schema\/person\/c4278d4a6028830caff9ee44b42d32ed\"},\"headline\":\"Agricultura perde 210.000 trabalhadores nos \u00faltimos 30 anos, aponta estudo\",\"datePublished\":\"2026-03-25T15:03:00+00:00\",\"mainEntityOfPage\":{\"@id\":\"https:\/\/portaltela.pt\/noticias\/2026\/03\/25\/agricultura-perde-210-000-trabalhadores-nos-ultimos-30-anos-aponta-estudo\/\"},\"wordCount\":199,\"image\":{\"@id\":\"https:\/\/portaltela.pt\/noticias\/2026\/03\/25\/agricultura-perde-210-000-trabalhadores-nos-ultimos-30-anos-aponta-estudo\/#primaryimage\"},\"thumbnailUrl\":\"https:\/\/portaltela.pt\/s.01k8rhncp4jt1\/2026\/03\/CACHE_780X1200_ANALOG_WATERMARKED_44666877_1916479_27032025061200.jpg\",\"keywords\":[\"agricultores\",\"agricultura\",\"desenvolvimento rural\",\"economia\",\"emprego\",\"imigra\u00e7\u00e3o\"],\"articleSection\":[\"Economia\",\"Neg\u00f3cios\"],\"inLanguage\":\"pt-PT\"},{\"@type\":\"WebPage\",\"@id\":\"https:\/\/portaltela.pt\/noticias\/2026\/03\/25\/agricultura-perde-210-000-trabalhadores-nos-ultimos-30-anos-aponta-estudo\/\",\"url\":\"https:\/\/portaltela.pt\/noticias\/2026\/03\/25\/agricultura-perde-210-000-trabalhadores-nos-ultimos-30-anos-aponta-estudo\/\",\"name\":\"Agricultura perde 210.000 trabalhadores nos \u00faltimos 30 anos, aponta estudo - Portal Tela Portugal\",\"isPartOf\":{\"@id\":\"https:\/\/portaltela.pt\/#website\"},\"primaryImageOfPage\":{\"@id\":\"https:\/\/portaltela.pt\/noticias\/2026\/03\/25\/agricultura-perde-210-000-trabalhadores-nos-ultimos-30-anos-aponta-estudo\/#primaryimage\"},\"image\":{\"@id\":\"https:\/\/portaltela.pt\/noticias\/2026\/03\/25\/agricultura-perde-210-000-trabalhadores-nos-ultimos-30-anos-aponta-estudo\/#primaryimage\"},\"thumbnailUrl\":\"https:\/\/portaltela.pt\/s.01k8rhncp4jt1\/2026\/03\/CACHE_780X1200_ANALOG_WATERMARKED_44666877_1916479_27032025061200.jpg\",\"datePublished\":\"2026-03-25T15:03:00+00:00\",\"author\":{\"@id\":\"https:\/\/portaltela.pt\/#\/schema\/person\/c4278d4a6028830caff9ee44b42d32ed\"},\"breadcrumb\":{\"@id\":\"https:\/\/portaltela.pt\/noticias\/2026\/03\/25\/agricultura-perde-210-000-trabalhadores-nos-ultimos-30-anos-aponta-estudo\/#breadcrumb\"},\"inLanguage\":\"pt-PT\",\"potentialAction\":[{\"@type\":\"ReadAction\",\"target\":[\"https:\/\/portaltela.pt\/noticias\/2026\/03\/25\/agricultura-perde-210-000-trabalhadores-nos-ultimos-30-anos-aponta-estudo\/\"]}]},{\"@type\":\"ImageObject\",\"inLanguage\":\"pt-PT\",\"@id\":\"https:\/\/portaltela.pt\/noticias\/2026\/03\/25\/agricultura-perde-210-000-trabalhadores-nos-ultimos-30-anos-aponta-estudo\/#primaryimage\",\"url\":\"https:\/\/portaltela.pt\/s.01k8rhncp4jt1\/2026\/03\/CACHE_780X1200_ANALOG_WATERMARKED_44666877_1916479_27032025061200.jpg\",\"contentUrl\":\"https:\/\/portaltela.pt\/s.01k8rhncp4jt1\/2026\/03\/CACHE_780X1200_ANALOG_WATERMARKED_44666877_1916479_27032025061200.jpg\",\"width\":768,\"height\":512,\"caption\":\"Agricultura perdeu 210.000 trabalhadores nos \u00faltimos 30 anos \u2013 Estudo\"},{\"@type\":\"BreadcrumbList\",\"@id\":\"https:\/\/portaltela.pt\/noticias\/2026\/03\/25\/agricultura-perde-210-000-trabalhadores-nos-ultimos-30-anos-aponta-estudo\/#breadcrumb\",\"itemListElement\":[{\"@type\":\"ListItem\",\"position\":1,\"name\":\"In\u00edcio\",\"item\":\"https:\/\/portaltela.pt\/\"},{\"@type\":\"ListItem\",\"position\":2,\"name\":\"Agricultura perde 210.000 trabalhadores nos \u00faltimos 30 anos, aponta estudo\"}]},{\"@type\":\"WebSite\",\"@id\":\"https:\/\/portaltela.pt\/#website\",\"url\":\"https:\/\/portaltela.pt\/\",\"name\":\"Portal Tela Portugal\",\"description\":\"\",\"potentialAction\":[{\"@type\":\"SearchAction\",\"target\":{\"@type\":\"EntryPoint\",\"urlTemplate\":\"https:\/\/portaltela.pt\/?s={search_term_string}\"},\"query-input\":{\"@type\":\"PropertyValueSpecification\",\"valueRequired\":true,\"valueName\":\"search_term_string\"}}],\"inLanguage\":\"pt-PT\"},{\"@type\":\"Person\",\"@id\":\"https:\/\/portaltela.pt\/#\/schema\/person\/c4278d4a6028830caff9ee44b42d32ed\",\"name\":\"Telinha\",\"image\":{\"@type\":\"ImageObject\",\"inLanguage\":\"pt-PT\",\"@id\":\"https:\/\/portaltela.pt\/s.01k8rhncp4jt1\/2025\/11\/talking-bot-125x125.png\",\"url\":\"https:\/\/portaltela.pt\/s.01k8rhncp4jt1\/2025\/11\/talking-bot-125x125.png\",\"contentUrl\":\"https:\/\/portaltela.pt\/s.01k8rhncp4jt1\/2025\/11\/talking-bot-125x125.png\",\"caption\":\"Telinha\"},\"sameAs\":[\"https:\/\/portaltela.pt\/\"],\"url\":\"https:\/\/portaltela.pt\/por\/367410592786\/\"}]}<\/script>\n<!-- \/ Yoast SEO plugin. -->","yoast_head_json":{"title":"Agricultura perde 210.000 trabalhadores nos \u00faltimos 30 anos, aponta estudo - Portal Tela Portugal","robots":{"index":"index","follow":"follow","max-snippet":"max-snippet:-1","max-image-preview":"max-image-preview:large","max-video-preview":"max-video-preview:-1"},"og_locale":"pt_PT","og_type":"article","og_title":"Agricultura perde 210.000 trabalhadores nos \u00faltimos 30 anos, aponta estudo - Portal Tela Portugal","og_description":"Nos \u00faltimos 30 anos, o setor agr\u00edcola portugu\u00eas perdeu 210.000 trabalhadores, passando de 430.000 para 220.000. Quatro em cada dez trabalhadores do setor s\u00e3o estrangeiros. A produtividade no setor mais que duplicou nesse per\u00edodo. O estudo foi hoje revelado.","og_url":"https:\/\/portaltela.pt\/noticias\/2026\/03\/25\/agricultura-perde-210-000-trabalhadores-nos-ultimos-30-anos-aponta-estudo\/","og_site_name":"Portal Tela Portugal","article_published_time":"2026-03-25T15:03:00+00:00","author":"Telinha","twitter_card":"summary_large_image","twitter_misc":{"Escrito por":"Telinha","Tempo estimado de leitura":"1 minuto"},"schema":{"@context":"https:\/\/schema.org","@graph":[{"@type":"Article","@id":"https:\/\/portaltela.pt\/noticias\/2026\/03\/25\/agricultura-perde-210-000-trabalhadores-nos-ultimos-30-anos-aponta-estudo\/#article","isPartOf":{"@id":"https:\/\/portaltela.pt\/noticias\/2026\/03\/25\/agricultura-perde-210-000-trabalhadores-nos-ultimos-30-anos-aponta-estudo\/"},"author":{"name":"Telinha","@id":"https:\/\/portaltela.pt\/#\/schema\/person\/c4278d4a6028830caff9ee44b42d32ed"},"headline":"Agricultura perde 210.000 trabalhadores nos \u00faltimos 30 anos, aponta estudo","datePublished":"2026-03-25T15:03:00+00:00","mainEntityOfPage":{"@id":"https:\/\/portaltela.pt\/noticias\/2026\/03\/25\/agricultura-perde-210-000-trabalhadores-nos-ultimos-30-anos-aponta-estudo\/"},"wordCount":199,"image":{"@id":"https:\/\/portaltela.pt\/noticias\/2026\/03\/25\/agricultura-perde-210-000-trabalhadores-nos-ultimos-30-anos-aponta-estudo\/#primaryimage"},"thumbnailUrl":"https:\/\/portaltela.pt\/s.01k8rhncp4jt1\/2026\/03\/CACHE_780X1200_ANALOG_WATERMARKED_44666877_1916479_27032025061200.jpg","keywords":["agricultores","agricultura","desenvolvimento rural","economia","emprego","imigra\u00e7\u00e3o"],"articleSection":["Economia","Neg\u00f3cios"],"inLanguage":"pt-PT"},{"@type":"WebPage","@id":"https:\/\/portaltela.pt\/noticias\/2026\/03\/25\/agricultura-perde-210-000-trabalhadores-nos-ultimos-30-anos-aponta-estudo\/","url":"https:\/\/portaltela.pt\/noticias\/2026\/03\/25\/agricultura-perde-210-000-trabalhadores-nos-ultimos-30-anos-aponta-estudo\/","name":"Agricultura perde 210.000 trabalhadores nos \u00faltimos 30 anos, aponta estudo - Portal Tela Portugal","isPartOf":{"@id":"https:\/\/portaltela.pt\/#website"},"primaryImageOfPage":{"@id":"https:\/\/portaltela.pt\/noticias\/2026\/03\/25\/agricultura-perde-210-000-trabalhadores-nos-ultimos-30-anos-aponta-estudo\/#primaryimage"},"image":{"@id":"https:\/\/portaltela.pt\/noticias\/2026\/03\/25\/agricultura-perde-210-000-trabalhadores-nos-ultimos-30-anos-aponta-estudo\/#primaryimage"},"thumbnailUrl":"https:\/\/portaltela.pt\/s.01k8rhncp4jt1\/2026\/03\/CACHE_780X1200_ANALOG_WATERMARKED_44666877_1916479_27032025061200.jpg","datePublished":"2026-03-25T15:03:00+00:00","author":{"@id":"https:\/\/portaltela.pt\/#\/schema\/person\/c4278d4a6028830caff9ee44b42d32ed"},"breadcrumb":{"@id":"https:\/\/portaltela.pt\/noticias\/2026\/03\/25\/agricultura-perde-210-000-trabalhadores-nos-ultimos-30-anos-aponta-estudo\/#breadcrumb"},"inLanguage":"pt-PT","potentialAction":[{"@type":"ReadAction","target":["https:\/\/portaltela.pt\/noticias\/2026\/03\/25\/agricultura-perde-210-000-trabalhadores-nos-ultimos-30-anos-aponta-estudo\/"]}]},{"@type":"ImageObject","inLanguage":"pt-PT","@id":"https:\/\/portaltela.pt\/noticias\/2026\/03\/25\/agricultura-perde-210-000-trabalhadores-nos-ultimos-30-anos-aponta-estudo\/#primaryimage","url":"https:\/\/portaltela.pt\/s.01k8rhncp4jt1\/2026\/03\/CACHE_780X1200_ANALOG_WATERMARKED_44666877_1916479_27032025061200.jpg","contentUrl":"https:\/\/portaltela.pt\/s.01k8rhncp4jt1\/2026\/03\/CACHE_780X1200_ANALOG_WATERMARKED_44666877_1916479_27032025061200.jpg","width":768,"height":512,"caption":"Agricultura perdeu 210.000 trabalhadores nos \u00faltimos 30 anos \u2013 Estudo"},{"@type":"BreadcrumbList","@id":"https:\/\/portaltela.pt\/noticias\/2026\/03\/25\/agricultura-perde-210-000-trabalhadores-nos-ultimos-30-anos-aponta-estudo\/#breadcrumb","itemListElement":[{"@type":"ListItem","position":1,"name":"In\u00edcio","item":"https:\/\/portaltela.pt\/"},{"@type":"ListItem","position":2,"name":"Agricultura perde 210.000 trabalhadores nos \u00faltimos 30 anos, aponta estudo"}]},{"@type":"WebSite","@id":"https:\/\/portaltela.pt\/#website","url":"https:\/\/portaltela.pt\/","name":"Portal Tela Portugal","description":"","potentialAction":[{"@type":"SearchAction","target":{"@type":"EntryPoint","urlTemplate":"https:\/\/portaltela.pt\/?s={search_term_string}"},"query-input":{"@type":"PropertyValueSpecification","valueRequired":true,"valueName":"search_term_string"}}],"inLanguage":"pt-PT"},{"@type":"Person","@id":"https:\/\/portaltela.pt\/#\/schema\/person\/c4278d4a6028830caff9ee44b42d32ed","name":"Telinha","image":{"@type":"ImageObject","inLanguage":"pt-PT","@id":"https:\/\/portaltela.pt\/s.01k8rhncp4jt1\/2025\/11\/talking-bot-125x125.png","url":"https:\/\/portaltela.pt\/s.01k8rhncp4jt1\/2025\/11\/talking-bot-125x125.png","contentUrl":"https:\/\/portaltela.pt\/s.01k8rhncp4jt1\/2025\/11\/talking-bot-125x125.png","caption":"Telinha"},"sameAs":["https:\/\/portaltela.pt\/"],"url":"https:\/\/portaltela.pt\/por\/367410592786\/"}]}},"_links":{"self":[{"href":"https:\/\/portaltela.pt\/api\/wp\/v2\/posts\/421003","targetHints":{"allow":["GET"]}}],"collection":[{"href":"https:\/\/portaltela.pt\/api\/wp\/v2\/posts"}],"about":[{"href":"https:\/\/portaltela.pt\/api\/wp\/v2\/types\/post"}],"author":[{"embeddable":true,"href":"https:\/\/portaltela.pt\/api\/wp\/v2\/users\/2"}],"replies":[{"embeddable":true,"href":"https:\/\/portaltela.pt\/api\/wp\/v2\/comments?post=421003"}],"version-history":[{"count":0,"href":"https:\/\/portaltela.pt\/api\/wp\/v2\/posts\/421003\/revisions"}],"wp:featuredmedia":[{"embeddable":true,"href":"https:\/\/portaltela.pt\/api\/wp\/v2\/media\/421004"}],"wp:attachment":[{"href":"https:\/\/portaltela.pt\/api\/wp\/v2\/media?parent=421003"}],"wp:term":[{"taxonomy":"category","embeddable":true,"href":"https:\/\/portaltela.pt\/api\/wp\/v2\/categories?post=421003"},{"taxonomy":"post_tag","embeddable":true,"href":"https:\/\/portaltela.pt\/api\/wp\/v2\/tags?post=421003"}],"curies":[{"name":"wp","href":"https:\/\/api.w.org\/{rel}","templated":true}]}}