{"id":420997,"date":"2026-03-25T12:00:09","date_gmt":"2026-03-25T15:00:09","guid":{"rendered":"https:\/\/portaltela.pt\/noticias\/2026\/03\/25\/artur-soares-dias-condena-agressoes-a-arbitros-e-apoia-pinheiro-no-mundial-2026\/"},"modified":"2026-03-25T12:00:09","modified_gmt":"2026-03-25T15:00:09","slug":"artur-soares-dias-condena-agressoes-a-arbitros-e-apoia-pinheiro-no-mundial-2026","status":"publish","type":"post","link":"https:\/\/portaltela.pt\/desporto\/futebol\/2026\/03\/25\/artur-soares-dias-condena-agressoes-a-arbitros-e-apoia-pinheiro-no-mundial-2026\/","title":{"rendered":"Artur Soares Dias condena agress\u00f5es a \u00e1rbitros e apoia Pinheiro no Mundial 2026"},"content":{"rendered":"<p>O ex-\u00e1rbitro Artur Soares Dias condenou a viol\u00eancia contra a arbitragem e manifestou o desejo de ver Jo\u00e3o Pinheiro a competir em grandes provas internacionais. As declara\u00e7\u00f5es foram feitas \u00e0 margem da confer\u00eancia ION, em Cascais.<\/p>\n<p>Soares Dias apontou a impunidade regulamentar e a dificuldade na aplica\u00e7\u00e3o dos regulamentos como causas dos incidentes, afirmando que o problema pode prejudicar o futebol portugu\u00eas.<\/p>\n<p>O antigo \u00e1rbitro destacou a import\u00e2ncia de \u00e9tica, corre\u00e7\u00e3o e idoneidade no desporto, e apelou aos \u00e1rbitros para manterem resist\u00eancia e coragem, mesmo diante da escassez de profissionais no sector.<\/p>\n<p>Defendeu que os \u00e1rbitros devem contar com melhores condi\u00e7\u00f5es para desempenhar o seu papel, sublinhando que o atual conjunto est\u00e1 preparado para as fases decisivas das competi\u00e7\u00f5es.<\/p>\n<p>Aos 46 anos, Soares Dias recordou a atua\u00e7\u00e3o recente nos Europeus de 2021 e 2024, bem como nos Jogos Ol\u00edmpicos de T\u00f3quio 2020, agora disputados em 2021, e desejou que Portugal volte a ter \u00e1rbitros em grandes competi\u00e7\u00f5es atrav\u00e9s de Pinheiro, analogamente \u00e0s notas sobre a poss\u00edvel vit\u00f3ria de equipas portuguesas na Liga dos Campe\u00f5es.<\/p>\n<h3>Contexto da arbitragem em Portugal<\/h3>\n<p>Soares Dias ressalvou a necessidade de reconhecimento da carreira de \u00e1rbitros portugueses e da valoriza\u00e7\u00e3o do seu papel no futebol nacional e internacional. O antigo \u00e1rbitro encerrou a carreira ap\u00f3s a final da Liga Confer\u00eancia 2023\/24 e participa\u00e7\u00e3o no Euro 2024.<\/p>\n<p>A confer\u00eancia de Cascais serviu tamb\u00e9m para debater o estado atual da arbitragem, com foco na forma\u00e7\u00e3o, na press\u00e3o que os \u00e1rbitros enfrentam e na responsabilidade de manter padr\u00f5es \u00e9ticos no desporto.<\/p>\n","protected":false},"excerpt":{"rendered":"<ul>\n<li>O ex-\u00e1rbitro Artur Soares Dias condenou os ataques a arbitragem e revelou o desejo de ver Jo\u00e3o Pinheiro em grandes competi\u00e7\u00f5es internacionais, incluindo o Mundial de 2026.<\/li>\n<li>Falando \u00e0 margem da confer\u00eancia ION, em Cascais, afirmou que os incidentes ocorrem h\u00e1 anos e responsabilizou a impunidade regulamentar ou a falta de coragem de aplicar os regulamentos.<\/li>\n<li>Afirmou que a incompet\u00eancia pode prejudicar o futebol portugu\u00eas e pediu aos \u00e1rbitros que permane\u00e7am resilientes, mantendo coragem apesar da perce\u00e7\u00e3o de falta de recrutamento.<\/li>\n<li>Defendeu melhores condi\u00e7\u00f5es para o desempenho dos \u00e1rbitros e disse que o atual elenco est\u00e1 preparado para a fase decisiva das competi\u00e7\u00f5es.<\/li>\n<li>Expressou o desejo de ver Jo\u00e3o Pinheiro numa pr\u00f3xima competi\u00e7\u00e3o europeia, mencionando a hip\u00f3tese de vit\u00f3ria do Sporting na Liga dos Campe\u00f5es, e recordou que j\u00e1 teve v\u00e1rias oportunidades internacionais.<\/li>\n<\/ul>\n","protected":false},"author":2,"featured_media":421002,"comment_status":"closed","ping_status":"closed","sticky":false,"template":"","format":"standard","meta":{"footnotes":""},"categories":[21,24],"tags":[6367,1289,6920,32,1014,6366],"class_list":["post-420997","post","type-post","status-publish","format-standard","has-post-thumbnail","hentry","category-desporto","category-futebol","tag-copa2026","tag-arbitragem","tag-arbitros","tag-futebol","tag-portugal","tag-selecoes-da-copa-do-mundo"],"yoast_head":"<!-- This site is optimized with the Yoast SEO plugin v27.2 - https:\/\/yoast.com\/product\/yoast-seo-wordpress\/ -->\n<title>Artur Soares Dias condena agress\u00f5es a \u00e1rbitros e apoia Pinheiro no Mundial 2026 - Portal Tela Portugal<\/title>\n<meta name=\"robots\" content=\"index, follow, max-snippet:-1, max-image-preview:large, max-video-preview:-1\" \/>\n<meta property=\"og:locale\" content=\"pt_PT\" \/>\n<meta property=\"og:type\" content=\"article\" \/>\n<meta property=\"og:title\" content=\"Artur Soares Dias condena agress\u00f5es a \u00e1rbitros e apoia Pinheiro no Mundial 2026 - Portal Tela Portugal\" \/>\n<meta property=\"og:description\" content=\"O ex-\u00e1rbitro Artur Soares Dias condenou os ataques a arbitragem e revelou o desejo de ver Jo\u00e3o Pinheiro em grandes competi\u00e7\u00f5es internacionais, incluindo o Mundial de 2026. Falando \u00e0 margem da confer\u00eancia ION, em Cascais, afirmou que os incidentes ocorrem h\u00e1 anos e responsabilizou a impunidade regulamentar ou a falta de coragem de aplicar os regulamentos. Afirmou que a incompet\u00eancia pode prejudicar o futebol portugu\u00eas e pediu aos \u00e1rbitros que permane\u00e7am resilientes, mantendo coragem apesar da perce\u00e7\u00e3o de falta de recrutamento. Defendeu melhores condi\u00e7\u00f5es para o desempenho dos \u00e1rbitros e disse que o atual elenco est\u00e1 preparado para a fase decisiva das competi\u00e7\u00f5es. Expressou o desejo de ver Jo\u00e3o Pinheiro numa pr\u00f3xima competi\u00e7\u00e3o europeia, mencionando a hip\u00f3tese de vit\u00f3ria do Sporting na Liga dos Campe\u00f5es, e recordou que j\u00e1 teve v\u00e1rias oportunidades internacionais.\" \/>\n<meta property=\"og:url\" content=\"https:\/\/portaltela.pt\/noticias\/2026\/03\/25\/artur-soares-dias-condena-agressoes-a-arbitros-e-apoia-pinheiro-no-mundial-2026\/\" \/>\n<meta property=\"og:site_name\" content=\"Portal Tela Portugal\" \/>\n<meta property=\"article:published_time\" content=\"2026-03-25T15:00:09+00:00\" \/>\n<meta name=\"author\" content=\"Telinha\" \/>\n<meta name=\"twitter:card\" content=\"summary_large_image\" \/>\n<meta name=\"twitter:label1\" content=\"Escrito por\" \/>\n\t<meta name=\"twitter:data1\" content=\"Telinha\" \/>\n\t<meta name=\"twitter:label2\" content=\"Tempo estimado de leitura\" \/>\n\t<meta name=\"twitter:data2\" content=\"1 minuto\" \/>\n<script type=\"application\/ld+json\" class=\"yoast-schema-graph\">{\"@context\":\"https:\/\/schema.org\",\"@graph\":[{\"@type\":\"Article\",\"@id\":\"https:\/\/portaltela.pt\/noticias\/2026\/03\/25\/artur-soares-dias-condena-agressoes-a-arbitros-e-apoia-pinheiro-no-mundial-2026\/#article\",\"isPartOf\":{\"@id\":\"https:\/\/portaltela.pt\/noticias\/2026\/03\/25\/artur-soares-dias-condena-agressoes-a-arbitros-e-apoia-pinheiro-no-mundial-2026\/\"},\"author\":{\"name\":\"Telinha\",\"@id\":\"https:\/\/portaltela.pt\/#\/schema\/person\/c4278d4a6028830caff9ee44b42d32ed\"},\"headline\":\"Artur Soares Dias condena agress\u00f5es a \u00e1rbitros e apoia Pinheiro no Mundial 2026\",\"datePublished\":\"2026-03-25T15:00:09+00:00\",\"mainEntityOfPage\":{\"@id\":\"https:\/\/portaltela.pt\/noticias\/2026\/03\/25\/artur-soares-dias-condena-agressoes-a-arbitros-e-apoia-pinheiro-no-mundial-2026\/\"},\"wordCount\":286,\"image\":{\"@id\":\"https:\/\/portaltela.pt\/noticias\/2026\/03\/25\/artur-soares-dias-condena-agressoes-a-arbitros-e-apoia-pinheiro-no-mundial-2026\/#primaryimage\"},\"thumbnailUrl\":\"https:\/\/portaltela.pt\/s.01k8rhncp4jt1\/2026\/03\/img_920x518uu2025-03-17-23-37-54-2349940.jpg\",\"keywords\":[\"#copa2026\",\"arbitragem\",\"\u00e1rbitros\",\"futebol\",\"Portugal\",\"Sele\u00e7\u00f5es da Copa do Mundo\"],\"articleSection\":[\"Desporto\",\"Futebol\"],\"inLanguage\":\"pt-PT\"},{\"@type\":\"WebPage\",\"@id\":\"https:\/\/portaltela.pt\/noticias\/2026\/03\/25\/artur-soares-dias-condena-agressoes-a-arbitros-e-apoia-pinheiro-no-mundial-2026\/\",\"url\":\"https:\/\/portaltela.pt\/noticias\/2026\/03\/25\/artur-soares-dias-condena-agressoes-a-arbitros-e-apoia-pinheiro-no-mundial-2026\/\",\"name\":\"Artur Soares Dias condena agress\u00f5es a \u00e1rbitros e apoia Pinheiro no Mundial 2026 - Portal Tela Portugal\",\"isPartOf\":{\"@id\":\"https:\/\/portaltela.pt\/#website\"},\"primaryImageOfPage\":{\"@id\":\"https:\/\/portaltela.pt\/noticias\/2026\/03\/25\/artur-soares-dias-condena-agressoes-a-arbitros-e-apoia-pinheiro-no-mundial-2026\/#primaryimage\"},\"image\":{\"@id\":\"https:\/\/portaltela.pt\/noticias\/2026\/03\/25\/artur-soares-dias-condena-agressoes-a-arbitros-e-apoia-pinheiro-no-mundial-2026\/#primaryimage\"},\"thumbnailUrl\":\"https:\/\/portaltela.pt\/s.01k8rhncp4jt1\/2026\/03\/img_920x518uu2025-03-17-23-37-54-2349940.jpg\",\"datePublished\":\"2026-03-25T15:00:09+00:00\",\"author\":{\"@id\":\"https:\/\/portaltela.pt\/#\/schema\/person\/c4278d4a6028830caff9ee44b42d32ed\"},\"breadcrumb\":{\"@id\":\"https:\/\/portaltela.pt\/noticias\/2026\/03\/25\/artur-soares-dias-condena-agressoes-a-arbitros-e-apoia-pinheiro-no-mundial-2026\/#breadcrumb\"},\"inLanguage\":\"pt-PT\",\"potentialAction\":[{\"@type\":\"ReadAction\",\"target\":[\"https:\/\/portaltela.pt\/noticias\/2026\/03\/25\/artur-soares-dias-condena-agressoes-a-arbitros-e-apoia-pinheiro-no-mundial-2026\/\"]}]},{\"@type\":\"ImageObject\",\"inLanguage\":\"pt-PT\",\"@id\":\"https:\/\/portaltela.pt\/noticias\/2026\/03\/25\/artur-soares-dias-condena-agressoes-a-arbitros-e-apoia-pinheiro-no-mundial-2026\/#primaryimage\",\"url\":\"https:\/\/portaltela.pt\/s.01k8rhncp4jt1\/2026\/03\/img_920x518uu2025-03-17-23-37-54-2349940.jpg\",\"contentUrl\":\"https:\/\/portaltela.pt\/s.01k8rhncp4jt1\/2026\/03\/img_920x518uu2025-03-17-23-37-54-2349940.jpg\",\"width\":920,\"height\":518,\"caption\":\"Artur Soares Dias\"},{\"@type\":\"BreadcrumbList\",\"@id\":\"https:\/\/portaltela.pt\/noticias\/2026\/03\/25\/artur-soares-dias-condena-agressoes-a-arbitros-e-apoia-pinheiro-no-mundial-2026\/#breadcrumb\",\"itemListElement\":[{\"@type\":\"ListItem\",\"position\":1,\"name\":\"In\u00edcio\",\"item\":\"https:\/\/portaltela.pt\/\"},{\"@type\":\"ListItem\",\"position\":2,\"name\":\"Artur Soares Dias condena agress\u00f5es a \u00e1rbitros e apoia Pinheiro no Mundial 2026\"}]},{\"@type\":\"WebSite\",\"@id\":\"https:\/\/portaltela.pt\/#website\",\"url\":\"https:\/\/portaltela.pt\/\",\"name\":\"Portal Tela Portugal\",\"description\":\"\",\"potentialAction\":[{\"@type\":\"SearchAction\",\"target\":{\"@type\":\"EntryPoint\",\"urlTemplate\":\"https:\/\/portaltela.pt\/?s={search_term_string}\"},\"query-input\":{\"@type\":\"PropertyValueSpecification\",\"valueRequired\":true,\"valueName\":\"search_term_string\"}}],\"inLanguage\":\"pt-PT\"},{\"@type\":\"Person\",\"@id\":\"https:\/\/portaltela.pt\/#\/schema\/person\/c4278d4a6028830caff9ee44b42d32ed\",\"name\":\"Telinha\",\"image\":{\"@type\":\"ImageObject\",\"inLanguage\":\"pt-PT\",\"@id\":\"https:\/\/portaltela.pt\/s.01k8rhncp4jt1\/2025\/11\/talking-bot-125x125.png\",\"url\":\"https:\/\/portaltela.pt\/s.01k8rhncp4jt1\/2025\/11\/talking-bot-125x125.png\",\"contentUrl\":\"https:\/\/portaltela.pt\/s.01k8rhncp4jt1\/2025\/11\/talking-bot-125x125.png\",\"caption\":\"Telinha\"},\"sameAs\":[\"https:\/\/portaltela.pt\/\"],\"url\":\"https:\/\/portaltela.pt\/por\/367410592786\/\"}]}<\/script>\n<!-- \/ Yoast SEO plugin. -->","yoast_head_json":{"title":"Artur Soares Dias condena agress\u00f5es a \u00e1rbitros e apoia Pinheiro no Mundial 2026 - Portal Tela Portugal","robots":{"index":"index","follow":"follow","max-snippet":"max-snippet:-1","max-image-preview":"max-image-preview:large","max-video-preview":"max-video-preview:-1"},"og_locale":"pt_PT","og_type":"article","og_title":"Artur Soares Dias condena agress\u00f5es a \u00e1rbitros e apoia Pinheiro no Mundial 2026 - Portal Tela Portugal","og_description":"O ex-\u00e1rbitro Artur Soares Dias condenou os ataques a arbitragem e revelou o desejo de ver Jo\u00e3o Pinheiro em grandes competi\u00e7\u00f5es internacionais, incluindo o Mundial de 2026. Falando \u00e0 margem da confer\u00eancia ION, em Cascais, afirmou que os incidentes ocorrem h\u00e1 anos e responsabilizou a impunidade regulamentar ou a falta de coragem de aplicar os regulamentos. Afirmou que a incompet\u00eancia pode prejudicar o futebol portugu\u00eas e pediu aos \u00e1rbitros que permane\u00e7am resilientes, mantendo coragem apesar da perce\u00e7\u00e3o de falta de recrutamento. Defendeu melhores condi\u00e7\u00f5es para o desempenho dos \u00e1rbitros e disse que o atual elenco est\u00e1 preparado para a fase decisiva das competi\u00e7\u00f5es. Expressou o desejo de ver Jo\u00e3o Pinheiro numa pr\u00f3xima competi\u00e7\u00e3o europeia, mencionando a hip\u00f3tese de vit\u00f3ria do Sporting na Liga dos Campe\u00f5es, e recordou que j\u00e1 teve v\u00e1rias oportunidades internacionais.","og_url":"https:\/\/portaltela.pt\/noticias\/2026\/03\/25\/artur-soares-dias-condena-agressoes-a-arbitros-e-apoia-pinheiro-no-mundial-2026\/","og_site_name":"Portal Tela Portugal","article_published_time":"2026-03-25T15:00:09+00:00","author":"Telinha","twitter_card":"summary_large_image","twitter_misc":{"Escrito por":"Telinha","Tempo estimado de leitura":"1 minuto"},"schema":{"@context":"https:\/\/schema.org","@graph":[{"@type":"Article","@id":"https:\/\/portaltela.pt\/noticias\/2026\/03\/25\/artur-soares-dias-condena-agressoes-a-arbitros-e-apoia-pinheiro-no-mundial-2026\/#article","isPartOf":{"@id":"https:\/\/portaltela.pt\/noticias\/2026\/03\/25\/artur-soares-dias-condena-agressoes-a-arbitros-e-apoia-pinheiro-no-mundial-2026\/"},"author":{"name":"Telinha","@id":"https:\/\/portaltela.pt\/#\/schema\/person\/c4278d4a6028830caff9ee44b42d32ed"},"headline":"Artur Soares Dias condena agress\u00f5es a \u00e1rbitros e apoia Pinheiro no Mundial 2026","datePublished":"2026-03-25T15:00:09+00:00","mainEntityOfPage":{"@id":"https:\/\/portaltela.pt\/noticias\/2026\/03\/25\/artur-soares-dias-condena-agressoes-a-arbitros-e-apoia-pinheiro-no-mundial-2026\/"},"wordCount":286,"image":{"@id":"https:\/\/portaltela.pt\/noticias\/2026\/03\/25\/artur-soares-dias-condena-agressoes-a-arbitros-e-apoia-pinheiro-no-mundial-2026\/#primaryimage"},"thumbnailUrl":"https:\/\/portaltela.pt\/s.01k8rhncp4jt1\/2026\/03\/img_920x518uu2025-03-17-23-37-54-2349940.jpg","keywords":["#copa2026","arbitragem","\u00e1rbitros","futebol","Portugal","Sele\u00e7\u00f5es da Copa do Mundo"],"articleSection":["Desporto","Futebol"],"inLanguage":"pt-PT"},{"@type":"WebPage","@id":"https:\/\/portaltela.pt\/noticias\/2026\/03\/25\/artur-soares-dias-condena-agressoes-a-arbitros-e-apoia-pinheiro-no-mundial-2026\/","url":"https:\/\/portaltela.pt\/noticias\/2026\/03\/25\/artur-soares-dias-condena-agressoes-a-arbitros-e-apoia-pinheiro-no-mundial-2026\/","name":"Artur Soares Dias condena agress\u00f5es a \u00e1rbitros e apoia Pinheiro no Mundial 2026 - Portal Tela Portugal","isPartOf":{"@id":"https:\/\/portaltela.pt\/#website"},"primaryImageOfPage":{"@id":"https:\/\/portaltela.pt\/noticias\/2026\/03\/25\/artur-soares-dias-condena-agressoes-a-arbitros-e-apoia-pinheiro-no-mundial-2026\/#primaryimage"},"image":{"@id":"https:\/\/portaltela.pt\/noticias\/2026\/03\/25\/artur-soares-dias-condena-agressoes-a-arbitros-e-apoia-pinheiro-no-mundial-2026\/#primaryimage"},"thumbnailUrl":"https:\/\/portaltela.pt\/s.01k8rhncp4jt1\/2026\/03\/img_920x518uu2025-03-17-23-37-54-2349940.jpg","datePublished":"2026-03-25T15:00:09+00:00","author":{"@id":"https:\/\/portaltela.pt\/#\/schema\/person\/c4278d4a6028830caff9ee44b42d32ed"},"breadcrumb":{"@id":"https:\/\/portaltela.pt\/noticias\/2026\/03\/25\/artur-soares-dias-condena-agressoes-a-arbitros-e-apoia-pinheiro-no-mundial-2026\/#breadcrumb"},"inLanguage":"pt-PT","potentialAction":[{"@type":"ReadAction","target":["https:\/\/portaltela.pt\/noticias\/2026\/03\/25\/artur-soares-dias-condena-agressoes-a-arbitros-e-apoia-pinheiro-no-mundial-2026\/"]}]},{"@type":"ImageObject","inLanguage":"pt-PT","@id":"https:\/\/portaltela.pt\/noticias\/2026\/03\/25\/artur-soares-dias-condena-agressoes-a-arbitros-e-apoia-pinheiro-no-mundial-2026\/#primaryimage","url":"https:\/\/portaltela.pt\/s.01k8rhncp4jt1\/2026\/03\/img_920x518uu2025-03-17-23-37-54-2349940.jpg","contentUrl":"https:\/\/portaltela.pt\/s.01k8rhncp4jt1\/2026\/03\/img_920x518uu2025-03-17-23-37-54-2349940.jpg","width":920,"height":518,"caption":"Artur Soares Dias"},{"@type":"BreadcrumbList","@id":"https:\/\/portaltela.pt\/noticias\/2026\/03\/25\/artur-soares-dias-condena-agressoes-a-arbitros-e-apoia-pinheiro-no-mundial-2026\/#breadcrumb","itemListElement":[{"@type":"ListItem","position":1,"name":"In\u00edcio","item":"https:\/\/portaltela.pt\/"},{"@type":"ListItem","position":2,"name":"Artur Soares Dias condena agress\u00f5es a \u00e1rbitros e apoia Pinheiro no Mundial 2026"}]},{"@type":"WebSite","@id":"https:\/\/portaltela.pt\/#website","url":"https:\/\/portaltela.pt\/","name":"Portal Tela Portugal","description":"","potentialAction":[{"@type":"SearchAction","target":{"@type":"EntryPoint","urlTemplate":"https:\/\/portaltela.pt\/?s={search_term_string}"},"query-input":{"@type":"PropertyValueSpecification","valueRequired":true,"valueName":"search_term_string"}}],"inLanguage":"pt-PT"},{"@type":"Person","@id":"https:\/\/portaltela.pt\/#\/schema\/person\/c4278d4a6028830caff9ee44b42d32ed","name":"Telinha","image":{"@type":"ImageObject","inLanguage":"pt-PT","@id":"https:\/\/portaltela.pt\/s.01k8rhncp4jt1\/2025\/11\/talking-bot-125x125.png","url":"https:\/\/portaltela.pt\/s.01k8rhncp4jt1\/2025\/11\/talking-bot-125x125.png","contentUrl":"https:\/\/portaltela.pt\/s.01k8rhncp4jt1\/2025\/11\/talking-bot-125x125.png","caption":"Telinha"},"sameAs":["https:\/\/portaltela.pt\/"],"url":"https:\/\/portaltela.pt\/por\/367410592786\/"}]}},"_links":{"self":[{"href":"https:\/\/portaltela.pt\/api\/wp\/v2\/posts\/420997","targetHints":{"allow":["GET"]}}],"collection":[{"href":"https:\/\/portaltela.pt\/api\/wp\/v2\/posts"}],"about":[{"href":"https:\/\/portaltela.pt\/api\/wp\/v2\/types\/post"}],"author":[{"embeddable":true,"href":"https:\/\/portaltela.pt\/api\/wp\/v2\/users\/2"}],"replies":[{"embeddable":true,"href":"https:\/\/portaltela.pt\/api\/wp\/v2\/comments?post=420997"}],"version-history":[{"count":0,"href":"https:\/\/portaltela.pt\/api\/wp\/v2\/posts\/420997\/revisions"}],"wp:featuredmedia":[{"embeddable":true,"href":"https:\/\/portaltela.pt\/api\/wp\/v2\/media\/421002"}],"wp:attachment":[{"href":"https:\/\/portaltela.pt\/api\/wp\/v2\/media?parent=420997"}],"wp:term":[{"taxonomy":"category","embeddable":true,"href":"https:\/\/portaltela.pt\/api\/wp\/v2\/categories?post=420997"},{"taxonomy":"post_tag","embeddable":true,"href":"https:\/\/portaltela.pt\/api\/wp\/v2\/tags?post=420997"}],"curies":[{"name":"wp","href":"https:\/\/api.w.org\/{rel}","templated":true}]}}