{"id":420994,"date":"2026-03-25T11:58:55","date_gmt":"2026-03-25T14:58:55","guid":{"rendered":"https:\/\/portaltela.pt\/noticias\/2026\/03\/25\/ronald-de-boer-elogia-lamine-yamal-pelo-talento\/"},"modified":"2026-03-25T11:58:55","modified_gmt":"2026-03-25T14:58:55","slug":"ronald-de-boer-elogia-lamine-yamal-pelo-talento","status":"publish","type":"post","link":"https:\/\/portaltela.pt\/desporto\/futebol\/2026\/03\/25\/ronald-de-boer-elogia-lamine-yamal-pelo-talento\/","title":{"rendered":"Ronald de Boer elogia Lamine Yamal pelo talento"},"content":{"rendered":"<p>Ronald de Boer classificou Lamine Yamal como o jogador mais decisivo do mundo, destacando a sua juventude e o impacto no jogo. A afirma\u00e7\u00e3o foi feita numa an\u00e1lise p\u00fablica sobre o talento emergente do futebol.<\/p>\n<p>O ex-jogador do Barcelona apontou ainda outros grandes nomes, como Raphinha, Mbapp\u00e9 e Vin\u00edcius, mas manteve o foco em Yamal como a op\u00e7\u00e3o principal caso tivesse de escolher apenas um jogador.<\/p>\n<p>De Boer fez tamb\u00e9m a antevis\u00e3o do duelo rumo aos quartos de final da Liga dos Campe\u00f5es entre o Barcelona e o Atl\u00e9tico de Madrid. Segundo o ex-jogador, o encontro ser\u00e1 muito exigente e o Bar\u00e7a precisa impor o seu estilo.<\/p>\n<p>Para a partida, o holand\u00eas augura dificuldades ao caminho, sublinhando que o Barcelona ter\u00e1 de manter o seu futebol e concentra\u00e7\u00e3o ao longo dos dois jogos. Ele acrescenta que o Bar\u00e7a pode ganhar, desde que esteja em boa forma.<\/p>\n<h3>An\u00e1lise do confronto<\/h3>\n<p>A comentador manteve o tom de apoio ao Barcelona, afirmando que, se todos estiverem bem, a equipa tem potencial para sair vitoriosa. A leitura de De Boer baseia-se na consist\u00eancia defensiva e no peso ofensivo de Yamal.<\/p>\n<p>Ainda sem datas confirmadas, a Liga dos Campe\u00f5es avan\u00e7a com o Barcelona a enfrentar o Atl\u00e9tico de Madrid nos pr\u00f3ximos jogos de eliminat\u00f3rias. A prepara\u00e7\u00e3o e o estado f\u00edsico dos jogadores ser\u00e3o cruciais.<\/p>\n","protected":false},"excerpt":{"rendered":"<ul>\n<li>Ronald de Boer elogia Lamine Yamal, dizendo que \u00e9 o jogador mais decisivo do mundo, especialmente pela idade.<\/li>\n<li>O ex-jogador do Barcelona destaca ainda Raphinha, Mbapp\u00e9 e Vin\u00edcius, mas fica com Yamal.<\/li>\n<li>De Boer reconhece que h\u00e1 muitos bons jogadores, incluindo no Bayern de Munique.<\/li>\n<li>Faz a antevis\u00e3o ao Bar\u00e7a frente ao Atl\u00e9tico de Madrid nos quartos de final da Liga dos Campe\u00f5es: ser\u00e1 muito duro e o Bar\u00e7a precisa impor o seu jogo.<\/li>\n<li>Se todos estiverem em forma e concentrados, o Bar\u00e7a pode vencer os dois jogos; o antigo jogador apoia a equipa, com o cora\u00e7\u00e3o azul-gren\u00e1.<\/li>\n<\/ul>\n","protected":false},"author":2,"featured_media":420999,"comment_status":"closed","ping_status":"closed","sticky":false,"template":"","format":"standard","meta":{"footnotes":""},"categories":[21,24],"tags":[3341,2587,3577,32,2794,3375],"class_list":["post-420994","post","type-post","status-publish","format-standard","has-post-thumbnail","hentry","category-desporto","category-futebol","tag-atletico-madrid","tag-barcelona","tag-champions-league","tag-futebol","tag-lamine-yamal","tag-mbappe"],"yoast_head":"<!-- This site is optimized with the Yoast SEO plugin v27.2 - https:\/\/yoast.com\/product\/yoast-seo-wordpress\/ -->\n<title>Ronald de Boer elogia Lamine Yamal pelo talento - Portal Tela Portugal<\/title>\n<meta name=\"robots\" content=\"index, follow, max-snippet:-1, max-image-preview:large, max-video-preview:-1\" \/>\n<meta property=\"og:locale\" content=\"pt_PT\" \/>\n<meta property=\"og:type\" content=\"article\" \/>\n<meta property=\"og:title\" content=\"Ronald de Boer elogia Lamine Yamal pelo talento - Portal Tela Portugal\" \/>\n<meta property=\"og:description\" content=\"Ronald de Boer elogia Lamine Yamal, dizendo que \u00e9 o jogador mais decisivo do mundo, especialmente pela idade. O ex-jogador do Barcelona destaca ainda Raphinha, Mbapp\u00e9 e Vin\u00edcius, mas fica com Yamal. De Boer reconhece que h\u00e1 muitos bons jogadores, incluindo no Bayern de Munique. Faz a antevis\u00e3o ao Bar\u00e7a frente ao Atl\u00e9tico de Madrid nos quartos de final da Liga dos Campe\u00f5es: ser\u00e1 muito duro e o Bar\u00e7a precisa impor o seu jogo. Se todos estiverem em forma e concentrados, o Bar\u00e7a pode vencer os dois jogos; o antigo jogador apoia a equipa, com o cora\u00e7\u00e3o azul-gren\u00e1.\" \/>\n<meta property=\"og:url\" content=\"https:\/\/portaltela.pt\/noticias\/2026\/03\/25\/ronald-de-boer-elogia-lamine-yamal-pelo-talento\/\" \/>\n<meta property=\"og:site_name\" content=\"Portal Tela Portugal\" \/>\n<meta property=\"article:published_time\" content=\"2026-03-25T14:58:55+00:00\" \/>\n<meta name=\"author\" content=\"Telinha\" \/>\n<meta name=\"twitter:card\" content=\"summary_large_image\" \/>\n<meta name=\"twitter:label1\" content=\"Escrito por\" \/>\n\t<meta name=\"twitter:data1\" content=\"Telinha\" \/>\n\t<meta name=\"twitter:label2\" content=\"Tempo estimado de leitura\" \/>\n\t<meta name=\"twitter:data2\" content=\"1 minuto\" \/>\n<script type=\"application\/ld+json\" class=\"yoast-schema-graph\">{\"@context\":\"https:\/\/schema.org\",\"@graph\":[{\"@type\":\"Article\",\"@id\":\"https:\/\/portaltela.pt\/noticias\/2026\/03\/25\/ronald-de-boer-elogia-lamine-yamal-pelo-talento\/#article\",\"isPartOf\":{\"@id\":\"https:\/\/portaltela.pt\/noticias\/2026\/03\/25\/ronald-de-boer-elogia-lamine-yamal-pelo-talento\/\"},\"author\":{\"name\":\"Telinha\",\"@id\":\"https:\/\/portaltela.pt\/#\/schema\/person\/c4278d4a6028830caff9ee44b42d32ed\"},\"headline\":\"Ronald de Boer elogia Lamine Yamal pelo talento\",\"datePublished\":\"2026-03-25T14:58:55+00:00\",\"mainEntityOfPage\":{\"@id\":\"https:\/\/portaltela.pt\/noticias\/2026\/03\/25\/ronald-de-boer-elogia-lamine-yamal-pelo-talento\/\"},\"wordCount\":250,\"image\":{\"@id\":\"https:\/\/portaltela.pt\/noticias\/2026\/03\/25\/ronald-de-boer-elogia-lamine-yamal-pelo-talento\/#primaryimage\"},\"thumbnailUrl\":\"https:\/\/portaltela.pt\/s.01k8rhncp4jt1\/2026\/03\/img_920x518uu2026-03-01-08-49-09-2424223.jpg\",\"keywords\":[\"Atl\u00e9tico Madrid\",\"Barcelona\",\"Champions League\",\"futebol\",\"Lamine Yamal\",\"Mbapp\u00e9\"],\"articleSection\":[\"Desporto\",\"Futebol\"],\"inLanguage\":\"pt-PT\"},{\"@type\":\"WebPage\",\"@id\":\"https:\/\/portaltela.pt\/noticias\/2026\/03\/25\/ronald-de-boer-elogia-lamine-yamal-pelo-talento\/\",\"url\":\"https:\/\/portaltela.pt\/noticias\/2026\/03\/25\/ronald-de-boer-elogia-lamine-yamal-pelo-talento\/\",\"name\":\"Ronald de Boer elogia Lamine Yamal pelo talento - Portal Tela Portugal\",\"isPartOf\":{\"@id\":\"https:\/\/portaltela.pt\/#website\"},\"primaryImageOfPage\":{\"@id\":\"https:\/\/portaltela.pt\/noticias\/2026\/03\/25\/ronald-de-boer-elogia-lamine-yamal-pelo-talento\/#primaryimage\"},\"image\":{\"@id\":\"https:\/\/portaltela.pt\/noticias\/2026\/03\/25\/ronald-de-boer-elogia-lamine-yamal-pelo-talento\/#primaryimage\"},\"thumbnailUrl\":\"https:\/\/portaltela.pt\/s.01k8rhncp4jt1\/2026\/03\/img_920x518uu2026-03-01-08-49-09-2424223.jpg\",\"datePublished\":\"2026-03-25T14:58:55+00:00\",\"author\":{\"@id\":\"https:\/\/portaltela.pt\/#\/schema\/person\/c4278d4a6028830caff9ee44b42d32ed\"},\"breadcrumb\":{\"@id\":\"https:\/\/portaltela.pt\/noticias\/2026\/03\/25\/ronald-de-boer-elogia-lamine-yamal-pelo-talento\/#breadcrumb\"},\"inLanguage\":\"pt-PT\",\"potentialAction\":[{\"@type\":\"ReadAction\",\"target\":[\"https:\/\/portaltela.pt\/noticias\/2026\/03\/25\/ronald-de-boer-elogia-lamine-yamal-pelo-talento\/\"]}]},{\"@type\":\"ImageObject\",\"inLanguage\":\"pt-PT\",\"@id\":\"https:\/\/portaltela.pt\/noticias\/2026\/03\/25\/ronald-de-boer-elogia-lamine-yamal-pelo-talento\/#primaryimage\",\"url\":\"https:\/\/portaltela.pt\/s.01k8rhncp4jt1\/2026\/03\/img_920x518uu2026-03-01-08-49-09-2424223.jpg\",\"contentUrl\":\"https:\/\/portaltela.pt\/s.01k8rhncp4jt1\/2026\/03\/img_920x518uu2026-03-01-08-49-09-2424223.jpg\",\"width\":920,\"height\":518,\"caption\":\"Lamine Yamal\"},{\"@type\":\"BreadcrumbList\",\"@id\":\"https:\/\/portaltela.pt\/noticias\/2026\/03\/25\/ronald-de-boer-elogia-lamine-yamal-pelo-talento\/#breadcrumb\",\"itemListElement\":[{\"@type\":\"ListItem\",\"position\":1,\"name\":\"In\u00edcio\",\"item\":\"https:\/\/portaltela.pt\/\"},{\"@type\":\"ListItem\",\"position\":2,\"name\":\"Ronald de Boer elogia Lamine Yamal pelo talento\"}]},{\"@type\":\"WebSite\",\"@id\":\"https:\/\/portaltela.pt\/#website\",\"url\":\"https:\/\/portaltela.pt\/\",\"name\":\"Portal Tela Portugal\",\"description\":\"\",\"potentialAction\":[{\"@type\":\"SearchAction\",\"target\":{\"@type\":\"EntryPoint\",\"urlTemplate\":\"https:\/\/portaltela.pt\/?s={search_term_string}\"},\"query-input\":{\"@type\":\"PropertyValueSpecification\",\"valueRequired\":true,\"valueName\":\"search_term_string\"}}],\"inLanguage\":\"pt-PT\"},{\"@type\":\"Person\",\"@id\":\"https:\/\/portaltela.pt\/#\/schema\/person\/c4278d4a6028830caff9ee44b42d32ed\",\"name\":\"Telinha\",\"image\":{\"@type\":\"ImageObject\",\"inLanguage\":\"pt-PT\",\"@id\":\"https:\/\/portaltela.pt\/s.01k8rhncp4jt1\/2025\/11\/talking-bot-125x125.png\",\"url\":\"https:\/\/portaltela.pt\/s.01k8rhncp4jt1\/2025\/11\/talking-bot-125x125.png\",\"contentUrl\":\"https:\/\/portaltela.pt\/s.01k8rhncp4jt1\/2025\/11\/talking-bot-125x125.png\",\"caption\":\"Telinha\"},\"sameAs\":[\"https:\/\/portaltela.pt\/\"],\"url\":\"https:\/\/portaltela.pt\/por\/367410592786\/\"}]}<\/script>\n<!-- \/ Yoast SEO plugin. -->","yoast_head_json":{"title":"Ronald de Boer elogia Lamine Yamal pelo talento - Portal Tela Portugal","robots":{"index":"index","follow":"follow","max-snippet":"max-snippet:-1","max-image-preview":"max-image-preview:large","max-video-preview":"max-video-preview:-1"},"og_locale":"pt_PT","og_type":"article","og_title":"Ronald de Boer elogia Lamine Yamal pelo talento - Portal Tela Portugal","og_description":"Ronald de Boer elogia Lamine Yamal, dizendo que \u00e9 o jogador mais decisivo do mundo, especialmente pela idade. O ex-jogador do Barcelona destaca ainda Raphinha, Mbapp\u00e9 e Vin\u00edcius, mas fica com Yamal. De Boer reconhece que h\u00e1 muitos bons jogadores, incluindo no Bayern de Munique. Faz a antevis\u00e3o ao Bar\u00e7a frente ao Atl\u00e9tico de Madrid nos quartos de final da Liga dos Campe\u00f5es: ser\u00e1 muito duro e o Bar\u00e7a precisa impor o seu jogo. Se todos estiverem em forma e concentrados, o Bar\u00e7a pode vencer os dois jogos; o antigo jogador apoia a equipa, com o cora\u00e7\u00e3o azul-gren\u00e1.","og_url":"https:\/\/portaltela.pt\/noticias\/2026\/03\/25\/ronald-de-boer-elogia-lamine-yamal-pelo-talento\/","og_site_name":"Portal Tela Portugal","article_published_time":"2026-03-25T14:58:55+00:00","author":"Telinha","twitter_card":"summary_large_image","twitter_misc":{"Escrito por":"Telinha","Tempo estimado de leitura":"1 minuto"},"schema":{"@context":"https:\/\/schema.org","@graph":[{"@type":"Article","@id":"https:\/\/portaltela.pt\/noticias\/2026\/03\/25\/ronald-de-boer-elogia-lamine-yamal-pelo-talento\/#article","isPartOf":{"@id":"https:\/\/portaltela.pt\/noticias\/2026\/03\/25\/ronald-de-boer-elogia-lamine-yamal-pelo-talento\/"},"author":{"name":"Telinha","@id":"https:\/\/portaltela.pt\/#\/schema\/person\/c4278d4a6028830caff9ee44b42d32ed"},"headline":"Ronald de Boer elogia Lamine Yamal pelo talento","datePublished":"2026-03-25T14:58:55+00:00","mainEntityOfPage":{"@id":"https:\/\/portaltela.pt\/noticias\/2026\/03\/25\/ronald-de-boer-elogia-lamine-yamal-pelo-talento\/"},"wordCount":250,"image":{"@id":"https:\/\/portaltela.pt\/noticias\/2026\/03\/25\/ronald-de-boer-elogia-lamine-yamal-pelo-talento\/#primaryimage"},"thumbnailUrl":"https:\/\/portaltela.pt\/s.01k8rhncp4jt1\/2026\/03\/img_920x518uu2026-03-01-08-49-09-2424223.jpg","keywords":["Atl\u00e9tico Madrid","Barcelona","Champions League","futebol","Lamine Yamal","Mbapp\u00e9"],"articleSection":["Desporto","Futebol"],"inLanguage":"pt-PT"},{"@type":"WebPage","@id":"https:\/\/portaltela.pt\/noticias\/2026\/03\/25\/ronald-de-boer-elogia-lamine-yamal-pelo-talento\/","url":"https:\/\/portaltela.pt\/noticias\/2026\/03\/25\/ronald-de-boer-elogia-lamine-yamal-pelo-talento\/","name":"Ronald de Boer elogia Lamine Yamal pelo talento - Portal Tela Portugal","isPartOf":{"@id":"https:\/\/portaltela.pt\/#website"},"primaryImageOfPage":{"@id":"https:\/\/portaltela.pt\/noticias\/2026\/03\/25\/ronald-de-boer-elogia-lamine-yamal-pelo-talento\/#primaryimage"},"image":{"@id":"https:\/\/portaltela.pt\/noticias\/2026\/03\/25\/ronald-de-boer-elogia-lamine-yamal-pelo-talento\/#primaryimage"},"thumbnailUrl":"https:\/\/portaltela.pt\/s.01k8rhncp4jt1\/2026\/03\/img_920x518uu2026-03-01-08-49-09-2424223.jpg","datePublished":"2026-03-25T14:58:55+00:00","author":{"@id":"https:\/\/portaltela.pt\/#\/schema\/person\/c4278d4a6028830caff9ee44b42d32ed"},"breadcrumb":{"@id":"https:\/\/portaltela.pt\/noticias\/2026\/03\/25\/ronald-de-boer-elogia-lamine-yamal-pelo-talento\/#breadcrumb"},"inLanguage":"pt-PT","potentialAction":[{"@type":"ReadAction","target":["https:\/\/portaltela.pt\/noticias\/2026\/03\/25\/ronald-de-boer-elogia-lamine-yamal-pelo-talento\/"]}]},{"@type":"ImageObject","inLanguage":"pt-PT","@id":"https:\/\/portaltela.pt\/noticias\/2026\/03\/25\/ronald-de-boer-elogia-lamine-yamal-pelo-talento\/#primaryimage","url":"https:\/\/portaltela.pt\/s.01k8rhncp4jt1\/2026\/03\/img_920x518uu2026-03-01-08-49-09-2424223.jpg","contentUrl":"https:\/\/portaltela.pt\/s.01k8rhncp4jt1\/2026\/03\/img_920x518uu2026-03-01-08-49-09-2424223.jpg","width":920,"height":518,"caption":"Lamine Yamal"},{"@type":"BreadcrumbList","@id":"https:\/\/portaltela.pt\/noticias\/2026\/03\/25\/ronald-de-boer-elogia-lamine-yamal-pelo-talento\/#breadcrumb","itemListElement":[{"@type":"ListItem","position":1,"name":"In\u00edcio","item":"https:\/\/portaltela.pt\/"},{"@type":"ListItem","position":2,"name":"Ronald de Boer elogia Lamine Yamal pelo talento"}]},{"@type":"WebSite","@id":"https:\/\/portaltela.pt\/#website","url":"https:\/\/portaltela.pt\/","name":"Portal Tela Portugal","description":"","potentialAction":[{"@type":"SearchAction","target":{"@type":"EntryPoint","urlTemplate":"https:\/\/portaltela.pt\/?s={search_term_string}"},"query-input":{"@type":"PropertyValueSpecification","valueRequired":true,"valueName":"search_term_string"}}],"inLanguage":"pt-PT"},{"@type":"Person","@id":"https:\/\/portaltela.pt\/#\/schema\/person\/c4278d4a6028830caff9ee44b42d32ed","name":"Telinha","image":{"@type":"ImageObject","inLanguage":"pt-PT","@id":"https:\/\/portaltela.pt\/s.01k8rhncp4jt1\/2025\/11\/talking-bot-125x125.png","url":"https:\/\/portaltela.pt\/s.01k8rhncp4jt1\/2025\/11\/talking-bot-125x125.png","contentUrl":"https:\/\/portaltela.pt\/s.01k8rhncp4jt1\/2025\/11\/talking-bot-125x125.png","caption":"Telinha"},"sameAs":["https:\/\/portaltela.pt\/"],"url":"https:\/\/portaltela.pt\/por\/367410592786\/"}]}},"_links":{"self":[{"href":"https:\/\/portaltela.pt\/api\/wp\/v2\/posts\/420994","targetHints":{"allow":["GET"]}}],"collection":[{"href":"https:\/\/portaltela.pt\/api\/wp\/v2\/posts"}],"about":[{"href":"https:\/\/portaltela.pt\/api\/wp\/v2\/types\/post"}],"author":[{"embeddable":true,"href":"https:\/\/portaltela.pt\/api\/wp\/v2\/users\/2"}],"replies":[{"embeddable":true,"href":"https:\/\/portaltela.pt\/api\/wp\/v2\/comments?post=420994"}],"version-history":[{"count":0,"href":"https:\/\/portaltela.pt\/api\/wp\/v2\/posts\/420994\/revisions"}],"wp:featuredmedia":[{"embeddable":true,"href":"https:\/\/portaltela.pt\/api\/wp\/v2\/media\/420999"}],"wp:attachment":[{"href":"https:\/\/portaltela.pt\/api\/wp\/v2\/media?parent=420994"}],"wp:term":[{"taxonomy":"category","embeddable":true,"href":"https:\/\/portaltela.pt\/api\/wp\/v2\/categories?post=420994"},{"taxonomy":"post_tag","embeddable":true,"href":"https:\/\/portaltela.pt\/api\/wp\/v2\/tags?post=420994"}],"curies":[{"name":"wp","href":"https:\/\/api.w.org\/{rel}","templated":true}]}}