{"id":420986,"date":"2026-03-25T11:51:00","date_gmt":"2026-03-25T14:51:00","guid":{"rendered":"https:\/\/portaltela.pt\/noticias\/2026\/03\/25\/instalacao-sul-africana-que-alude-a-gaza-vai-a-veneza-mesmo-cancelada\/"},"modified":"2026-03-25T11:51:00","modified_gmt":"2026-03-25T14:51:00","slug":"instalacao-sul-africana-que-alude-a-gaza-vai-a-veneza-mesmo-cancelada","status":"publish","type":"post","link":"https:\/\/portaltela.pt\/lazer\/2026\/03\/25\/instalacao-sul-africana-que-alude-a-gaza-vai-a-veneza-mesmo-cancelada\/","title":{"rendered":"Instala\u00e7\u00e3o sul-africana que alude a Gaza vai a Veneza, mesmo cancelada"},"content":{"rendered":"<p>Foi anunciada a apresenta\u00e7\u00e3o de Elegy, instala\u00e7\u00e3o de Gabrielle Goliath associada \u00e0 \u00c1frica do Sul, em Veneza, ainda que o pavilh\u00e3o sul-africano na Bienal tenha sido cancelado. A obra ser\u00e1 exibida fora do per\u00edmetro oficial da mostra, na Chiesa di Sant\u2019Antonin, em Veneza, a partir de 4 de maio, durante tr\u00eas meses.<\/p>\n<p>A decis\u00e3o resulta de uma parceria entre a artista, a Funda\u00e7\u00e3o Bertha (funda\u00e7\u00e3o sul-africana de apoio a ativistas pelos direitos humanos) e o centro de artes Ibraaz, que acolher\u00e1 a instala\u00e7\u00e3o em Londres, em outubro. O conjunto de apoio financeiro e institucional viabilizou a continuidade da obra fora do espa\u00e7o da bienal.<\/p>\n<p>O cancelamento da participa\u00e7\u00e3o de Gabrielle Goliath, anunciado em janeiro, teve como base reservas expressas pelo ministro dos Desportos, Artes e Cultura da \u00c1frica do Sul, Gayton McKenzie, que qualificou a instala\u00e7\u00e3o como extremamente divisiva. O governo sul-africano recusou tamb\u00e9m encontrar substituto para representar o pa\u00eds na mostra.<\/p>\n<p>A pe\u00e7a Elegy, criada originalmente como um lamento f\u00fanebre por mulheres mortas em contextos de viol\u00eancia racial ou sexual, apresenta sete cantoras que alternam uma nota prolongada entre grito e prece. A obra tamb\u00e9m aborda as v\u00edtimas da viol\u00eancia hist\u00f3rica na regi\u00e3o da Nam\u00edbia e do Kha Younis, incluindo refer\u00eancias a genoc\u00eddios e \u00e0 viol\u00eancia contempor\u00e2nea na \u00c1frica do Sul.<\/p>\n<p>Gabrielle Goliath sustenta que a apresenta\u00e7\u00e3o em Veneza tem uma significa\u00e7\u00e3o crucial diante do precedente aberto pelo cancelamento. Ela j\u00e1 enfrentou um processo judicial relacionado com a decis\u00e3o de n\u00e3o marcar a presen\u00e7a na bienal, mas mant\u00e9m o objetivo de manter a obra acess\u00edvel ao p\u00fablico, mesmo fora do recinto.<\/p>\n<p>A 61.\u00aa Bienal de Veneza tem a sua abertura prevista para 9 de maio e decorre at\u00e9 22 de novembro. Portugal \u00e9 representado por Alexandre Estrela, que integra a comunidade de artistas que assina uma carta aberta pedindo a exclus\u00e3o de Israel da bienal, numa posi\u00e7\u00e3o de cr\u00edtica \u00e0 eventual cumplicidade da institui\u00e7\u00e3o com a situa\u00e7\u00e3o na Palestina.<\/p>\n","protected":false},"excerpt":{"rendered":"<ul>\n<li>O pavilh\u00e3o da \u00c1frica do Sul na Bienal de Veneza ficar\u00e1 vazio, ap\u00f3s o Governo sul-africano cancelar a instala\u00e7\u00e3o v\u00eddeo escolhida para representar o pa\u00eds.<\/li>\n<li>Ainda assim, a instala\u00e7\u00e3o Elegy, de Gabrielle Goliath, ser\u00e1 apresentada fora do per\u00edmetro da bienal, na Chiesa di Sant\u2019Antonin, em Veneza, de 4 de maio a tr\u00eas meses.<\/li>\n<li>A apresenta\u00e7\u00e3o fora do espa\u00e7o expositivo resulta de apoios da Funda\u00e7\u00e3o Bertha e do centro de artes Ibraaz, com patroc\u00ednio de uma rede de colaboradores.<\/li>\n<li>A decis\u00e3o de cancelamento gerou cr\u00edticas, incluindo a artista \u00c2ngela Ferreira, e envolve controv\u00e9rsia ligada ao ministro da Cultura da \u00c1frica do Sul, Gayton McKenzie.<\/li>\n<li>A Bienal decorre entre 9 de maio e 22 de novembro; Portugal ser\u00e1 representado por Alexandre Estrela, enquanto h\u00e1 carta de artistas a pedir a exclus\u00e3o de Israel.<\/li>\n<\/ul>\n","protected":false},"author":2,"featured_media":420990,"comment_status":"closed","ping_status":"closed","sticky":false,"template":"","format":"standard","meta":{"footnotes":""},"categories":[7375,7381],"tags":[5227,1975,145,2633,2631,2030],"class_list":["post-420986","post","type-post","status-publish","format-standard","has-post-thumbnail","hentry","category-cultura","category-lazer","tag-africa","tag-arte-teatro-concertos","tag-cultura","tag-direitos-humanos","tag-namibia","tag-palestina"],"yoast_head":"<!-- This site is optimized with the Yoast SEO plugin v27.2 - https:\/\/yoast.com\/product\/yoast-seo-wordpress\/ -->\n<title>Instala\u00e7\u00e3o sul-africana que alude a Gaza vai a Veneza, mesmo cancelada - Portal Tela Portugal<\/title>\n<meta name=\"robots\" content=\"index, follow, max-snippet:-1, max-image-preview:large, max-video-preview:-1\" \/>\n<meta property=\"og:locale\" content=\"pt_PT\" \/>\n<meta property=\"og:type\" content=\"article\" \/>\n<meta property=\"og:title\" content=\"Instala\u00e7\u00e3o sul-africana que alude a Gaza vai a Veneza, mesmo cancelada - Portal Tela Portugal\" \/>\n<meta property=\"og:description\" content=\"O pavilh\u00e3o da \u00c1frica do Sul na Bienal de Veneza ficar\u00e1 vazio, ap\u00f3s o Governo sul-africano cancelar a instala\u00e7\u00e3o v\u00eddeo escolhida para representar o pa\u00eds. Ainda assim, a instala\u00e7\u00e3o Elegy, de Gabrielle Goliath, ser\u00e1 apresentada fora do per\u00edmetro da bienal, na Chiesa di Sant\u2019Antonin, em Veneza, de 4 de maio a tr\u00eas meses. A apresenta\u00e7\u00e3o fora do espa\u00e7o expositivo resulta de apoios da Funda\u00e7\u00e3o Bertha e do centro de artes Ibraaz, com patroc\u00ednio de uma rede de colaboradores. A decis\u00e3o de cancelamento gerou cr\u00edticas, incluindo a artista \u00c2ngela Ferreira, e envolve controv\u00e9rsia ligada ao ministro da Cultura da \u00c1frica do Sul, Gayton McKenzie. A Bienal decorre entre 9 de maio e 22 de novembro; Portugal ser\u00e1 representado por Alexandre Estrela, enquanto h\u00e1 carta de artistas a pedir a exclus\u00e3o de Israel.\" \/>\n<meta property=\"og:url\" content=\"https:\/\/portaltela.pt\/noticias\/2026\/03\/25\/instalacao-sul-africana-que-alude-a-gaza-vai-a-veneza-mesmo-cancelada\/\" \/>\n<meta property=\"og:site_name\" content=\"Portal Tela Portugal\" \/>\n<meta property=\"article:published_time\" content=\"2026-03-25T14:51:00+00:00\" \/>\n<meta name=\"author\" content=\"Telinha\" \/>\n<meta name=\"twitter:card\" content=\"summary_large_image\" \/>\n<meta name=\"twitter:label1\" content=\"Escrito por\" \/>\n\t<meta name=\"twitter:data1\" content=\"Telinha\" \/>\n\t<meta name=\"twitter:label2\" content=\"Tempo estimado de leitura\" \/>\n\t<meta name=\"twitter:data2\" content=\"2 minutos\" \/>\n<script type=\"application\/ld+json\" class=\"yoast-schema-graph\">{\"@context\":\"https:\/\/schema.org\",\"@graph\":[{\"@type\":\"Article\",\"@id\":\"https:\/\/portaltela.pt\/noticias\/2026\/03\/25\/instalacao-sul-africana-que-alude-a-gaza-vai-a-veneza-mesmo-cancelada\/#article\",\"isPartOf\":{\"@id\":\"https:\/\/portaltela.pt\/noticias\/2026\/03\/25\/instalacao-sul-africana-que-alude-a-gaza-vai-a-veneza-mesmo-cancelada\/\"},\"author\":{\"name\":\"Telinha\",\"@id\":\"https:\/\/portaltela.pt\/#\/schema\/person\/c4278d4a6028830caff9ee44b42d32ed\"},\"headline\":\"Instala\u00e7\u00e3o sul-africana que alude a Gaza vai a Veneza, mesmo cancelada\",\"datePublished\":\"2026-03-25T14:51:00+00:00\",\"mainEntityOfPage\":{\"@id\":\"https:\/\/portaltela.pt\/noticias\/2026\/03\/25\/instalacao-sul-africana-que-alude-a-gaza-vai-a-veneza-mesmo-cancelada\/\"},\"wordCount\":365,\"image\":{\"@id\":\"https:\/\/portaltela.pt\/noticias\/2026\/03\/25\/instalacao-sul-africana-que-alude-a-gaza-vai-a-veneza-mesmo-cancelada\/#primaryimage\"},\"thumbnailUrl\":\"https:\/\/portaltela.pt\/s.01k8rhncp4jt1\/2026\/03\/tpUHdbIMAGENStypePNGshare1oBarraFacebook_Ipsilon.png\",\"keywords\":[\"\u00c1frica\",\"arte\/teatro\/concertos\",\"cultura\",\"direitos humanos\",\"Nam\u00edbia\",\"Palestina\"],\"articleSection\":[\"Cultura\",\"Lazer\"],\"inLanguage\":\"pt-PT\"},{\"@type\":\"WebPage\",\"@id\":\"https:\/\/portaltela.pt\/noticias\/2026\/03\/25\/instalacao-sul-africana-que-alude-a-gaza-vai-a-veneza-mesmo-cancelada\/\",\"url\":\"https:\/\/portaltela.pt\/noticias\/2026\/03\/25\/instalacao-sul-africana-que-alude-a-gaza-vai-a-veneza-mesmo-cancelada\/\",\"name\":\"Instala\u00e7\u00e3o sul-africana que alude a Gaza vai a Veneza, mesmo cancelada - Portal Tela Portugal\",\"isPartOf\":{\"@id\":\"https:\/\/portaltela.pt\/#website\"},\"primaryImageOfPage\":{\"@id\":\"https:\/\/portaltela.pt\/noticias\/2026\/03\/25\/instalacao-sul-africana-que-alude-a-gaza-vai-a-veneza-mesmo-cancelada\/#primaryimage\"},\"image\":{\"@id\":\"https:\/\/portaltela.pt\/noticias\/2026\/03\/25\/instalacao-sul-africana-que-alude-a-gaza-vai-a-veneza-mesmo-cancelada\/#primaryimage\"},\"thumbnailUrl\":\"https:\/\/portaltela.pt\/s.01k8rhncp4jt1\/2026\/03\/tpUHdbIMAGENStypePNGshare1oBarraFacebook_Ipsilon.png\",\"datePublished\":\"2026-03-25T14:51:00+00:00\",\"author\":{\"@id\":\"https:\/\/portaltela.pt\/#\/schema\/person\/c4278d4a6028830caff9ee44b42d32ed\"},\"breadcrumb\":{\"@id\":\"https:\/\/portaltela.pt\/noticias\/2026\/03\/25\/instalacao-sul-africana-que-alude-a-gaza-vai-a-veneza-mesmo-cancelada\/#breadcrumb\"},\"inLanguage\":\"pt-PT\",\"potentialAction\":[{\"@type\":\"ReadAction\",\"target\":[\"https:\/\/portaltela.pt\/noticias\/2026\/03\/25\/instalacao-sul-africana-que-alude-a-gaza-vai-a-veneza-mesmo-cancelada\/\"]}]},{\"@type\":\"ImageObject\",\"inLanguage\":\"pt-PT\",\"@id\":\"https:\/\/portaltela.pt\/noticias\/2026\/03\/25\/instalacao-sul-africana-que-alude-a-gaza-vai-a-veneza-mesmo-cancelada\/#primaryimage\",\"url\":\"https:\/\/portaltela.pt\/s.01k8rhncp4jt1\/2026\/03\/tpUHdbIMAGENStypePNGshare1oBarraFacebook_Ipsilon.png\",\"contentUrl\":\"https:\/\/portaltela.pt\/s.01k8rhncp4jt1\/2026\/03\/tpUHdbIMAGENStypePNGshare1oBarraFacebook_Ipsilon.png\",\"width\":1200,\"height\":630,\"caption\":\"Gabrielle Goliath criou *Elegy* em 2015, como homenagem a uma jovem estudante sul-africana violada e assassinada\"},{\"@type\":\"BreadcrumbList\",\"@id\":\"https:\/\/portaltela.pt\/noticias\/2026\/03\/25\/instalacao-sul-africana-que-alude-a-gaza-vai-a-veneza-mesmo-cancelada\/#breadcrumb\",\"itemListElement\":[{\"@type\":\"ListItem\",\"position\":1,\"name\":\"In\u00edcio\",\"item\":\"https:\/\/portaltela.pt\/\"},{\"@type\":\"ListItem\",\"position\":2,\"name\":\"Instala\u00e7\u00e3o sul-africana que alude a Gaza vai a Veneza, mesmo cancelada\"}]},{\"@type\":\"WebSite\",\"@id\":\"https:\/\/portaltela.pt\/#website\",\"url\":\"https:\/\/portaltela.pt\/\",\"name\":\"Portal Tela Portugal\",\"description\":\"\",\"potentialAction\":[{\"@type\":\"SearchAction\",\"target\":{\"@type\":\"EntryPoint\",\"urlTemplate\":\"https:\/\/portaltela.pt\/?s={search_term_string}\"},\"query-input\":{\"@type\":\"PropertyValueSpecification\",\"valueRequired\":true,\"valueName\":\"search_term_string\"}}],\"inLanguage\":\"pt-PT\"},{\"@type\":\"Person\",\"@id\":\"https:\/\/portaltela.pt\/#\/schema\/person\/c4278d4a6028830caff9ee44b42d32ed\",\"name\":\"Telinha\",\"image\":{\"@type\":\"ImageObject\",\"inLanguage\":\"pt-PT\",\"@id\":\"https:\/\/portaltela.pt\/s.01k8rhncp4jt1\/2025\/11\/talking-bot-125x125.png\",\"url\":\"https:\/\/portaltela.pt\/s.01k8rhncp4jt1\/2025\/11\/talking-bot-125x125.png\",\"contentUrl\":\"https:\/\/portaltela.pt\/s.01k8rhncp4jt1\/2025\/11\/talking-bot-125x125.png\",\"caption\":\"Telinha\"},\"sameAs\":[\"https:\/\/portaltela.pt\/\"],\"url\":\"https:\/\/portaltela.pt\/por\/367410592786\/\"}]}<\/script>\n<!-- \/ Yoast SEO plugin. -->","yoast_head_json":{"title":"Instala\u00e7\u00e3o sul-africana que alude a Gaza vai a Veneza, mesmo cancelada - Portal Tela Portugal","robots":{"index":"index","follow":"follow","max-snippet":"max-snippet:-1","max-image-preview":"max-image-preview:large","max-video-preview":"max-video-preview:-1"},"og_locale":"pt_PT","og_type":"article","og_title":"Instala\u00e7\u00e3o sul-africana que alude a Gaza vai a Veneza, mesmo cancelada - Portal Tela Portugal","og_description":"O pavilh\u00e3o da \u00c1frica do Sul na Bienal de Veneza ficar\u00e1 vazio, ap\u00f3s o Governo sul-africano cancelar a instala\u00e7\u00e3o v\u00eddeo escolhida para representar o pa\u00eds. Ainda assim, a instala\u00e7\u00e3o Elegy, de Gabrielle Goliath, ser\u00e1 apresentada fora do per\u00edmetro da bienal, na Chiesa di Sant\u2019Antonin, em Veneza, de 4 de maio a tr\u00eas meses. A apresenta\u00e7\u00e3o fora do espa\u00e7o expositivo resulta de apoios da Funda\u00e7\u00e3o Bertha e do centro de artes Ibraaz, com patroc\u00ednio de uma rede de colaboradores. A decis\u00e3o de cancelamento gerou cr\u00edticas, incluindo a artista \u00c2ngela Ferreira, e envolve controv\u00e9rsia ligada ao ministro da Cultura da \u00c1frica do Sul, Gayton McKenzie. A Bienal decorre entre 9 de maio e 22 de novembro; Portugal ser\u00e1 representado por Alexandre Estrela, enquanto h\u00e1 carta de artistas a pedir a exclus\u00e3o de Israel.","og_url":"https:\/\/portaltela.pt\/noticias\/2026\/03\/25\/instalacao-sul-africana-que-alude-a-gaza-vai-a-veneza-mesmo-cancelada\/","og_site_name":"Portal Tela Portugal","article_published_time":"2026-03-25T14:51:00+00:00","author":"Telinha","twitter_card":"summary_large_image","twitter_misc":{"Escrito por":"Telinha","Tempo estimado de leitura":"2 minutos"},"schema":{"@context":"https:\/\/schema.org","@graph":[{"@type":"Article","@id":"https:\/\/portaltela.pt\/noticias\/2026\/03\/25\/instalacao-sul-africana-que-alude-a-gaza-vai-a-veneza-mesmo-cancelada\/#article","isPartOf":{"@id":"https:\/\/portaltela.pt\/noticias\/2026\/03\/25\/instalacao-sul-africana-que-alude-a-gaza-vai-a-veneza-mesmo-cancelada\/"},"author":{"name":"Telinha","@id":"https:\/\/portaltela.pt\/#\/schema\/person\/c4278d4a6028830caff9ee44b42d32ed"},"headline":"Instala\u00e7\u00e3o sul-africana que alude a Gaza vai a Veneza, mesmo cancelada","datePublished":"2026-03-25T14:51:00+00:00","mainEntityOfPage":{"@id":"https:\/\/portaltela.pt\/noticias\/2026\/03\/25\/instalacao-sul-africana-que-alude-a-gaza-vai-a-veneza-mesmo-cancelada\/"},"wordCount":365,"image":{"@id":"https:\/\/portaltela.pt\/noticias\/2026\/03\/25\/instalacao-sul-africana-que-alude-a-gaza-vai-a-veneza-mesmo-cancelada\/#primaryimage"},"thumbnailUrl":"https:\/\/portaltela.pt\/s.01k8rhncp4jt1\/2026\/03\/tpUHdbIMAGENStypePNGshare1oBarraFacebook_Ipsilon.png","keywords":["\u00c1frica","arte\/teatro\/concertos","cultura","direitos humanos","Nam\u00edbia","Palestina"],"articleSection":["Cultura","Lazer"],"inLanguage":"pt-PT"},{"@type":"WebPage","@id":"https:\/\/portaltela.pt\/noticias\/2026\/03\/25\/instalacao-sul-africana-que-alude-a-gaza-vai-a-veneza-mesmo-cancelada\/","url":"https:\/\/portaltela.pt\/noticias\/2026\/03\/25\/instalacao-sul-africana-que-alude-a-gaza-vai-a-veneza-mesmo-cancelada\/","name":"Instala\u00e7\u00e3o sul-africana que alude a Gaza vai a Veneza, mesmo cancelada - Portal Tela Portugal","isPartOf":{"@id":"https:\/\/portaltela.pt\/#website"},"primaryImageOfPage":{"@id":"https:\/\/portaltela.pt\/noticias\/2026\/03\/25\/instalacao-sul-africana-que-alude-a-gaza-vai-a-veneza-mesmo-cancelada\/#primaryimage"},"image":{"@id":"https:\/\/portaltela.pt\/noticias\/2026\/03\/25\/instalacao-sul-africana-que-alude-a-gaza-vai-a-veneza-mesmo-cancelada\/#primaryimage"},"thumbnailUrl":"https:\/\/portaltela.pt\/s.01k8rhncp4jt1\/2026\/03\/tpUHdbIMAGENStypePNGshare1oBarraFacebook_Ipsilon.png","datePublished":"2026-03-25T14:51:00+00:00","author":{"@id":"https:\/\/portaltela.pt\/#\/schema\/person\/c4278d4a6028830caff9ee44b42d32ed"},"breadcrumb":{"@id":"https:\/\/portaltela.pt\/noticias\/2026\/03\/25\/instalacao-sul-africana-que-alude-a-gaza-vai-a-veneza-mesmo-cancelada\/#breadcrumb"},"inLanguage":"pt-PT","potentialAction":[{"@type":"ReadAction","target":["https:\/\/portaltela.pt\/noticias\/2026\/03\/25\/instalacao-sul-africana-que-alude-a-gaza-vai-a-veneza-mesmo-cancelada\/"]}]},{"@type":"ImageObject","inLanguage":"pt-PT","@id":"https:\/\/portaltela.pt\/noticias\/2026\/03\/25\/instalacao-sul-africana-que-alude-a-gaza-vai-a-veneza-mesmo-cancelada\/#primaryimage","url":"https:\/\/portaltela.pt\/s.01k8rhncp4jt1\/2026\/03\/tpUHdbIMAGENStypePNGshare1oBarraFacebook_Ipsilon.png","contentUrl":"https:\/\/portaltela.pt\/s.01k8rhncp4jt1\/2026\/03\/tpUHdbIMAGENStypePNGshare1oBarraFacebook_Ipsilon.png","width":1200,"height":630,"caption":"Gabrielle Goliath criou *Elegy* em 2015, como homenagem a uma jovem estudante sul-africana violada e assassinada"},{"@type":"BreadcrumbList","@id":"https:\/\/portaltela.pt\/noticias\/2026\/03\/25\/instalacao-sul-africana-que-alude-a-gaza-vai-a-veneza-mesmo-cancelada\/#breadcrumb","itemListElement":[{"@type":"ListItem","position":1,"name":"In\u00edcio","item":"https:\/\/portaltela.pt\/"},{"@type":"ListItem","position":2,"name":"Instala\u00e7\u00e3o sul-africana que alude a Gaza vai a Veneza, mesmo cancelada"}]},{"@type":"WebSite","@id":"https:\/\/portaltela.pt\/#website","url":"https:\/\/portaltela.pt\/","name":"Portal Tela Portugal","description":"","potentialAction":[{"@type":"SearchAction","target":{"@type":"EntryPoint","urlTemplate":"https:\/\/portaltela.pt\/?s={search_term_string}"},"query-input":{"@type":"PropertyValueSpecification","valueRequired":true,"valueName":"search_term_string"}}],"inLanguage":"pt-PT"},{"@type":"Person","@id":"https:\/\/portaltela.pt\/#\/schema\/person\/c4278d4a6028830caff9ee44b42d32ed","name":"Telinha","image":{"@type":"ImageObject","inLanguage":"pt-PT","@id":"https:\/\/portaltela.pt\/s.01k8rhncp4jt1\/2025\/11\/talking-bot-125x125.png","url":"https:\/\/portaltela.pt\/s.01k8rhncp4jt1\/2025\/11\/talking-bot-125x125.png","contentUrl":"https:\/\/portaltela.pt\/s.01k8rhncp4jt1\/2025\/11\/talking-bot-125x125.png","caption":"Telinha"},"sameAs":["https:\/\/portaltela.pt\/"],"url":"https:\/\/portaltela.pt\/por\/367410592786\/"}]}},"_links":{"self":[{"href":"https:\/\/portaltela.pt\/api\/wp\/v2\/posts\/420986","targetHints":{"allow":["GET"]}}],"collection":[{"href":"https:\/\/portaltela.pt\/api\/wp\/v2\/posts"}],"about":[{"href":"https:\/\/portaltela.pt\/api\/wp\/v2\/types\/post"}],"author":[{"embeddable":true,"href":"https:\/\/portaltela.pt\/api\/wp\/v2\/users\/2"}],"replies":[{"embeddable":true,"href":"https:\/\/portaltela.pt\/api\/wp\/v2\/comments?post=420986"}],"version-history":[{"count":0,"href":"https:\/\/portaltela.pt\/api\/wp\/v2\/posts\/420986\/revisions"}],"wp:featuredmedia":[{"embeddable":true,"href":"https:\/\/portaltela.pt\/api\/wp\/v2\/media\/420990"}],"wp:attachment":[{"href":"https:\/\/portaltela.pt\/api\/wp\/v2\/media?parent=420986"}],"wp:term":[{"taxonomy":"category","embeddable":true,"href":"https:\/\/portaltela.pt\/api\/wp\/v2\/categories?post=420986"},{"taxonomy":"post_tag","embeddable":true,"href":"https:\/\/portaltela.pt\/api\/wp\/v2\/tags?post=420986"}],"curies":[{"name":"wp","href":"https:\/\/api.w.org\/{rel}","templated":true}]}}