{"id":420985,"date":"2026-03-25T11:39:00","date_gmt":"2026-03-25T14:39:00","guid":{"rendered":"https:\/\/portaltela.pt\/noticias\/2026\/03\/25\/autarca-do-chega-em-albufeira-alvo-de-buscas-por-incitamento-ao-odio\/"},"modified":"2026-03-25T11:39:00","modified_gmt":"2026-03-25T14:39:00","slug":"autarca-do-chega-em-albufeira-alvo-de-buscas-por-incitamento-ao-odio","status":"publish","type":"post","link":"https:\/\/portaltela.pt\/noticias\/2026\/03\/25\/autarca-do-chega-em-albufeira-alvo-de-buscas-por-incitamento-ao-odio\/","title":{"rendered":"Autarca do Chega em Albufeira alvo de buscas por incitamento ao \u00f3dio"},"content":{"rendered":"<p>O Minist\u00e9rio P\u00fablico confirmou que est\u00e3o a decorrer buscas no \u00e2mbito de um inqu\u00e9rito do DIAP Regional de \u00c9vora, relacionado com suspeitas de discrimina\u00e7\u00e3o racial e incitamento ao \u00f3dio proferidas pelo presidente da C\u00e2mara de Albufeira, Rui Cristina, eleito pelo Chega. As dilig\u00eancias ainda se encontram em segredo de justi\u00e7a.<\/p>\n<p>A informa\u00e7\u00e3o inicial foi avan\u00e7ada pela CNN, que apontava para buscas na C\u00e2mara Municipal de Albufeira e a\u00e7\u00e3o da Pol\u00edcia Judici\u00e1ria. Contudo, o P\u00daBLICO n\u00e3o conseguiu confirmar se o alvo \u00e9 a autarquia ou se a Judici\u00e1ria est\u00e1 envolvida, uma vez que fontes da PJ indicaram que as dilig\u00eancias n\u00e3o estavam a decorrer nem pela PJ de Faro nem pela de \u00c9vora.<\/p>\n<p>A deputada municipal Helena Palhota, eleita pelo PSD, confirmou ao P\u00daBLICO ter apresentado uma participa\u00e7\u00e3o ao Minist\u00e9rio P\u00fablico por declara\u00e7\u00f5es consideradas inadequadas sobre a comunidade cigana proferidas pelo presidente da c\u00e2mara numa assembleia municipal. Palhota disse ainda que pediu \u00e0 mesa a extra\u00e7\u00e3o de c\u00f3pia da ata para envio ao MP, sem sucesso na altura.<\/p>\n<p>Segundo relatos, o processo envolve a pr\u00e1tica de discrimina\u00e7\u00e3o racial e incitamento ao \u00f3dio, com o MP a manter o inqu\u00e9rito em segredo. Palhota declarou que houve pedidos de retrata\u00e7\u00e3o por parte de Rui Cristina por parte de membros de v\u00e1rias bancadas, que n\u00e3o foram atendidos. O autarca n\u00e3o abriu contactos para commentar o caso.<\/p>\n","protected":false},"excerpt":{"rendered":"<ul>\n<li>O Minist\u00e9rio P\u00fablico confirmou buscas no \u00e2mbito de um inqu\u00e9rito no DIAP Regional de \u00c9vora, por suspeitas de discrimina\u00e7\u00e3o racial e incitamento ao \u00f3dio atribu\u00eddas ao presidente da C\u00e2mara de Albufeira, Rui Cristina.<\/li>\n<li>As buscas, cuja realiza\u00e7\u00e3o n\u00e3o foi confirmada pela PJ, decorrem na C\u00e2mara de Albufeira e est\u00e3o em segredo de justi\u00e7a.<\/li>\n<li>A deputada municipal Helena Palhota (PSD) disse ter apresentado uma queixa ao MP por declara\u00e7\u00f5es de Rui Cristina na Assembleia Municipal.<\/li>\n<li>Palhota afirmou que pediu \u00e0 mesa da assembleia a c\u00f3pia da acta e que o tema foi discutido entre v\u00e1rias bancadas, sem retrata\u00e7\u00e3o por parte do autarca.<\/li>\n<li>Rui Cristina j\u00e1 ter\u00e1 alegadamente apresentado uma queixa por difama\u00e7\u00e3o agravada contra Palhota, segundo informa\u00e7\u00e3o de que teve conhecimento recentemente.<\/li>\n<\/ul>\n","protected":false},"author":2,"featured_media":420988,"comment_status":"closed","ping_status":"closed","sticky":false,"template":"","format":"standard","meta":{"footnotes":""},"categories":[6815,1],"tags":[1202,2633,1695,3544,1878,2832],"class_list":["post-420985","post","type-post","status-publish","format-standard","has-post-thumbnail","hentry","category-justica","category-noticias","tag-albufeira","tag-direitos-humanos","tag-discriminacao","tag-incitacao-ao-odio","tag-inquerito-criminal","tag-politica"],"yoast_head":"<!-- This site is optimized with the Yoast SEO plugin v27.2 - https:\/\/yoast.com\/product\/yoast-seo-wordpress\/ -->\n<title>Autarca do Chega em Albufeira alvo de buscas por incitamento ao \u00f3dio - Portal Tela Portugal<\/title>\n<meta name=\"robots\" content=\"index, follow, max-snippet:-1, max-image-preview:large, max-video-preview:-1\" \/>\n<meta property=\"og:locale\" content=\"pt_PT\" \/>\n<meta property=\"og:type\" content=\"article\" \/>\n<meta property=\"og:title\" content=\"Autarca do Chega em Albufeira alvo de buscas por incitamento ao \u00f3dio - Portal Tela Portugal\" \/>\n<meta property=\"og:description\" content=\"O Minist\u00e9rio P\u00fablico confirmou buscas no \u00e2mbito de um inqu\u00e9rito no DIAP Regional de \u00c9vora, por suspeitas de discrimina\u00e7\u00e3o racial e incitamento ao \u00f3dio atribu\u00eddas ao presidente da C\u00e2mara de Albufeira, Rui Cristina. As buscas, cuja realiza\u00e7\u00e3o n\u00e3o foi confirmada pela PJ, decorrem na C\u00e2mara de Albufeira e est\u00e3o em segredo de justi\u00e7a. A deputada municipal Helena Palhota (PSD) disse ter apresentado uma queixa ao MP por declara\u00e7\u00f5es de Rui Cristina na Assembleia Municipal. Palhota afirmou que pediu \u00e0 mesa da assembleia a c\u00f3pia da acta e que o tema foi discutido entre v\u00e1rias bancadas, sem retrata\u00e7\u00e3o por parte do autarca. Rui Cristina j\u00e1 ter\u00e1 alegadamente apresentado uma queixa por difama\u00e7\u00e3o agravada contra Palhota, segundo informa\u00e7\u00e3o de que teve conhecimento recentemente.\" \/>\n<meta property=\"og:url\" content=\"https:\/\/portaltela.pt\/noticias\/2026\/03\/25\/autarca-do-chega-em-albufeira-alvo-de-buscas-por-incitamento-ao-odio\/\" \/>\n<meta property=\"og:site_name\" content=\"Portal Tela Portugal\" \/>\n<meta property=\"article:published_time\" content=\"2026-03-25T14:39:00+00:00\" \/>\n<meta name=\"author\" content=\"Telinha\" \/>\n<meta name=\"twitter:card\" content=\"summary_large_image\" \/>\n<meta name=\"twitter:label1\" content=\"Escrito por\" \/>\n\t<meta name=\"twitter:data1\" content=\"Telinha\" \/>\n\t<meta name=\"twitter:label2\" content=\"Tempo estimado de leitura\" \/>\n\t<meta name=\"twitter:data2\" content=\"1 minuto\" \/>\n<script type=\"application\/ld+json\" class=\"yoast-schema-graph\">{\"@context\":\"https:\/\/schema.org\",\"@graph\":[{\"@type\":\"Article\",\"@id\":\"https:\/\/portaltela.pt\/noticias\/2026\/03\/25\/autarca-do-chega-em-albufeira-alvo-de-buscas-por-incitamento-ao-odio\/#article\",\"isPartOf\":{\"@id\":\"https:\/\/portaltela.pt\/noticias\/2026\/03\/25\/autarca-do-chega-em-albufeira-alvo-de-buscas-por-incitamento-ao-odio\/\"},\"author\":{\"name\":\"Telinha\",\"@id\":\"https:\/\/portaltela.pt\/#\/schema\/person\/c4278d4a6028830caff9ee44b42d32ed\"},\"headline\":\"Autarca do Chega em Albufeira alvo de buscas por incitamento ao \u00f3dio\",\"datePublished\":\"2026-03-25T14:39:00+00:00\",\"mainEntityOfPage\":{\"@id\":\"https:\/\/portaltela.pt\/noticias\/2026\/03\/25\/autarca-do-chega-em-albufeira-alvo-de-buscas-por-incitamento-ao-odio\/\"},\"wordCount\":266,\"image\":{\"@id\":\"https:\/\/portaltela.pt\/noticias\/2026\/03\/25\/autarca-do-chega-em-albufeira-alvo-de-buscas-por-incitamento-ao-odio\/#primaryimage\"},\"thumbnailUrl\":\"https:\/\/portaltela.pt\/s.01k8rhncp4jt1\/2026\/03\/tpUHdbIMAGENStypeJPGshare1oBarraFacebook_Publico-55.jpg\",\"keywords\":[\"Albufeira\",\"direitos humanos\",\"discrimina\u00e7\u00e3o\",\"incita\u00e7\u00e3o ao \u00f3dio\",\"inqu\u00e9rito criminal\",\"pol\u00edtica\"],\"articleSection\":[\"Justi\u00e7a\",\"Not\u00edcias\"],\"inLanguage\":\"pt-PT\"},{\"@type\":\"WebPage\",\"@id\":\"https:\/\/portaltela.pt\/noticias\/2026\/03\/25\/autarca-do-chega-em-albufeira-alvo-de-buscas-por-incitamento-ao-odio\/\",\"url\":\"https:\/\/portaltela.pt\/noticias\/2026\/03\/25\/autarca-do-chega-em-albufeira-alvo-de-buscas-por-incitamento-ao-odio\/\",\"name\":\"Autarca do Chega em Albufeira alvo de buscas por incitamento ao \u00f3dio - Portal Tela Portugal\",\"isPartOf\":{\"@id\":\"https:\/\/portaltela.pt\/#website\"},\"primaryImageOfPage\":{\"@id\":\"https:\/\/portaltela.pt\/noticias\/2026\/03\/25\/autarca-do-chega-em-albufeira-alvo-de-buscas-por-incitamento-ao-odio\/#primaryimage\"},\"image\":{\"@id\":\"https:\/\/portaltela.pt\/noticias\/2026\/03\/25\/autarca-do-chega-em-albufeira-alvo-de-buscas-por-incitamento-ao-odio\/#primaryimage\"},\"thumbnailUrl\":\"https:\/\/portaltela.pt\/s.01k8rhncp4jt1\/2026\/03\/tpUHdbIMAGENStypeJPGshare1oBarraFacebook_Publico-55.jpg\",\"datePublished\":\"2026-03-25T14:39:00+00:00\",\"author\":{\"@id\":\"https:\/\/portaltela.pt\/#\/schema\/person\/c4278d4a6028830caff9ee44b42d32ed\"},\"breadcrumb\":{\"@id\":\"https:\/\/portaltela.pt\/noticias\/2026\/03\/25\/autarca-do-chega-em-albufeira-alvo-de-buscas-por-incitamento-ao-odio\/#breadcrumb\"},\"inLanguage\":\"pt-PT\",\"potentialAction\":[{\"@type\":\"ReadAction\",\"target\":[\"https:\/\/portaltela.pt\/noticias\/2026\/03\/25\/autarca-do-chega-em-albufeira-alvo-de-buscas-por-incitamento-ao-odio\/\"]}]},{\"@type\":\"ImageObject\",\"inLanguage\":\"pt-PT\",\"@id\":\"https:\/\/portaltela.pt\/noticias\/2026\/03\/25\/autarca-do-chega-em-albufeira-alvo-de-buscas-por-incitamento-ao-odio\/#primaryimage\",\"url\":\"https:\/\/portaltela.pt\/s.01k8rhncp4jt1\/2026\/03\/tpUHdbIMAGENStypeJPGshare1oBarraFacebook_Publico-55.jpg\",\"contentUrl\":\"https:\/\/portaltela.pt\/s.01k8rhncp4jt1\/2026\/03\/tpUHdbIMAGENStypeJPGshare1oBarraFacebook_Publico-55.jpg\",\"width\":1200,\"height\":630,\"caption\":\"Rui Cristina, \u00e0 esquerda, acompanhado pelo l\u00edder do Chega, Andr\u00e9 Ventura, durante a campanha eleitoral para as aut\u00e1rquicas\"},{\"@type\":\"BreadcrumbList\",\"@id\":\"https:\/\/portaltela.pt\/noticias\/2026\/03\/25\/autarca-do-chega-em-albufeira-alvo-de-buscas-por-incitamento-ao-odio\/#breadcrumb\",\"itemListElement\":[{\"@type\":\"ListItem\",\"position\":1,\"name\":\"In\u00edcio\",\"item\":\"https:\/\/portaltela.pt\/\"},{\"@type\":\"ListItem\",\"position\":2,\"name\":\"Autarca do Chega em Albufeira alvo de buscas por incitamento ao \u00f3dio\"}]},{\"@type\":\"WebSite\",\"@id\":\"https:\/\/portaltela.pt\/#website\",\"url\":\"https:\/\/portaltela.pt\/\",\"name\":\"Portal Tela Portugal\",\"description\":\"\",\"potentialAction\":[{\"@type\":\"SearchAction\",\"target\":{\"@type\":\"EntryPoint\",\"urlTemplate\":\"https:\/\/portaltela.pt\/?s={search_term_string}\"},\"query-input\":{\"@type\":\"PropertyValueSpecification\",\"valueRequired\":true,\"valueName\":\"search_term_string\"}}],\"inLanguage\":\"pt-PT\"},{\"@type\":\"Person\",\"@id\":\"https:\/\/portaltela.pt\/#\/schema\/person\/c4278d4a6028830caff9ee44b42d32ed\",\"name\":\"Telinha\",\"image\":{\"@type\":\"ImageObject\",\"inLanguage\":\"pt-PT\",\"@id\":\"https:\/\/portaltela.pt\/s.01k8rhncp4jt1\/2025\/11\/talking-bot-125x125.png\",\"url\":\"https:\/\/portaltela.pt\/s.01k8rhncp4jt1\/2025\/11\/talking-bot-125x125.png\",\"contentUrl\":\"https:\/\/portaltela.pt\/s.01k8rhncp4jt1\/2025\/11\/talking-bot-125x125.png\",\"caption\":\"Telinha\"},\"sameAs\":[\"https:\/\/portaltela.pt\/\"],\"url\":\"https:\/\/portaltela.pt\/por\/367410592786\/\"}]}<\/script>\n<!-- \/ Yoast SEO plugin. -->","yoast_head_json":{"title":"Autarca do Chega em Albufeira alvo de buscas por incitamento ao \u00f3dio - Portal Tela Portugal","robots":{"index":"index","follow":"follow","max-snippet":"max-snippet:-1","max-image-preview":"max-image-preview:large","max-video-preview":"max-video-preview:-1"},"og_locale":"pt_PT","og_type":"article","og_title":"Autarca do Chega em Albufeira alvo de buscas por incitamento ao \u00f3dio - Portal Tela Portugal","og_description":"O Minist\u00e9rio P\u00fablico confirmou buscas no \u00e2mbito de um inqu\u00e9rito no DIAP Regional de \u00c9vora, por suspeitas de discrimina\u00e7\u00e3o racial e incitamento ao \u00f3dio atribu\u00eddas ao presidente da C\u00e2mara de Albufeira, Rui Cristina. As buscas, cuja realiza\u00e7\u00e3o n\u00e3o foi confirmada pela PJ, decorrem na C\u00e2mara de Albufeira e est\u00e3o em segredo de justi\u00e7a. A deputada municipal Helena Palhota (PSD) disse ter apresentado uma queixa ao MP por declara\u00e7\u00f5es de Rui Cristina na Assembleia Municipal. Palhota afirmou que pediu \u00e0 mesa da assembleia a c\u00f3pia da acta e que o tema foi discutido entre v\u00e1rias bancadas, sem retrata\u00e7\u00e3o por parte do autarca. Rui Cristina j\u00e1 ter\u00e1 alegadamente apresentado uma queixa por difama\u00e7\u00e3o agravada contra Palhota, segundo informa\u00e7\u00e3o de que teve conhecimento recentemente.","og_url":"https:\/\/portaltela.pt\/noticias\/2026\/03\/25\/autarca-do-chega-em-albufeira-alvo-de-buscas-por-incitamento-ao-odio\/","og_site_name":"Portal Tela Portugal","article_published_time":"2026-03-25T14:39:00+00:00","author":"Telinha","twitter_card":"summary_large_image","twitter_misc":{"Escrito por":"Telinha","Tempo estimado de leitura":"1 minuto"},"schema":{"@context":"https:\/\/schema.org","@graph":[{"@type":"Article","@id":"https:\/\/portaltela.pt\/noticias\/2026\/03\/25\/autarca-do-chega-em-albufeira-alvo-de-buscas-por-incitamento-ao-odio\/#article","isPartOf":{"@id":"https:\/\/portaltela.pt\/noticias\/2026\/03\/25\/autarca-do-chega-em-albufeira-alvo-de-buscas-por-incitamento-ao-odio\/"},"author":{"name":"Telinha","@id":"https:\/\/portaltela.pt\/#\/schema\/person\/c4278d4a6028830caff9ee44b42d32ed"},"headline":"Autarca do Chega em Albufeira alvo de buscas por incitamento ao \u00f3dio","datePublished":"2026-03-25T14:39:00+00:00","mainEntityOfPage":{"@id":"https:\/\/portaltela.pt\/noticias\/2026\/03\/25\/autarca-do-chega-em-albufeira-alvo-de-buscas-por-incitamento-ao-odio\/"},"wordCount":266,"image":{"@id":"https:\/\/portaltela.pt\/noticias\/2026\/03\/25\/autarca-do-chega-em-albufeira-alvo-de-buscas-por-incitamento-ao-odio\/#primaryimage"},"thumbnailUrl":"https:\/\/portaltela.pt\/s.01k8rhncp4jt1\/2026\/03\/tpUHdbIMAGENStypeJPGshare1oBarraFacebook_Publico-55.jpg","keywords":["Albufeira","direitos humanos","discrimina\u00e7\u00e3o","incita\u00e7\u00e3o ao \u00f3dio","inqu\u00e9rito criminal","pol\u00edtica"],"articleSection":["Justi\u00e7a","Not\u00edcias"],"inLanguage":"pt-PT"},{"@type":"WebPage","@id":"https:\/\/portaltela.pt\/noticias\/2026\/03\/25\/autarca-do-chega-em-albufeira-alvo-de-buscas-por-incitamento-ao-odio\/","url":"https:\/\/portaltela.pt\/noticias\/2026\/03\/25\/autarca-do-chega-em-albufeira-alvo-de-buscas-por-incitamento-ao-odio\/","name":"Autarca do Chega em Albufeira alvo de buscas por incitamento ao \u00f3dio - Portal Tela Portugal","isPartOf":{"@id":"https:\/\/portaltela.pt\/#website"},"primaryImageOfPage":{"@id":"https:\/\/portaltela.pt\/noticias\/2026\/03\/25\/autarca-do-chega-em-albufeira-alvo-de-buscas-por-incitamento-ao-odio\/#primaryimage"},"image":{"@id":"https:\/\/portaltela.pt\/noticias\/2026\/03\/25\/autarca-do-chega-em-albufeira-alvo-de-buscas-por-incitamento-ao-odio\/#primaryimage"},"thumbnailUrl":"https:\/\/portaltela.pt\/s.01k8rhncp4jt1\/2026\/03\/tpUHdbIMAGENStypeJPGshare1oBarraFacebook_Publico-55.jpg","datePublished":"2026-03-25T14:39:00+00:00","author":{"@id":"https:\/\/portaltela.pt\/#\/schema\/person\/c4278d4a6028830caff9ee44b42d32ed"},"breadcrumb":{"@id":"https:\/\/portaltela.pt\/noticias\/2026\/03\/25\/autarca-do-chega-em-albufeira-alvo-de-buscas-por-incitamento-ao-odio\/#breadcrumb"},"inLanguage":"pt-PT","potentialAction":[{"@type":"ReadAction","target":["https:\/\/portaltela.pt\/noticias\/2026\/03\/25\/autarca-do-chega-em-albufeira-alvo-de-buscas-por-incitamento-ao-odio\/"]}]},{"@type":"ImageObject","inLanguage":"pt-PT","@id":"https:\/\/portaltela.pt\/noticias\/2026\/03\/25\/autarca-do-chega-em-albufeira-alvo-de-buscas-por-incitamento-ao-odio\/#primaryimage","url":"https:\/\/portaltela.pt\/s.01k8rhncp4jt1\/2026\/03\/tpUHdbIMAGENStypeJPGshare1oBarraFacebook_Publico-55.jpg","contentUrl":"https:\/\/portaltela.pt\/s.01k8rhncp4jt1\/2026\/03\/tpUHdbIMAGENStypeJPGshare1oBarraFacebook_Publico-55.jpg","width":1200,"height":630,"caption":"Rui Cristina, \u00e0 esquerda, acompanhado pelo l\u00edder do Chega, Andr\u00e9 Ventura, durante a campanha eleitoral para as aut\u00e1rquicas"},{"@type":"BreadcrumbList","@id":"https:\/\/portaltela.pt\/noticias\/2026\/03\/25\/autarca-do-chega-em-albufeira-alvo-de-buscas-por-incitamento-ao-odio\/#breadcrumb","itemListElement":[{"@type":"ListItem","position":1,"name":"In\u00edcio","item":"https:\/\/portaltela.pt\/"},{"@type":"ListItem","position":2,"name":"Autarca do Chega em Albufeira alvo de buscas por incitamento ao \u00f3dio"}]},{"@type":"WebSite","@id":"https:\/\/portaltela.pt\/#website","url":"https:\/\/portaltela.pt\/","name":"Portal Tela Portugal","description":"","potentialAction":[{"@type":"SearchAction","target":{"@type":"EntryPoint","urlTemplate":"https:\/\/portaltela.pt\/?s={search_term_string}"},"query-input":{"@type":"PropertyValueSpecification","valueRequired":true,"valueName":"search_term_string"}}],"inLanguage":"pt-PT"},{"@type":"Person","@id":"https:\/\/portaltela.pt\/#\/schema\/person\/c4278d4a6028830caff9ee44b42d32ed","name":"Telinha","image":{"@type":"ImageObject","inLanguage":"pt-PT","@id":"https:\/\/portaltela.pt\/s.01k8rhncp4jt1\/2025\/11\/talking-bot-125x125.png","url":"https:\/\/portaltela.pt\/s.01k8rhncp4jt1\/2025\/11\/talking-bot-125x125.png","contentUrl":"https:\/\/portaltela.pt\/s.01k8rhncp4jt1\/2025\/11\/talking-bot-125x125.png","caption":"Telinha"},"sameAs":["https:\/\/portaltela.pt\/"],"url":"https:\/\/portaltela.pt\/por\/367410592786\/"}]}},"_links":{"self":[{"href":"https:\/\/portaltela.pt\/api\/wp\/v2\/posts\/420985","targetHints":{"allow":["GET"]}}],"collection":[{"href":"https:\/\/portaltela.pt\/api\/wp\/v2\/posts"}],"about":[{"href":"https:\/\/portaltela.pt\/api\/wp\/v2\/types\/post"}],"author":[{"embeddable":true,"href":"https:\/\/portaltela.pt\/api\/wp\/v2\/users\/2"}],"replies":[{"embeddable":true,"href":"https:\/\/portaltela.pt\/api\/wp\/v2\/comments?post=420985"}],"version-history":[{"count":0,"href":"https:\/\/portaltela.pt\/api\/wp\/v2\/posts\/420985\/revisions"}],"wp:featuredmedia":[{"embeddable":true,"href":"https:\/\/portaltela.pt\/api\/wp\/v2\/media\/420988"}],"wp:attachment":[{"href":"https:\/\/portaltela.pt\/api\/wp\/v2\/media?parent=420985"}],"wp:term":[{"taxonomy":"category","embeddable":true,"href":"https:\/\/portaltela.pt\/api\/wp\/v2\/categories?post=420985"},{"taxonomy":"post_tag","embeddable":true,"href":"https:\/\/portaltela.pt\/api\/wp\/v2\/tags?post=420985"}],"curies":[{"name":"wp","href":"https:\/\/api.w.org\/{rel}","templated":true}]}}