{"id":420977,"date":"2026-03-25T11:34:00","date_gmt":"2026-03-25T14:34:00","guid":{"rendered":"https:\/\/portaltela.pt\/noticias\/2026\/03\/25\/ex-policia-frances-detido-na-guarda-por-rapto-duas-mulheres-ainda-por-localizar\/"},"modified":"2026-03-25T11:34:00","modified_gmt":"2026-03-25T14:34:00","slug":"ex-policia-frances-detido-na-guarda-por-rapto-duas-mulheres-ainda-por-localizar","status":"publish","type":"post","link":"https:\/\/portaltela.pt\/policia\/2026\/03\/25\/ex-policia-frances-detido-na-guarda-por-rapto-duas-mulheres-ainda-por-localizar\/","title":{"rendered":"Ex-pol\u00edcia franc\u00eas detido na Guarda por rapto; duas mulheres ainda por localizar"},"content":{"rendered":"<p>Um ex-pol\u00edcia franc\u00eas, C\u00e9dric Prizzon, de 42 anos, foi detido na noite de ter\u00e7a-feira em M\u00eada, no distrito da Guarda, por suspeitas de envolvimento no desaparecimento de duas mulheres em Fran\u00e7a. As autoridades indicaram que o homem estava procurado no \u00e2mbito de uma investiga\u00e7\u00e3o relacionada com o caso.<\/p>\n<p>Durante a opera\u00e7\u00e3o, as autoridades portuguesas intercetaram Prizzon na companhia das duas crian\u00e7as do casal, que foram localizadas s\u00e3s e salvas. As duas mulheres continuam desaparecidas, e as buscas prosseguem.<\/p>\n<p>O caso teve in\u00edcio a 20 de mar\u00e7o, em Aveyron, no sudoeste de Fran\u00e7a, quando houve o alerta de desaparecimento da ex-companheira do suspeito, do filho dela, de 13 anos, e da atual companheira com a filha do casal, de cerca de um ano.<\/p>\n<h3>Detalhes do caso<\/h3>\n<p>Foi aberto um inqu\u00e9rito por rapto e sequestro, com hip\u00f3teses de fuga para o estrangeiro. A imprensa francesa relata antecedentes de conflitos judiciais pela guarda do filho mais velho, entre 2021 e o momento atual, incluindo a retirada do menor para a Espanha sem autoriza\u00e7\u00e3o.<\/p>\n","protected":false},"excerpt":{"rendered":"<ul>\n<li>Um ex-pol\u00edcia franc\u00eas, C\u00e9dric Prizzon, de 42 anos, foi detido em M\u00eada, distrito da Guarda, por suspeitas de rapto.<\/li>\n<li>Ele estaria envolvido no desaparecimento de duas mulheres em Fran\u00e7a; duas crian\u00e7as do casal foram localizadas s\u00e3s e salvas.<\/li>\n<li>As duas mulheres continuam desaparecidas, mantendo-se as buscas em curso.<\/li>\n<li>O caso, aberto por rapto e sequestro, investiga a poss\u00edvel fuga para o estrangeiro.<\/li>\n<li>O suspeito j\u00e1 tinha antecedentes de conflitos de guarda do filho mais velho, incluindo ter levado o menor para Espanha em 2021.<\/li>\n<\/ul>\n","protected":false},"author":2,"featured_media":420979,"comment_status":"closed","ping_status":"closed","sticky":false,"template":"","format":"standard","meta":{"footnotes":""},"categories":[6907,6781],"tags":[1856,1113,1355,554,1170],"class_list":["post-420977","post","type-post","status-publish","format-standard","has-post-thumbnail","hentry","category-crime","category-policia","tag-franca","tag-guarda","tag-meda","tag-policia-publica","tag-sequestro"],"yoast_head":"<!-- This site is optimized with the Yoast SEO plugin v27.2 - https:\/\/yoast.com\/product\/yoast-seo-wordpress\/ -->\n<title>Ex-pol\u00edcia franc\u00eas detido na Guarda por rapto; duas mulheres ainda por localizar - Portal Tela Portugal<\/title>\n<meta name=\"robots\" content=\"index, follow, max-snippet:-1, max-image-preview:large, max-video-preview:-1\" \/>\n<meta property=\"og:locale\" content=\"pt_PT\" \/>\n<meta property=\"og:type\" content=\"article\" \/>\n<meta property=\"og:title\" content=\"Ex-pol\u00edcia franc\u00eas detido na Guarda por rapto; duas mulheres ainda por localizar - Portal Tela Portugal\" \/>\n<meta property=\"og:description\" content=\"Um ex-pol\u00edcia franc\u00eas, C\u00e9dric Prizzon, de 42 anos, foi detido em M\u00eada, distrito da Guarda, por suspeitas de rapto. Ele estaria envolvido no desaparecimento de duas mulheres em Fran\u00e7a; duas crian\u00e7as do casal foram localizadas s\u00e3s e salvas. As duas mulheres continuam desaparecidas, mantendo-se as buscas em curso. O caso, aberto por rapto e sequestro, investiga a poss\u00edvel fuga para o estrangeiro. O suspeito j\u00e1 tinha antecedentes de conflitos de guarda do filho mais velho, incluindo ter levado o menor para Espanha em 2021.\" \/>\n<meta property=\"og:url\" content=\"https:\/\/portaltela.pt\/noticias\/2026\/03\/25\/ex-policia-frances-detido-na-guarda-por-rapto-duas-mulheres-ainda-por-localizar\/\" \/>\n<meta property=\"og:site_name\" content=\"Portal Tela Portugal\" \/>\n<meta property=\"article:published_time\" content=\"2026-03-25T14:34:00+00:00\" \/>\n<meta name=\"author\" content=\"Telinha\" \/>\n<meta name=\"twitter:card\" content=\"summary_large_image\" \/>\n<meta name=\"twitter:label1\" content=\"Escrito por\" \/>\n\t<meta name=\"twitter:data1\" content=\"Telinha\" \/>\n\t<meta name=\"twitter:label2\" content=\"Tempo estimado de leitura\" \/>\n\t<meta name=\"twitter:data2\" content=\"1 minuto\" \/>\n<script type=\"application\/ld+json\" class=\"yoast-schema-graph\">{\"@context\":\"https:\/\/schema.org\",\"@graph\":[{\"@type\":\"Article\",\"@id\":\"https:\/\/portaltela.pt\/noticias\/2026\/03\/25\/ex-policia-frances-detido-na-guarda-por-rapto-duas-mulheres-ainda-por-localizar\/#article\",\"isPartOf\":{\"@id\":\"https:\/\/portaltela.pt\/noticias\/2026\/03\/25\/ex-policia-frances-detido-na-guarda-por-rapto-duas-mulheres-ainda-por-localizar\/\"},\"author\":{\"name\":\"Telinha\",\"@id\":\"https:\/\/portaltela.pt\/#\/schema\/person\/c4278d4a6028830caff9ee44b42d32ed\"},\"headline\":\"Ex-pol\u00edcia franc\u00eas detido na Guarda por rapto; duas mulheres ainda por localizar\",\"datePublished\":\"2026-03-25T14:34:00+00:00\",\"mainEntityOfPage\":{\"@id\":\"https:\/\/portaltela.pt\/noticias\/2026\/03\/25\/ex-policia-frances-detido-na-guarda-por-rapto-duas-mulheres-ainda-por-localizar\/\"},\"wordCount\":196,\"image\":{\"@id\":\"https:\/\/portaltela.pt\/noticias\/2026\/03\/25\/ex-policia-frances-detido-na-guarda-por-rapto-duas-mulheres-ainda-por-localizar\/#primaryimage\"},\"thumbnailUrl\":\"https:\/\/portaltela.pt\/s.01k8rhncp4jt1\/2026\/03\/image-1507.jpg\",\"keywords\":[\"Fran\u00e7a\",\"Guarda\",\"M\u00eada\",\"pol\u00edcia p\u00fablica\",\"sequestro\"],\"articleSection\":[\"Crime\",\"Pol\u00edcia\"],\"inLanguage\":\"pt-PT\"},{\"@type\":\"WebPage\",\"@id\":\"https:\/\/portaltela.pt\/noticias\/2026\/03\/25\/ex-policia-frances-detido-na-guarda-por-rapto-duas-mulheres-ainda-por-localizar\/\",\"url\":\"https:\/\/portaltela.pt\/noticias\/2026\/03\/25\/ex-policia-frances-detido-na-guarda-por-rapto-duas-mulheres-ainda-por-localizar\/\",\"name\":\"Ex-pol\u00edcia franc\u00eas detido na Guarda por rapto; duas mulheres ainda por localizar - Portal Tela Portugal\",\"isPartOf\":{\"@id\":\"https:\/\/portaltela.pt\/#website\"},\"primaryImageOfPage\":{\"@id\":\"https:\/\/portaltela.pt\/noticias\/2026\/03\/25\/ex-policia-frances-detido-na-guarda-por-rapto-duas-mulheres-ainda-por-localizar\/#primaryimage\"},\"image\":{\"@id\":\"https:\/\/portaltela.pt\/noticias\/2026\/03\/25\/ex-policia-frances-detido-na-guarda-por-rapto-duas-mulheres-ainda-por-localizar\/#primaryimage\"},\"thumbnailUrl\":\"https:\/\/portaltela.pt\/s.01k8rhncp4jt1\/2026\/03\/image-1507.jpg\",\"datePublished\":\"2026-03-25T14:34:00+00:00\",\"author\":{\"@id\":\"https:\/\/portaltela.pt\/#\/schema\/person\/c4278d4a6028830caff9ee44b42d32ed\"},\"breadcrumb\":{\"@id\":\"https:\/\/portaltela.pt\/noticias\/2026\/03\/25\/ex-policia-frances-detido-na-guarda-por-rapto-duas-mulheres-ainda-por-localizar\/#breadcrumb\"},\"inLanguage\":\"pt-PT\",\"potentialAction\":[{\"@type\":\"ReadAction\",\"target\":[\"https:\/\/portaltela.pt\/noticias\/2026\/03\/25\/ex-policia-frances-detido-na-guarda-por-rapto-duas-mulheres-ainda-por-localizar\/\"]}]},{\"@type\":\"ImageObject\",\"inLanguage\":\"pt-PT\",\"@id\":\"https:\/\/portaltela.pt\/noticias\/2026\/03\/25\/ex-policia-frances-detido-na-guarda-por-rapto-duas-mulheres-ainda-por-localizar\/#primaryimage\",\"url\":\"https:\/\/portaltela.pt\/s.01k8rhncp4jt1\/2026\/03\/image-1507.jpg\",\"contentUrl\":\"https:\/\/portaltela.pt\/s.01k8rhncp4jt1\/2026\/03\/image-1507.jpg\",\"width\":796,\"height\":448,\"caption\":\"C\u00e9dric Prizzon, de 42 anos, era procurado h\u00e1 v\u00e1rios dias pelas autoridades\"},{\"@type\":\"BreadcrumbList\",\"@id\":\"https:\/\/portaltela.pt\/noticias\/2026\/03\/25\/ex-policia-frances-detido-na-guarda-por-rapto-duas-mulheres-ainda-por-localizar\/#breadcrumb\",\"itemListElement\":[{\"@type\":\"ListItem\",\"position\":1,\"name\":\"In\u00edcio\",\"item\":\"https:\/\/portaltela.pt\/\"},{\"@type\":\"ListItem\",\"position\":2,\"name\":\"Ex-pol\u00edcia franc\u00eas detido na Guarda por rapto; duas mulheres ainda por localizar\"}]},{\"@type\":\"WebSite\",\"@id\":\"https:\/\/portaltela.pt\/#website\",\"url\":\"https:\/\/portaltela.pt\/\",\"name\":\"Portal Tela Portugal\",\"description\":\"\",\"potentialAction\":[{\"@type\":\"SearchAction\",\"target\":{\"@type\":\"EntryPoint\",\"urlTemplate\":\"https:\/\/portaltela.pt\/?s={search_term_string}\"},\"query-input\":{\"@type\":\"PropertyValueSpecification\",\"valueRequired\":true,\"valueName\":\"search_term_string\"}}],\"inLanguage\":\"pt-PT\"},{\"@type\":\"Person\",\"@id\":\"https:\/\/portaltela.pt\/#\/schema\/person\/c4278d4a6028830caff9ee44b42d32ed\",\"name\":\"Telinha\",\"image\":{\"@type\":\"ImageObject\",\"inLanguage\":\"pt-PT\",\"@id\":\"https:\/\/portaltela.pt\/s.01k8rhncp4jt1\/2025\/11\/talking-bot-125x125.png\",\"url\":\"https:\/\/portaltela.pt\/s.01k8rhncp4jt1\/2025\/11\/talking-bot-125x125.png\",\"contentUrl\":\"https:\/\/portaltela.pt\/s.01k8rhncp4jt1\/2025\/11\/talking-bot-125x125.png\",\"caption\":\"Telinha\"},\"sameAs\":[\"https:\/\/portaltela.pt\/\"],\"url\":\"https:\/\/portaltela.pt\/por\/367410592786\/\"}]}<\/script>\n<!-- \/ Yoast SEO plugin. -->","yoast_head_json":{"title":"Ex-pol\u00edcia franc\u00eas detido na Guarda por rapto; duas mulheres ainda por localizar - Portal Tela Portugal","robots":{"index":"index","follow":"follow","max-snippet":"max-snippet:-1","max-image-preview":"max-image-preview:large","max-video-preview":"max-video-preview:-1"},"og_locale":"pt_PT","og_type":"article","og_title":"Ex-pol\u00edcia franc\u00eas detido na Guarda por rapto; duas mulheres ainda por localizar - Portal Tela Portugal","og_description":"Um ex-pol\u00edcia franc\u00eas, C\u00e9dric Prizzon, de 42 anos, foi detido em M\u00eada, distrito da Guarda, por suspeitas de rapto. Ele estaria envolvido no desaparecimento de duas mulheres em Fran\u00e7a; duas crian\u00e7as do casal foram localizadas s\u00e3s e salvas. As duas mulheres continuam desaparecidas, mantendo-se as buscas em curso. O caso, aberto por rapto e sequestro, investiga a poss\u00edvel fuga para o estrangeiro. O suspeito j\u00e1 tinha antecedentes de conflitos de guarda do filho mais velho, incluindo ter levado o menor para Espanha em 2021.","og_url":"https:\/\/portaltela.pt\/noticias\/2026\/03\/25\/ex-policia-frances-detido-na-guarda-por-rapto-duas-mulheres-ainda-por-localizar\/","og_site_name":"Portal Tela Portugal","article_published_time":"2026-03-25T14:34:00+00:00","author":"Telinha","twitter_card":"summary_large_image","twitter_misc":{"Escrito por":"Telinha","Tempo estimado de leitura":"1 minuto"},"schema":{"@context":"https:\/\/schema.org","@graph":[{"@type":"Article","@id":"https:\/\/portaltela.pt\/noticias\/2026\/03\/25\/ex-policia-frances-detido-na-guarda-por-rapto-duas-mulheres-ainda-por-localizar\/#article","isPartOf":{"@id":"https:\/\/portaltela.pt\/noticias\/2026\/03\/25\/ex-policia-frances-detido-na-guarda-por-rapto-duas-mulheres-ainda-por-localizar\/"},"author":{"name":"Telinha","@id":"https:\/\/portaltela.pt\/#\/schema\/person\/c4278d4a6028830caff9ee44b42d32ed"},"headline":"Ex-pol\u00edcia franc\u00eas detido na Guarda por rapto; duas mulheres ainda por localizar","datePublished":"2026-03-25T14:34:00+00:00","mainEntityOfPage":{"@id":"https:\/\/portaltela.pt\/noticias\/2026\/03\/25\/ex-policia-frances-detido-na-guarda-por-rapto-duas-mulheres-ainda-por-localizar\/"},"wordCount":196,"image":{"@id":"https:\/\/portaltela.pt\/noticias\/2026\/03\/25\/ex-policia-frances-detido-na-guarda-por-rapto-duas-mulheres-ainda-por-localizar\/#primaryimage"},"thumbnailUrl":"https:\/\/portaltela.pt\/s.01k8rhncp4jt1\/2026\/03\/image-1507.jpg","keywords":["Fran\u00e7a","Guarda","M\u00eada","pol\u00edcia p\u00fablica","sequestro"],"articleSection":["Crime","Pol\u00edcia"],"inLanguage":"pt-PT"},{"@type":"WebPage","@id":"https:\/\/portaltela.pt\/noticias\/2026\/03\/25\/ex-policia-frances-detido-na-guarda-por-rapto-duas-mulheres-ainda-por-localizar\/","url":"https:\/\/portaltela.pt\/noticias\/2026\/03\/25\/ex-policia-frances-detido-na-guarda-por-rapto-duas-mulheres-ainda-por-localizar\/","name":"Ex-pol\u00edcia franc\u00eas detido na Guarda por rapto; duas mulheres ainda por localizar - Portal Tela Portugal","isPartOf":{"@id":"https:\/\/portaltela.pt\/#website"},"primaryImageOfPage":{"@id":"https:\/\/portaltela.pt\/noticias\/2026\/03\/25\/ex-policia-frances-detido-na-guarda-por-rapto-duas-mulheres-ainda-por-localizar\/#primaryimage"},"image":{"@id":"https:\/\/portaltela.pt\/noticias\/2026\/03\/25\/ex-policia-frances-detido-na-guarda-por-rapto-duas-mulheres-ainda-por-localizar\/#primaryimage"},"thumbnailUrl":"https:\/\/portaltela.pt\/s.01k8rhncp4jt1\/2026\/03\/image-1507.jpg","datePublished":"2026-03-25T14:34:00+00:00","author":{"@id":"https:\/\/portaltela.pt\/#\/schema\/person\/c4278d4a6028830caff9ee44b42d32ed"},"breadcrumb":{"@id":"https:\/\/portaltela.pt\/noticias\/2026\/03\/25\/ex-policia-frances-detido-na-guarda-por-rapto-duas-mulheres-ainda-por-localizar\/#breadcrumb"},"inLanguage":"pt-PT","potentialAction":[{"@type":"ReadAction","target":["https:\/\/portaltela.pt\/noticias\/2026\/03\/25\/ex-policia-frances-detido-na-guarda-por-rapto-duas-mulheres-ainda-por-localizar\/"]}]},{"@type":"ImageObject","inLanguage":"pt-PT","@id":"https:\/\/portaltela.pt\/noticias\/2026\/03\/25\/ex-policia-frances-detido-na-guarda-por-rapto-duas-mulheres-ainda-por-localizar\/#primaryimage","url":"https:\/\/portaltela.pt\/s.01k8rhncp4jt1\/2026\/03\/image-1507.jpg","contentUrl":"https:\/\/portaltela.pt\/s.01k8rhncp4jt1\/2026\/03\/image-1507.jpg","width":796,"height":448,"caption":"C\u00e9dric Prizzon, de 42 anos, era procurado h\u00e1 v\u00e1rios dias pelas autoridades"},{"@type":"BreadcrumbList","@id":"https:\/\/portaltela.pt\/noticias\/2026\/03\/25\/ex-policia-frances-detido-na-guarda-por-rapto-duas-mulheres-ainda-por-localizar\/#breadcrumb","itemListElement":[{"@type":"ListItem","position":1,"name":"In\u00edcio","item":"https:\/\/portaltela.pt\/"},{"@type":"ListItem","position":2,"name":"Ex-pol\u00edcia franc\u00eas detido na Guarda por rapto; duas mulheres ainda por localizar"}]},{"@type":"WebSite","@id":"https:\/\/portaltela.pt\/#website","url":"https:\/\/portaltela.pt\/","name":"Portal Tela Portugal","description":"","potentialAction":[{"@type":"SearchAction","target":{"@type":"EntryPoint","urlTemplate":"https:\/\/portaltela.pt\/?s={search_term_string}"},"query-input":{"@type":"PropertyValueSpecification","valueRequired":true,"valueName":"search_term_string"}}],"inLanguage":"pt-PT"},{"@type":"Person","@id":"https:\/\/portaltela.pt\/#\/schema\/person\/c4278d4a6028830caff9ee44b42d32ed","name":"Telinha","image":{"@type":"ImageObject","inLanguage":"pt-PT","@id":"https:\/\/portaltela.pt\/s.01k8rhncp4jt1\/2025\/11\/talking-bot-125x125.png","url":"https:\/\/portaltela.pt\/s.01k8rhncp4jt1\/2025\/11\/talking-bot-125x125.png","contentUrl":"https:\/\/portaltela.pt\/s.01k8rhncp4jt1\/2025\/11\/talking-bot-125x125.png","caption":"Telinha"},"sameAs":["https:\/\/portaltela.pt\/"],"url":"https:\/\/portaltela.pt\/por\/367410592786\/"}]}},"_links":{"self":[{"href":"https:\/\/portaltela.pt\/api\/wp\/v2\/posts\/420977","targetHints":{"allow":["GET"]}}],"collection":[{"href":"https:\/\/portaltela.pt\/api\/wp\/v2\/posts"}],"about":[{"href":"https:\/\/portaltela.pt\/api\/wp\/v2\/types\/post"}],"author":[{"embeddable":true,"href":"https:\/\/portaltela.pt\/api\/wp\/v2\/users\/2"}],"replies":[{"embeddable":true,"href":"https:\/\/portaltela.pt\/api\/wp\/v2\/comments?post=420977"}],"version-history":[{"count":0,"href":"https:\/\/portaltela.pt\/api\/wp\/v2\/posts\/420977\/revisions"}],"wp:featuredmedia":[{"embeddable":true,"href":"https:\/\/portaltela.pt\/api\/wp\/v2\/media\/420979"}],"wp:attachment":[{"href":"https:\/\/portaltela.pt\/api\/wp\/v2\/media?parent=420977"}],"wp:term":[{"taxonomy":"category","embeddable":true,"href":"https:\/\/portaltela.pt\/api\/wp\/v2\/categories?post=420977"},{"taxonomy":"post_tag","embeddable":true,"href":"https:\/\/portaltela.pt\/api\/wp\/v2\/tags?post=420977"}],"curies":[{"name":"wp","href":"https:\/\/api.w.org\/{rel}","templated":true}]}}