{"id":420954,"date":"2026-03-25T11:16:00","date_gmt":"2026-03-25T14:16:00","guid":{"rendered":"https:\/\/portaltela.pt\/noticias\/2026\/03\/25\/isaltino-morais-afirma-que-almocos-integram-atividade-administrativa-das-camaras\/"},"modified":"2026-03-25T11:16:00","modified_gmt":"2026-03-25T14:16:00","slug":"isaltino-morais-afirma-que-almocos-integram-atividade-administrativa-das-camaras","status":"publish","type":"post","link":"https:\/\/portaltela.pt\/justica\/2026\/03\/25\/isaltino-morais-afirma-que-almocos-integram-atividade-administrativa-das-camaras\/","title":{"rendered":"Isaltino Morais afirma que almo\u00e7os integram atividade administrativa das c\u00e2maras"},"content":{"rendered":"<p>Isaltino Morais, presidente da C\u00e2mara de Oeiras, afirma que os almo\u00e7os pagos com dinheiro p\u00fablico integram a atividade administrativa normal do munic\u00edpio. A declara\u00e7\u00e3o surge na sequ\u00eancia de uma acusa\u00e7\u00e3o baseada em gastos superiores a 150 mil euros com refei\u00e7\u00f5es entre 2017 e 2024.<\/p>\n<p>O Minist\u00e9rio P\u00fablico acusa Morais e 22 respons\u00e1veis municipais de peculato e abuso de poderes, por mais de 1.400 refei\u00e7\u00f5es financiadas pela autarquia. A acusa\u00e7\u00e3o afirma que os custos foram reembolsados pela c\u00e2mara sem formalidades.<\/p>\n<p>Morais sustenta que os almo\u00e7os mencionados na acusa\u00e7\u00e3o s\u00e3o de trabalho, ocorrendo com frequ\u00eancia, incluindo reuni\u00f5es que se prolongam at\u00e9 \u00e0 tarde e visitas de entidades externas ou autarcas de outros concelhos.<\/p>\n<p>Ele diz que os almo\u00e7os ocorrem em contextos de visitas de diretores, ministros ou representantes de federa\u00e7\u00f5es, em locais como o concelho de Oeiras, e que alguns almo\u00e7os incluem bebidas. Reitera que tudo ocorreu dentro da legalidade.<\/p>\n<p>Na audi\u00e7\u00e3o de ter\u00e7a-feira, a C\u00e2mara de Oeiras j\u00e1 tinha rejeitado as suspeitas do MP, referindo que o munic\u00edpio sempre atuou dentro da legalidade. O MP sustenta que havia pr\u00e1tica informal de reembolso de refei\u00e7\u00f5es.<\/p>\n<p>A acusa\u00e7\u00e3o detalha que algumas faturas ultrapassaram os 900 euros, com itens como marisco, bebidas e, em alguns casos, tabaco, quer em restaurantes de Oeiras, quer em estabelecimentos vizinhos ou na regi\u00e3o de Lisboa.<\/p>\n<p>Segundo o MP, Morais pediu a devolu\u00e7\u00e3o de 70 mil euros ao er\u00e1rio p\u00fablico, com 79 mil euros para os demais arguidos, cobrando tamb\u00e9m repara\u00e7\u00e3o solid\u00e1ria. O processo envolve, al\u00e9m de Morais, v\u00e1rios vereadores e funcion\u00e1rios.<\/p>\n<h3>C\u00e2mara de Oeiras reage<\/h3>\n<p>A C\u00e2mara de Oeiras reiterou que as despesas em causa respeitam a legalidade e ao controlo financeiro do munic\u00edpio, frisando que as faturas s\u00e3o justificadas e sujeitas a confer\u00eancia cont\u00e1bil. A autarquia n\u00e3o comenta detalhes processuais.<\/p>\n","protected":false},"excerpt":{"rendered":"<ul>\n<li>O presidente da C\u00e2mara de Oeiras, Isaltino Morais, e mais 22 arguidos s\u00e3o acusados de gastar mais de 150 mil euros do munic\u00edpio em mais de 1.400 refei\u00e7\u00f5es entre 2017 e 2024.<\/li>\n<li>O Minist\u00e9rio P\u00fablico acusa-os de peculato e abuso de poder, alegando que os custos eram reembolsados \u00e0 autarquia sem formalidades.<\/li>\n<li>Morais afirma que os almo\u00e7os s\u00e3o parte da \u201catividade administrativa normal\u201d e que houve controlo financeiro das faturas, incluindo refei\u00e7\u00f5es com convidados de entidades externas ou de outros concelhos.<\/li>\n<li>A acusa\u00e7\u00e3o n\u00e3o se limita a almo\u00e7os, incluindo refei\u00e7\u00f5es em restaurantes de Oeiras e arredores, com alguns itens acima de 900 euros e, em certos casos, com marisco, bebidas e at\u00e9 tabaco.<\/li>\n<li>O MP pede a condena\u00e7\u00e3o de Isaltino Morais para devolver 70 mil euros ao er\u00e1rio municipal, acrescidos de 79 mil euros em responsabilidade solid\u00e1ria com os restantes arguidos; a C\u00e2mara de Oeiras nega as suspeitas.<\/li>\n<\/ul>\n","protected":false},"author":2,"featured_media":420966,"comment_status":"closed","ping_status":"closed","sticky":false,"template":"","format":"standard","meta":{"footnotes":""},"categories":[7374,6815],"tags":[7502,168,2706,5449,1198,259],"class_list":["post-420954","post","type-post","status-publish","format-standard","has-post-thumbnail","hentry","category-criminalidade","category-justica","tag-abuso-de-poderes","tag-administracao-publica","tag-autarquias","tag-camara-municipal","tag-oeiras","tag-peculato"],"yoast_head":"<!-- This site is optimized with the Yoast SEO plugin v27.2 - https:\/\/yoast.com\/product\/yoast-seo-wordpress\/ -->\n<title>Isaltino Morais afirma que almo\u00e7os integram atividade administrativa das c\u00e2maras - Portal Tela Portugal<\/title>\n<meta name=\"robots\" content=\"index, follow, max-snippet:-1, max-image-preview:large, max-video-preview:-1\" \/>\n<meta property=\"og:locale\" content=\"pt_PT\" \/>\n<meta property=\"og:type\" content=\"article\" \/>\n<meta property=\"og:title\" content=\"Isaltino Morais afirma que almo\u00e7os integram atividade administrativa das c\u00e2maras - Portal Tela Portugal\" \/>\n<meta property=\"og:description\" content=\"O presidente da C\u00e2mara de Oeiras, Isaltino Morais, e mais 22 arguidos s\u00e3o acusados de gastar mais de 150 mil euros do munic\u00edpio em mais de 1.400 refei\u00e7\u00f5es entre 2017 e 2024. O Minist\u00e9rio P\u00fablico acusa-os de peculato e abuso de poder, alegando que os custos eram reembolsados \u00e0 autarquia sem formalidades. Morais afirma que os almo\u00e7os s\u00e3o parte da \u201catividade administrativa normal\u201d e que houve controlo financeiro das faturas, incluindo refei\u00e7\u00f5es com convidados de entidades externas ou de outros concelhos. A acusa\u00e7\u00e3o n\u00e3o se limita a almo\u00e7os, incluindo refei\u00e7\u00f5es em restaurantes de Oeiras e arredores, com alguns itens acima de 900 euros e, em certos casos, com marisco, bebidas e at\u00e9 tabaco. O MP pede a condena\u00e7\u00e3o de Isaltino Morais para devolver 70 mil euros ao er\u00e1rio municipal, acrescidos de 79 mil euros em responsabilidade solid\u00e1ria com os restantes arguidos; a C\u00e2mara de Oeiras nega as suspeitas.\" \/>\n<meta property=\"og:url\" content=\"https:\/\/portaltela.pt\/noticias\/2026\/03\/25\/isaltino-morais-afirma-que-almocos-integram-atividade-administrativa-das-camaras\/\" \/>\n<meta property=\"og:site_name\" content=\"Portal Tela Portugal\" \/>\n<meta property=\"article:published_time\" content=\"2026-03-25T14:16:00+00:00\" \/>\n<meta name=\"author\" content=\"Telinha\" \/>\n<meta name=\"twitter:card\" content=\"summary_large_image\" \/>\n<meta name=\"twitter:label1\" content=\"Escrito por\" \/>\n\t<meta name=\"twitter:data1\" content=\"Telinha\" \/>\n\t<meta name=\"twitter:label2\" content=\"Tempo estimado de leitura\" \/>\n\t<meta name=\"twitter:data2\" content=\"2 minutos\" \/>\n<script type=\"application\/ld+json\" class=\"yoast-schema-graph\">{\"@context\":\"https:\/\/schema.org\",\"@graph\":[{\"@type\":\"Article\",\"@id\":\"https:\/\/portaltela.pt\/noticias\/2026\/03\/25\/isaltino-morais-afirma-que-almocos-integram-atividade-administrativa-das-camaras\/#article\",\"isPartOf\":{\"@id\":\"https:\/\/portaltela.pt\/noticias\/2026\/03\/25\/isaltino-morais-afirma-que-almocos-integram-atividade-administrativa-das-camaras\/\"},\"author\":{\"name\":\"Telinha\",\"@id\":\"https:\/\/portaltela.pt\/#\/schema\/person\/c4278d4a6028830caff9ee44b42d32ed\"},\"headline\":\"Isaltino Morais afirma que almo\u00e7os integram atividade administrativa das c\u00e2maras\",\"datePublished\":\"2026-03-25T14:16:00+00:00\",\"mainEntityOfPage\":{\"@id\":\"https:\/\/portaltela.pt\/noticias\/2026\/03\/25\/isaltino-morais-afirma-que-almocos-integram-atividade-administrativa-das-camaras\/\"},\"wordCount\":342,\"image\":{\"@id\":\"https:\/\/portaltela.pt\/noticias\/2026\/03\/25\/isaltino-morais-afirma-que-almocos-integram-atividade-administrativa-das-camaras\/#primaryimage\"},\"thumbnailUrl\":\"https:\/\/portaltela.pt\/s.01k8rhncp4jt1\/2026\/03\/image-1505.jpg\",\"keywords\":[\"abuso de poderes\",\"administra\u00e7\u00e3o p\u00fablica\",\"autarquias\",\"C\u00e2mara Municipal\",\"Oeiras\",\"peculato\"],\"articleSection\":[\"Criminalidade\",\"Justi\u00e7a\"],\"inLanguage\":\"pt-PT\"},{\"@type\":\"WebPage\",\"@id\":\"https:\/\/portaltela.pt\/noticias\/2026\/03\/25\/isaltino-morais-afirma-que-almocos-integram-atividade-administrativa-das-camaras\/\",\"url\":\"https:\/\/portaltela.pt\/noticias\/2026\/03\/25\/isaltino-morais-afirma-que-almocos-integram-atividade-administrativa-das-camaras\/\",\"name\":\"Isaltino Morais afirma que almo\u00e7os integram atividade administrativa das c\u00e2maras - Portal Tela Portugal\",\"isPartOf\":{\"@id\":\"https:\/\/portaltela.pt\/#website\"},\"primaryImageOfPage\":{\"@id\":\"https:\/\/portaltela.pt\/noticias\/2026\/03\/25\/isaltino-morais-afirma-que-almocos-integram-atividade-administrativa-das-camaras\/#primaryimage\"},\"image\":{\"@id\":\"https:\/\/portaltela.pt\/noticias\/2026\/03\/25\/isaltino-morais-afirma-que-almocos-integram-atividade-administrativa-das-camaras\/#primaryimage\"},\"thumbnailUrl\":\"https:\/\/portaltela.pt\/s.01k8rhncp4jt1\/2026\/03\/image-1505.jpg\",\"datePublished\":\"2026-03-25T14:16:00+00:00\",\"author\":{\"@id\":\"https:\/\/portaltela.pt\/#\/schema\/person\/c4278d4a6028830caff9ee44b42d32ed\"},\"breadcrumb\":{\"@id\":\"https:\/\/portaltela.pt\/noticias\/2026\/03\/25\/isaltino-morais-afirma-que-almocos-integram-atividade-administrativa-das-camaras\/#breadcrumb\"},\"inLanguage\":\"pt-PT\",\"potentialAction\":[{\"@type\":\"ReadAction\",\"target\":[\"https:\/\/portaltela.pt\/noticias\/2026\/03\/25\/isaltino-morais-afirma-que-almocos-integram-atividade-administrativa-das-camaras\/\"]}]},{\"@type\":\"ImageObject\",\"inLanguage\":\"pt-PT\",\"@id\":\"https:\/\/portaltela.pt\/noticias\/2026\/03\/25\/isaltino-morais-afirma-que-almocos-integram-atividade-administrativa-das-camaras\/#primaryimage\",\"url\":\"https:\/\/portaltela.pt\/s.01k8rhncp4jt1\/2026\/03\/image-1505.jpg\",\"contentUrl\":\"https:\/\/portaltela.pt\/s.01k8rhncp4jt1\/2026\/03\/image-1505.jpg\",\"width\":796,\"height\":448,\"caption\":\"Isaltino Morais e mais 22 arguidos foram acusados de gastarem 150 mil euros do munic\u00edpio em refei\u00e7\u00f5es\"},{\"@type\":\"BreadcrumbList\",\"@id\":\"https:\/\/portaltela.pt\/noticias\/2026\/03\/25\/isaltino-morais-afirma-que-almocos-integram-atividade-administrativa-das-camaras\/#breadcrumb\",\"itemListElement\":[{\"@type\":\"ListItem\",\"position\":1,\"name\":\"In\u00edcio\",\"item\":\"https:\/\/portaltela.pt\/\"},{\"@type\":\"ListItem\",\"position\":2,\"name\":\"Isaltino Morais afirma que almo\u00e7os integram atividade administrativa das c\u00e2maras\"}]},{\"@type\":\"WebSite\",\"@id\":\"https:\/\/portaltela.pt\/#website\",\"url\":\"https:\/\/portaltela.pt\/\",\"name\":\"Portal Tela Portugal\",\"description\":\"\",\"potentialAction\":[{\"@type\":\"SearchAction\",\"target\":{\"@type\":\"EntryPoint\",\"urlTemplate\":\"https:\/\/portaltela.pt\/?s={search_term_string}\"},\"query-input\":{\"@type\":\"PropertyValueSpecification\",\"valueRequired\":true,\"valueName\":\"search_term_string\"}}],\"inLanguage\":\"pt-PT\"},{\"@type\":\"Person\",\"@id\":\"https:\/\/portaltela.pt\/#\/schema\/person\/c4278d4a6028830caff9ee44b42d32ed\",\"name\":\"Telinha\",\"image\":{\"@type\":\"ImageObject\",\"inLanguage\":\"pt-PT\",\"@id\":\"https:\/\/portaltela.pt\/s.01k8rhncp4jt1\/2025\/11\/talking-bot-125x125.png\",\"url\":\"https:\/\/portaltela.pt\/s.01k8rhncp4jt1\/2025\/11\/talking-bot-125x125.png\",\"contentUrl\":\"https:\/\/portaltela.pt\/s.01k8rhncp4jt1\/2025\/11\/talking-bot-125x125.png\",\"caption\":\"Telinha\"},\"sameAs\":[\"https:\/\/portaltela.pt\/\"],\"url\":\"https:\/\/portaltela.pt\/por\/367410592786\/\"}]}<\/script>\n<!-- \/ Yoast SEO plugin. -->","yoast_head_json":{"title":"Isaltino Morais afirma que almo\u00e7os integram atividade administrativa das c\u00e2maras - Portal Tela Portugal","robots":{"index":"index","follow":"follow","max-snippet":"max-snippet:-1","max-image-preview":"max-image-preview:large","max-video-preview":"max-video-preview:-1"},"og_locale":"pt_PT","og_type":"article","og_title":"Isaltino Morais afirma que almo\u00e7os integram atividade administrativa das c\u00e2maras - Portal Tela Portugal","og_description":"O presidente da C\u00e2mara de Oeiras, Isaltino Morais, e mais 22 arguidos s\u00e3o acusados de gastar mais de 150 mil euros do munic\u00edpio em mais de 1.400 refei\u00e7\u00f5es entre 2017 e 2024. O Minist\u00e9rio P\u00fablico acusa-os de peculato e abuso de poder, alegando que os custos eram reembolsados \u00e0 autarquia sem formalidades. Morais afirma que os almo\u00e7os s\u00e3o parte da \u201catividade administrativa normal\u201d e que houve controlo financeiro das faturas, incluindo refei\u00e7\u00f5es com convidados de entidades externas ou de outros concelhos. A acusa\u00e7\u00e3o n\u00e3o se limita a almo\u00e7os, incluindo refei\u00e7\u00f5es em restaurantes de Oeiras e arredores, com alguns itens acima de 900 euros e, em certos casos, com marisco, bebidas e at\u00e9 tabaco. O MP pede a condena\u00e7\u00e3o de Isaltino Morais para devolver 70 mil euros ao er\u00e1rio municipal, acrescidos de 79 mil euros em responsabilidade solid\u00e1ria com os restantes arguidos; a C\u00e2mara de Oeiras nega as suspeitas.","og_url":"https:\/\/portaltela.pt\/noticias\/2026\/03\/25\/isaltino-morais-afirma-que-almocos-integram-atividade-administrativa-das-camaras\/","og_site_name":"Portal Tela Portugal","article_published_time":"2026-03-25T14:16:00+00:00","author":"Telinha","twitter_card":"summary_large_image","twitter_misc":{"Escrito por":"Telinha","Tempo estimado de leitura":"2 minutos"},"schema":{"@context":"https:\/\/schema.org","@graph":[{"@type":"Article","@id":"https:\/\/portaltela.pt\/noticias\/2026\/03\/25\/isaltino-morais-afirma-que-almocos-integram-atividade-administrativa-das-camaras\/#article","isPartOf":{"@id":"https:\/\/portaltela.pt\/noticias\/2026\/03\/25\/isaltino-morais-afirma-que-almocos-integram-atividade-administrativa-das-camaras\/"},"author":{"name":"Telinha","@id":"https:\/\/portaltela.pt\/#\/schema\/person\/c4278d4a6028830caff9ee44b42d32ed"},"headline":"Isaltino Morais afirma que almo\u00e7os integram atividade administrativa das c\u00e2maras","datePublished":"2026-03-25T14:16:00+00:00","mainEntityOfPage":{"@id":"https:\/\/portaltela.pt\/noticias\/2026\/03\/25\/isaltino-morais-afirma-que-almocos-integram-atividade-administrativa-das-camaras\/"},"wordCount":342,"image":{"@id":"https:\/\/portaltela.pt\/noticias\/2026\/03\/25\/isaltino-morais-afirma-que-almocos-integram-atividade-administrativa-das-camaras\/#primaryimage"},"thumbnailUrl":"https:\/\/portaltela.pt\/s.01k8rhncp4jt1\/2026\/03\/image-1505.jpg","keywords":["abuso de poderes","administra\u00e7\u00e3o p\u00fablica","autarquias","C\u00e2mara Municipal","Oeiras","peculato"],"articleSection":["Criminalidade","Justi\u00e7a"],"inLanguage":"pt-PT"},{"@type":"WebPage","@id":"https:\/\/portaltela.pt\/noticias\/2026\/03\/25\/isaltino-morais-afirma-que-almocos-integram-atividade-administrativa-das-camaras\/","url":"https:\/\/portaltela.pt\/noticias\/2026\/03\/25\/isaltino-morais-afirma-que-almocos-integram-atividade-administrativa-das-camaras\/","name":"Isaltino Morais afirma que almo\u00e7os integram atividade administrativa das c\u00e2maras - Portal Tela Portugal","isPartOf":{"@id":"https:\/\/portaltela.pt\/#website"},"primaryImageOfPage":{"@id":"https:\/\/portaltela.pt\/noticias\/2026\/03\/25\/isaltino-morais-afirma-que-almocos-integram-atividade-administrativa-das-camaras\/#primaryimage"},"image":{"@id":"https:\/\/portaltela.pt\/noticias\/2026\/03\/25\/isaltino-morais-afirma-que-almocos-integram-atividade-administrativa-das-camaras\/#primaryimage"},"thumbnailUrl":"https:\/\/portaltela.pt\/s.01k8rhncp4jt1\/2026\/03\/image-1505.jpg","datePublished":"2026-03-25T14:16:00+00:00","author":{"@id":"https:\/\/portaltela.pt\/#\/schema\/person\/c4278d4a6028830caff9ee44b42d32ed"},"breadcrumb":{"@id":"https:\/\/portaltela.pt\/noticias\/2026\/03\/25\/isaltino-morais-afirma-que-almocos-integram-atividade-administrativa-das-camaras\/#breadcrumb"},"inLanguage":"pt-PT","potentialAction":[{"@type":"ReadAction","target":["https:\/\/portaltela.pt\/noticias\/2026\/03\/25\/isaltino-morais-afirma-que-almocos-integram-atividade-administrativa-das-camaras\/"]}]},{"@type":"ImageObject","inLanguage":"pt-PT","@id":"https:\/\/portaltela.pt\/noticias\/2026\/03\/25\/isaltino-morais-afirma-que-almocos-integram-atividade-administrativa-das-camaras\/#primaryimage","url":"https:\/\/portaltela.pt\/s.01k8rhncp4jt1\/2026\/03\/image-1505.jpg","contentUrl":"https:\/\/portaltela.pt\/s.01k8rhncp4jt1\/2026\/03\/image-1505.jpg","width":796,"height":448,"caption":"Isaltino Morais e mais 22 arguidos foram acusados de gastarem 150 mil euros do munic\u00edpio em refei\u00e7\u00f5es"},{"@type":"BreadcrumbList","@id":"https:\/\/portaltela.pt\/noticias\/2026\/03\/25\/isaltino-morais-afirma-que-almocos-integram-atividade-administrativa-das-camaras\/#breadcrumb","itemListElement":[{"@type":"ListItem","position":1,"name":"In\u00edcio","item":"https:\/\/portaltela.pt\/"},{"@type":"ListItem","position":2,"name":"Isaltino Morais afirma que almo\u00e7os integram atividade administrativa das c\u00e2maras"}]},{"@type":"WebSite","@id":"https:\/\/portaltela.pt\/#website","url":"https:\/\/portaltela.pt\/","name":"Portal Tela Portugal","description":"","potentialAction":[{"@type":"SearchAction","target":{"@type":"EntryPoint","urlTemplate":"https:\/\/portaltela.pt\/?s={search_term_string}"},"query-input":{"@type":"PropertyValueSpecification","valueRequired":true,"valueName":"search_term_string"}}],"inLanguage":"pt-PT"},{"@type":"Person","@id":"https:\/\/portaltela.pt\/#\/schema\/person\/c4278d4a6028830caff9ee44b42d32ed","name":"Telinha","image":{"@type":"ImageObject","inLanguage":"pt-PT","@id":"https:\/\/portaltela.pt\/s.01k8rhncp4jt1\/2025\/11\/talking-bot-125x125.png","url":"https:\/\/portaltela.pt\/s.01k8rhncp4jt1\/2025\/11\/talking-bot-125x125.png","contentUrl":"https:\/\/portaltela.pt\/s.01k8rhncp4jt1\/2025\/11\/talking-bot-125x125.png","caption":"Telinha"},"sameAs":["https:\/\/portaltela.pt\/"],"url":"https:\/\/portaltela.pt\/por\/367410592786\/"}]}},"_links":{"self":[{"href":"https:\/\/portaltela.pt\/api\/wp\/v2\/posts\/420954","targetHints":{"allow":["GET"]}}],"collection":[{"href":"https:\/\/portaltela.pt\/api\/wp\/v2\/posts"}],"about":[{"href":"https:\/\/portaltela.pt\/api\/wp\/v2\/types\/post"}],"author":[{"embeddable":true,"href":"https:\/\/portaltela.pt\/api\/wp\/v2\/users\/2"}],"replies":[{"embeddable":true,"href":"https:\/\/portaltela.pt\/api\/wp\/v2\/comments?post=420954"}],"version-history":[{"count":0,"href":"https:\/\/portaltela.pt\/api\/wp\/v2\/posts\/420954\/revisions"}],"wp:featuredmedia":[{"embeddable":true,"href":"https:\/\/portaltela.pt\/api\/wp\/v2\/media\/420966"}],"wp:attachment":[{"href":"https:\/\/portaltela.pt\/api\/wp\/v2\/media?parent=420954"}],"wp:term":[{"taxonomy":"category","embeddable":true,"href":"https:\/\/portaltela.pt\/api\/wp\/v2\/categories?post=420954"},{"taxonomy":"post_tag","embeddable":true,"href":"https:\/\/portaltela.pt\/api\/wp\/v2\/tags?post=420954"}],"curies":[{"name":"wp","href":"https:\/\/api.w.org\/{rel}","templated":true}]}}