{"id":420952,"date":"2026-03-25T11:23:26","date_gmt":"2026-03-25T14:23:26","guid":{"rendered":"https:\/\/portaltela.pt\/noticias\/2026\/03\/25\/governo-reduz-gasoleo-para-agricultura-e-pesca-em-010-por-litro\/"},"modified":"2026-03-25T11:23:26","modified_gmt":"2026-03-25T14:23:26","slug":"governo-reduz-gasoleo-para-agricultura-e-pesca-em-010-por-litro","status":"publish","type":"post","link":"https:\/\/portaltela.pt\/noticias\/economia\/2026\/03\/25\/governo-reduz-gasoleo-para-agricultura-e-pesca-em-010-por-litro\/","title":{"rendered":"Governo reduz gas\u00f3leo para agricultura e pesca em 0,10\u20ac por litro"},"content":{"rendered":"<p>O Governo vai aprovar esta semana uma redu\u00e7\u00e3o de 10 c\u00eantimos no gas\u00f3leo agr\u00edcola para produtores florestais e pescadores. A medida surge face ao aumento dos pre\u00e7os dos combust\u00edveis devido \u00e0 guerra entre os EUA, Israel e o Ir\u00e3o.<\/p>\n<p>Quem o anunciou foi o ministro da Agricultura, Jos\u00e9 Manuel Fernandes, durante um evento na Tapada Nacional de Mafra, em Lisboa. O objetivo \u00e9 baixar o pre\u00e7o do gas\u00f3leo agr\u00edcola sempre que o aumento de refer\u00eancia exceder esse montante.<\/p>\n<p>A decis\u00e3o ser\u00e1 discutida na sexta-feira, em Conselho de Ministros, com o Minist\u00e9rio das Finan\u00e7as a apoiar a medida. O ministro admitiu ainda estudar outros apoios, consoante a dura\u00e7\u00e3o do conflito e os preju\u00edzos causados.<\/p>\n<p>Al\u00e9m disso, o Governo est\u00e1 a trabalhar numa f\u00f3rmula de apoio para compensar o aumento dos fertilizantes, ajustada \u00e0 evolu\u00e7\u00e3o da guerra e aos seus impactos no setor.<\/p>\n","protected":false},"excerpt":{"rendered":"<ul>\n<li>O Governo vai aprovar esta semana uma redu\u00e7\u00e3o de 10 c\u00eantimos no gas\u00f3leo agr\u00edcola colorido para produtores florestais e pescadores, face ao aumento dos combust\u00edveis devido \u00e0 crise entre EUA, Israel e Ir\u00e3o.<\/li>\n<li>A medida pretende baixar 10 c\u00eantimos na semana de refer\u00eancia sempre que o aumento seja superior a esse montante.<\/li>\n<li>A decis\u00e3o ser\u00e1 discutida no Conselho de Ministros na sexta-feira, com compromisso j\u00e1 assumido pelo Minist\u00e9rio da Agricultura e pelo Minist\u00e9rio das Finan\u00e7as.<\/li>\n<li>O ministro da Agricultura, Jos\u00e9 Manuel Fernandes, admitiu avaliar outros apoios conforme a dura\u00e7\u00e3o da guerra e os preju\u00edzos gerados.<\/li>\n<li>O Governo est\u00e1 a trabalhar numa f\u00f3rmula de apoio para os fertilizantes, para enfrentar o incremento dos custos de produ\u00e7\u00e3o.<\/li>\n<\/ul>\n","protected":false},"author":2,"featured_media":420963,"comment_status":"closed","ping_status":"closed","sticky":false,"template":"","format":"standard","meta":{"footnotes":""},"categories":[2,6850],"tags":[6115,4914,760,1689,5093,229],"class_list":["post-420952","post","type-post","status-publish","format-standard","has-post-thumbnail","hentry","category-economia","category-financas","tag-_economia","tag-a-agricultura","tag-agroalimentar","tag-gasoleo-colorido","tag-pesca","tag-politica-publica"],"yoast_head":"<!-- This site is optimized with the Yoast SEO plugin v27.2 - https:\/\/yoast.com\/product\/yoast-seo-wordpress\/ -->\n<title>Governo reduz gas\u00f3leo para agricultura e pesca em 0,10\u20ac por litro - Portal Tela Portugal<\/title>\n<meta name=\"robots\" content=\"index, follow, max-snippet:-1, max-image-preview:large, max-video-preview:-1\" \/>\n<meta property=\"og:locale\" content=\"pt_PT\" \/>\n<meta property=\"og:type\" content=\"article\" \/>\n<meta property=\"og:title\" content=\"Governo reduz gas\u00f3leo para agricultura e pesca em 0,10\u20ac por litro - Portal Tela Portugal\" \/>\n<meta property=\"og:description\" content=\"O Governo vai aprovar esta semana uma redu\u00e7\u00e3o de 10 c\u00eantimos no gas\u00f3leo agr\u00edcola colorido para produtores florestais e pescadores, face ao aumento dos combust\u00edveis devido \u00e0 crise entre EUA, Israel e Ir\u00e3o. A medida pretende baixar 10 c\u00eantimos na semana de refer\u00eancia sempre que o aumento seja superior a esse montante. A decis\u00e3o ser\u00e1 discutida no Conselho de Ministros na sexta-feira, com compromisso j\u00e1 assumido pelo Minist\u00e9rio da Agricultura e pelo Minist\u00e9rio das Finan\u00e7as. O ministro da Agricultura, Jos\u00e9 Manuel Fernandes, admitiu avaliar outros apoios conforme a dura\u00e7\u00e3o da guerra e os preju\u00edzos gerados. O Governo est\u00e1 a trabalhar numa f\u00f3rmula de apoio para os fertilizantes, para enfrentar o incremento dos custos de produ\u00e7\u00e3o.\" \/>\n<meta property=\"og:url\" content=\"https:\/\/portaltela.pt\/noticias\/2026\/03\/25\/governo-reduz-gasoleo-para-agricultura-e-pesca-em-010-por-litro\/\" \/>\n<meta property=\"og:site_name\" content=\"Portal Tela Portugal\" \/>\n<meta property=\"article:published_time\" content=\"2026-03-25T14:23:26+00:00\" \/>\n<meta name=\"author\" content=\"Telinha\" \/>\n<meta name=\"twitter:card\" content=\"summary_large_image\" \/>\n<meta name=\"twitter:label1\" content=\"Escrito por\" \/>\n\t<meta name=\"twitter:data1\" content=\"Telinha\" \/>\n\t<meta name=\"twitter:label2\" content=\"Tempo estimado de leitura\" \/>\n\t<meta name=\"twitter:data2\" content=\"1 minuto\" \/>\n<script type=\"application\/ld+json\" class=\"yoast-schema-graph\">{\"@context\":\"https:\/\/schema.org\",\"@graph\":[{\"@type\":\"Article\",\"@id\":\"https:\/\/portaltela.pt\/noticias\/2026\/03\/25\/governo-reduz-gasoleo-para-agricultura-e-pesca-em-010-por-litro\/#article\",\"isPartOf\":{\"@id\":\"https:\/\/portaltela.pt\/noticias\/2026\/03\/25\/governo-reduz-gasoleo-para-agricultura-e-pesca-em-010-por-litro\/\"},\"author\":{\"name\":\"Telinha\",\"@id\":\"https:\/\/portaltela.pt\/#\/schema\/person\/c4278d4a6028830caff9ee44b42d32ed\"},\"headline\":\"Governo reduz gas\u00f3leo para agricultura e pesca em 0,10\u20ac por litro\",\"datePublished\":\"2026-03-25T14:23:26+00:00\",\"mainEntityOfPage\":{\"@id\":\"https:\/\/portaltela.pt\/noticias\/2026\/03\/25\/governo-reduz-gasoleo-para-agricultura-e-pesca-em-010-por-litro\/\"},\"wordCount\":167,\"image\":{\"@id\":\"https:\/\/portaltela.pt\/noticias\/2026\/03\/25\/governo-reduz-gasoleo-para-agricultura-e-pesca-em-010-por-litro\/#primaryimage\"},\"thumbnailUrl\":\"https:\/\/portaltela.pt\/s.01k8rhncp4jt1\/2026\/03\/img_1500x1000uu2017-08-27-12-45-00-662223.jpg\",\"keywords\":[\"_economia\",\"A agricultura\",\"agroalimentar\",\"gas\u00f3leo colorido\",\"pesca\",\"pol\u00edtica p\u00fablica\"],\"articleSection\":[\"Economia\",\"Finan\u00e7as\"],\"inLanguage\":\"pt-PT\"},{\"@type\":\"WebPage\",\"@id\":\"https:\/\/portaltela.pt\/noticias\/2026\/03\/25\/governo-reduz-gasoleo-para-agricultura-e-pesca-em-010-por-litro\/\",\"url\":\"https:\/\/portaltela.pt\/noticias\/2026\/03\/25\/governo-reduz-gasoleo-para-agricultura-e-pesca-em-010-por-litro\/\",\"name\":\"Governo reduz gas\u00f3leo para agricultura e pesca em 0,10\u20ac por litro - Portal Tela Portugal\",\"isPartOf\":{\"@id\":\"https:\/\/portaltela.pt\/#website\"},\"primaryImageOfPage\":{\"@id\":\"https:\/\/portaltela.pt\/noticias\/2026\/03\/25\/governo-reduz-gasoleo-para-agricultura-e-pesca-em-010-por-litro\/#primaryimage\"},\"image\":{\"@id\":\"https:\/\/portaltela.pt\/noticias\/2026\/03\/25\/governo-reduz-gasoleo-para-agricultura-e-pesca-em-010-por-litro\/#primaryimage\"},\"thumbnailUrl\":\"https:\/\/portaltela.pt\/s.01k8rhncp4jt1\/2026\/03\/img_1500x1000uu2017-08-27-12-45-00-662223.jpg\",\"datePublished\":\"2026-03-25T14:23:26+00:00\",\"author\":{\"@id\":\"https:\/\/portaltela.pt\/#\/schema\/person\/c4278d4a6028830caff9ee44b42d32ed\"},\"breadcrumb\":{\"@id\":\"https:\/\/portaltela.pt\/noticias\/2026\/03\/25\/governo-reduz-gasoleo-para-agricultura-e-pesca-em-010-por-litro\/#breadcrumb\"},\"inLanguage\":\"pt-PT\",\"potentialAction\":[{\"@type\":\"ReadAction\",\"target\":[\"https:\/\/portaltela.pt\/noticias\/2026\/03\/25\/governo-reduz-gasoleo-para-agricultura-e-pesca-em-010-por-litro\/\"]}]},{\"@type\":\"ImageObject\",\"inLanguage\":\"pt-PT\",\"@id\":\"https:\/\/portaltela.pt\/noticias\/2026\/03\/25\/governo-reduz-gasoleo-para-agricultura-e-pesca-em-010-por-litro\/#primaryimage\",\"url\":\"https:\/\/portaltela.pt\/s.01k8rhncp4jt1\/2026\/03\/img_1500x1000uu2017-08-27-12-45-00-662223.jpg\",\"contentUrl\":\"https:\/\/portaltela.pt\/s.01k8rhncp4jt1\/2026\/03\/img_1500x1000uu2017-08-27-12-45-00-662223.jpg\",\"width\":1500,\"height\":1000,\"caption\":\"Governo reduz em 10 c\u00eantimos gas\u00f3leo para agricultura e pesca\"},{\"@type\":\"BreadcrumbList\",\"@id\":\"https:\/\/portaltela.pt\/noticias\/2026\/03\/25\/governo-reduz-gasoleo-para-agricultura-e-pesca-em-010-por-litro\/#breadcrumb\",\"itemListElement\":[{\"@type\":\"ListItem\",\"position\":1,\"name\":\"In\u00edcio\",\"item\":\"https:\/\/portaltela.pt\/\"},{\"@type\":\"ListItem\",\"position\":2,\"name\":\"Governo reduz gas\u00f3leo para agricultura e pesca em 0,10\u20ac por litro\"}]},{\"@type\":\"WebSite\",\"@id\":\"https:\/\/portaltela.pt\/#website\",\"url\":\"https:\/\/portaltela.pt\/\",\"name\":\"Portal Tela Portugal\",\"description\":\"\",\"potentialAction\":[{\"@type\":\"SearchAction\",\"target\":{\"@type\":\"EntryPoint\",\"urlTemplate\":\"https:\/\/portaltela.pt\/?s={search_term_string}\"},\"query-input\":{\"@type\":\"PropertyValueSpecification\",\"valueRequired\":true,\"valueName\":\"search_term_string\"}}],\"inLanguage\":\"pt-PT\"},{\"@type\":\"Person\",\"@id\":\"https:\/\/portaltela.pt\/#\/schema\/person\/c4278d4a6028830caff9ee44b42d32ed\",\"name\":\"Telinha\",\"image\":{\"@type\":\"ImageObject\",\"inLanguage\":\"pt-PT\",\"@id\":\"https:\/\/portaltela.pt\/s.01k8rhncp4jt1\/2025\/11\/talking-bot-125x125.png\",\"url\":\"https:\/\/portaltela.pt\/s.01k8rhncp4jt1\/2025\/11\/talking-bot-125x125.png\",\"contentUrl\":\"https:\/\/portaltela.pt\/s.01k8rhncp4jt1\/2025\/11\/talking-bot-125x125.png\",\"caption\":\"Telinha\"},\"sameAs\":[\"https:\/\/portaltela.pt\/\"],\"url\":\"https:\/\/portaltela.pt\/por\/367410592786\/\"}]}<\/script>\n<!-- \/ Yoast SEO plugin. -->","yoast_head_json":{"title":"Governo reduz gas\u00f3leo para agricultura e pesca em 0,10\u20ac por litro - Portal Tela Portugal","robots":{"index":"index","follow":"follow","max-snippet":"max-snippet:-1","max-image-preview":"max-image-preview:large","max-video-preview":"max-video-preview:-1"},"og_locale":"pt_PT","og_type":"article","og_title":"Governo reduz gas\u00f3leo para agricultura e pesca em 0,10\u20ac por litro - Portal Tela Portugal","og_description":"O Governo vai aprovar esta semana uma redu\u00e7\u00e3o de 10 c\u00eantimos no gas\u00f3leo agr\u00edcola colorido para produtores florestais e pescadores, face ao aumento dos combust\u00edveis devido \u00e0 crise entre EUA, Israel e Ir\u00e3o. A medida pretende baixar 10 c\u00eantimos na semana de refer\u00eancia sempre que o aumento seja superior a esse montante. A decis\u00e3o ser\u00e1 discutida no Conselho de Ministros na sexta-feira, com compromisso j\u00e1 assumido pelo Minist\u00e9rio da Agricultura e pelo Minist\u00e9rio das Finan\u00e7as. O ministro da Agricultura, Jos\u00e9 Manuel Fernandes, admitiu avaliar outros apoios conforme a dura\u00e7\u00e3o da guerra e os preju\u00edzos gerados. O Governo est\u00e1 a trabalhar numa f\u00f3rmula de apoio para os fertilizantes, para enfrentar o incremento dos custos de produ\u00e7\u00e3o.","og_url":"https:\/\/portaltela.pt\/noticias\/2026\/03\/25\/governo-reduz-gasoleo-para-agricultura-e-pesca-em-010-por-litro\/","og_site_name":"Portal Tela Portugal","article_published_time":"2026-03-25T14:23:26+00:00","author":"Telinha","twitter_card":"summary_large_image","twitter_misc":{"Escrito por":"Telinha","Tempo estimado de leitura":"1 minuto"},"schema":{"@context":"https:\/\/schema.org","@graph":[{"@type":"Article","@id":"https:\/\/portaltela.pt\/noticias\/2026\/03\/25\/governo-reduz-gasoleo-para-agricultura-e-pesca-em-010-por-litro\/#article","isPartOf":{"@id":"https:\/\/portaltela.pt\/noticias\/2026\/03\/25\/governo-reduz-gasoleo-para-agricultura-e-pesca-em-010-por-litro\/"},"author":{"name":"Telinha","@id":"https:\/\/portaltela.pt\/#\/schema\/person\/c4278d4a6028830caff9ee44b42d32ed"},"headline":"Governo reduz gas\u00f3leo para agricultura e pesca em 0,10\u20ac por litro","datePublished":"2026-03-25T14:23:26+00:00","mainEntityOfPage":{"@id":"https:\/\/portaltela.pt\/noticias\/2026\/03\/25\/governo-reduz-gasoleo-para-agricultura-e-pesca-em-010-por-litro\/"},"wordCount":167,"image":{"@id":"https:\/\/portaltela.pt\/noticias\/2026\/03\/25\/governo-reduz-gasoleo-para-agricultura-e-pesca-em-010-por-litro\/#primaryimage"},"thumbnailUrl":"https:\/\/portaltela.pt\/s.01k8rhncp4jt1\/2026\/03\/img_1500x1000uu2017-08-27-12-45-00-662223.jpg","keywords":["_economia","A agricultura","agroalimentar","gas\u00f3leo colorido","pesca","pol\u00edtica p\u00fablica"],"articleSection":["Economia","Finan\u00e7as"],"inLanguage":"pt-PT"},{"@type":"WebPage","@id":"https:\/\/portaltela.pt\/noticias\/2026\/03\/25\/governo-reduz-gasoleo-para-agricultura-e-pesca-em-010-por-litro\/","url":"https:\/\/portaltela.pt\/noticias\/2026\/03\/25\/governo-reduz-gasoleo-para-agricultura-e-pesca-em-010-por-litro\/","name":"Governo reduz gas\u00f3leo para agricultura e pesca em 0,10\u20ac por litro - Portal Tela Portugal","isPartOf":{"@id":"https:\/\/portaltela.pt\/#website"},"primaryImageOfPage":{"@id":"https:\/\/portaltela.pt\/noticias\/2026\/03\/25\/governo-reduz-gasoleo-para-agricultura-e-pesca-em-010-por-litro\/#primaryimage"},"image":{"@id":"https:\/\/portaltela.pt\/noticias\/2026\/03\/25\/governo-reduz-gasoleo-para-agricultura-e-pesca-em-010-por-litro\/#primaryimage"},"thumbnailUrl":"https:\/\/portaltela.pt\/s.01k8rhncp4jt1\/2026\/03\/img_1500x1000uu2017-08-27-12-45-00-662223.jpg","datePublished":"2026-03-25T14:23:26+00:00","author":{"@id":"https:\/\/portaltela.pt\/#\/schema\/person\/c4278d4a6028830caff9ee44b42d32ed"},"breadcrumb":{"@id":"https:\/\/portaltela.pt\/noticias\/2026\/03\/25\/governo-reduz-gasoleo-para-agricultura-e-pesca-em-010-por-litro\/#breadcrumb"},"inLanguage":"pt-PT","potentialAction":[{"@type":"ReadAction","target":["https:\/\/portaltela.pt\/noticias\/2026\/03\/25\/governo-reduz-gasoleo-para-agricultura-e-pesca-em-010-por-litro\/"]}]},{"@type":"ImageObject","inLanguage":"pt-PT","@id":"https:\/\/portaltela.pt\/noticias\/2026\/03\/25\/governo-reduz-gasoleo-para-agricultura-e-pesca-em-010-por-litro\/#primaryimage","url":"https:\/\/portaltela.pt\/s.01k8rhncp4jt1\/2026\/03\/img_1500x1000uu2017-08-27-12-45-00-662223.jpg","contentUrl":"https:\/\/portaltela.pt\/s.01k8rhncp4jt1\/2026\/03\/img_1500x1000uu2017-08-27-12-45-00-662223.jpg","width":1500,"height":1000,"caption":"Governo reduz em 10 c\u00eantimos gas\u00f3leo para agricultura e pesca"},{"@type":"BreadcrumbList","@id":"https:\/\/portaltela.pt\/noticias\/2026\/03\/25\/governo-reduz-gasoleo-para-agricultura-e-pesca-em-010-por-litro\/#breadcrumb","itemListElement":[{"@type":"ListItem","position":1,"name":"In\u00edcio","item":"https:\/\/portaltela.pt\/"},{"@type":"ListItem","position":2,"name":"Governo reduz gas\u00f3leo para agricultura e pesca em 0,10\u20ac por litro"}]},{"@type":"WebSite","@id":"https:\/\/portaltela.pt\/#website","url":"https:\/\/portaltela.pt\/","name":"Portal Tela Portugal","description":"","potentialAction":[{"@type":"SearchAction","target":{"@type":"EntryPoint","urlTemplate":"https:\/\/portaltela.pt\/?s={search_term_string}"},"query-input":{"@type":"PropertyValueSpecification","valueRequired":true,"valueName":"search_term_string"}}],"inLanguage":"pt-PT"},{"@type":"Person","@id":"https:\/\/portaltela.pt\/#\/schema\/person\/c4278d4a6028830caff9ee44b42d32ed","name":"Telinha","image":{"@type":"ImageObject","inLanguage":"pt-PT","@id":"https:\/\/portaltela.pt\/s.01k8rhncp4jt1\/2025\/11\/talking-bot-125x125.png","url":"https:\/\/portaltela.pt\/s.01k8rhncp4jt1\/2025\/11\/talking-bot-125x125.png","contentUrl":"https:\/\/portaltela.pt\/s.01k8rhncp4jt1\/2025\/11\/talking-bot-125x125.png","caption":"Telinha"},"sameAs":["https:\/\/portaltela.pt\/"],"url":"https:\/\/portaltela.pt\/por\/367410592786\/"}]}},"_links":{"self":[{"href":"https:\/\/portaltela.pt\/api\/wp\/v2\/posts\/420952","targetHints":{"allow":["GET"]}}],"collection":[{"href":"https:\/\/portaltela.pt\/api\/wp\/v2\/posts"}],"about":[{"href":"https:\/\/portaltela.pt\/api\/wp\/v2\/types\/post"}],"author":[{"embeddable":true,"href":"https:\/\/portaltela.pt\/api\/wp\/v2\/users\/2"}],"replies":[{"embeddable":true,"href":"https:\/\/portaltela.pt\/api\/wp\/v2\/comments?post=420952"}],"version-history":[{"count":0,"href":"https:\/\/portaltela.pt\/api\/wp\/v2\/posts\/420952\/revisions"}],"wp:featuredmedia":[{"embeddable":true,"href":"https:\/\/portaltela.pt\/api\/wp\/v2\/media\/420963"}],"wp:attachment":[{"href":"https:\/\/portaltela.pt\/api\/wp\/v2\/media?parent=420952"}],"wp:term":[{"taxonomy":"category","embeddable":true,"href":"https:\/\/portaltela.pt\/api\/wp\/v2\/categories?post=420952"},{"taxonomy":"post_tag","embeddable":true,"href":"https:\/\/portaltela.pt\/api\/wp\/v2\/tags?post=420952"}],"curies":[{"name":"wp","href":"https:\/\/api.w.org\/{rel}","templated":true}]}}