{"id":420945,"date":"2026-03-25T11:07:00","date_gmt":"2026-03-25T14:07:00","guid":{"rendered":"https:\/\/portaltela.pt\/noticias\/2026\/03\/25\/teresa-morais-leva-incidentes-com-chega-no-plenario-a-conferencia-de-lideres\/"},"modified":"2026-03-25T11:07:00","modified_gmt":"2026-03-25T14:07:00","slug":"teresa-morais-leva-incidentes-com-chega-no-plenario-a-conferencia-de-lideres","status":"publish","type":"post","link":"https:\/\/portaltela.pt\/noticias\/politica\/2026\/03\/25\/teresa-morais-leva-incidentes-com-chega-no-plenario-a-conferencia-de-lideres\/","title":{"rendered":"Teresa Morais leva incidentes com Chega no plen\u00e1rio \u00e0 confer\u00eancia de l\u00edderes"},"content":{"rendered":"<p>A vice-presidente da Assembleia da Rep\u00fablica, Teresa Morais, mostrou-se durante a confer\u00eancia de l\u00edderes desta quarta-feira preocupada com os incidentes envolvendo a bancada do Chega, enquanto presidia aos trabalhos. Contou com a solidariedade da maior parte dos grupos parlamentares.<\/p>\n<p>A informa\u00e7\u00e3o foi transmitida aos jornalistas no final da reuni\u00e3o pelo porta-voz da confer\u00eancia de l\u00edderes, Francisco Figueira. Morais refor\u00e7ou que partilhou o seu sentimento relativamente aos acontecimentos p\u00fablicos, com o apoio da maioria dos grupos.<\/p>\n<p>Questionada sobre eventual decis\u00e3o tomada pela confer\u00eancia de l\u00edderes, a resposta foi negativa: nenhum ponto foi colocado para decis\u00e3o.<\/p>\n<p>A vice-presidente explicou que abordou a quest\u00e3o com base nos dois dias em que presidiu aos trabalhos e que houve pron\u00fancias favor\u00e1veis da maioria dos grupos. Um grupo n\u00e3o se pronunciou.<\/p>\n<p>No in\u00edcio do m\u00eas, durante o debate quinzenal com o Primeiro-Ministro, o l\u00edder do Chega acusou Morais de tratamento desigual, argumento que Morais rejeitou com apoio de PSD e PS.<\/p>\n<p>No dia seguinte, a bancada do Chega abandonou o hemiciclo antes do final do debate sobre racismo, ap\u00f3s nova alterca\u00e7\u00e3o com Morais, que conduzia os trabalhos.<\/p>\n","protected":false},"excerpt":{"rendered":"<ul>\n<li>A vice-presidente da Assembleia da Rep\u00fablica, Teresa Morais, abordou os incidentes com a bancada do Chega na confer\u00eancia de l\u00edderes desta quarta-feira.<\/li>\n<li>Morais presidia os trabalhos quando ocorreram os desentendimentos, recebendo solidariedade da maior parte dos grupos parlamentares.<\/li>\n<li>O porta-voz da confer\u00eancia de l\u00edderes, Francisco Figueira, confirmou que os grupos reconheceram a solidariedade prestada e que a s\u00famula poder\u00e1 refletir o assunto.<\/li>\n<li>Questionado sobre decis\u00f5es, o deputado disse que n\u00e3o foi tomada nenhuma posi\u00e7\u00e3o pela confer\u00eancia de l\u00edderes a prop\u00f3sito do tema.<\/li>\n<li>O Chega j\u00e1 tinha acusado Teresa Morais de tratamento desigual no debate com o Primeiro-Ministro, e na manh\u00e3 seguinte a bancada abandonou o hemiciclo, ap\u00f3s nova alterca\u00e7\u00e3o com a vice-presidente.<\/li>\n<\/ul>\n","protected":false},"author":2,"featured_media":420946,"comment_status":"closed","ping_status":"closed","sticky":false,"template":"","format":"standard","meta":{"footnotes":""},"categories":[1,5],"tags":[3796,2142,1732,2832,2144,3695],"class_list":["post-420945","post","type-post","status-publish","format-standard","has-post-thumbnail","hentry","category-noticias","category-politica","tag-assembleias","tag-chega","tag-partidos","tag-politica","tag-ps","tag-psd"],"yoast_head":"<!-- This site is optimized with the Yoast SEO plugin v27.2 - https:\/\/yoast.com\/product\/yoast-seo-wordpress\/ -->\n<title>Teresa Morais leva incidentes com Chega no plen\u00e1rio \u00e0 confer\u00eancia de l\u00edderes - Portal Tela Portugal<\/title>\n<meta name=\"robots\" content=\"index, follow, max-snippet:-1, max-image-preview:large, max-video-preview:-1\" \/>\n<meta property=\"og:locale\" content=\"pt_PT\" \/>\n<meta property=\"og:type\" content=\"article\" \/>\n<meta property=\"og:title\" content=\"Teresa Morais leva incidentes com Chega no plen\u00e1rio \u00e0 confer\u00eancia de l\u00edderes - Portal Tela Portugal\" \/>\n<meta property=\"og:description\" content=\"A vice-presidente da Assembleia da Rep\u00fablica, Teresa Morais, abordou os incidentes com a bancada do Chega na confer\u00eancia de l\u00edderes desta quarta-feira. Morais presidia os trabalhos quando ocorreram os desentendimentos, recebendo solidariedade da maior parte dos grupos parlamentares. O porta-voz da confer\u00eancia de l\u00edderes, Francisco Figueira, confirmou que os grupos reconheceram a solidariedade prestada e que a s\u00famula poder\u00e1 refletir o assunto. Questionado sobre decis\u00f5es, o deputado disse que n\u00e3o foi tomada nenhuma posi\u00e7\u00e3o pela confer\u00eancia de l\u00edderes a prop\u00f3sito do tema. O Chega j\u00e1 tinha acusado Teresa Morais de tratamento desigual no debate com o Primeiro-Ministro, e na manh\u00e3 seguinte a bancada abandonou o hemiciclo, ap\u00f3s nova alterca\u00e7\u00e3o com a vice-presidente.\" \/>\n<meta property=\"og:url\" content=\"https:\/\/portaltela.pt\/noticias\/2026\/03\/25\/teresa-morais-leva-incidentes-com-chega-no-plenario-a-conferencia-de-lideres\/\" \/>\n<meta property=\"og:site_name\" content=\"Portal Tela Portugal\" \/>\n<meta property=\"article:published_time\" content=\"2026-03-25T14:07:00+00:00\" \/>\n<meta name=\"author\" content=\"Telinha\" \/>\n<meta name=\"twitter:card\" content=\"summary_large_image\" \/>\n<meta name=\"twitter:label1\" content=\"Escrito por\" \/>\n\t<meta name=\"twitter:data1\" content=\"Telinha\" \/>\n\t<meta name=\"twitter:label2\" content=\"Tempo estimado de leitura\" \/>\n\t<meta name=\"twitter:data2\" content=\"1 minuto\" \/>\n<script type=\"application\/ld+json\" class=\"yoast-schema-graph\">{\"@context\":\"https:\/\/schema.org\",\"@graph\":[{\"@type\":\"Article\",\"@id\":\"https:\/\/portaltela.pt\/noticias\/2026\/03\/25\/teresa-morais-leva-incidentes-com-chega-no-plenario-a-conferencia-de-lideres\/#article\",\"isPartOf\":{\"@id\":\"https:\/\/portaltela.pt\/noticias\/2026\/03\/25\/teresa-morais-leva-incidentes-com-chega-no-plenario-a-conferencia-de-lideres\/\"},\"author\":{\"name\":\"Telinha\",\"@id\":\"https:\/\/portaltela.pt\/#\/schema\/person\/c4278d4a6028830caff9ee44b42d32ed\"},\"headline\":\"Teresa Morais leva incidentes com Chega no plen\u00e1rio \u00e0 confer\u00eancia de l\u00edderes\",\"datePublished\":\"2026-03-25T14:07:00+00:00\",\"mainEntityOfPage\":{\"@id\":\"https:\/\/portaltela.pt\/noticias\/2026\/03\/25\/teresa-morais-leva-incidentes-com-chega-no-plenario-a-conferencia-de-lideres\/\"},\"wordCount\":217,\"image\":{\"@id\":\"https:\/\/portaltela.pt\/noticias\/2026\/03\/25\/teresa-morais-leva-incidentes-com-chega-no-plenario-a-conferencia-de-lideres\/#primaryimage\"},\"thumbnailUrl\":\"https:\/\/portaltela.pt\/s.01k8rhncp4jt1\/2026\/03\/image-110.webp\",\"keywords\":[\"assembleias\",\"CHEGA\",\"partidos\",\"pol\u00edtica\",\"PS\",\"PSD\"],\"articleSection\":[\"Not\u00edcias\",\"Pol\u00edtica\"],\"inLanguage\":\"pt-PT\"},{\"@type\":\"WebPage\",\"@id\":\"https:\/\/portaltela.pt\/noticias\/2026\/03\/25\/teresa-morais-leva-incidentes-com-chega-no-plenario-a-conferencia-de-lideres\/\",\"url\":\"https:\/\/portaltela.pt\/noticias\/2026\/03\/25\/teresa-morais-leva-incidentes-com-chega-no-plenario-a-conferencia-de-lideres\/\",\"name\":\"Teresa Morais leva incidentes com Chega no plen\u00e1rio \u00e0 confer\u00eancia de l\u00edderes - Portal Tela Portugal\",\"isPartOf\":{\"@id\":\"https:\/\/portaltela.pt\/#website\"},\"primaryImageOfPage\":{\"@id\":\"https:\/\/portaltela.pt\/noticias\/2026\/03\/25\/teresa-morais-leva-incidentes-com-chega-no-plenario-a-conferencia-de-lideres\/#primaryimage\"},\"image\":{\"@id\":\"https:\/\/portaltela.pt\/noticias\/2026\/03\/25\/teresa-morais-leva-incidentes-com-chega-no-plenario-a-conferencia-de-lideres\/#primaryimage\"},\"thumbnailUrl\":\"https:\/\/portaltela.pt\/s.01k8rhncp4jt1\/2026\/03\/image-110.webp\",\"datePublished\":\"2026-03-25T14:07:00+00:00\",\"author\":{\"@id\":\"https:\/\/portaltela.pt\/#\/schema\/person\/c4278d4a6028830caff9ee44b42d32ed\"},\"breadcrumb\":{\"@id\":\"https:\/\/portaltela.pt\/noticias\/2026\/03\/25\/teresa-morais-leva-incidentes-com-chega-no-plenario-a-conferencia-de-lideres\/#breadcrumb\"},\"inLanguage\":\"pt-PT\",\"potentialAction\":[{\"@type\":\"ReadAction\",\"target\":[\"https:\/\/portaltela.pt\/noticias\/2026\/03\/25\/teresa-morais-leva-incidentes-com-chega-no-plenario-a-conferencia-de-lideres\/\"]}]},{\"@type\":\"ImageObject\",\"inLanguage\":\"pt-PT\",\"@id\":\"https:\/\/portaltela.pt\/noticias\/2026\/03\/25\/teresa-morais-leva-incidentes-com-chega-no-plenario-a-conferencia-de-lideres\/#primaryimage\",\"url\":\"https:\/\/portaltela.pt\/s.01k8rhncp4jt1\/2026\/03\/image-110.webp\",\"contentUrl\":\"https:\/\/portaltela.pt\/s.01k8rhncp4jt1\/2026\/03\/image-110.webp\",\"width\":1200,\"height\":800,\"caption\":\"A vice-presidente da Assembleia da Rep\u00fablica, Teresa Morais\"},{\"@type\":\"BreadcrumbList\",\"@id\":\"https:\/\/portaltela.pt\/noticias\/2026\/03\/25\/teresa-morais-leva-incidentes-com-chega-no-plenario-a-conferencia-de-lideres\/#breadcrumb\",\"itemListElement\":[{\"@type\":\"ListItem\",\"position\":1,\"name\":\"In\u00edcio\",\"item\":\"https:\/\/portaltela.pt\/\"},{\"@type\":\"ListItem\",\"position\":2,\"name\":\"Teresa Morais leva incidentes com Chega no plen\u00e1rio \u00e0 confer\u00eancia de l\u00edderes\"}]},{\"@type\":\"WebSite\",\"@id\":\"https:\/\/portaltela.pt\/#website\",\"url\":\"https:\/\/portaltela.pt\/\",\"name\":\"Portal Tela Portugal\",\"description\":\"\",\"potentialAction\":[{\"@type\":\"SearchAction\",\"target\":{\"@type\":\"EntryPoint\",\"urlTemplate\":\"https:\/\/portaltela.pt\/?s={search_term_string}\"},\"query-input\":{\"@type\":\"PropertyValueSpecification\",\"valueRequired\":true,\"valueName\":\"search_term_string\"}}],\"inLanguage\":\"pt-PT\"},{\"@type\":\"Person\",\"@id\":\"https:\/\/portaltela.pt\/#\/schema\/person\/c4278d4a6028830caff9ee44b42d32ed\",\"name\":\"Telinha\",\"image\":{\"@type\":\"ImageObject\",\"inLanguage\":\"pt-PT\",\"@id\":\"https:\/\/portaltela.pt\/s.01k8rhncp4jt1\/2025\/11\/talking-bot-125x125.png\",\"url\":\"https:\/\/portaltela.pt\/s.01k8rhncp4jt1\/2025\/11\/talking-bot-125x125.png\",\"contentUrl\":\"https:\/\/portaltela.pt\/s.01k8rhncp4jt1\/2025\/11\/talking-bot-125x125.png\",\"caption\":\"Telinha\"},\"sameAs\":[\"https:\/\/portaltela.pt\/\"],\"url\":\"https:\/\/portaltela.pt\/por\/367410592786\/\"}]}<\/script>\n<!-- \/ Yoast SEO plugin. -->","yoast_head_json":{"title":"Teresa Morais leva incidentes com Chega no plen\u00e1rio \u00e0 confer\u00eancia de l\u00edderes - Portal Tela Portugal","robots":{"index":"index","follow":"follow","max-snippet":"max-snippet:-1","max-image-preview":"max-image-preview:large","max-video-preview":"max-video-preview:-1"},"og_locale":"pt_PT","og_type":"article","og_title":"Teresa Morais leva incidentes com Chega no plen\u00e1rio \u00e0 confer\u00eancia de l\u00edderes - Portal Tela Portugal","og_description":"A vice-presidente da Assembleia da Rep\u00fablica, Teresa Morais, abordou os incidentes com a bancada do Chega na confer\u00eancia de l\u00edderes desta quarta-feira. Morais presidia os trabalhos quando ocorreram os desentendimentos, recebendo solidariedade da maior parte dos grupos parlamentares. O porta-voz da confer\u00eancia de l\u00edderes, Francisco Figueira, confirmou que os grupos reconheceram a solidariedade prestada e que a s\u00famula poder\u00e1 refletir o assunto. Questionado sobre decis\u00f5es, o deputado disse que n\u00e3o foi tomada nenhuma posi\u00e7\u00e3o pela confer\u00eancia de l\u00edderes a prop\u00f3sito do tema. O Chega j\u00e1 tinha acusado Teresa Morais de tratamento desigual no debate com o Primeiro-Ministro, e na manh\u00e3 seguinte a bancada abandonou o hemiciclo, ap\u00f3s nova alterca\u00e7\u00e3o com a vice-presidente.","og_url":"https:\/\/portaltela.pt\/noticias\/2026\/03\/25\/teresa-morais-leva-incidentes-com-chega-no-plenario-a-conferencia-de-lideres\/","og_site_name":"Portal Tela Portugal","article_published_time":"2026-03-25T14:07:00+00:00","author":"Telinha","twitter_card":"summary_large_image","twitter_misc":{"Escrito por":"Telinha","Tempo estimado de leitura":"1 minuto"},"schema":{"@context":"https:\/\/schema.org","@graph":[{"@type":"Article","@id":"https:\/\/portaltela.pt\/noticias\/2026\/03\/25\/teresa-morais-leva-incidentes-com-chega-no-plenario-a-conferencia-de-lideres\/#article","isPartOf":{"@id":"https:\/\/portaltela.pt\/noticias\/2026\/03\/25\/teresa-morais-leva-incidentes-com-chega-no-plenario-a-conferencia-de-lideres\/"},"author":{"name":"Telinha","@id":"https:\/\/portaltela.pt\/#\/schema\/person\/c4278d4a6028830caff9ee44b42d32ed"},"headline":"Teresa Morais leva incidentes com Chega no plen\u00e1rio \u00e0 confer\u00eancia de l\u00edderes","datePublished":"2026-03-25T14:07:00+00:00","mainEntityOfPage":{"@id":"https:\/\/portaltela.pt\/noticias\/2026\/03\/25\/teresa-morais-leva-incidentes-com-chega-no-plenario-a-conferencia-de-lideres\/"},"wordCount":217,"image":{"@id":"https:\/\/portaltela.pt\/noticias\/2026\/03\/25\/teresa-morais-leva-incidentes-com-chega-no-plenario-a-conferencia-de-lideres\/#primaryimage"},"thumbnailUrl":"https:\/\/portaltela.pt\/s.01k8rhncp4jt1\/2026\/03\/image-110.webp","keywords":["assembleias","CHEGA","partidos","pol\u00edtica","PS","PSD"],"articleSection":["Not\u00edcias","Pol\u00edtica"],"inLanguage":"pt-PT"},{"@type":"WebPage","@id":"https:\/\/portaltela.pt\/noticias\/2026\/03\/25\/teresa-morais-leva-incidentes-com-chega-no-plenario-a-conferencia-de-lideres\/","url":"https:\/\/portaltela.pt\/noticias\/2026\/03\/25\/teresa-morais-leva-incidentes-com-chega-no-plenario-a-conferencia-de-lideres\/","name":"Teresa Morais leva incidentes com Chega no plen\u00e1rio \u00e0 confer\u00eancia de l\u00edderes - Portal Tela Portugal","isPartOf":{"@id":"https:\/\/portaltela.pt\/#website"},"primaryImageOfPage":{"@id":"https:\/\/portaltela.pt\/noticias\/2026\/03\/25\/teresa-morais-leva-incidentes-com-chega-no-plenario-a-conferencia-de-lideres\/#primaryimage"},"image":{"@id":"https:\/\/portaltela.pt\/noticias\/2026\/03\/25\/teresa-morais-leva-incidentes-com-chega-no-plenario-a-conferencia-de-lideres\/#primaryimage"},"thumbnailUrl":"https:\/\/portaltela.pt\/s.01k8rhncp4jt1\/2026\/03\/image-110.webp","datePublished":"2026-03-25T14:07:00+00:00","author":{"@id":"https:\/\/portaltela.pt\/#\/schema\/person\/c4278d4a6028830caff9ee44b42d32ed"},"breadcrumb":{"@id":"https:\/\/portaltela.pt\/noticias\/2026\/03\/25\/teresa-morais-leva-incidentes-com-chega-no-plenario-a-conferencia-de-lideres\/#breadcrumb"},"inLanguage":"pt-PT","potentialAction":[{"@type":"ReadAction","target":["https:\/\/portaltela.pt\/noticias\/2026\/03\/25\/teresa-morais-leva-incidentes-com-chega-no-plenario-a-conferencia-de-lideres\/"]}]},{"@type":"ImageObject","inLanguage":"pt-PT","@id":"https:\/\/portaltela.pt\/noticias\/2026\/03\/25\/teresa-morais-leva-incidentes-com-chega-no-plenario-a-conferencia-de-lideres\/#primaryimage","url":"https:\/\/portaltela.pt\/s.01k8rhncp4jt1\/2026\/03\/image-110.webp","contentUrl":"https:\/\/portaltela.pt\/s.01k8rhncp4jt1\/2026\/03\/image-110.webp","width":1200,"height":800,"caption":"A vice-presidente da Assembleia da Rep\u00fablica, Teresa Morais"},{"@type":"BreadcrumbList","@id":"https:\/\/portaltela.pt\/noticias\/2026\/03\/25\/teresa-morais-leva-incidentes-com-chega-no-plenario-a-conferencia-de-lideres\/#breadcrumb","itemListElement":[{"@type":"ListItem","position":1,"name":"In\u00edcio","item":"https:\/\/portaltela.pt\/"},{"@type":"ListItem","position":2,"name":"Teresa Morais leva incidentes com Chega no plen\u00e1rio \u00e0 confer\u00eancia de l\u00edderes"}]},{"@type":"WebSite","@id":"https:\/\/portaltela.pt\/#website","url":"https:\/\/portaltela.pt\/","name":"Portal Tela Portugal","description":"","potentialAction":[{"@type":"SearchAction","target":{"@type":"EntryPoint","urlTemplate":"https:\/\/portaltela.pt\/?s={search_term_string}"},"query-input":{"@type":"PropertyValueSpecification","valueRequired":true,"valueName":"search_term_string"}}],"inLanguage":"pt-PT"},{"@type":"Person","@id":"https:\/\/portaltela.pt\/#\/schema\/person\/c4278d4a6028830caff9ee44b42d32ed","name":"Telinha","image":{"@type":"ImageObject","inLanguage":"pt-PT","@id":"https:\/\/portaltela.pt\/s.01k8rhncp4jt1\/2025\/11\/talking-bot-125x125.png","url":"https:\/\/portaltela.pt\/s.01k8rhncp4jt1\/2025\/11\/talking-bot-125x125.png","contentUrl":"https:\/\/portaltela.pt\/s.01k8rhncp4jt1\/2025\/11\/talking-bot-125x125.png","caption":"Telinha"},"sameAs":["https:\/\/portaltela.pt\/"],"url":"https:\/\/portaltela.pt\/por\/367410592786\/"}]}},"_links":{"self":[{"href":"https:\/\/portaltela.pt\/api\/wp\/v2\/posts\/420945","targetHints":{"allow":["GET"]}}],"collection":[{"href":"https:\/\/portaltela.pt\/api\/wp\/v2\/posts"}],"about":[{"href":"https:\/\/portaltela.pt\/api\/wp\/v2\/types\/post"}],"author":[{"embeddable":true,"href":"https:\/\/portaltela.pt\/api\/wp\/v2\/users\/2"}],"replies":[{"embeddable":true,"href":"https:\/\/portaltela.pt\/api\/wp\/v2\/comments?post=420945"}],"version-history":[{"count":0,"href":"https:\/\/portaltela.pt\/api\/wp\/v2\/posts\/420945\/revisions"}],"wp:featuredmedia":[{"embeddable":true,"href":"https:\/\/portaltela.pt\/api\/wp\/v2\/media\/420946"}],"wp:attachment":[{"href":"https:\/\/portaltela.pt\/api\/wp\/v2\/media?parent=420945"}],"wp:term":[{"taxonomy":"category","embeddable":true,"href":"https:\/\/portaltela.pt\/api\/wp\/v2\/categories?post=420945"},{"taxonomy":"post_tag","embeddable":true,"href":"https:\/\/portaltela.pt\/api\/wp\/v2\/tags?post=420945"}],"curies":[{"name":"wp","href":"https:\/\/api.w.org\/{rel}","templated":true}]}}