{"id":420942,"date":"2026-03-25T11:04:00","date_gmt":"2026-03-25T14:04:00","guid":{"rendered":"https:\/\/portaltela.pt\/noticias\/2026\/03\/25\/cinco-momentos-de-nostalgia-no-regresso-de-miley-cyrus-a-hannah-montana\/"},"modified":"2026-03-25T11:04:00","modified_gmt":"2026-03-25T14:04:00","slug":"cinco-momentos-de-nostalgia-no-regresso-de-miley-cyrus-a-hannah-montana","status":"publish","type":"post","link":"https:\/\/portaltela.pt\/series-e-filmes\/2026\/03\/25\/cinco-momentos-de-nostalgia-no-regresso-de-miley-cyrus-a-hannah-montana\/","title":{"rendered":"Cinco momentos de nostalgia no regresso de Miley Cyrus a Hannah Montana"},"content":{"rendered":"<p>O document\u00e1rio comemorativo dos 20 anos de Hannah Montana estreou na Disney+. Miley Cyrus revisita a personagem com imagens de arquivo e revela momentos familiares, incluindo a reconcilia\u00e7\u00e3o com o pai Billy Ray Cyrus. O epis\u00f3dio foi lan\u00e7ado nesta semana na Disney+.<\/p>\n<p>A produ\u00e7\u00e3o mostra uma reuni\u00e3o de fam\u00edlia com a presen\u00e7a de Trish Cyrus, Billy Ray Cyrus e Noah Cyrus, longe de completar o elenco original. Miley explica que as filmagens costumavam exigir a participa\u00e7\u00e3o de Noah para cenas com menina pequena.<\/p>\n<p>Billy Ray Cyrus, sentado no cen\u00e1rio original da s\u00e9rie, recorda a audi\u00e7\u00e3o e o impacto do projeto na sua vida. A entrevista enfatiza a rela\u00e7\u00e3o entre pai e filha e a import\u00e2ncia de estarem bem para a fam\u00edlia Cyrus.<\/p>\n<h3>Um neg\u00f3cio da fam\u00edlia<\/h3>\n<p>O especial n\u00e3o traz grande parte do elenco de apoio, como Emily Osment e Jason Earles. A maior parte das imagens foca na conviv\u00eancia entre Miley, Billy Ray e Noah, sugerindo uma reuni\u00e3o familiar para celebrar a d\u00e9cada passada.<\/p>\n<p>A conversa entre Miley e Billy Ray aborda o in\u00edcio da parceria na s\u00e9rie e o reconhecimento do sucesso. O pai recorda a vastid\u00e3o da popularidade da produ\u00e7\u00e3o e o quanto valorizou a experi\u00eancia.<\/p>\n<p>Miley admite a import\u00e2ncia da rela\u00e7\u00e3o com o pai e agradece a presen\u00e7a dele no projeto. A artista afirma que a proximidade entre Cyrus influencia positivamente quem a rodeia.<\/p>\n<h3>Romances com outras estrelas da Disney<\/h3>\n<p>A entrevista \u00e9 conduzida por Alex Cooper, do podcast Call Your Daddy, e explora interesses da \u00e9poca. Miley revela que tinha uma queda por Zac Efron, mas confirma um romance com Dylan Sprouse, hoje casado com Barbara Palvin.<\/p>\n<p>Dylan Sprouse, hoje casado, \u00e9 lembrado pela protagonista como parte de uma era de rela\u00e7\u00f5es entre jovens da Disney. Miley comenta ainda que o pai do ator os levava a encontros, quando eram mais novos.<\/p>\n<h3>Selena Gomez (ou Mikayla)<\/h3>\n<p>A rival Mikayla, interpretada por Selena Gomez, regressa no especial. Miley e Selena discutem a possibilidade de paz entre as personagens, destacando a nostalgia da \u00e9poca. A entrevista n\u00e3o aborda rumores de rivalidade entre as int\u00e9rpretes.<\/p>\n<p>Selena Gomez participou no filme Hannah Montana, que revelou Miley como a pessoa por tr\u00e1s da estrela pop. A produ\u00e7\u00e3o n\u00e3o comenta temas de competi\u00e7\u00f5es entre as artistas.<\/p>\n<h3>\u00caxitos antigos e uma nova can\u00e7\u00e3o<\/h3>\n<p>Miley reinterpretou can\u00e7\u00f5es de Hannah Montana, como The Best of Both Worlds e This Is the Life, mantendo o visual da personagem. O epis\u00f3dio tamb\u00e9m apresenta uma nova faixa, Younger You, ainda sem data de lan\u00e7amento.<\/p>\n<p>A m\u00fasica Younger You \u00e9 apresentada pela artista em tom emocional, com letra sobre a lembran\u00e7a do passado e o reencontro com o eu jovem. A cr\u00edtica aponta que a balada pode emocionar os f\u00e3s.<\/p>\n<h3>Uma digress\u00e3o Hannah Montana?<\/h3>\n<p>A espera por uma digress\u00e3o \u00e9 grande entre os f\u00e3s, mas a confirma\u00e7\u00e3o n\u00e3o chegou na estreia. Miley posou na passadeira com visual da Hannah Montana, sem apresenta\u00e7\u00f5es ao vivo no lan\u00e7amento.<\/p>\n<p>A protagonista refor\u00e7a que a Hannah abriu portas, mas que o que mais a define \u00e9 quem \u00e9 hoje. Miley declara que aprecia o percurso musical e pessoal que percorreu desde ent\u00e3o.<\/p>\n","protected":false},"excerpt":{"rendered":"<ul>\n<li>A Disney+ estreou um document\u00e1rio de 20 anos da personagem Hannah Montana, com Miley Cyrus, focado na nostalgia e em revela\u00e7\u00f5es da artista.<\/li>\n<li>O especial re\u00fane apenas parte do elenco original, com a participa\u00e7\u00e3o da m\u00e3e Trish Cyrus, do pai Billy Ray Cyrus e da irm\u00e3 Noah, destacando a reconcilia\u00e7\u00e3o entre Miley e Billy Ray.<\/li>\n<li>Selena Gomez aparece como Mikayla, rival de Hannah Montana, e Miley comenta a possibilidade de fazer as pazes entre as duas.<\/li>\n<li>O programa recupera \u00eaxitos da s\u00e9rie, como The best of both worlds, This is the life e The Climb, al\u00e9m de apresentar uma nova can\u00e7\u00e3o, Younger You.<\/li>\n<li>N\u00e3o houve confirma\u00e7\u00e3o de uma digress\u00e3o Hannah Montana; Miley posou na estreia com look inspirado na personagem e dedicou mensagem aos f\u00e3s.<\/li>\n<\/ul>\n","protected":false},"author":2,"featured_media":420943,"comment_status":"closed","ping_status":"closed","sticky":false,"template":"","format":"standard","meta":{"footnotes":""},"categories":[12,7368],"tags":[3259,7501,64,122,6655,7500],"class_list":["post-420942","post","type-post","status-publish","format-standard","has-post-thumbnail","hentry","category-entretenimento","category-series-e-filmes","tag-celebidades","tag-dylan-sprouse","tag-familia","tag-musica","tag-romances","tag-selena-gomez"],"yoast_head":"<!-- This site is optimized with the Yoast SEO plugin v27.2 - https:\/\/yoast.com\/product\/yoast-seo-wordpress\/ -->\n<title>Cinco momentos de nostalgia no regresso de Miley Cyrus a Hannah Montana - Portal Tela Portugal<\/title>\n<meta name=\"robots\" content=\"index, follow, max-snippet:-1, max-image-preview:large, max-video-preview:-1\" \/>\n<meta property=\"og:locale\" content=\"pt_PT\" \/>\n<meta property=\"og:type\" content=\"article\" \/>\n<meta property=\"og:title\" content=\"Cinco momentos de nostalgia no regresso de Miley Cyrus a Hannah Montana - Portal Tela Portugal\" \/>\n<meta property=\"og:description\" content=\"A Disney+ estreou um document\u00e1rio de 20 anos da personagem Hannah Montana, com Miley Cyrus, focado na nostalgia e em revela\u00e7\u00f5es da artista. O especial re\u00fane apenas parte do elenco original, com a participa\u00e7\u00e3o da m\u00e3e Trish Cyrus, do pai Billy Ray Cyrus e da irm\u00e3 Noah, destacando a reconcilia\u00e7\u00e3o entre Miley e Billy Ray. Selena Gomez aparece como Mikayla, rival de Hannah Montana, e Miley comenta a possibilidade de fazer as pazes entre as duas. O programa recupera \u00eaxitos da s\u00e9rie, como The best of both worlds, This is the life e The Climb, al\u00e9m de apresentar uma nova can\u00e7\u00e3o, Younger You. N\u00e3o houve confirma\u00e7\u00e3o de uma digress\u00e3o Hannah Montana; Miley posou na estreia com look inspirado na personagem e dedicou mensagem aos f\u00e3s.\" \/>\n<meta property=\"og:url\" content=\"https:\/\/portaltela.pt\/noticias\/2026\/03\/25\/cinco-momentos-de-nostalgia-no-regresso-de-miley-cyrus-a-hannah-montana\/\" \/>\n<meta property=\"og:site_name\" content=\"Portal Tela Portugal\" \/>\n<meta property=\"article:published_time\" content=\"2026-03-25T14:04:00+00:00\" \/>\n<meta name=\"author\" content=\"Telinha\" \/>\n<meta name=\"twitter:card\" content=\"summary_large_image\" \/>\n<meta name=\"twitter:label1\" content=\"Escrito por\" \/>\n\t<meta name=\"twitter:data1\" content=\"Telinha\" \/>\n\t<meta name=\"twitter:label2\" content=\"Tempo estimado de leitura\" \/>\n\t<meta name=\"twitter:data2\" content=\"3 minutos\" \/>\n<script type=\"application\/ld+json\" class=\"yoast-schema-graph\">{\"@context\":\"https:\/\/schema.org\",\"@graph\":[{\"@type\":\"Article\",\"@id\":\"https:\/\/portaltela.pt\/noticias\/2026\/03\/25\/cinco-momentos-de-nostalgia-no-regresso-de-miley-cyrus-a-hannah-montana\/#article\",\"isPartOf\":{\"@id\":\"https:\/\/portaltela.pt\/noticias\/2026\/03\/25\/cinco-momentos-de-nostalgia-no-regresso-de-miley-cyrus-a-hannah-montana\/\"},\"author\":{\"name\":\"Telinha\",\"@id\":\"https:\/\/portaltela.pt\/#\/schema\/person\/c4278d4a6028830caff9ee44b42d32ed\"},\"headline\":\"Cinco momentos de nostalgia no regresso de Miley Cyrus a Hannah Montana\",\"datePublished\":\"2026-03-25T14:04:00+00:00\",\"mainEntityOfPage\":{\"@id\":\"https:\/\/portaltela.pt\/noticias\/2026\/03\/25\/cinco-momentos-de-nostalgia-no-regresso-de-miley-cyrus-a-hannah-montana\/\"},\"wordCount\":579,\"image\":{\"@id\":\"https:\/\/portaltela.pt\/noticias\/2026\/03\/25\/cinco-momentos-de-nostalgia-no-regresso-de-miley-cyrus-a-hannah-montana\/#primaryimage\"},\"thumbnailUrl\":\"https:\/\/portaltela.pt\/s.01k8rhncp4jt1\/2026\/03\/tpUHdbIMAGENStypeJPGshare1oBarraFacebook_Impar-5.jpg\",\"keywords\":[\"celebidades\",\"Dylan Sprouse\",\"fam\u00edlia\",\"m\u00fasica\",\"romances\",\"Selena Gomez\"],\"articleSection\":[\"Entretenimento\",\"S\u00e9ries e filmes\"],\"inLanguage\":\"pt-PT\"},{\"@type\":\"WebPage\",\"@id\":\"https:\/\/portaltela.pt\/noticias\/2026\/03\/25\/cinco-momentos-de-nostalgia-no-regresso-de-miley-cyrus-a-hannah-montana\/\",\"url\":\"https:\/\/portaltela.pt\/noticias\/2026\/03\/25\/cinco-momentos-de-nostalgia-no-regresso-de-miley-cyrus-a-hannah-montana\/\",\"name\":\"Cinco momentos de nostalgia no regresso de Miley Cyrus a Hannah Montana - Portal Tela Portugal\",\"isPartOf\":{\"@id\":\"https:\/\/portaltela.pt\/#website\"},\"primaryImageOfPage\":{\"@id\":\"https:\/\/portaltela.pt\/noticias\/2026\/03\/25\/cinco-momentos-de-nostalgia-no-regresso-de-miley-cyrus-a-hannah-montana\/#primaryimage\"},\"image\":{\"@id\":\"https:\/\/portaltela.pt\/noticias\/2026\/03\/25\/cinco-momentos-de-nostalgia-no-regresso-de-miley-cyrus-a-hannah-montana\/#primaryimage\"},\"thumbnailUrl\":\"https:\/\/portaltela.pt\/s.01k8rhncp4jt1\/2026\/03\/tpUHdbIMAGENStypeJPGshare1oBarraFacebook_Impar-5.jpg\",\"datePublished\":\"2026-03-25T14:04:00+00:00\",\"author\":{\"@id\":\"https:\/\/portaltela.pt\/#\/schema\/person\/c4278d4a6028830caff9ee44b42d32ed\"},\"breadcrumb\":{\"@id\":\"https:\/\/portaltela.pt\/noticias\/2026\/03\/25\/cinco-momentos-de-nostalgia-no-regresso-de-miley-cyrus-a-hannah-montana\/#breadcrumb\"},\"inLanguage\":\"pt-PT\",\"potentialAction\":[{\"@type\":\"ReadAction\",\"target\":[\"https:\/\/portaltela.pt\/noticias\/2026\/03\/25\/cinco-momentos-de-nostalgia-no-regresso-de-miley-cyrus-a-hannah-montana\/\"]}]},{\"@type\":\"ImageObject\",\"inLanguage\":\"pt-PT\",\"@id\":\"https:\/\/portaltela.pt\/noticias\/2026\/03\/25\/cinco-momentos-de-nostalgia-no-regresso-de-miley-cyrus-a-hannah-montana\/#primaryimage\",\"url\":\"https:\/\/portaltela.pt\/s.01k8rhncp4jt1\/2026\/03\/tpUHdbIMAGENStypeJPGshare1oBarraFacebook_Impar-5.jpg\",\"contentUrl\":\"https:\/\/portaltela.pt\/s.01k8rhncp4jt1\/2026\/03\/tpUHdbIMAGENStypeJPGshare1oBarraFacebook_Impar-5.jpg\",\"width\":1200,\"height\":630,\"caption\":\"Miley Cyrus regressou aos cen\u00e1rios de Hannah Montana para o epis\u00f3dio especial\"},{\"@type\":\"BreadcrumbList\",\"@id\":\"https:\/\/portaltela.pt\/noticias\/2026\/03\/25\/cinco-momentos-de-nostalgia-no-regresso-de-miley-cyrus-a-hannah-montana\/#breadcrumb\",\"itemListElement\":[{\"@type\":\"ListItem\",\"position\":1,\"name\":\"In\u00edcio\",\"item\":\"https:\/\/portaltela.pt\/\"},{\"@type\":\"ListItem\",\"position\":2,\"name\":\"Cinco momentos de nostalgia no regresso de Miley Cyrus a Hannah Montana\"}]},{\"@type\":\"WebSite\",\"@id\":\"https:\/\/portaltela.pt\/#website\",\"url\":\"https:\/\/portaltela.pt\/\",\"name\":\"Portal Tela Portugal\",\"description\":\"\",\"potentialAction\":[{\"@type\":\"SearchAction\",\"target\":{\"@type\":\"EntryPoint\",\"urlTemplate\":\"https:\/\/portaltela.pt\/?s={search_term_string}\"},\"query-input\":{\"@type\":\"PropertyValueSpecification\",\"valueRequired\":true,\"valueName\":\"search_term_string\"}}],\"inLanguage\":\"pt-PT\"},{\"@type\":\"Person\",\"@id\":\"https:\/\/portaltela.pt\/#\/schema\/person\/c4278d4a6028830caff9ee44b42d32ed\",\"name\":\"Telinha\",\"image\":{\"@type\":\"ImageObject\",\"inLanguage\":\"pt-PT\",\"@id\":\"https:\/\/portaltela.pt\/s.01k8rhncp4jt1\/2025\/11\/talking-bot-125x125.png\",\"url\":\"https:\/\/portaltela.pt\/s.01k8rhncp4jt1\/2025\/11\/talking-bot-125x125.png\",\"contentUrl\":\"https:\/\/portaltela.pt\/s.01k8rhncp4jt1\/2025\/11\/talking-bot-125x125.png\",\"caption\":\"Telinha\"},\"sameAs\":[\"https:\/\/portaltela.pt\/\"],\"url\":\"https:\/\/portaltela.pt\/por\/367410592786\/\"}]}<\/script>\n<!-- \/ Yoast SEO plugin. -->","yoast_head_json":{"title":"Cinco momentos de nostalgia no regresso de Miley Cyrus a Hannah Montana - Portal Tela Portugal","robots":{"index":"index","follow":"follow","max-snippet":"max-snippet:-1","max-image-preview":"max-image-preview:large","max-video-preview":"max-video-preview:-1"},"og_locale":"pt_PT","og_type":"article","og_title":"Cinco momentos de nostalgia no regresso de Miley Cyrus a Hannah Montana - Portal Tela Portugal","og_description":"A Disney+ estreou um document\u00e1rio de 20 anos da personagem Hannah Montana, com Miley Cyrus, focado na nostalgia e em revela\u00e7\u00f5es da artista. O especial re\u00fane apenas parte do elenco original, com a participa\u00e7\u00e3o da m\u00e3e Trish Cyrus, do pai Billy Ray Cyrus e da irm\u00e3 Noah, destacando a reconcilia\u00e7\u00e3o entre Miley e Billy Ray. Selena Gomez aparece como Mikayla, rival de Hannah Montana, e Miley comenta a possibilidade de fazer as pazes entre as duas. O programa recupera \u00eaxitos da s\u00e9rie, como The best of both worlds, This is the life e The Climb, al\u00e9m de apresentar uma nova can\u00e7\u00e3o, Younger You. N\u00e3o houve confirma\u00e7\u00e3o de uma digress\u00e3o Hannah Montana; Miley posou na estreia com look inspirado na personagem e dedicou mensagem aos f\u00e3s.","og_url":"https:\/\/portaltela.pt\/noticias\/2026\/03\/25\/cinco-momentos-de-nostalgia-no-regresso-de-miley-cyrus-a-hannah-montana\/","og_site_name":"Portal Tela Portugal","article_published_time":"2026-03-25T14:04:00+00:00","author":"Telinha","twitter_card":"summary_large_image","twitter_misc":{"Escrito por":"Telinha","Tempo estimado de leitura":"3 minutos"},"schema":{"@context":"https:\/\/schema.org","@graph":[{"@type":"Article","@id":"https:\/\/portaltela.pt\/noticias\/2026\/03\/25\/cinco-momentos-de-nostalgia-no-regresso-de-miley-cyrus-a-hannah-montana\/#article","isPartOf":{"@id":"https:\/\/portaltela.pt\/noticias\/2026\/03\/25\/cinco-momentos-de-nostalgia-no-regresso-de-miley-cyrus-a-hannah-montana\/"},"author":{"name":"Telinha","@id":"https:\/\/portaltela.pt\/#\/schema\/person\/c4278d4a6028830caff9ee44b42d32ed"},"headline":"Cinco momentos de nostalgia no regresso de Miley Cyrus a Hannah Montana","datePublished":"2026-03-25T14:04:00+00:00","mainEntityOfPage":{"@id":"https:\/\/portaltela.pt\/noticias\/2026\/03\/25\/cinco-momentos-de-nostalgia-no-regresso-de-miley-cyrus-a-hannah-montana\/"},"wordCount":579,"image":{"@id":"https:\/\/portaltela.pt\/noticias\/2026\/03\/25\/cinco-momentos-de-nostalgia-no-regresso-de-miley-cyrus-a-hannah-montana\/#primaryimage"},"thumbnailUrl":"https:\/\/portaltela.pt\/s.01k8rhncp4jt1\/2026\/03\/tpUHdbIMAGENStypeJPGshare1oBarraFacebook_Impar-5.jpg","keywords":["celebidades","Dylan Sprouse","fam\u00edlia","m\u00fasica","romances","Selena Gomez"],"articleSection":["Entretenimento","S\u00e9ries e filmes"],"inLanguage":"pt-PT"},{"@type":"WebPage","@id":"https:\/\/portaltela.pt\/noticias\/2026\/03\/25\/cinco-momentos-de-nostalgia-no-regresso-de-miley-cyrus-a-hannah-montana\/","url":"https:\/\/portaltela.pt\/noticias\/2026\/03\/25\/cinco-momentos-de-nostalgia-no-regresso-de-miley-cyrus-a-hannah-montana\/","name":"Cinco momentos de nostalgia no regresso de Miley Cyrus a Hannah Montana - Portal Tela Portugal","isPartOf":{"@id":"https:\/\/portaltela.pt\/#website"},"primaryImageOfPage":{"@id":"https:\/\/portaltela.pt\/noticias\/2026\/03\/25\/cinco-momentos-de-nostalgia-no-regresso-de-miley-cyrus-a-hannah-montana\/#primaryimage"},"image":{"@id":"https:\/\/portaltela.pt\/noticias\/2026\/03\/25\/cinco-momentos-de-nostalgia-no-regresso-de-miley-cyrus-a-hannah-montana\/#primaryimage"},"thumbnailUrl":"https:\/\/portaltela.pt\/s.01k8rhncp4jt1\/2026\/03\/tpUHdbIMAGENStypeJPGshare1oBarraFacebook_Impar-5.jpg","datePublished":"2026-03-25T14:04:00+00:00","author":{"@id":"https:\/\/portaltela.pt\/#\/schema\/person\/c4278d4a6028830caff9ee44b42d32ed"},"breadcrumb":{"@id":"https:\/\/portaltela.pt\/noticias\/2026\/03\/25\/cinco-momentos-de-nostalgia-no-regresso-de-miley-cyrus-a-hannah-montana\/#breadcrumb"},"inLanguage":"pt-PT","potentialAction":[{"@type":"ReadAction","target":["https:\/\/portaltela.pt\/noticias\/2026\/03\/25\/cinco-momentos-de-nostalgia-no-regresso-de-miley-cyrus-a-hannah-montana\/"]}]},{"@type":"ImageObject","inLanguage":"pt-PT","@id":"https:\/\/portaltela.pt\/noticias\/2026\/03\/25\/cinco-momentos-de-nostalgia-no-regresso-de-miley-cyrus-a-hannah-montana\/#primaryimage","url":"https:\/\/portaltela.pt\/s.01k8rhncp4jt1\/2026\/03\/tpUHdbIMAGENStypeJPGshare1oBarraFacebook_Impar-5.jpg","contentUrl":"https:\/\/portaltela.pt\/s.01k8rhncp4jt1\/2026\/03\/tpUHdbIMAGENStypeJPGshare1oBarraFacebook_Impar-5.jpg","width":1200,"height":630,"caption":"Miley Cyrus regressou aos cen\u00e1rios de Hannah Montana para o epis\u00f3dio especial"},{"@type":"BreadcrumbList","@id":"https:\/\/portaltela.pt\/noticias\/2026\/03\/25\/cinco-momentos-de-nostalgia-no-regresso-de-miley-cyrus-a-hannah-montana\/#breadcrumb","itemListElement":[{"@type":"ListItem","position":1,"name":"In\u00edcio","item":"https:\/\/portaltela.pt\/"},{"@type":"ListItem","position":2,"name":"Cinco momentos de nostalgia no regresso de Miley Cyrus a Hannah Montana"}]},{"@type":"WebSite","@id":"https:\/\/portaltela.pt\/#website","url":"https:\/\/portaltela.pt\/","name":"Portal Tela Portugal","description":"","potentialAction":[{"@type":"SearchAction","target":{"@type":"EntryPoint","urlTemplate":"https:\/\/portaltela.pt\/?s={search_term_string}"},"query-input":{"@type":"PropertyValueSpecification","valueRequired":true,"valueName":"search_term_string"}}],"inLanguage":"pt-PT"},{"@type":"Person","@id":"https:\/\/portaltela.pt\/#\/schema\/person\/c4278d4a6028830caff9ee44b42d32ed","name":"Telinha","image":{"@type":"ImageObject","inLanguage":"pt-PT","@id":"https:\/\/portaltela.pt\/s.01k8rhncp4jt1\/2025\/11\/talking-bot-125x125.png","url":"https:\/\/portaltela.pt\/s.01k8rhncp4jt1\/2025\/11\/talking-bot-125x125.png","contentUrl":"https:\/\/portaltela.pt\/s.01k8rhncp4jt1\/2025\/11\/talking-bot-125x125.png","caption":"Telinha"},"sameAs":["https:\/\/portaltela.pt\/"],"url":"https:\/\/portaltela.pt\/por\/367410592786\/"}]}},"_links":{"self":[{"href":"https:\/\/portaltela.pt\/api\/wp\/v2\/posts\/420942","targetHints":{"allow":["GET"]}}],"collection":[{"href":"https:\/\/portaltela.pt\/api\/wp\/v2\/posts"}],"about":[{"href":"https:\/\/portaltela.pt\/api\/wp\/v2\/types\/post"}],"author":[{"embeddable":true,"href":"https:\/\/portaltela.pt\/api\/wp\/v2\/users\/2"}],"replies":[{"embeddable":true,"href":"https:\/\/portaltela.pt\/api\/wp\/v2\/comments?post=420942"}],"version-history":[{"count":0,"href":"https:\/\/portaltela.pt\/api\/wp\/v2\/posts\/420942\/revisions"}],"wp:featuredmedia":[{"embeddable":true,"href":"https:\/\/portaltela.pt\/api\/wp\/v2\/media\/420943"}],"wp:attachment":[{"href":"https:\/\/portaltela.pt\/api\/wp\/v2\/media?parent=420942"}],"wp:term":[{"taxonomy":"category","embeddable":true,"href":"https:\/\/portaltela.pt\/api\/wp\/v2\/categories?post=420942"},{"taxonomy":"post_tag","embeddable":true,"href":"https:\/\/portaltela.pt\/api\/wp\/v2\/tags?post=420942"}],"curies":[{"name":"wp","href":"https:\/\/api.w.org\/{rel}","templated":true}]}}