{"id":420941,"date":"2026-03-25T10:58:00","date_gmt":"2026-03-25T13:58:00","guid":{"rendered":"https:\/\/portaltela.pt\/noticias\/2026\/03\/25\/seguro-faz-18-nomeacoes-para-a-casa-civil-e-mantem-parte-da-equipa-de-marcelo\/"},"modified":"2026-03-25T10:58:00","modified_gmt":"2026-03-25T13:58:00","slug":"seguro-faz-18-nomeacoes-para-a-casa-civil-e-mantem-parte-da-equipa-de-marcelo","status":"publish","type":"post","link":"https:\/\/portaltela.pt\/noticias\/politica\/2026\/03\/25\/seguro-faz-18-nomeacoes-para-a-casa-civil-e-mantem-parte-da-equipa-de-marcelo\/","title":{"rendered":"Seguro faz 18 nomea\u00e7\u00f5es para a Casa Civil e mant\u00e9m parte da equipa de Marcelo"},"content":{"rendered":"<p>O Presidente Ant\u00f3nio Jos\u00e9 Seguro nomeou 18 pessoas para a sua Casa Civil e para a secretaria-geral, mantendo v\u00e1rios nomes que j\u00e1 integram Bel\u00e9m na era de Marcelo Rebelo de Sousa. As nomea\u00e7\u00f5es constam do Di\u00e1rio da Rep\u00fablica.<\/p>\n<p>As nomea\u00e7\u00f5es tiveram efeitos a 9 de mar\u00e7o, data da posse de Seguro como Presidente da Rep\u00fablica. Mant\u00eam-se, entre os nomeados, nomes j\u00e1 presentes na anterior equipa de Bel\u00e9m.<\/p>\n<p>Composi\u00e7\u00e3o da Casa Civil<\/p>\n<p>Entre os assessores nomeados est\u00e3o Rita Saias, Lu\u00eds Sobral e Maria Lu\u00edsa Maduro Cola\u00e7o, em comiss\u00e3o de servi\u00e7o vinda da Assembleia. Ricardo Branco e Marco Almeida mant\u00eam-se como consultores.<\/p>\n<p>Mais nomes para a equipa incluem Florinda Sofia Augusto Cruz e Paula Maria Fragata Martins de Almeida, al\u00e9m de Cristina Maria Martins Farinha Tavares Gomes como adjunta do gabinete. Alexandrina Afonso Soares e outras secret\u00e1rias permanecem no grupo.<\/p>\n","protected":false},"excerpt":{"rendered":"<ul>\n<li>O presidente Ant\u00f3nio Jos\u00e9 Seguro efetuou dezoito nomea\u00e7\u00f5es para a Casa Civil e para a secretaria-geral, mantendo muitos dos nomes j\u00e1 presentes em Bel\u00e9m com Marcelo Rebelo de Sousa.<\/li>\n<li>As mudan\u00e7as foram publicadas no Di\u00e1rio da Rep\u00fablica e entram em vigor a 9 de mar\u00e7o, data da tomada de posse de Seguro como Presidente da Rep\u00fablica.<\/li>\n<li>Entre as nomea\u00e7\u00f5es, Cl\u00e1udia Ribeiro mant\u00e9m-se como secret\u00e1ria do Conselho de Estado e assume transit\u00f3riamente a chefia da Casa Civil.<\/li>\n<li>Os novos nomes para a Casa Civil incluem Rita Saias, Lu\u00eds Sobral e Maria Lu\u00edsa Maduro Cola\u00e7o como assessores, Ricardo Branco e Marco Almeida como consultores, Florinda Sofia Augusto Cruz e Paula Maria Fragata Martins de Almeida como consultoras, e Cristina Maria Martins Farinha Tavares Gomes como adjunta do gabinete.<\/li>\n<li>Permanecem no Pal\u00e1cio de Bel\u00e9m diversas Secretarias da Casa Civil (Alexandrina Afonso Soares; Ana Carla Garcia Miguens Rosa Mateus; Clara Maria Lopes Franco; Daniela Sofia Campos Brand\u00e3o da Fonseca; M\u00f3nica Alexandra de Sousa Almeida), bem como a Secret\u00e1ria-Geral da Presid\u00eancia, Ana Cristina Martins Baptista, e a Secret\u00e1ria-Geral Adjunta, Maria Joana de Andrade Ramos.<\/li>\n<\/ul>\n","protected":false},"author":2,"featured_media":420944,"comment_status":"closed","ping_status":"closed","sticky":false,"template":"","format":"standard","meta":{"footnotes":""},"categories":[1,5],"tags":[168,4523,5661,2832,30,1221],"class_list":["post-420941","post","type-post","status-publish","format-standard","has-post-thumbnail","hentry","category-noticias","category-politica","tag-administracao-publica","tag-nomeacoes","tag-pessoas-publicas","tag-politica","tag-presidente","tag-servicos-publicos"],"yoast_head":"<!-- This site is optimized with the Yoast SEO plugin v27.2 - https:\/\/yoast.com\/product\/yoast-seo-wordpress\/ -->\n<title>Seguro faz 18 nomea\u00e7\u00f5es para a Casa Civil e mant\u00e9m parte da equipa de Marcelo - Portal Tela Portugal<\/title>\n<meta name=\"robots\" content=\"index, follow, max-snippet:-1, max-image-preview:large, max-video-preview:-1\" \/>\n<meta property=\"og:locale\" content=\"pt_PT\" \/>\n<meta property=\"og:type\" content=\"article\" \/>\n<meta property=\"og:title\" content=\"Seguro faz 18 nomea\u00e7\u00f5es para a Casa Civil e mant\u00e9m parte da equipa de Marcelo - Portal Tela Portugal\" \/>\n<meta property=\"og:description\" content=\"O presidente Ant\u00f3nio Jos\u00e9 Seguro efetuou dezoito nomea\u00e7\u00f5es para a Casa Civil e para a secretaria-geral, mantendo muitos dos nomes j\u00e1 presentes em Bel\u00e9m com Marcelo Rebelo de Sousa. As mudan\u00e7as foram publicadas no Di\u00e1rio da Rep\u00fablica e entram em vigor a 9 de mar\u00e7o, data da tomada de posse de Seguro como Presidente da Rep\u00fablica. Entre as nomea\u00e7\u00f5es, Cl\u00e1udia Ribeiro mant\u00e9m-se como secret\u00e1ria do Conselho de Estado e assume transit\u00f3riamente a chefia da Casa Civil. Os novos nomes para a Casa Civil incluem Rita Saias, Lu\u00eds Sobral e Maria Lu\u00edsa Maduro Cola\u00e7o como assessores, Ricardo Branco e Marco Almeida como consultores, Florinda Sofia Augusto Cruz e Paula Maria Fragata Martins de Almeida como consultoras, e Cristina Maria Martins Farinha Tavares Gomes como adjunta do gabinete. Permanecem no Pal\u00e1cio de Bel\u00e9m diversas Secretarias da Casa Civil (Alexandrina Afonso Soares; Ana Carla Garcia Miguens Rosa Mateus; Clara Maria Lopes Franco; Daniela Sofia Campos Brand\u00e3o da Fonseca; M\u00f3nica Alexandra de Sousa Almeida), bem como a Secret\u00e1ria-Geral da Presid\u00eancia, Ana Cristina Martins Baptista, e a Secret\u00e1ria-Geral Adjunta, Maria Joana de Andrade Ramos.\" \/>\n<meta property=\"og:url\" content=\"https:\/\/portaltela.pt\/noticias\/2026\/03\/25\/seguro-faz-18-nomeacoes-para-a-casa-civil-e-mantem-parte-da-equipa-de-marcelo\/\" \/>\n<meta property=\"og:site_name\" content=\"Portal Tela Portugal\" \/>\n<meta property=\"article:published_time\" content=\"2026-03-25T13:58:00+00:00\" \/>\n<meta name=\"author\" content=\"Telinha\" \/>\n<meta name=\"twitter:card\" content=\"summary_large_image\" \/>\n<meta name=\"twitter:label1\" content=\"Escrito por\" \/>\n\t<meta name=\"twitter:data1\" content=\"Telinha\" \/>\n\t<meta name=\"twitter:label2\" content=\"Tempo estimado de leitura\" \/>\n\t<meta name=\"twitter:data2\" content=\"1 minuto\" \/>\n<script type=\"application\/ld+json\" class=\"yoast-schema-graph\">{\"@context\":\"https:\/\/schema.org\",\"@graph\":[{\"@type\":\"Article\",\"@id\":\"https:\/\/portaltela.pt\/noticias\/2026\/03\/25\/seguro-faz-18-nomeacoes-para-a-casa-civil-e-mantem-parte-da-equipa-de-marcelo\/#article\",\"isPartOf\":{\"@id\":\"https:\/\/portaltela.pt\/noticias\/2026\/03\/25\/seguro-faz-18-nomeacoes-para-a-casa-civil-e-mantem-parte-da-equipa-de-marcelo\/\"},\"author\":{\"name\":\"Telinha\",\"@id\":\"https:\/\/portaltela.pt\/#\/schema\/person\/c4278d4a6028830caff9ee44b42d32ed\"},\"headline\":\"Seguro faz 18 nomea\u00e7\u00f5es para a Casa Civil e mant\u00e9m parte da equipa de Marcelo\",\"datePublished\":\"2026-03-25T13:58:00+00:00\",\"mainEntityOfPage\":{\"@id\":\"https:\/\/portaltela.pt\/noticias\/2026\/03\/25\/seguro-faz-18-nomeacoes-para-a-casa-civil-e-mantem-parte-da-equipa-de-marcelo\/\"},\"wordCount\":173,\"image\":{\"@id\":\"https:\/\/portaltela.pt\/noticias\/2026\/03\/25\/seguro-faz-18-nomeacoes-para-a-casa-civil-e-mantem-parte-da-equipa-de-marcelo\/#primaryimage\"},\"thumbnailUrl\":\"https:\/\/portaltela.pt\/s.01k8rhncp4jt1\/2026\/03\/image-1503.jpg\",\"keywords\":[\"administra\u00e7\u00e3o p\u00fablica\",\"nomea\u00e7\u00f5es\",\"pessoas p\u00fablicas\",\"pol\u00edtica\",\"presidente\",\"servi\u00e7os p\u00fablicos\"],\"articleSection\":[\"Not\u00edcias\",\"Pol\u00edtica\"],\"inLanguage\":\"pt-PT\"},{\"@type\":\"WebPage\",\"@id\":\"https:\/\/portaltela.pt\/noticias\/2026\/03\/25\/seguro-faz-18-nomeacoes-para-a-casa-civil-e-mantem-parte-da-equipa-de-marcelo\/\",\"url\":\"https:\/\/portaltela.pt\/noticias\/2026\/03\/25\/seguro-faz-18-nomeacoes-para-a-casa-civil-e-mantem-parte-da-equipa-de-marcelo\/\",\"name\":\"Seguro faz 18 nomea\u00e7\u00f5es para a Casa Civil e mant\u00e9m parte da equipa de Marcelo - Portal Tela Portugal\",\"isPartOf\":{\"@id\":\"https:\/\/portaltela.pt\/#website\"},\"primaryImageOfPage\":{\"@id\":\"https:\/\/portaltela.pt\/noticias\/2026\/03\/25\/seguro-faz-18-nomeacoes-para-a-casa-civil-e-mantem-parte-da-equipa-de-marcelo\/#primaryimage\"},\"image\":{\"@id\":\"https:\/\/portaltela.pt\/noticias\/2026\/03\/25\/seguro-faz-18-nomeacoes-para-a-casa-civil-e-mantem-parte-da-equipa-de-marcelo\/#primaryimage\"},\"thumbnailUrl\":\"https:\/\/portaltela.pt\/s.01k8rhncp4jt1\/2026\/03\/image-1503.jpg\",\"datePublished\":\"2026-03-25T13:58:00+00:00\",\"author\":{\"@id\":\"https:\/\/portaltela.pt\/#\/schema\/person\/c4278d4a6028830caff9ee44b42d32ed\"},\"breadcrumb\":{\"@id\":\"https:\/\/portaltela.pt\/noticias\/2026\/03\/25\/seguro-faz-18-nomeacoes-para-a-casa-civil-e-mantem-parte-da-equipa-de-marcelo\/#breadcrumb\"},\"inLanguage\":\"pt-PT\",\"potentialAction\":[{\"@type\":\"ReadAction\",\"target\":[\"https:\/\/portaltela.pt\/noticias\/2026\/03\/25\/seguro-faz-18-nomeacoes-para-a-casa-civil-e-mantem-parte-da-equipa-de-marcelo\/\"]}]},{\"@type\":\"ImageObject\",\"inLanguage\":\"pt-PT\",\"@id\":\"https:\/\/portaltela.pt\/noticias\/2026\/03\/25\/seguro-faz-18-nomeacoes-para-a-casa-civil-e-mantem-parte-da-equipa-de-marcelo\/#primaryimage\",\"url\":\"https:\/\/portaltela.pt\/s.01k8rhncp4jt1\/2026\/03\/image-1503.jpg\",\"contentUrl\":\"https:\/\/portaltela.pt\/s.01k8rhncp4jt1\/2026\/03\/image-1503.jpg\",\"width\":796,\"height\":448,\"caption\":\"O presidente da Rep\u00fablica, Ant\u00f3nio Jos\u00e9 Seguro\"},{\"@type\":\"BreadcrumbList\",\"@id\":\"https:\/\/portaltela.pt\/noticias\/2026\/03\/25\/seguro-faz-18-nomeacoes-para-a-casa-civil-e-mantem-parte-da-equipa-de-marcelo\/#breadcrumb\",\"itemListElement\":[{\"@type\":\"ListItem\",\"position\":1,\"name\":\"In\u00edcio\",\"item\":\"https:\/\/portaltela.pt\/\"},{\"@type\":\"ListItem\",\"position\":2,\"name\":\"Seguro faz 18 nomea\u00e7\u00f5es para a Casa Civil e mant\u00e9m parte da equipa de Marcelo\"}]},{\"@type\":\"WebSite\",\"@id\":\"https:\/\/portaltela.pt\/#website\",\"url\":\"https:\/\/portaltela.pt\/\",\"name\":\"Portal Tela Portugal\",\"description\":\"\",\"potentialAction\":[{\"@type\":\"SearchAction\",\"target\":{\"@type\":\"EntryPoint\",\"urlTemplate\":\"https:\/\/portaltela.pt\/?s={search_term_string}\"},\"query-input\":{\"@type\":\"PropertyValueSpecification\",\"valueRequired\":true,\"valueName\":\"search_term_string\"}}],\"inLanguage\":\"pt-PT\"},{\"@type\":\"Person\",\"@id\":\"https:\/\/portaltela.pt\/#\/schema\/person\/c4278d4a6028830caff9ee44b42d32ed\",\"name\":\"Telinha\",\"image\":{\"@type\":\"ImageObject\",\"inLanguage\":\"pt-PT\",\"@id\":\"https:\/\/portaltela.pt\/s.01k8rhncp4jt1\/2025\/11\/talking-bot-125x125.png\",\"url\":\"https:\/\/portaltela.pt\/s.01k8rhncp4jt1\/2025\/11\/talking-bot-125x125.png\",\"contentUrl\":\"https:\/\/portaltela.pt\/s.01k8rhncp4jt1\/2025\/11\/talking-bot-125x125.png\",\"caption\":\"Telinha\"},\"sameAs\":[\"https:\/\/portaltela.pt\/\"],\"url\":\"https:\/\/portaltela.pt\/por\/367410592786\/\"}]}<\/script>\n<!-- \/ Yoast SEO plugin. -->","yoast_head_json":{"title":"Seguro faz 18 nomea\u00e7\u00f5es para a Casa Civil e mant\u00e9m parte da equipa de Marcelo - Portal Tela Portugal","robots":{"index":"index","follow":"follow","max-snippet":"max-snippet:-1","max-image-preview":"max-image-preview:large","max-video-preview":"max-video-preview:-1"},"og_locale":"pt_PT","og_type":"article","og_title":"Seguro faz 18 nomea\u00e7\u00f5es para a Casa Civil e mant\u00e9m parte da equipa de Marcelo - Portal Tela Portugal","og_description":"O presidente Ant\u00f3nio Jos\u00e9 Seguro efetuou dezoito nomea\u00e7\u00f5es para a Casa Civil e para a secretaria-geral, mantendo muitos dos nomes j\u00e1 presentes em Bel\u00e9m com Marcelo Rebelo de Sousa. As mudan\u00e7as foram publicadas no Di\u00e1rio da Rep\u00fablica e entram em vigor a 9 de mar\u00e7o, data da tomada de posse de Seguro como Presidente da Rep\u00fablica. Entre as nomea\u00e7\u00f5es, Cl\u00e1udia Ribeiro mant\u00e9m-se como secret\u00e1ria do Conselho de Estado e assume transit\u00f3riamente a chefia da Casa Civil. Os novos nomes para a Casa Civil incluem Rita Saias, Lu\u00eds Sobral e Maria Lu\u00edsa Maduro Cola\u00e7o como assessores, Ricardo Branco e Marco Almeida como consultores, Florinda Sofia Augusto Cruz e Paula Maria Fragata Martins de Almeida como consultoras, e Cristina Maria Martins Farinha Tavares Gomes como adjunta do gabinete. Permanecem no Pal\u00e1cio de Bel\u00e9m diversas Secretarias da Casa Civil (Alexandrina Afonso Soares; Ana Carla Garcia Miguens Rosa Mateus; Clara Maria Lopes Franco; Daniela Sofia Campos Brand\u00e3o da Fonseca; M\u00f3nica Alexandra de Sousa Almeida), bem como a Secret\u00e1ria-Geral da Presid\u00eancia, Ana Cristina Martins Baptista, e a Secret\u00e1ria-Geral Adjunta, Maria Joana de Andrade Ramos.","og_url":"https:\/\/portaltela.pt\/noticias\/2026\/03\/25\/seguro-faz-18-nomeacoes-para-a-casa-civil-e-mantem-parte-da-equipa-de-marcelo\/","og_site_name":"Portal Tela Portugal","article_published_time":"2026-03-25T13:58:00+00:00","author":"Telinha","twitter_card":"summary_large_image","twitter_misc":{"Escrito por":"Telinha","Tempo estimado de leitura":"1 minuto"},"schema":{"@context":"https:\/\/schema.org","@graph":[{"@type":"Article","@id":"https:\/\/portaltela.pt\/noticias\/2026\/03\/25\/seguro-faz-18-nomeacoes-para-a-casa-civil-e-mantem-parte-da-equipa-de-marcelo\/#article","isPartOf":{"@id":"https:\/\/portaltela.pt\/noticias\/2026\/03\/25\/seguro-faz-18-nomeacoes-para-a-casa-civil-e-mantem-parte-da-equipa-de-marcelo\/"},"author":{"name":"Telinha","@id":"https:\/\/portaltela.pt\/#\/schema\/person\/c4278d4a6028830caff9ee44b42d32ed"},"headline":"Seguro faz 18 nomea\u00e7\u00f5es para a Casa Civil e mant\u00e9m parte da equipa de Marcelo","datePublished":"2026-03-25T13:58:00+00:00","mainEntityOfPage":{"@id":"https:\/\/portaltela.pt\/noticias\/2026\/03\/25\/seguro-faz-18-nomeacoes-para-a-casa-civil-e-mantem-parte-da-equipa-de-marcelo\/"},"wordCount":173,"image":{"@id":"https:\/\/portaltela.pt\/noticias\/2026\/03\/25\/seguro-faz-18-nomeacoes-para-a-casa-civil-e-mantem-parte-da-equipa-de-marcelo\/#primaryimage"},"thumbnailUrl":"https:\/\/portaltela.pt\/s.01k8rhncp4jt1\/2026\/03\/image-1503.jpg","keywords":["administra\u00e7\u00e3o p\u00fablica","nomea\u00e7\u00f5es","pessoas p\u00fablicas","pol\u00edtica","presidente","servi\u00e7os p\u00fablicos"],"articleSection":["Not\u00edcias","Pol\u00edtica"],"inLanguage":"pt-PT"},{"@type":"WebPage","@id":"https:\/\/portaltela.pt\/noticias\/2026\/03\/25\/seguro-faz-18-nomeacoes-para-a-casa-civil-e-mantem-parte-da-equipa-de-marcelo\/","url":"https:\/\/portaltela.pt\/noticias\/2026\/03\/25\/seguro-faz-18-nomeacoes-para-a-casa-civil-e-mantem-parte-da-equipa-de-marcelo\/","name":"Seguro faz 18 nomea\u00e7\u00f5es para a Casa Civil e mant\u00e9m parte da equipa de Marcelo - Portal Tela Portugal","isPartOf":{"@id":"https:\/\/portaltela.pt\/#website"},"primaryImageOfPage":{"@id":"https:\/\/portaltela.pt\/noticias\/2026\/03\/25\/seguro-faz-18-nomeacoes-para-a-casa-civil-e-mantem-parte-da-equipa-de-marcelo\/#primaryimage"},"image":{"@id":"https:\/\/portaltela.pt\/noticias\/2026\/03\/25\/seguro-faz-18-nomeacoes-para-a-casa-civil-e-mantem-parte-da-equipa-de-marcelo\/#primaryimage"},"thumbnailUrl":"https:\/\/portaltela.pt\/s.01k8rhncp4jt1\/2026\/03\/image-1503.jpg","datePublished":"2026-03-25T13:58:00+00:00","author":{"@id":"https:\/\/portaltela.pt\/#\/schema\/person\/c4278d4a6028830caff9ee44b42d32ed"},"breadcrumb":{"@id":"https:\/\/portaltela.pt\/noticias\/2026\/03\/25\/seguro-faz-18-nomeacoes-para-a-casa-civil-e-mantem-parte-da-equipa-de-marcelo\/#breadcrumb"},"inLanguage":"pt-PT","potentialAction":[{"@type":"ReadAction","target":["https:\/\/portaltela.pt\/noticias\/2026\/03\/25\/seguro-faz-18-nomeacoes-para-a-casa-civil-e-mantem-parte-da-equipa-de-marcelo\/"]}]},{"@type":"ImageObject","inLanguage":"pt-PT","@id":"https:\/\/portaltela.pt\/noticias\/2026\/03\/25\/seguro-faz-18-nomeacoes-para-a-casa-civil-e-mantem-parte-da-equipa-de-marcelo\/#primaryimage","url":"https:\/\/portaltela.pt\/s.01k8rhncp4jt1\/2026\/03\/image-1503.jpg","contentUrl":"https:\/\/portaltela.pt\/s.01k8rhncp4jt1\/2026\/03\/image-1503.jpg","width":796,"height":448,"caption":"O presidente da Rep\u00fablica, Ant\u00f3nio Jos\u00e9 Seguro"},{"@type":"BreadcrumbList","@id":"https:\/\/portaltela.pt\/noticias\/2026\/03\/25\/seguro-faz-18-nomeacoes-para-a-casa-civil-e-mantem-parte-da-equipa-de-marcelo\/#breadcrumb","itemListElement":[{"@type":"ListItem","position":1,"name":"In\u00edcio","item":"https:\/\/portaltela.pt\/"},{"@type":"ListItem","position":2,"name":"Seguro faz 18 nomea\u00e7\u00f5es para a Casa Civil e mant\u00e9m parte da equipa de Marcelo"}]},{"@type":"WebSite","@id":"https:\/\/portaltela.pt\/#website","url":"https:\/\/portaltela.pt\/","name":"Portal Tela Portugal","description":"","potentialAction":[{"@type":"SearchAction","target":{"@type":"EntryPoint","urlTemplate":"https:\/\/portaltela.pt\/?s={search_term_string}"},"query-input":{"@type":"PropertyValueSpecification","valueRequired":true,"valueName":"search_term_string"}}],"inLanguage":"pt-PT"},{"@type":"Person","@id":"https:\/\/portaltela.pt\/#\/schema\/person\/c4278d4a6028830caff9ee44b42d32ed","name":"Telinha","image":{"@type":"ImageObject","inLanguage":"pt-PT","@id":"https:\/\/portaltela.pt\/s.01k8rhncp4jt1\/2025\/11\/talking-bot-125x125.png","url":"https:\/\/portaltela.pt\/s.01k8rhncp4jt1\/2025\/11\/talking-bot-125x125.png","contentUrl":"https:\/\/portaltela.pt\/s.01k8rhncp4jt1\/2025\/11\/talking-bot-125x125.png","caption":"Telinha"},"sameAs":["https:\/\/portaltela.pt\/"],"url":"https:\/\/portaltela.pt\/por\/367410592786\/"}]}},"_links":{"self":[{"href":"https:\/\/portaltela.pt\/api\/wp\/v2\/posts\/420941","targetHints":{"allow":["GET"]}}],"collection":[{"href":"https:\/\/portaltela.pt\/api\/wp\/v2\/posts"}],"about":[{"href":"https:\/\/portaltela.pt\/api\/wp\/v2\/types\/post"}],"author":[{"embeddable":true,"href":"https:\/\/portaltela.pt\/api\/wp\/v2\/users\/2"}],"replies":[{"embeddable":true,"href":"https:\/\/portaltela.pt\/api\/wp\/v2\/comments?post=420941"}],"version-history":[{"count":0,"href":"https:\/\/portaltela.pt\/api\/wp\/v2\/posts\/420941\/revisions"}],"wp:featuredmedia":[{"embeddable":true,"href":"https:\/\/portaltela.pt\/api\/wp\/v2\/media\/420944"}],"wp:attachment":[{"href":"https:\/\/portaltela.pt\/api\/wp\/v2\/media?parent=420941"}],"wp:term":[{"taxonomy":"category","embeddable":true,"href":"https:\/\/portaltela.pt\/api\/wp\/v2\/categories?post=420941"},{"taxonomy":"post_tag","embeddable":true,"href":"https:\/\/portaltela.pt\/api\/wp\/v2\/tags?post=420941"}],"curies":[{"name":"wp","href":"https:\/\/api.w.org\/{rel}","templated":true}]}}