{"id":420931,"date":"2026-03-25T11:06:33","date_gmt":"2026-03-25T14:06:33","guid":{"rendered":"https:\/\/portaltela.pt\/noticias\/2026\/03\/25\/praticamente-nenhum-hospital-estava-preparado-em-2025-para-apagao-de-tres-dias\/"},"modified":"2026-03-25T11:06:33","modified_gmt":"2026-03-25T14:06:33","slug":"praticamente-nenhum-hospital-estava-preparado-em-2025-para-apagao-de-tres-dias","status":"publish","type":"post","link":"https:\/\/portaltela.pt\/saude\/2026\/03\/25\/praticamente-nenhum-hospital-estava-preparado-em-2025-para-apagao-de-tres-dias\/","title":{"rendered":"Praticamente nenhum hospital estava preparado em 2025 para apag\u00e3o de tr\u00eas dias"},"content":{"rendered":"<p>O diretor-executivo do Servi\u00e7o Nacional de Sa\u00fade (SNS), \u00c1lvaro Santos Almeida, afirmou aos deputados que, durante o apag\u00e3o de 28 de abril de 2025, praticamente nenhum hospital tinha combust\u00edvel suficiente para manter tr\u00eas dias de funcionamento. A declara\u00e7\u00e3o foi feita numa comiss\u00e3o parlamentar de Ambiente e Energia, no \u00e2mbito de um grupo de trabalho sobre o evento.<\/p>\n<p>O respons\u00e1vel explicou que, naquele dia, as falhas ficaram sob controlo em geral, com as unidades a conseguir abastecer-se localmente. Apenas na regi\u00e3o de Lisboa houve dificuldades, enquanto em Leiria houve maior prepara\u00e7\u00e3o para enfrentar a interrup\u00e7\u00e3o. O SNS considera que o epis\u00f3dio exp\u00f4s vulnerabilidades, que j\u00e1 come\u00e7aram a ser corrigidas.<\/p>\n<h3>Autonomia dos hospitais e planos de conting\u00eancia<\/h3>\n<p>Santos Almeida disse que, a partir do apag\u00e3o, n\u00e3o ficou claro se todos os hospitais do pa\u00eds possuem autonomia para 72 horas sem energia. O foco atual dirige-se sobretudo \u00e0s comunica\u00e7\u00f5es, apontadas como fragilidade no incidente de janeiro e agora tamb\u00e9m no de abril. Um grupo de trabalho apresentou ao Governo um plano para um centro de comunica\u00e7\u00f5es alternativo do SNS.<\/p>\n<p>No dia do apag\u00e3o, a maior parte das unidades adquiriu combust\u00edvel para os geradores, mas Lisboa registou falhas em unidades como o Hospital de S\u00e3o Jos\u00e9, os Capuchos e a Maternidade Alfredo da Costa. Pelas 20h00, aquele \u00faltimo hospital e os Capuchos j\u00e1 recebiam combust\u00edvel via cami\u00e3o cisterna, ap\u00f3s alerta da dire\u00e7\u00e3o do SNS sobre escassez de combust\u00edvel.<\/p>\n<h3>Situa\u00e7\u00e3o atual e pr\u00f3ximos passos<\/h3>\n<p>\u00c1lvaro Santos Almeida destacou que os geradores s\u00e3o, entretanto, sujeitos a testes regulares para assegurar funcionalidade. Respondendo a perguntas dos deputados, o respons\u00e1vel reiterou que a resposta \u00e0 crise de abril envolveu a\u00e7\u00f5es r\u00e1pidas de abastecimento, mas n\u00e3o especificou o n\u00edvel atual de autonomia de cada hospital. O objetivo \u00e9 refor\u00e7ar resili\u00eancia e evitar novas car\u00eancias durante eventuais interrup\u00e7\u00f5es prolongadas.<\/p>\n","protected":false},"excerpt":{"rendered":"<ul>\n<li>O diretor-executivo do SNS, \u00c1lvaro Santos Almeida, disse que no apag\u00e3o de 2025 praticamente nenhum hospital tinha combust\u00edvel suficiente para tr\u00eas dias.<\/li>\n<li>Na altura, as unidades conseguiram abastecer-se localmente, com exce\u00e7\u00e3o da regi\u00e3o de Lisboa, onde houve mais dificuldades.<\/li>\n<li>Em janeiro, durante tempestades em Leiria, o SNS afirmou estar preparado para responder a necessidades de energia, tendo corrigido vulnerabilidades desde ent\u00e3o.<\/li>\n<li>Um grupo de trabalho j\u00e1 apresentou ao Governo um plano para um centro de comunica\u00e7\u00f5es alternativo do SNS.<\/li>\n<li>Atualmente, os geradores s\u00e3o testados regularmente e a maior fragilidade identificada prende-se \u00e0s comunica\u00e7\u00f5es.<\/li>\n<\/ul>\n","protected":false},"author":2,"featured_media":420934,"comment_status":"closed","ping_status":"closed","sticky":false,"template":"","format":"standard","meta":{"footnotes":""},"categories":[6745],"tags":[1550,5928,174,2581,633,271],"class_list":["post-420931","post","type-post","status-publish","format-standard","has-post-thumbnail","hentry","category-saude","tag-apagao","tag-emergencia","tag-energia","tag-hospitais","tag-hospital","tag-saude-publica"],"yoast_head":"<!-- This site is optimized with the Yoast SEO plugin v27.2 - https:\/\/yoast.com\/product\/yoast-seo-wordpress\/ -->\n<title>Praticamente nenhum hospital estava preparado em 2025 para apag\u00e3o de tr\u00eas dias - Portal Tela Portugal<\/title>\n<meta name=\"robots\" content=\"index, follow, max-snippet:-1, max-image-preview:large, max-video-preview:-1\" \/>\n<meta property=\"og:locale\" content=\"pt_PT\" \/>\n<meta property=\"og:type\" content=\"article\" \/>\n<meta property=\"og:title\" content=\"Praticamente nenhum hospital estava preparado em 2025 para apag\u00e3o de tr\u00eas dias - Portal Tela Portugal\" \/>\n<meta property=\"og:description\" content=\"O diretor-executivo do SNS, \u00c1lvaro Santos Almeida, disse que no apag\u00e3o de 2025 praticamente nenhum hospital tinha combust\u00edvel suficiente para tr\u00eas dias. Na altura, as unidades conseguiram abastecer-se localmente, com exce\u00e7\u00e3o da regi\u00e3o de Lisboa, onde houve mais dificuldades. Em janeiro, durante tempestades em Leiria, o SNS afirmou estar preparado para responder a necessidades de energia, tendo corrigido vulnerabilidades desde ent\u00e3o. Um grupo de trabalho j\u00e1 apresentou ao Governo um plano para um centro de comunica\u00e7\u00f5es alternativo do SNS. Atualmente, os geradores s\u00e3o testados regularmente e a maior fragilidade identificada prende-se \u00e0s comunica\u00e7\u00f5es.\" \/>\n<meta property=\"og:url\" content=\"https:\/\/portaltela.pt\/noticias\/2026\/03\/25\/praticamente-nenhum-hospital-estava-preparado-em-2025-para-apagao-de-tres-dias\/\" \/>\n<meta property=\"og:site_name\" content=\"Portal Tela Portugal\" \/>\n<meta property=\"article:published_time\" content=\"2026-03-25T14:06:33+00:00\" \/>\n<meta name=\"author\" content=\"Telinha\" \/>\n<meta name=\"twitter:card\" content=\"summary_large_image\" \/>\n<meta name=\"twitter:label1\" content=\"Escrito por\" \/>\n\t<meta name=\"twitter:data1\" content=\"Telinha\" \/>\n\t<meta name=\"twitter:label2\" content=\"Tempo estimado de leitura\" \/>\n\t<meta name=\"twitter:data2\" content=\"2 minutos\" \/>\n<script type=\"application\/ld+json\" class=\"yoast-schema-graph\">{\"@context\":\"https:\/\/schema.org\",\"@graph\":[{\"@type\":\"Article\",\"@id\":\"https:\/\/portaltela.pt\/noticias\/2026\/03\/25\/praticamente-nenhum-hospital-estava-preparado-em-2025-para-apagao-de-tres-dias\/#article\",\"isPartOf\":{\"@id\":\"https:\/\/portaltela.pt\/noticias\/2026\/03\/25\/praticamente-nenhum-hospital-estava-preparado-em-2025-para-apagao-de-tres-dias\/\"},\"author\":{\"name\":\"Telinha\",\"@id\":\"https:\/\/portaltela.pt\/#\/schema\/person\/c4278d4a6028830caff9ee44b42d32ed\"},\"headline\":\"Praticamente nenhum hospital estava preparado em 2025 para apag\u00e3o de tr\u00eas dias\",\"datePublished\":\"2026-03-25T14:06:33+00:00\",\"mainEntityOfPage\":{\"@id\":\"https:\/\/portaltela.pt\/noticias\/2026\/03\/25\/praticamente-nenhum-hospital-estava-preparado-em-2025-para-apagao-de-tres-dias\/\"},\"wordCount\":348,\"image\":{\"@id\":\"https:\/\/portaltela.pt\/noticias\/2026\/03\/25\/praticamente-nenhum-hospital-estava-preparado-em-2025-para-apagao-de-tres-dias\/#primaryimage\"},\"thumbnailUrl\":\"https:\/\/portaltela.pt\/s.01k8rhncp4jt1\/2026\/03\/img_1500x1000uu2025-04-29-10-50-29-2205595.jpg\",\"keywords\":[\"apag\u00e3o\",\"emerg\u00eancia\",\"energia\",\"hospitais\",\"hospital\",\"sa\u00fade p\u00fablica\"],\"articleSection\":[\"Sa\u00fade\"],\"inLanguage\":\"pt-PT\"},{\"@type\":\"WebPage\",\"@id\":\"https:\/\/portaltela.pt\/noticias\/2026\/03\/25\/praticamente-nenhum-hospital-estava-preparado-em-2025-para-apagao-de-tres-dias\/\",\"url\":\"https:\/\/portaltela.pt\/noticias\/2026\/03\/25\/praticamente-nenhum-hospital-estava-preparado-em-2025-para-apagao-de-tres-dias\/\",\"name\":\"Praticamente nenhum hospital estava preparado em 2025 para apag\u00e3o de tr\u00eas dias - Portal Tela Portugal\",\"isPartOf\":{\"@id\":\"https:\/\/portaltela.pt\/#website\"},\"primaryImageOfPage\":{\"@id\":\"https:\/\/portaltela.pt\/noticias\/2026\/03\/25\/praticamente-nenhum-hospital-estava-preparado-em-2025-para-apagao-de-tres-dias\/#primaryimage\"},\"image\":{\"@id\":\"https:\/\/portaltela.pt\/noticias\/2026\/03\/25\/praticamente-nenhum-hospital-estava-preparado-em-2025-para-apagao-de-tres-dias\/#primaryimage\"},\"thumbnailUrl\":\"https:\/\/portaltela.pt\/s.01k8rhncp4jt1\/2026\/03\/img_1500x1000uu2025-04-29-10-50-29-2205595.jpg\",\"datePublished\":\"2026-03-25T14:06:33+00:00\",\"author\":{\"@id\":\"https:\/\/portaltela.pt\/#\/schema\/person\/c4278d4a6028830caff9ee44b42d32ed\"},\"breadcrumb\":{\"@id\":\"https:\/\/portaltela.pt\/noticias\/2026\/03\/25\/praticamente-nenhum-hospital-estava-preparado-em-2025-para-apagao-de-tres-dias\/#breadcrumb\"},\"inLanguage\":\"pt-PT\",\"potentialAction\":[{\"@type\":\"ReadAction\",\"target\":[\"https:\/\/portaltela.pt\/noticias\/2026\/03\/25\/praticamente-nenhum-hospital-estava-preparado-em-2025-para-apagao-de-tres-dias\/\"]}]},{\"@type\":\"ImageObject\",\"inLanguage\":\"pt-PT\",\"@id\":\"https:\/\/portaltela.pt\/noticias\/2026\/03\/25\/praticamente-nenhum-hospital-estava-preparado-em-2025-para-apagao-de-tres-dias\/#primaryimage\",\"url\":\"https:\/\/portaltela.pt\/s.01k8rhncp4jt1\/2026\/03\/img_1500x1000uu2025-04-29-10-50-29-2205595.jpg\",\"contentUrl\":\"https:\/\/portaltela.pt\/s.01k8rhncp4jt1\/2026\/03\/img_1500x1000uu2025-04-29-10-50-29-2205595.jpg\",\"width\":1500,\"height\":1000,\"caption\":\"Praticamente nenhum hospital estava preparado em 2025 para apag\u00e3o de tr\u00eas dias\"},{\"@type\":\"BreadcrumbList\",\"@id\":\"https:\/\/portaltela.pt\/noticias\/2026\/03\/25\/praticamente-nenhum-hospital-estava-preparado-em-2025-para-apagao-de-tres-dias\/#breadcrumb\",\"itemListElement\":[{\"@type\":\"ListItem\",\"position\":1,\"name\":\"In\u00edcio\",\"item\":\"https:\/\/portaltela.pt\/\"},{\"@type\":\"ListItem\",\"position\":2,\"name\":\"Praticamente nenhum hospital estava preparado em 2025 para apag\u00e3o de tr\u00eas dias\"}]},{\"@type\":\"WebSite\",\"@id\":\"https:\/\/portaltela.pt\/#website\",\"url\":\"https:\/\/portaltela.pt\/\",\"name\":\"Portal Tela Portugal\",\"description\":\"\",\"potentialAction\":[{\"@type\":\"SearchAction\",\"target\":{\"@type\":\"EntryPoint\",\"urlTemplate\":\"https:\/\/portaltela.pt\/?s={search_term_string}\"},\"query-input\":{\"@type\":\"PropertyValueSpecification\",\"valueRequired\":true,\"valueName\":\"search_term_string\"}}],\"inLanguage\":\"pt-PT\"},{\"@type\":\"Person\",\"@id\":\"https:\/\/portaltela.pt\/#\/schema\/person\/c4278d4a6028830caff9ee44b42d32ed\",\"name\":\"Telinha\",\"image\":{\"@type\":\"ImageObject\",\"inLanguage\":\"pt-PT\",\"@id\":\"https:\/\/portaltela.pt\/s.01k8rhncp4jt1\/2025\/11\/talking-bot-125x125.png\",\"url\":\"https:\/\/portaltela.pt\/s.01k8rhncp4jt1\/2025\/11\/talking-bot-125x125.png\",\"contentUrl\":\"https:\/\/portaltela.pt\/s.01k8rhncp4jt1\/2025\/11\/talking-bot-125x125.png\",\"caption\":\"Telinha\"},\"sameAs\":[\"https:\/\/portaltela.pt\/\"],\"url\":\"https:\/\/portaltela.pt\/por\/367410592786\/\"}]}<\/script>\n<!-- \/ Yoast SEO plugin. -->","yoast_head_json":{"title":"Praticamente nenhum hospital estava preparado em 2025 para apag\u00e3o de tr\u00eas dias - Portal Tela Portugal","robots":{"index":"index","follow":"follow","max-snippet":"max-snippet:-1","max-image-preview":"max-image-preview:large","max-video-preview":"max-video-preview:-1"},"og_locale":"pt_PT","og_type":"article","og_title":"Praticamente nenhum hospital estava preparado em 2025 para apag\u00e3o de tr\u00eas dias - Portal Tela Portugal","og_description":"O diretor-executivo do SNS, \u00c1lvaro Santos Almeida, disse que no apag\u00e3o de 2025 praticamente nenhum hospital tinha combust\u00edvel suficiente para tr\u00eas dias. Na altura, as unidades conseguiram abastecer-se localmente, com exce\u00e7\u00e3o da regi\u00e3o de Lisboa, onde houve mais dificuldades. Em janeiro, durante tempestades em Leiria, o SNS afirmou estar preparado para responder a necessidades de energia, tendo corrigido vulnerabilidades desde ent\u00e3o. Um grupo de trabalho j\u00e1 apresentou ao Governo um plano para um centro de comunica\u00e7\u00f5es alternativo do SNS. Atualmente, os geradores s\u00e3o testados regularmente e a maior fragilidade identificada prende-se \u00e0s comunica\u00e7\u00f5es.","og_url":"https:\/\/portaltela.pt\/noticias\/2026\/03\/25\/praticamente-nenhum-hospital-estava-preparado-em-2025-para-apagao-de-tres-dias\/","og_site_name":"Portal Tela Portugal","article_published_time":"2026-03-25T14:06:33+00:00","author":"Telinha","twitter_card":"summary_large_image","twitter_misc":{"Escrito por":"Telinha","Tempo estimado de leitura":"2 minutos"},"schema":{"@context":"https:\/\/schema.org","@graph":[{"@type":"Article","@id":"https:\/\/portaltela.pt\/noticias\/2026\/03\/25\/praticamente-nenhum-hospital-estava-preparado-em-2025-para-apagao-de-tres-dias\/#article","isPartOf":{"@id":"https:\/\/portaltela.pt\/noticias\/2026\/03\/25\/praticamente-nenhum-hospital-estava-preparado-em-2025-para-apagao-de-tres-dias\/"},"author":{"name":"Telinha","@id":"https:\/\/portaltela.pt\/#\/schema\/person\/c4278d4a6028830caff9ee44b42d32ed"},"headline":"Praticamente nenhum hospital estava preparado em 2025 para apag\u00e3o de tr\u00eas dias","datePublished":"2026-03-25T14:06:33+00:00","mainEntityOfPage":{"@id":"https:\/\/portaltela.pt\/noticias\/2026\/03\/25\/praticamente-nenhum-hospital-estava-preparado-em-2025-para-apagao-de-tres-dias\/"},"wordCount":348,"image":{"@id":"https:\/\/portaltela.pt\/noticias\/2026\/03\/25\/praticamente-nenhum-hospital-estava-preparado-em-2025-para-apagao-de-tres-dias\/#primaryimage"},"thumbnailUrl":"https:\/\/portaltela.pt\/s.01k8rhncp4jt1\/2026\/03\/img_1500x1000uu2025-04-29-10-50-29-2205595.jpg","keywords":["apag\u00e3o","emerg\u00eancia","energia","hospitais","hospital","sa\u00fade p\u00fablica"],"articleSection":["Sa\u00fade"],"inLanguage":"pt-PT"},{"@type":"WebPage","@id":"https:\/\/portaltela.pt\/noticias\/2026\/03\/25\/praticamente-nenhum-hospital-estava-preparado-em-2025-para-apagao-de-tres-dias\/","url":"https:\/\/portaltela.pt\/noticias\/2026\/03\/25\/praticamente-nenhum-hospital-estava-preparado-em-2025-para-apagao-de-tres-dias\/","name":"Praticamente nenhum hospital estava preparado em 2025 para apag\u00e3o de tr\u00eas dias - Portal Tela Portugal","isPartOf":{"@id":"https:\/\/portaltela.pt\/#website"},"primaryImageOfPage":{"@id":"https:\/\/portaltela.pt\/noticias\/2026\/03\/25\/praticamente-nenhum-hospital-estava-preparado-em-2025-para-apagao-de-tres-dias\/#primaryimage"},"image":{"@id":"https:\/\/portaltela.pt\/noticias\/2026\/03\/25\/praticamente-nenhum-hospital-estava-preparado-em-2025-para-apagao-de-tres-dias\/#primaryimage"},"thumbnailUrl":"https:\/\/portaltela.pt\/s.01k8rhncp4jt1\/2026\/03\/img_1500x1000uu2025-04-29-10-50-29-2205595.jpg","datePublished":"2026-03-25T14:06:33+00:00","author":{"@id":"https:\/\/portaltela.pt\/#\/schema\/person\/c4278d4a6028830caff9ee44b42d32ed"},"breadcrumb":{"@id":"https:\/\/portaltela.pt\/noticias\/2026\/03\/25\/praticamente-nenhum-hospital-estava-preparado-em-2025-para-apagao-de-tres-dias\/#breadcrumb"},"inLanguage":"pt-PT","potentialAction":[{"@type":"ReadAction","target":["https:\/\/portaltela.pt\/noticias\/2026\/03\/25\/praticamente-nenhum-hospital-estava-preparado-em-2025-para-apagao-de-tres-dias\/"]}]},{"@type":"ImageObject","inLanguage":"pt-PT","@id":"https:\/\/portaltela.pt\/noticias\/2026\/03\/25\/praticamente-nenhum-hospital-estava-preparado-em-2025-para-apagao-de-tres-dias\/#primaryimage","url":"https:\/\/portaltela.pt\/s.01k8rhncp4jt1\/2026\/03\/img_1500x1000uu2025-04-29-10-50-29-2205595.jpg","contentUrl":"https:\/\/portaltela.pt\/s.01k8rhncp4jt1\/2026\/03\/img_1500x1000uu2025-04-29-10-50-29-2205595.jpg","width":1500,"height":1000,"caption":"Praticamente nenhum hospital estava preparado em 2025 para apag\u00e3o de tr\u00eas dias"},{"@type":"BreadcrumbList","@id":"https:\/\/portaltela.pt\/noticias\/2026\/03\/25\/praticamente-nenhum-hospital-estava-preparado-em-2025-para-apagao-de-tres-dias\/#breadcrumb","itemListElement":[{"@type":"ListItem","position":1,"name":"In\u00edcio","item":"https:\/\/portaltela.pt\/"},{"@type":"ListItem","position":2,"name":"Praticamente nenhum hospital estava preparado em 2025 para apag\u00e3o de tr\u00eas dias"}]},{"@type":"WebSite","@id":"https:\/\/portaltela.pt\/#website","url":"https:\/\/portaltela.pt\/","name":"Portal Tela Portugal","description":"","potentialAction":[{"@type":"SearchAction","target":{"@type":"EntryPoint","urlTemplate":"https:\/\/portaltela.pt\/?s={search_term_string}"},"query-input":{"@type":"PropertyValueSpecification","valueRequired":true,"valueName":"search_term_string"}}],"inLanguage":"pt-PT"},{"@type":"Person","@id":"https:\/\/portaltela.pt\/#\/schema\/person\/c4278d4a6028830caff9ee44b42d32ed","name":"Telinha","image":{"@type":"ImageObject","inLanguage":"pt-PT","@id":"https:\/\/portaltela.pt\/s.01k8rhncp4jt1\/2025\/11\/talking-bot-125x125.png","url":"https:\/\/portaltela.pt\/s.01k8rhncp4jt1\/2025\/11\/talking-bot-125x125.png","contentUrl":"https:\/\/portaltela.pt\/s.01k8rhncp4jt1\/2025\/11\/talking-bot-125x125.png","caption":"Telinha"},"sameAs":["https:\/\/portaltela.pt\/"],"url":"https:\/\/portaltela.pt\/por\/367410592786\/"}]}},"_links":{"self":[{"href":"https:\/\/portaltela.pt\/api\/wp\/v2\/posts\/420931","targetHints":{"allow":["GET"]}}],"collection":[{"href":"https:\/\/portaltela.pt\/api\/wp\/v2\/posts"}],"about":[{"href":"https:\/\/portaltela.pt\/api\/wp\/v2\/types\/post"}],"author":[{"embeddable":true,"href":"https:\/\/portaltela.pt\/api\/wp\/v2\/users\/2"}],"replies":[{"embeddable":true,"href":"https:\/\/portaltela.pt\/api\/wp\/v2\/comments?post=420931"}],"version-history":[{"count":0,"href":"https:\/\/portaltela.pt\/api\/wp\/v2\/posts\/420931\/revisions"}],"wp:featuredmedia":[{"embeddable":true,"href":"https:\/\/portaltela.pt\/api\/wp\/v2\/media\/420934"}],"wp:attachment":[{"href":"https:\/\/portaltela.pt\/api\/wp\/v2\/media?parent=420931"}],"wp:term":[{"taxonomy":"category","embeddable":true,"href":"https:\/\/portaltela.pt\/api\/wp\/v2\/categories?post=420931"},{"taxonomy":"post_tag","embeddable":true,"href":"https:\/\/portaltela.pt\/api\/wp\/v2\/tags?post=420931"}],"curies":[{"name":"wp","href":"https:\/\/api.w.org\/{rel}","templated":true}]}}