{"id":420929,"date":"2026-03-25T11:03:00","date_gmt":"2026-03-25T14:03:00","guid":{"rendered":"https:\/\/portaltela.pt\/noticias\/2026\/03\/25\/isaltino-morais-diz-que-almocos-sao-parte-da-atividade-administrativa-das-camaras\/"},"modified":"2026-03-25T11:03:00","modified_gmt":"2026-03-25T14:03:00","slug":"isaltino-morais-diz-que-almocos-sao-parte-da-atividade-administrativa-das-camaras","status":"publish","type":"post","link":"https:\/\/portaltela.pt\/noticias\/politica\/2026\/03\/25\/isaltino-morais-diz-que-almocos-sao-parte-da-atividade-administrativa-das-camaras\/","title":{"rendered":"Isaltino Morais diz que almo\u00e7os s\u00e3o parte da atividade administrativa das c\u00e2maras"},"content":{"rendered":"<p>Isaltino Morais afirmou que os almo\u00e7os entre membros de c\u00e2maras integram a atividade administrativa normal. A declara\u00e7\u00e3o foca na gest\u00e3o de rotinas do \u00f3rg\u00e3o municipal.<\/p>\n<p>Segundo o excerto disponibilizado, Morais refere que estas refei\u00e7\u00f5es fazem parte do funcionamento institucional, sem indicar mudan\u00e7as de posi\u00e7\u00e3o ou de norma.<\/p>\n<p>O conte\u00fado completo da not\u00edcia continua acess\u00edvel apenas a subscritores, n\u00e3o sendo fornecidos detalhes adicionais neste trecho divulgado.<\/p>\n","protected":false},"excerpt":{"rendered":"<ul>\n<li>Isaltino Morais afirma que almo\u00e7os s\u00e3o parte da atividade administrativa normal das c\u00e2maras.<\/li>\n<li>A declara\u00e7\u00e3o aborda o papel das refei\u00e7\u00f5es no funcionamento das entidades municipais.<\/li>\n<li>A not\u00edcia indica que o conte\u00fado completo est\u00e1 dispon\u00edvel apenas para subscritores.<\/li>\n<li>O texto resumido permanece fiel \u00e0 informa\u00e7\u00e3o apresentada no t\u00edtulo, sem valorizar ou opinar.<\/li>\n<\/ul>\n","protected":false},"author":2,"featured_media":420932,"comment_status":"closed","ping_status":"closed","sticky":false,"template":"","format":"standard","meta":{"footnotes":""},"categories":[1,5],"tags":[168,2706,5449,6329,5334,2832],"class_list":["post-420929","post","type-post","status-publish","format-standard","has-post-thumbnail","hentry","category-noticias","category-politica","tag-administracao-publica","tag-autarquias","tag-camara-municipal","tag-camaras","tag-gestao-publica","tag-politica"],"yoast_head":"<!-- This site is optimized with the Yoast SEO plugin v27.2 - https:\/\/yoast.com\/product\/yoast-seo-wordpress\/ -->\n<title>Isaltino Morais diz que almo\u00e7os s\u00e3o parte da atividade administrativa das c\u00e2maras - Portal Tela Portugal<\/title>\n<meta name=\"robots\" content=\"index, follow, max-snippet:-1, max-image-preview:large, max-video-preview:-1\" \/>\n<meta property=\"og:locale\" content=\"pt_PT\" \/>\n<meta property=\"og:type\" content=\"article\" \/>\n<meta property=\"og:title\" content=\"Isaltino Morais diz que almo\u00e7os s\u00e3o parte da atividade administrativa das c\u00e2maras - Portal Tela Portugal\" \/>\n<meta property=\"og:description\" content=\"Isaltino Morais afirma que almo\u00e7os s\u00e3o parte da atividade administrativa normal das c\u00e2maras. A declara\u00e7\u00e3o aborda o papel das refei\u00e7\u00f5es no funcionamento das entidades municipais. A not\u00edcia indica que o conte\u00fado completo est\u00e1 dispon\u00edvel apenas para subscritores. O texto resumido permanece fiel \u00e0 informa\u00e7\u00e3o apresentada no t\u00edtulo, sem valorizar ou opinar.\" \/>\n<meta property=\"og:url\" content=\"https:\/\/portaltela.pt\/noticias\/2026\/03\/25\/isaltino-morais-diz-que-almocos-sao-parte-da-atividade-administrativa-das-camaras\/\" \/>\n<meta property=\"og:site_name\" content=\"Portal Tela Portugal\" \/>\n<meta property=\"article:published_time\" content=\"2026-03-25T14:03:00+00:00\" \/>\n<meta name=\"author\" content=\"Telinha\" \/>\n<meta name=\"twitter:card\" content=\"summary_large_image\" \/>\n<meta name=\"twitter:label1\" content=\"Escrito por\" \/>\n\t<meta name=\"twitter:data1\" content=\"Telinha\" \/>\n<script type=\"application\/ld+json\" class=\"yoast-schema-graph\">{\"@context\":\"https:\/\/schema.org\",\"@graph\":[{\"@type\":\"Article\",\"@id\":\"https:\/\/portaltela.pt\/noticias\/2026\/03\/25\/isaltino-morais-diz-que-almocos-sao-parte-da-atividade-administrativa-das-camaras\/#article\",\"isPartOf\":{\"@id\":\"https:\/\/portaltela.pt\/noticias\/2026\/03\/25\/isaltino-morais-diz-que-almocos-sao-parte-da-atividade-administrativa-das-camaras\/\"},\"author\":{\"name\":\"Telinha\",\"@id\":\"https:\/\/portaltela.pt\/#\/schema\/person\/c4278d4a6028830caff9ee44b42d32ed\"},\"headline\":\"Isaltino Morais diz que almo\u00e7os s\u00e3o parte da atividade administrativa das c\u00e2maras\",\"datePublished\":\"2026-03-25T14:03:00+00:00\",\"mainEntityOfPage\":{\"@id\":\"https:\/\/portaltela.pt\/noticias\/2026\/03\/25\/isaltino-morais-diz-que-almocos-sao-parte-da-atividade-administrativa-das-camaras\/\"},\"wordCount\":92,\"image\":{\"@id\":\"https:\/\/portaltela.pt\/noticias\/2026\/03\/25\/isaltino-morais-diz-que-almocos-sao-parte-da-atividade-administrativa-das-camaras\/#primaryimage\"},\"thumbnailUrl\":\"https:\/\/portaltela.pt\/s.01k8rhncp4jt1\/2026\/03\/CACHE_780X1200_ANALOG_WATERMARKED_44180606_3599929_07012025124152.jpg\",\"keywords\":[\"administra\u00e7\u00e3o p\u00fablica\",\"autarquias\",\"C\u00e2mara Municipal\",\"c\u00e2maras\",\"gest\u00e3o p\u00fablica\",\"pol\u00edtica\"],\"articleSection\":[\"Not\u00edcias\",\"Pol\u00edtica\"],\"inLanguage\":\"pt-PT\"},{\"@type\":\"WebPage\",\"@id\":\"https:\/\/portaltela.pt\/noticias\/2026\/03\/25\/isaltino-morais-diz-que-almocos-sao-parte-da-atividade-administrativa-das-camaras\/\",\"url\":\"https:\/\/portaltela.pt\/noticias\/2026\/03\/25\/isaltino-morais-diz-que-almocos-sao-parte-da-atividade-administrativa-das-camaras\/\",\"name\":\"Isaltino Morais diz que almo\u00e7os s\u00e3o parte da atividade administrativa das c\u00e2maras - Portal Tela Portugal\",\"isPartOf\":{\"@id\":\"https:\/\/portaltela.pt\/#website\"},\"primaryImageOfPage\":{\"@id\":\"https:\/\/portaltela.pt\/noticias\/2026\/03\/25\/isaltino-morais-diz-que-almocos-sao-parte-da-atividade-administrativa-das-camaras\/#primaryimage\"},\"image\":{\"@id\":\"https:\/\/portaltela.pt\/noticias\/2026\/03\/25\/isaltino-morais-diz-que-almocos-sao-parte-da-atividade-administrativa-das-camaras\/#primaryimage\"},\"thumbnailUrl\":\"https:\/\/portaltela.pt\/s.01k8rhncp4jt1\/2026\/03\/CACHE_780X1200_ANALOG_WATERMARKED_44180606_3599929_07012025124152.jpg\",\"datePublished\":\"2026-03-25T14:03:00+00:00\",\"author\":{\"@id\":\"https:\/\/portaltela.pt\/#\/schema\/person\/c4278d4a6028830caff9ee44b42d32ed\"},\"breadcrumb\":{\"@id\":\"https:\/\/portaltela.pt\/noticias\/2026\/03\/25\/isaltino-morais-diz-que-almocos-sao-parte-da-atividade-administrativa-das-camaras\/#breadcrumb\"},\"inLanguage\":\"pt-PT\",\"potentialAction\":[{\"@type\":\"ReadAction\",\"target\":[\"https:\/\/portaltela.pt\/noticias\/2026\/03\/25\/isaltino-morais-diz-que-almocos-sao-parte-da-atividade-administrativa-das-camaras\/\"]}]},{\"@type\":\"ImageObject\",\"inLanguage\":\"pt-PT\",\"@id\":\"https:\/\/portaltela.pt\/noticias\/2026\/03\/25\/isaltino-morais-diz-que-almocos-sao-parte-da-atividade-administrativa-das-camaras\/#primaryimage\",\"url\":\"https:\/\/portaltela.pt\/s.01k8rhncp4jt1\/2026\/03\/CACHE_780X1200_ANALOG_WATERMARKED_44180606_3599929_07012025124152.jpg\",\"contentUrl\":\"https:\/\/portaltela.pt\/s.01k8rhncp4jt1\/2026\/03\/CACHE_780X1200_ANALOG_WATERMARKED_44180606_3599929_07012025124152.jpg\",\"width\":796,\"height\":448,\"caption\":\"Isaltino Morais diz que almo\u00e7os fazem parte da atividade administrativa normal das c\u00e2maras\"},{\"@type\":\"BreadcrumbList\",\"@id\":\"https:\/\/portaltela.pt\/noticias\/2026\/03\/25\/isaltino-morais-diz-que-almocos-sao-parte-da-atividade-administrativa-das-camaras\/#breadcrumb\",\"itemListElement\":[{\"@type\":\"ListItem\",\"position\":1,\"name\":\"In\u00edcio\",\"item\":\"https:\/\/portaltela.pt\/\"},{\"@type\":\"ListItem\",\"position\":2,\"name\":\"Isaltino Morais diz que almo\u00e7os s\u00e3o parte da atividade administrativa das c\u00e2maras\"}]},{\"@type\":\"WebSite\",\"@id\":\"https:\/\/portaltela.pt\/#website\",\"url\":\"https:\/\/portaltela.pt\/\",\"name\":\"Portal Tela Portugal\",\"description\":\"\",\"potentialAction\":[{\"@type\":\"SearchAction\",\"target\":{\"@type\":\"EntryPoint\",\"urlTemplate\":\"https:\/\/portaltela.pt\/?s={search_term_string}\"},\"query-input\":{\"@type\":\"PropertyValueSpecification\",\"valueRequired\":true,\"valueName\":\"search_term_string\"}}],\"inLanguage\":\"pt-PT\"},{\"@type\":\"Person\",\"@id\":\"https:\/\/portaltela.pt\/#\/schema\/person\/c4278d4a6028830caff9ee44b42d32ed\",\"name\":\"Telinha\",\"image\":{\"@type\":\"ImageObject\",\"inLanguage\":\"pt-PT\",\"@id\":\"https:\/\/portaltela.pt\/s.01k8rhncp4jt1\/2025\/11\/talking-bot-125x125.png\",\"url\":\"https:\/\/portaltela.pt\/s.01k8rhncp4jt1\/2025\/11\/talking-bot-125x125.png\",\"contentUrl\":\"https:\/\/portaltela.pt\/s.01k8rhncp4jt1\/2025\/11\/talking-bot-125x125.png\",\"caption\":\"Telinha\"},\"sameAs\":[\"https:\/\/portaltela.pt\/\"],\"url\":\"https:\/\/portaltela.pt\/por\/367410592786\/\"}]}<\/script>\n<!-- \/ Yoast SEO plugin. -->","yoast_head_json":{"title":"Isaltino Morais diz que almo\u00e7os s\u00e3o parte da atividade administrativa das c\u00e2maras - Portal Tela Portugal","robots":{"index":"index","follow":"follow","max-snippet":"max-snippet:-1","max-image-preview":"max-image-preview:large","max-video-preview":"max-video-preview:-1"},"og_locale":"pt_PT","og_type":"article","og_title":"Isaltino Morais diz que almo\u00e7os s\u00e3o parte da atividade administrativa das c\u00e2maras - Portal Tela Portugal","og_description":"Isaltino Morais afirma que almo\u00e7os s\u00e3o parte da atividade administrativa normal das c\u00e2maras. A declara\u00e7\u00e3o aborda o papel das refei\u00e7\u00f5es no funcionamento das entidades municipais. A not\u00edcia indica que o conte\u00fado completo est\u00e1 dispon\u00edvel apenas para subscritores. O texto resumido permanece fiel \u00e0 informa\u00e7\u00e3o apresentada no t\u00edtulo, sem valorizar ou opinar.","og_url":"https:\/\/portaltela.pt\/noticias\/2026\/03\/25\/isaltino-morais-diz-que-almocos-sao-parte-da-atividade-administrativa-das-camaras\/","og_site_name":"Portal Tela Portugal","article_published_time":"2026-03-25T14:03:00+00:00","author":"Telinha","twitter_card":"summary_large_image","twitter_misc":{"Escrito por":"Telinha"},"schema":{"@context":"https:\/\/schema.org","@graph":[{"@type":"Article","@id":"https:\/\/portaltela.pt\/noticias\/2026\/03\/25\/isaltino-morais-diz-que-almocos-sao-parte-da-atividade-administrativa-das-camaras\/#article","isPartOf":{"@id":"https:\/\/portaltela.pt\/noticias\/2026\/03\/25\/isaltino-morais-diz-que-almocos-sao-parte-da-atividade-administrativa-das-camaras\/"},"author":{"name":"Telinha","@id":"https:\/\/portaltela.pt\/#\/schema\/person\/c4278d4a6028830caff9ee44b42d32ed"},"headline":"Isaltino Morais diz que almo\u00e7os s\u00e3o parte da atividade administrativa das c\u00e2maras","datePublished":"2026-03-25T14:03:00+00:00","mainEntityOfPage":{"@id":"https:\/\/portaltela.pt\/noticias\/2026\/03\/25\/isaltino-morais-diz-que-almocos-sao-parte-da-atividade-administrativa-das-camaras\/"},"wordCount":92,"image":{"@id":"https:\/\/portaltela.pt\/noticias\/2026\/03\/25\/isaltino-morais-diz-que-almocos-sao-parte-da-atividade-administrativa-das-camaras\/#primaryimage"},"thumbnailUrl":"https:\/\/portaltela.pt\/s.01k8rhncp4jt1\/2026\/03\/CACHE_780X1200_ANALOG_WATERMARKED_44180606_3599929_07012025124152.jpg","keywords":["administra\u00e7\u00e3o p\u00fablica","autarquias","C\u00e2mara Municipal","c\u00e2maras","gest\u00e3o p\u00fablica","pol\u00edtica"],"articleSection":["Not\u00edcias","Pol\u00edtica"],"inLanguage":"pt-PT"},{"@type":"WebPage","@id":"https:\/\/portaltela.pt\/noticias\/2026\/03\/25\/isaltino-morais-diz-que-almocos-sao-parte-da-atividade-administrativa-das-camaras\/","url":"https:\/\/portaltela.pt\/noticias\/2026\/03\/25\/isaltino-morais-diz-que-almocos-sao-parte-da-atividade-administrativa-das-camaras\/","name":"Isaltino Morais diz que almo\u00e7os s\u00e3o parte da atividade administrativa das c\u00e2maras - Portal Tela Portugal","isPartOf":{"@id":"https:\/\/portaltela.pt\/#website"},"primaryImageOfPage":{"@id":"https:\/\/portaltela.pt\/noticias\/2026\/03\/25\/isaltino-morais-diz-que-almocos-sao-parte-da-atividade-administrativa-das-camaras\/#primaryimage"},"image":{"@id":"https:\/\/portaltela.pt\/noticias\/2026\/03\/25\/isaltino-morais-diz-que-almocos-sao-parte-da-atividade-administrativa-das-camaras\/#primaryimage"},"thumbnailUrl":"https:\/\/portaltela.pt\/s.01k8rhncp4jt1\/2026\/03\/CACHE_780X1200_ANALOG_WATERMARKED_44180606_3599929_07012025124152.jpg","datePublished":"2026-03-25T14:03:00+00:00","author":{"@id":"https:\/\/portaltela.pt\/#\/schema\/person\/c4278d4a6028830caff9ee44b42d32ed"},"breadcrumb":{"@id":"https:\/\/portaltela.pt\/noticias\/2026\/03\/25\/isaltino-morais-diz-que-almocos-sao-parte-da-atividade-administrativa-das-camaras\/#breadcrumb"},"inLanguage":"pt-PT","potentialAction":[{"@type":"ReadAction","target":["https:\/\/portaltela.pt\/noticias\/2026\/03\/25\/isaltino-morais-diz-que-almocos-sao-parte-da-atividade-administrativa-das-camaras\/"]}]},{"@type":"ImageObject","inLanguage":"pt-PT","@id":"https:\/\/portaltela.pt\/noticias\/2026\/03\/25\/isaltino-morais-diz-que-almocos-sao-parte-da-atividade-administrativa-das-camaras\/#primaryimage","url":"https:\/\/portaltela.pt\/s.01k8rhncp4jt1\/2026\/03\/CACHE_780X1200_ANALOG_WATERMARKED_44180606_3599929_07012025124152.jpg","contentUrl":"https:\/\/portaltela.pt\/s.01k8rhncp4jt1\/2026\/03\/CACHE_780X1200_ANALOG_WATERMARKED_44180606_3599929_07012025124152.jpg","width":796,"height":448,"caption":"Isaltino Morais diz que almo\u00e7os fazem parte da atividade administrativa normal das c\u00e2maras"},{"@type":"BreadcrumbList","@id":"https:\/\/portaltela.pt\/noticias\/2026\/03\/25\/isaltino-morais-diz-que-almocos-sao-parte-da-atividade-administrativa-das-camaras\/#breadcrumb","itemListElement":[{"@type":"ListItem","position":1,"name":"In\u00edcio","item":"https:\/\/portaltela.pt\/"},{"@type":"ListItem","position":2,"name":"Isaltino Morais diz que almo\u00e7os s\u00e3o parte da atividade administrativa das c\u00e2maras"}]},{"@type":"WebSite","@id":"https:\/\/portaltela.pt\/#website","url":"https:\/\/portaltela.pt\/","name":"Portal Tela Portugal","description":"","potentialAction":[{"@type":"SearchAction","target":{"@type":"EntryPoint","urlTemplate":"https:\/\/portaltela.pt\/?s={search_term_string}"},"query-input":{"@type":"PropertyValueSpecification","valueRequired":true,"valueName":"search_term_string"}}],"inLanguage":"pt-PT"},{"@type":"Person","@id":"https:\/\/portaltela.pt\/#\/schema\/person\/c4278d4a6028830caff9ee44b42d32ed","name":"Telinha","image":{"@type":"ImageObject","inLanguage":"pt-PT","@id":"https:\/\/portaltela.pt\/s.01k8rhncp4jt1\/2025\/11\/talking-bot-125x125.png","url":"https:\/\/portaltela.pt\/s.01k8rhncp4jt1\/2025\/11\/talking-bot-125x125.png","contentUrl":"https:\/\/portaltela.pt\/s.01k8rhncp4jt1\/2025\/11\/talking-bot-125x125.png","caption":"Telinha"},"sameAs":["https:\/\/portaltela.pt\/"],"url":"https:\/\/portaltela.pt\/por\/367410592786\/"}]}},"_links":{"self":[{"href":"https:\/\/portaltela.pt\/api\/wp\/v2\/posts\/420929","targetHints":{"allow":["GET"]}}],"collection":[{"href":"https:\/\/portaltela.pt\/api\/wp\/v2\/posts"}],"about":[{"href":"https:\/\/portaltela.pt\/api\/wp\/v2\/types\/post"}],"author":[{"embeddable":true,"href":"https:\/\/portaltela.pt\/api\/wp\/v2\/users\/2"}],"replies":[{"embeddable":true,"href":"https:\/\/portaltela.pt\/api\/wp\/v2\/comments?post=420929"}],"version-history":[{"count":0,"href":"https:\/\/portaltela.pt\/api\/wp\/v2\/posts\/420929\/revisions"}],"wp:featuredmedia":[{"embeddable":true,"href":"https:\/\/portaltela.pt\/api\/wp\/v2\/media\/420932"}],"wp:attachment":[{"href":"https:\/\/portaltela.pt\/api\/wp\/v2\/media?parent=420929"}],"wp:term":[{"taxonomy":"category","embeddable":true,"href":"https:\/\/portaltela.pt\/api\/wp\/v2\/categories?post=420929"},{"taxonomy":"post_tag","embeddable":true,"href":"https:\/\/portaltela.pt\/api\/wp\/v2\/tags?post=420929"}],"curies":[{"name":"wp","href":"https:\/\/api.w.org\/{rel}","templated":true}]}}