{"id":420927,"date":"2026-03-25T11:17:25","date_gmt":"2026-03-25T14:17:25","guid":{"rendered":"https:\/\/portaltela.pt\/noticias\/2026\/03\/25\/ansiedade-de-guerra-especialistas-indicam-medidas-para-proteger-a-saude-mental\/"},"modified":"2026-03-25T11:17:25","modified_gmt":"2026-03-25T14:17:25","slug":"ansiedade-de-guerra-especialistas-indicam-medidas-para-proteger-a-saude-mental","status":"publish","type":"post","link":"https:\/\/portaltela.pt\/saude\/2026\/03\/25\/ansiedade-de-guerra-especialistas-indicam-medidas-para-proteger-a-saude-mental\/","title":{"rendered":"Ansiedade de guerra: especialistas indicam medidas para proteger a sa\u00fade mental"},"content":{"rendered":"<p>A incerteza econ\u00f3mica gerada pela guerra no Ir\u00e3o est\u00e1 a afetar a sa\u00fade mental da popula\u00e7\u00e3o, alertam especialistas. Entre preocupa\u00e7\u00f5es, destacam-se a ansiedade causada pela perce\u00e7\u00e3o de perda de controlo e o peso do custo de vida. Refor\u00e7ar redes sociais, manter rotinas e limitar a exposi\u00e7\u00e3o a not\u00edcias podem ajudar a reduzir o impacto emocional.<\/p>\n<p>O psiquiatra Kazuhiro Tajima, de origem espanhola e japonesa, aponta que a instabilidade econ\u00f3mica amplia a ang\u00fastia. Segundo o especialista, aumentar o acesso a informa\u00e7\u00e3o fidedigna e manter rela\u00e7\u00f5es sociais s\u00f3lidas s\u00e3o medidas-chave para proteger o bem-estar psicol\u00f3gico em per\u00edodos de crise. As rotinas di\u00e1rias devem permanecer est\u00e1veis, incluindo atividades de lazer e desporto.<\/p>\n<h3>Rotinas e redes de apoio<\/h3>\n<p>Tajima sublinha a import\u00e2ncia de n\u00e3o abandonar h\u00e1bitos que ajudam a distrair a mente. Mesmo em tempos de aperto financeiro, manter atividades que promovam bem-estar facilita o regresso a uma sensa\u00e7\u00e3o de normalidade. A socializa\u00e7\u00e3o funciona como amortecedor contra o isolamento e o ac\u00famulo de preocupa\u00e7\u00f5es.<\/p>\n<p>O m\u00e9dico aconselha ainda sentir-se \u00fatil, participando em atividades de lazer ou trabalho que proporcionem significado e satisfa\u00e7\u00e3o. Nesta linha, o surgimento da economia colaborativa \u00e9 visto como um anti-\u00eaxito positivo, ao facilitar a partilha de compet\u00eancias e servi\u00e7os com base no tempo como moeda de troca.<\/p>\n<h3>Economia colaborativa e resili\u00eancia<\/h3>\n<p>No debate sobre estrat\u00e9gias de coping, o aumento da economia partilhada \u00e9 visto como uma resposta social capaz de refor\u00e7ar o tecido comunit\u00e1rio. Projetos que trocam compet\u00eancias entre pessoas podem promover sensa\u00e7\u00e3o de utilidade e perten\u00e7a, contribuindo para a resili\u00eancia coletiva frente \u00e0 crise econ\u00f3mica.<\/p>\n<p>Em contextos marcados pela tens\u00e3o geopol\u00edtica e pelo aumento do custo de vida, manter a sa\u00fade mental \u00e9 considerado crucial. As recomenda\u00e7\u00f5es passam por refor\u00e7ar rela\u00e7\u00f5es sociais, preservar rotinas e manter atividades que proporcionem bem-estar, mesmo diante de incertezas econ\u00f3micas.<\/p>\n","protected":false},"excerpt":{"rendered":"<ul>\n<li>A incerteza econ\u00f3mica causada pela guerra no Ir\u00e3o aumenta a preocupa\u00e7\u00e3o social e pode afetar a sa\u00fade mental; especialistas recomendam manter rela\u00e7\u00f5es sociais, rotinas di\u00e1rias e evitar exposi\u00e7\u00e3o excessiva ao tema.<\/li>\n<li>O psiquiatra Kazuhiro Tajima explica que a incerteza econ\u00f3mica pode provocar ang\u00fastia e sensa\u00e7\u00e3o de perda de controlo, aumentando a ansiedade.<\/li>\n<li>Recomenda\u00e7\u00e3o: buscar informa\u00e7\u00e3o sobre a crise e refor\u00e7ar as rela\u00e7\u00f5es sociais, al\u00e9m de manter h\u00e1bitos de lazer, desporto e outras rotinas di\u00e1rias.<\/li>\n<li>Manter atividades de lazer e desporto \u00e9 importante para evitar o aumento da ang\u00fastia; sentir-se \u00fatil atrav\u00e9s de atividades de lazer ou trabalho tamb\u00e9m ajuda a manter a sa\u00fade mental.<\/li>\n<li>O especialista destaca ainda o regresso do esp\u00edrito de coopera\u00e7\u00e3o, com a economia colaborativa a crescer, exemplificada pela plataforma Saco, que troca compet\u00eancias por servi\u00e7os usando o tempo como moeda.<\/li>\n<\/ul>\n","protected":false},"author":2,"featured_media":420928,"comment_status":"closed","ping_status":"closed","sticky":false,"template":"","format":"standard","meta":{"footnotes":""},"categories":[6745],"tags":[1211,1323,28,5328,172,55],"class_list":["post-420927","post","type-post","status-publish","format-standard","has-post-thumbnail","hentry","category-saude","tag-apoio-social","tag-coesao-social","tag-economia","tag-economia-sustentavel","tag-saude","tag-saude-mental"],"yoast_head":"<!-- This site is optimized with the Yoast SEO plugin v27.2 - https:\/\/yoast.com\/product\/yoast-seo-wordpress\/ -->\n<title>Ansiedade de guerra: especialistas indicam medidas para proteger a sa\u00fade mental - Portal Tela Portugal<\/title>\n<meta name=\"robots\" content=\"index, follow, max-snippet:-1, max-image-preview:large, max-video-preview:-1\" \/>\n<meta property=\"og:locale\" content=\"pt_PT\" \/>\n<meta property=\"og:type\" content=\"article\" \/>\n<meta property=\"og:title\" content=\"Ansiedade de guerra: especialistas indicam medidas para proteger a sa\u00fade mental - Portal Tela Portugal\" \/>\n<meta property=\"og:description\" content=\"A incerteza econ\u00f3mica causada pela guerra no Ir\u00e3o aumenta a preocupa\u00e7\u00e3o social e pode afetar a sa\u00fade mental; especialistas recomendam manter rela\u00e7\u00f5es sociais, rotinas di\u00e1rias e evitar exposi\u00e7\u00e3o excessiva ao tema. O psiquiatra Kazuhiro Tajima explica que a incerteza econ\u00f3mica pode provocar ang\u00fastia e sensa\u00e7\u00e3o de perda de controlo, aumentando a ansiedade. Recomenda\u00e7\u00e3o: buscar informa\u00e7\u00e3o sobre a crise e refor\u00e7ar as rela\u00e7\u00f5es sociais, al\u00e9m de manter h\u00e1bitos de lazer, desporto e outras rotinas di\u00e1rias. Manter atividades de lazer e desporto \u00e9 importante para evitar o aumento da ang\u00fastia; sentir-se \u00fatil atrav\u00e9s de atividades de lazer ou trabalho tamb\u00e9m ajuda a manter a sa\u00fade mental. O especialista destaca ainda o regresso do esp\u00edrito de coopera\u00e7\u00e3o, com a economia colaborativa a crescer, exemplificada pela plataforma Saco, que troca compet\u00eancias por servi\u00e7os usando o tempo como moeda.\" \/>\n<meta property=\"og:url\" content=\"https:\/\/portaltela.pt\/noticias\/2026\/03\/25\/ansiedade-de-guerra-especialistas-indicam-medidas-para-proteger-a-saude-mental\/\" \/>\n<meta property=\"og:site_name\" content=\"Portal Tela Portugal\" \/>\n<meta property=\"article:published_time\" content=\"2026-03-25T14:17:25+00:00\" \/>\n<meta name=\"author\" content=\"Telinha\" \/>\n<meta name=\"twitter:card\" content=\"summary_large_image\" \/>\n<meta name=\"twitter:label1\" content=\"Escrito por\" \/>\n\t<meta name=\"twitter:data1\" content=\"Telinha\" \/>\n\t<meta name=\"twitter:label2\" content=\"Tempo estimado de leitura\" \/>\n\t<meta name=\"twitter:data2\" content=\"2 minutos\" \/>\n<script type=\"application\/ld+json\" class=\"yoast-schema-graph\">{\"@context\":\"https:\/\/schema.org\",\"@graph\":[{\"@type\":\"Article\",\"@id\":\"https:\/\/portaltela.pt\/noticias\/2026\/03\/25\/ansiedade-de-guerra-especialistas-indicam-medidas-para-proteger-a-saude-mental\/#article\",\"isPartOf\":{\"@id\":\"https:\/\/portaltela.pt\/noticias\/2026\/03\/25\/ansiedade-de-guerra-especialistas-indicam-medidas-para-proteger-a-saude-mental\/\"},\"author\":{\"name\":\"Telinha\",\"@id\":\"https:\/\/portaltela.pt\/#\/schema\/person\/c4278d4a6028830caff9ee44b42d32ed\"},\"headline\":\"Ansiedade de guerra: especialistas indicam medidas para proteger a sa\u00fade mental\",\"datePublished\":\"2026-03-25T14:17:25+00:00\",\"mainEntityOfPage\":{\"@id\":\"https:\/\/portaltela.pt\/noticias\/2026\/03\/25\/ansiedade-de-guerra-especialistas-indicam-medidas-para-proteger-a-saude-mental\/\"},\"wordCount\":351,\"image\":{\"@id\":\"https:\/\/portaltela.pt\/noticias\/2026\/03\/25\/ansiedade-de-guerra-especialistas-indicam-medidas-para-proteger-a-saude-mental\/#primaryimage\"},\"thumbnailUrl\":\"https:\/\/portaltela.pt\/s.01k8rhncp4jt1\/2026\/03\/1536x864_cmsv2_3bcea0f6-7f62-5d31-969d-e1d20df3e610-9697712.jpg\",\"keywords\":[\"Apoio Social\",\"Coes\u00e3o social\",\"economia\",\"Economia Sustent\u00e1vel\",\"sa\u00fade\",\"sa\u00fade mental\"],\"articleSection\":[\"Sa\u00fade\"],\"inLanguage\":\"pt-PT\"},{\"@type\":\"WebPage\",\"@id\":\"https:\/\/portaltela.pt\/noticias\/2026\/03\/25\/ansiedade-de-guerra-especialistas-indicam-medidas-para-proteger-a-saude-mental\/\",\"url\":\"https:\/\/portaltela.pt\/noticias\/2026\/03\/25\/ansiedade-de-guerra-especialistas-indicam-medidas-para-proteger-a-saude-mental\/\",\"name\":\"Ansiedade de guerra: especialistas indicam medidas para proteger a sa\u00fade mental - Portal Tela Portugal\",\"isPartOf\":{\"@id\":\"https:\/\/portaltela.pt\/#website\"},\"primaryImageOfPage\":{\"@id\":\"https:\/\/portaltela.pt\/noticias\/2026\/03\/25\/ansiedade-de-guerra-especialistas-indicam-medidas-para-proteger-a-saude-mental\/#primaryimage\"},\"image\":{\"@id\":\"https:\/\/portaltela.pt\/noticias\/2026\/03\/25\/ansiedade-de-guerra-especialistas-indicam-medidas-para-proteger-a-saude-mental\/#primaryimage\"},\"thumbnailUrl\":\"https:\/\/portaltela.pt\/s.01k8rhncp4jt1\/2026\/03\/1536x864_cmsv2_3bcea0f6-7f62-5d31-969d-e1d20df3e610-9697712.jpg\",\"datePublished\":\"2026-03-25T14:17:25+00:00\",\"author\":{\"@id\":\"https:\/\/portaltela.pt\/#\/schema\/person\/c4278d4a6028830caff9ee44b42d32ed\"},\"breadcrumb\":{\"@id\":\"https:\/\/portaltela.pt\/noticias\/2026\/03\/25\/ansiedade-de-guerra-especialistas-indicam-medidas-para-proteger-a-saude-mental\/#breadcrumb\"},\"inLanguage\":\"pt-PT\",\"potentialAction\":[{\"@type\":\"ReadAction\",\"target\":[\"https:\/\/portaltela.pt\/noticias\/2026\/03\/25\/ansiedade-de-guerra-especialistas-indicam-medidas-para-proteger-a-saude-mental\/\"]}]},{\"@type\":\"ImageObject\",\"inLanguage\":\"pt-PT\",\"@id\":\"https:\/\/portaltela.pt\/noticias\/2026\/03\/25\/ansiedade-de-guerra-especialistas-indicam-medidas-para-proteger-a-saude-mental\/#primaryimage\",\"url\":\"https:\/\/portaltela.pt\/s.01k8rhncp4jt1\/2026\/03\/1536x864_cmsv2_3bcea0f6-7f62-5d31-969d-e1d20df3e610-9697712.jpg\",\"contentUrl\":\"https:\/\/portaltela.pt\/s.01k8rhncp4jt1\/2026\/03\/1536x864_cmsv2_3bcea0f6-7f62-5d31-969d-e1d20df3e610-9697712.jpg\",\"width\":1536,\"height\":864,\"caption\":\"Photo\"},{\"@type\":\"BreadcrumbList\",\"@id\":\"https:\/\/portaltela.pt\/noticias\/2026\/03\/25\/ansiedade-de-guerra-especialistas-indicam-medidas-para-proteger-a-saude-mental\/#breadcrumb\",\"itemListElement\":[{\"@type\":\"ListItem\",\"position\":1,\"name\":\"In\u00edcio\",\"item\":\"https:\/\/portaltela.pt\/\"},{\"@type\":\"ListItem\",\"position\":2,\"name\":\"Ansiedade de guerra: especialistas indicam medidas para proteger a sa\u00fade mental\"}]},{\"@type\":\"WebSite\",\"@id\":\"https:\/\/portaltela.pt\/#website\",\"url\":\"https:\/\/portaltela.pt\/\",\"name\":\"Portal Tela Portugal\",\"description\":\"\",\"potentialAction\":[{\"@type\":\"SearchAction\",\"target\":{\"@type\":\"EntryPoint\",\"urlTemplate\":\"https:\/\/portaltela.pt\/?s={search_term_string}\"},\"query-input\":{\"@type\":\"PropertyValueSpecification\",\"valueRequired\":true,\"valueName\":\"search_term_string\"}}],\"inLanguage\":\"pt-PT\"},{\"@type\":\"Person\",\"@id\":\"https:\/\/portaltela.pt\/#\/schema\/person\/c4278d4a6028830caff9ee44b42d32ed\",\"name\":\"Telinha\",\"image\":{\"@type\":\"ImageObject\",\"inLanguage\":\"pt-PT\",\"@id\":\"https:\/\/portaltela.pt\/s.01k8rhncp4jt1\/2025\/11\/talking-bot-125x125.png\",\"url\":\"https:\/\/portaltela.pt\/s.01k8rhncp4jt1\/2025\/11\/talking-bot-125x125.png\",\"contentUrl\":\"https:\/\/portaltela.pt\/s.01k8rhncp4jt1\/2025\/11\/talking-bot-125x125.png\",\"caption\":\"Telinha\"},\"sameAs\":[\"https:\/\/portaltela.pt\/\"],\"url\":\"https:\/\/portaltela.pt\/por\/367410592786\/\"}]}<\/script>\n<!-- \/ Yoast SEO plugin. -->","yoast_head_json":{"title":"Ansiedade de guerra: especialistas indicam medidas para proteger a sa\u00fade mental - Portal Tela Portugal","robots":{"index":"index","follow":"follow","max-snippet":"max-snippet:-1","max-image-preview":"max-image-preview:large","max-video-preview":"max-video-preview:-1"},"og_locale":"pt_PT","og_type":"article","og_title":"Ansiedade de guerra: especialistas indicam medidas para proteger a sa\u00fade mental - Portal Tela Portugal","og_description":"A incerteza econ\u00f3mica causada pela guerra no Ir\u00e3o aumenta a preocupa\u00e7\u00e3o social e pode afetar a sa\u00fade mental; especialistas recomendam manter rela\u00e7\u00f5es sociais, rotinas di\u00e1rias e evitar exposi\u00e7\u00e3o excessiva ao tema. O psiquiatra Kazuhiro Tajima explica que a incerteza econ\u00f3mica pode provocar ang\u00fastia e sensa\u00e7\u00e3o de perda de controlo, aumentando a ansiedade. Recomenda\u00e7\u00e3o: buscar informa\u00e7\u00e3o sobre a crise e refor\u00e7ar as rela\u00e7\u00f5es sociais, al\u00e9m de manter h\u00e1bitos de lazer, desporto e outras rotinas di\u00e1rias. Manter atividades de lazer e desporto \u00e9 importante para evitar o aumento da ang\u00fastia; sentir-se \u00fatil atrav\u00e9s de atividades de lazer ou trabalho tamb\u00e9m ajuda a manter a sa\u00fade mental. O especialista destaca ainda o regresso do esp\u00edrito de coopera\u00e7\u00e3o, com a economia colaborativa a crescer, exemplificada pela plataforma Saco, que troca compet\u00eancias por servi\u00e7os usando o tempo como moeda.","og_url":"https:\/\/portaltela.pt\/noticias\/2026\/03\/25\/ansiedade-de-guerra-especialistas-indicam-medidas-para-proteger-a-saude-mental\/","og_site_name":"Portal Tela Portugal","article_published_time":"2026-03-25T14:17:25+00:00","author":"Telinha","twitter_card":"summary_large_image","twitter_misc":{"Escrito por":"Telinha","Tempo estimado de leitura":"2 minutos"},"schema":{"@context":"https:\/\/schema.org","@graph":[{"@type":"Article","@id":"https:\/\/portaltela.pt\/noticias\/2026\/03\/25\/ansiedade-de-guerra-especialistas-indicam-medidas-para-proteger-a-saude-mental\/#article","isPartOf":{"@id":"https:\/\/portaltela.pt\/noticias\/2026\/03\/25\/ansiedade-de-guerra-especialistas-indicam-medidas-para-proteger-a-saude-mental\/"},"author":{"name":"Telinha","@id":"https:\/\/portaltela.pt\/#\/schema\/person\/c4278d4a6028830caff9ee44b42d32ed"},"headline":"Ansiedade de guerra: especialistas indicam medidas para proteger a sa\u00fade mental","datePublished":"2026-03-25T14:17:25+00:00","mainEntityOfPage":{"@id":"https:\/\/portaltela.pt\/noticias\/2026\/03\/25\/ansiedade-de-guerra-especialistas-indicam-medidas-para-proteger-a-saude-mental\/"},"wordCount":351,"image":{"@id":"https:\/\/portaltela.pt\/noticias\/2026\/03\/25\/ansiedade-de-guerra-especialistas-indicam-medidas-para-proteger-a-saude-mental\/#primaryimage"},"thumbnailUrl":"https:\/\/portaltela.pt\/s.01k8rhncp4jt1\/2026\/03\/1536x864_cmsv2_3bcea0f6-7f62-5d31-969d-e1d20df3e610-9697712.jpg","keywords":["Apoio Social","Coes\u00e3o social","economia","Economia Sustent\u00e1vel","sa\u00fade","sa\u00fade mental"],"articleSection":["Sa\u00fade"],"inLanguage":"pt-PT"},{"@type":"WebPage","@id":"https:\/\/portaltela.pt\/noticias\/2026\/03\/25\/ansiedade-de-guerra-especialistas-indicam-medidas-para-proteger-a-saude-mental\/","url":"https:\/\/portaltela.pt\/noticias\/2026\/03\/25\/ansiedade-de-guerra-especialistas-indicam-medidas-para-proteger-a-saude-mental\/","name":"Ansiedade de guerra: especialistas indicam medidas para proteger a sa\u00fade mental - Portal Tela Portugal","isPartOf":{"@id":"https:\/\/portaltela.pt\/#website"},"primaryImageOfPage":{"@id":"https:\/\/portaltela.pt\/noticias\/2026\/03\/25\/ansiedade-de-guerra-especialistas-indicam-medidas-para-proteger-a-saude-mental\/#primaryimage"},"image":{"@id":"https:\/\/portaltela.pt\/noticias\/2026\/03\/25\/ansiedade-de-guerra-especialistas-indicam-medidas-para-proteger-a-saude-mental\/#primaryimage"},"thumbnailUrl":"https:\/\/portaltela.pt\/s.01k8rhncp4jt1\/2026\/03\/1536x864_cmsv2_3bcea0f6-7f62-5d31-969d-e1d20df3e610-9697712.jpg","datePublished":"2026-03-25T14:17:25+00:00","author":{"@id":"https:\/\/portaltela.pt\/#\/schema\/person\/c4278d4a6028830caff9ee44b42d32ed"},"breadcrumb":{"@id":"https:\/\/portaltela.pt\/noticias\/2026\/03\/25\/ansiedade-de-guerra-especialistas-indicam-medidas-para-proteger-a-saude-mental\/#breadcrumb"},"inLanguage":"pt-PT","potentialAction":[{"@type":"ReadAction","target":["https:\/\/portaltela.pt\/noticias\/2026\/03\/25\/ansiedade-de-guerra-especialistas-indicam-medidas-para-proteger-a-saude-mental\/"]}]},{"@type":"ImageObject","inLanguage":"pt-PT","@id":"https:\/\/portaltela.pt\/noticias\/2026\/03\/25\/ansiedade-de-guerra-especialistas-indicam-medidas-para-proteger-a-saude-mental\/#primaryimage","url":"https:\/\/portaltela.pt\/s.01k8rhncp4jt1\/2026\/03\/1536x864_cmsv2_3bcea0f6-7f62-5d31-969d-e1d20df3e610-9697712.jpg","contentUrl":"https:\/\/portaltela.pt\/s.01k8rhncp4jt1\/2026\/03\/1536x864_cmsv2_3bcea0f6-7f62-5d31-969d-e1d20df3e610-9697712.jpg","width":1536,"height":864,"caption":"Photo"},{"@type":"BreadcrumbList","@id":"https:\/\/portaltela.pt\/noticias\/2026\/03\/25\/ansiedade-de-guerra-especialistas-indicam-medidas-para-proteger-a-saude-mental\/#breadcrumb","itemListElement":[{"@type":"ListItem","position":1,"name":"In\u00edcio","item":"https:\/\/portaltela.pt\/"},{"@type":"ListItem","position":2,"name":"Ansiedade de guerra: especialistas indicam medidas para proteger a sa\u00fade mental"}]},{"@type":"WebSite","@id":"https:\/\/portaltela.pt\/#website","url":"https:\/\/portaltela.pt\/","name":"Portal Tela Portugal","description":"","potentialAction":[{"@type":"SearchAction","target":{"@type":"EntryPoint","urlTemplate":"https:\/\/portaltela.pt\/?s={search_term_string}"},"query-input":{"@type":"PropertyValueSpecification","valueRequired":true,"valueName":"search_term_string"}}],"inLanguage":"pt-PT"},{"@type":"Person","@id":"https:\/\/portaltela.pt\/#\/schema\/person\/c4278d4a6028830caff9ee44b42d32ed","name":"Telinha","image":{"@type":"ImageObject","inLanguage":"pt-PT","@id":"https:\/\/portaltela.pt\/s.01k8rhncp4jt1\/2025\/11\/talking-bot-125x125.png","url":"https:\/\/portaltela.pt\/s.01k8rhncp4jt1\/2025\/11\/talking-bot-125x125.png","contentUrl":"https:\/\/portaltela.pt\/s.01k8rhncp4jt1\/2025\/11\/talking-bot-125x125.png","caption":"Telinha"},"sameAs":["https:\/\/portaltela.pt\/"],"url":"https:\/\/portaltela.pt\/por\/367410592786\/"}]}},"_links":{"self":[{"href":"https:\/\/portaltela.pt\/api\/wp\/v2\/posts\/420927","targetHints":{"allow":["GET"]}}],"collection":[{"href":"https:\/\/portaltela.pt\/api\/wp\/v2\/posts"}],"about":[{"href":"https:\/\/portaltela.pt\/api\/wp\/v2\/types\/post"}],"author":[{"embeddable":true,"href":"https:\/\/portaltela.pt\/api\/wp\/v2\/users\/2"}],"replies":[{"embeddable":true,"href":"https:\/\/portaltela.pt\/api\/wp\/v2\/comments?post=420927"}],"version-history":[{"count":0,"href":"https:\/\/portaltela.pt\/api\/wp\/v2\/posts\/420927\/revisions"}],"wp:featuredmedia":[{"embeddable":true,"href":"https:\/\/portaltela.pt\/api\/wp\/v2\/media\/420928"}],"wp:attachment":[{"href":"https:\/\/portaltela.pt\/api\/wp\/v2\/media?parent=420927"}],"wp:term":[{"taxonomy":"category","embeddable":true,"href":"https:\/\/portaltela.pt\/api\/wp\/v2\/categories?post=420927"},{"taxonomy":"post_tag","embeddable":true,"href":"https:\/\/portaltela.pt\/api\/wp\/v2\/tags?post=420927"}],"curies":[{"name":"wp","href":"https:\/\/api.w.org\/{rel}","templated":true}]}}