{"id":420922,"date":"2026-03-25T11:14:15","date_gmt":"2026-03-25T14:14:15","guid":{"rendered":"https:\/\/portaltela.pt\/noticias\/2026\/03\/25\/teresa-morais-leva-incidentes-com-chega-do-plenario-a-conferencia-de-lideres\/"},"modified":"2026-03-25T11:14:15","modified_gmt":"2026-03-25T14:14:15","slug":"teresa-morais-leva-incidentes-com-chega-do-plenario-a-conferencia-de-lideres","status":"publish","type":"post","link":"https:\/\/portaltela.pt\/noticias\/politica\/2026\/03\/25\/teresa-morais-leva-incidentes-com-chega-do-plenario-a-conferencia-de-lideres\/","title":{"rendered":"Teresa Morais leva incidentes com Chega do plen\u00e1rio \u00e0 confer\u00eancia de l\u00edderes"},"content":{"rendered":"<p>A vice-presidente da Assembleia da Rep\u00fablica, Teresa Morais, abordou na confer\u00eancia de l\u00edderes desta quarta-feira os incidentes com a bancada do Chega que ocorreram enquanto presidia os trabalhos, recebendo o apoio da maioria dos grupos parlamentares. A informa\u00e7\u00e3o foi confirmada pelo porta-voz da confer\u00eancia, Francisco Figueira.<\/p>\n<p>Morais explicou aos jornalistas que quis partilhar o seu sentimento sobre os acontecimentos que s\u00e3o de conhecimento p\u00fablico. Segundo Figueira, a maioria dos grupos manifestou solidariedade de forma p\u00fablica durante a reuni\u00e3o.<\/p>\n<p>Questionado sobre eventual decis\u00e3o tomada pela confer\u00eancia, o porta-voz indicou que nenhum assunto nesse tema foi colocado para aprecia\u00e7\u00e3o. A vice-presidente pretendia colocar a quest\u00e3o relativa aos dois dias em que presidiu os trabalhos, e os grupos, na opini\u00e3o dele, pronunciaram-se de forma un\u00e2nime.<\/p>\n<h3>Contexto<\/h3>\n<p>No in\u00edcio do m\u00eas, durante o debate quinzenal com o Primeiro-Ministro, o l\u00edder do Chega acusou Morais de tratamento desigual, acusa\u00e7\u00e3o que foi rejeitada pela antiga jurista, com apoio de PSD e PS. A seguir, a bancada do Chega abandonou o hemiciclo antes do final do debate que o pr\u00f3prio partido havia marcado para abordar o tema do racismo.<\/p>\n<p>No dia seguinte, o Chega continuou sem retornar ao plen\u00e1rio, ap\u00f3s novo choque com Morais que presidia os trabalhos. As situa\u00e7\u00f5es ocorreram numa sequ\u00eancia de epis\u00f3dios j\u00e1 indicados pelo grupo parlamentar na linha de oposi\u00e7\u00e3o.<\/p>\n","protected":false},"excerpt":{"rendered":"<ul>\n<li>A vice-presidente da Assembleia da Rep\u00fablica, Teresa Morais, abordou os incidentes com a bancada do Chega durante a confer\u00eancia de l\u00edderes desta quarta-feira.<\/li>\n<li>Disse aos jornalistas que teve solidariedade da maior parte dos grupos parlamentares, verificada na reuni\u00e3o.<\/li>\n<li>O porta-voz da confer\u00eancia, Francisco Figueira, confirmou a posi\u00e7\u00e3o de apoio recebido por Morais.<\/li>\n<li>N\u00e3o foi tomada nenhuma decis\u00e3o pela confer\u00eancia de l\u00edderes sobre o assunto, segundo o deputado.<\/li>\n<li>Relembra-se que, no in\u00edcio do m\u00eas, o l\u00edder do Chega acusou Morais de tratamento desigual, acusa\u00e7\u00e3o rejeitada pela social-democrata, com apoio de PSD e PS; no dia seguinte, o Chega deixou o hemiciclo ap\u00f3s nova alterca\u00e7\u00e3o com a vice-presidente.<\/li>\n<\/ul>\n","protected":false},"author":2,"featured_media":420924,"comment_status":"closed","ping_status":"closed","sticky":false,"template":"","format":"standard","meta":{"footnotes":""},"categories":[1,5],"tags":[4211,3796,2142,2832,2144,3695],"class_list":["post-420922","post","type-post","status-publish","format-standard","has-post-thumbnail","hentry","category-noticias","category-politica","tag-assembleia-nacional","tag-assembleias","tag-chega","tag-politica","tag-ps","tag-psd"],"yoast_head":"<!-- This site is optimized with the Yoast SEO plugin v27.2 - https:\/\/yoast.com\/product\/yoast-seo-wordpress\/ -->\n<title>Teresa Morais leva incidentes com Chega do plen\u00e1rio \u00e0 confer\u00eancia de l\u00edderes - Portal Tela Portugal<\/title>\n<meta name=\"robots\" content=\"index, follow, max-snippet:-1, max-image-preview:large, max-video-preview:-1\" \/>\n<meta property=\"og:locale\" content=\"pt_PT\" \/>\n<meta property=\"og:type\" content=\"article\" \/>\n<meta property=\"og:title\" content=\"Teresa Morais leva incidentes com Chega do plen\u00e1rio \u00e0 confer\u00eancia de l\u00edderes - Portal Tela Portugal\" \/>\n<meta property=\"og:description\" content=\"A vice-presidente da Assembleia da Rep\u00fablica, Teresa Morais, abordou os incidentes com a bancada do Chega durante a confer\u00eancia de l\u00edderes desta quarta-feira. Disse aos jornalistas que teve solidariedade da maior parte dos grupos parlamentares, verificada na reuni\u00e3o. O porta-voz da confer\u00eancia, Francisco Figueira, confirmou a posi\u00e7\u00e3o de apoio recebido por Morais. N\u00e3o foi tomada nenhuma decis\u00e3o pela confer\u00eancia de l\u00edderes sobre o assunto, segundo o deputado. Relembra-se que, no in\u00edcio do m\u00eas, o l\u00edder do Chega acusou Morais de tratamento desigual, acusa\u00e7\u00e3o rejeitada pela social-democrata, com apoio de PSD e PS; no dia seguinte, o Chega deixou o hemiciclo ap\u00f3s nova alterca\u00e7\u00e3o com a vice-presidente.\" \/>\n<meta property=\"og:url\" content=\"https:\/\/portaltela.pt\/noticias\/2026\/03\/25\/teresa-morais-leva-incidentes-com-chega-do-plenario-a-conferencia-de-lideres\/\" \/>\n<meta property=\"og:site_name\" content=\"Portal Tela Portugal\" \/>\n<meta property=\"article:published_time\" content=\"2026-03-25T14:14:15+00:00\" \/>\n<meta name=\"author\" content=\"Telinha\" \/>\n<meta name=\"twitter:card\" content=\"summary_large_image\" \/>\n<meta name=\"twitter:label1\" content=\"Escrito por\" \/>\n\t<meta name=\"twitter:data1\" content=\"Telinha\" \/>\n\t<meta name=\"twitter:label2\" content=\"Tempo estimado de leitura\" \/>\n\t<meta name=\"twitter:data2\" content=\"1 minuto\" \/>\n<script type=\"application\/ld+json\" class=\"yoast-schema-graph\">{\"@context\":\"https:\/\/schema.org\",\"@graph\":[{\"@type\":\"Article\",\"@id\":\"https:\/\/portaltela.pt\/noticias\/2026\/03\/25\/teresa-morais-leva-incidentes-com-chega-do-plenario-a-conferencia-de-lideres\/#article\",\"isPartOf\":{\"@id\":\"https:\/\/portaltela.pt\/noticias\/2026\/03\/25\/teresa-morais-leva-incidentes-com-chega-do-plenario-a-conferencia-de-lideres\/\"},\"author\":{\"name\":\"Telinha\",\"@id\":\"https:\/\/portaltela.pt\/#\/schema\/person\/c4278d4a6028830caff9ee44b42d32ed\"},\"headline\":\"Teresa Morais leva incidentes com Chega do plen\u00e1rio \u00e0 confer\u00eancia de l\u00edderes\",\"datePublished\":\"2026-03-25T14:14:15+00:00\",\"mainEntityOfPage\":{\"@id\":\"https:\/\/portaltela.pt\/noticias\/2026\/03\/25\/teresa-morais-leva-incidentes-com-chega-do-plenario-a-conferencia-de-lideres\/\"},\"wordCount\":257,\"image\":{\"@id\":\"https:\/\/portaltela.pt\/noticias\/2026\/03\/25\/teresa-morais-leva-incidentes-com-chega-do-plenario-a-conferencia-de-lideres\/#primaryimage\"},\"thumbnailUrl\":\"https:\/\/portaltela.pt\/s.01k8rhncp4jt1\/2026\/03\/img_1500x1000uu2026-03-05-18-31-54-2270597.jpg\",\"keywords\":[\"Assembleia Nacional\",\"assembleias\",\"CHEGA\",\"pol\u00edtica\",\"PS\",\"PSD\"],\"articleSection\":[\"Not\u00edcias\",\"Pol\u00edtica\"],\"inLanguage\":\"pt-PT\"},{\"@type\":\"WebPage\",\"@id\":\"https:\/\/portaltela.pt\/noticias\/2026\/03\/25\/teresa-morais-leva-incidentes-com-chega-do-plenario-a-conferencia-de-lideres\/\",\"url\":\"https:\/\/portaltela.pt\/noticias\/2026\/03\/25\/teresa-morais-leva-incidentes-com-chega-do-plenario-a-conferencia-de-lideres\/\",\"name\":\"Teresa Morais leva incidentes com Chega do plen\u00e1rio \u00e0 confer\u00eancia de l\u00edderes - Portal Tela Portugal\",\"isPartOf\":{\"@id\":\"https:\/\/portaltela.pt\/#website\"},\"primaryImageOfPage\":{\"@id\":\"https:\/\/portaltela.pt\/noticias\/2026\/03\/25\/teresa-morais-leva-incidentes-com-chega-do-plenario-a-conferencia-de-lideres\/#primaryimage\"},\"image\":{\"@id\":\"https:\/\/portaltela.pt\/noticias\/2026\/03\/25\/teresa-morais-leva-incidentes-com-chega-do-plenario-a-conferencia-de-lideres\/#primaryimage\"},\"thumbnailUrl\":\"https:\/\/portaltela.pt\/s.01k8rhncp4jt1\/2026\/03\/img_1500x1000uu2026-03-05-18-31-54-2270597.jpg\",\"datePublished\":\"2026-03-25T14:14:15+00:00\",\"author\":{\"@id\":\"https:\/\/portaltela.pt\/#\/schema\/person\/c4278d4a6028830caff9ee44b42d32ed\"},\"breadcrumb\":{\"@id\":\"https:\/\/portaltela.pt\/noticias\/2026\/03\/25\/teresa-morais-leva-incidentes-com-chega-do-plenario-a-conferencia-de-lideres\/#breadcrumb\"},\"inLanguage\":\"pt-PT\",\"potentialAction\":[{\"@type\":\"ReadAction\",\"target\":[\"https:\/\/portaltela.pt\/noticias\/2026\/03\/25\/teresa-morais-leva-incidentes-com-chega-do-plenario-a-conferencia-de-lideres\/\"]}]},{\"@type\":\"ImageObject\",\"inLanguage\":\"pt-PT\",\"@id\":\"https:\/\/portaltela.pt\/noticias\/2026\/03\/25\/teresa-morais-leva-incidentes-com-chega-do-plenario-a-conferencia-de-lideres\/#primaryimage\",\"url\":\"https:\/\/portaltela.pt\/s.01k8rhncp4jt1\/2026\/03\/img_1500x1000uu2026-03-05-18-31-54-2270597.jpg\",\"contentUrl\":\"https:\/\/portaltela.pt\/s.01k8rhncp4jt1\/2026\/03\/img_1500x1000uu2026-03-05-18-31-54-2270597.jpg\",\"width\":1500,\"height\":1000,\"caption\":\"Teresa Morais, vice-presidente do parlamento\"},{\"@type\":\"BreadcrumbList\",\"@id\":\"https:\/\/portaltela.pt\/noticias\/2026\/03\/25\/teresa-morais-leva-incidentes-com-chega-do-plenario-a-conferencia-de-lideres\/#breadcrumb\",\"itemListElement\":[{\"@type\":\"ListItem\",\"position\":1,\"name\":\"In\u00edcio\",\"item\":\"https:\/\/portaltela.pt\/\"},{\"@type\":\"ListItem\",\"position\":2,\"name\":\"Teresa Morais leva incidentes com Chega do plen\u00e1rio \u00e0 confer\u00eancia de l\u00edderes\"}]},{\"@type\":\"WebSite\",\"@id\":\"https:\/\/portaltela.pt\/#website\",\"url\":\"https:\/\/portaltela.pt\/\",\"name\":\"Portal Tela Portugal\",\"description\":\"\",\"potentialAction\":[{\"@type\":\"SearchAction\",\"target\":{\"@type\":\"EntryPoint\",\"urlTemplate\":\"https:\/\/portaltela.pt\/?s={search_term_string}\"},\"query-input\":{\"@type\":\"PropertyValueSpecification\",\"valueRequired\":true,\"valueName\":\"search_term_string\"}}],\"inLanguage\":\"pt-PT\"},{\"@type\":\"Person\",\"@id\":\"https:\/\/portaltela.pt\/#\/schema\/person\/c4278d4a6028830caff9ee44b42d32ed\",\"name\":\"Telinha\",\"image\":{\"@type\":\"ImageObject\",\"inLanguage\":\"pt-PT\",\"@id\":\"https:\/\/portaltela.pt\/s.01k8rhncp4jt1\/2025\/11\/talking-bot-125x125.png\",\"url\":\"https:\/\/portaltela.pt\/s.01k8rhncp4jt1\/2025\/11\/talking-bot-125x125.png\",\"contentUrl\":\"https:\/\/portaltela.pt\/s.01k8rhncp4jt1\/2025\/11\/talking-bot-125x125.png\",\"caption\":\"Telinha\"},\"sameAs\":[\"https:\/\/portaltela.pt\/\"],\"url\":\"https:\/\/portaltela.pt\/por\/367410592786\/\"}]}<\/script>\n<!-- \/ Yoast SEO plugin. -->","yoast_head_json":{"title":"Teresa Morais leva incidentes com Chega do plen\u00e1rio \u00e0 confer\u00eancia de l\u00edderes - Portal Tela Portugal","robots":{"index":"index","follow":"follow","max-snippet":"max-snippet:-1","max-image-preview":"max-image-preview:large","max-video-preview":"max-video-preview:-1"},"og_locale":"pt_PT","og_type":"article","og_title":"Teresa Morais leva incidentes com Chega do plen\u00e1rio \u00e0 confer\u00eancia de l\u00edderes - Portal Tela Portugal","og_description":"A vice-presidente da Assembleia da Rep\u00fablica, Teresa Morais, abordou os incidentes com a bancada do Chega durante a confer\u00eancia de l\u00edderes desta quarta-feira. Disse aos jornalistas que teve solidariedade da maior parte dos grupos parlamentares, verificada na reuni\u00e3o. O porta-voz da confer\u00eancia, Francisco Figueira, confirmou a posi\u00e7\u00e3o de apoio recebido por Morais. N\u00e3o foi tomada nenhuma decis\u00e3o pela confer\u00eancia de l\u00edderes sobre o assunto, segundo o deputado. Relembra-se que, no in\u00edcio do m\u00eas, o l\u00edder do Chega acusou Morais de tratamento desigual, acusa\u00e7\u00e3o rejeitada pela social-democrata, com apoio de PSD e PS; no dia seguinte, o Chega deixou o hemiciclo ap\u00f3s nova alterca\u00e7\u00e3o com a vice-presidente.","og_url":"https:\/\/portaltela.pt\/noticias\/2026\/03\/25\/teresa-morais-leva-incidentes-com-chega-do-plenario-a-conferencia-de-lideres\/","og_site_name":"Portal Tela Portugal","article_published_time":"2026-03-25T14:14:15+00:00","author":"Telinha","twitter_card":"summary_large_image","twitter_misc":{"Escrito por":"Telinha","Tempo estimado de leitura":"1 minuto"},"schema":{"@context":"https:\/\/schema.org","@graph":[{"@type":"Article","@id":"https:\/\/portaltela.pt\/noticias\/2026\/03\/25\/teresa-morais-leva-incidentes-com-chega-do-plenario-a-conferencia-de-lideres\/#article","isPartOf":{"@id":"https:\/\/portaltela.pt\/noticias\/2026\/03\/25\/teresa-morais-leva-incidentes-com-chega-do-plenario-a-conferencia-de-lideres\/"},"author":{"name":"Telinha","@id":"https:\/\/portaltela.pt\/#\/schema\/person\/c4278d4a6028830caff9ee44b42d32ed"},"headline":"Teresa Morais leva incidentes com Chega do plen\u00e1rio \u00e0 confer\u00eancia de l\u00edderes","datePublished":"2026-03-25T14:14:15+00:00","mainEntityOfPage":{"@id":"https:\/\/portaltela.pt\/noticias\/2026\/03\/25\/teresa-morais-leva-incidentes-com-chega-do-plenario-a-conferencia-de-lideres\/"},"wordCount":257,"image":{"@id":"https:\/\/portaltela.pt\/noticias\/2026\/03\/25\/teresa-morais-leva-incidentes-com-chega-do-plenario-a-conferencia-de-lideres\/#primaryimage"},"thumbnailUrl":"https:\/\/portaltela.pt\/s.01k8rhncp4jt1\/2026\/03\/img_1500x1000uu2026-03-05-18-31-54-2270597.jpg","keywords":["Assembleia Nacional","assembleias","CHEGA","pol\u00edtica","PS","PSD"],"articleSection":["Not\u00edcias","Pol\u00edtica"],"inLanguage":"pt-PT"},{"@type":"WebPage","@id":"https:\/\/portaltela.pt\/noticias\/2026\/03\/25\/teresa-morais-leva-incidentes-com-chega-do-plenario-a-conferencia-de-lideres\/","url":"https:\/\/portaltela.pt\/noticias\/2026\/03\/25\/teresa-morais-leva-incidentes-com-chega-do-plenario-a-conferencia-de-lideres\/","name":"Teresa Morais leva incidentes com Chega do plen\u00e1rio \u00e0 confer\u00eancia de l\u00edderes - Portal Tela Portugal","isPartOf":{"@id":"https:\/\/portaltela.pt\/#website"},"primaryImageOfPage":{"@id":"https:\/\/portaltela.pt\/noticias\/2026\/03\/25\/teresa-morais-leva-incidentes-com-chega-do-plenario-a-conferencia-de-lideres\/#primaryimage"},"image":{"@id":"https:\/\/portaltela.pt\/noticias\/2026\/03\/25\/teresa-morais-leva-incidentes-com-chega-do-plenario-a-conferencia-de-lideres\/#primaryimage"},"thumbnailUrl":"https:\/\/portaltela.pt\/s.01k8rhncp4jt1\/2026\/03\/img_1500x1000uu2026-03-05-18-31-54-2270597.jpg","datePublished":"2026-03-25T14:14:15+00:00","author":{"@id":"https:\/\/portaltela.pt\/#\/schema\/person\/c4278d4a6028830caff9ee44b42d32ed"},"breadcrumb":{"@id":"https:\/\/portaltela.pt\/noticias\/2026\/03\/25\/teresa-morais-leva-incidentes-com-chega-do-plenario-a-conferencia-de-lideres\/#breadcrumb"},"inLanguage":"pt-PT","potentialAction":[{"@type":"ReadAction","target":["https:\/\/portaltela.pt\/noticias\/2026\/03\/25\/teresa-morais-leva-incidentes-com-chega-do-plenario-a-conferencia-de-lideres\/"]}]},{"@type":"ImageObject","inLanguage":"pt-PT","@id":"https:\/\/portaltela.pt\/noticias\/2026\/03\/25\/teresa-morais-leva-incidentes-com-chega-do-plenario-a-conferencia-de-lideres\/#primaryimage","url":"https:\/\/portaltela.pt\/s.01k8rhncp4jt1\/2026\/03\/img_1500x1000uu2026-03-05-18-31-54-2270597.jpg","contentUrl":"https:\/\/portaltela.pt\/s.01k8rhncp4jt1\/2026\/03\/img_1500x1000uu2026-03-05-18-31-54-2270597.jpg","width":1500,"height":1000,"caption":"Teresa Morais, vice-presidente do parlamento"},{"@type":"BreadcrumbList","@id":"https:\/\/portaltela.pt\/noticias\/2026\/03\/25\/teresa-morais-leva-incidentes-com-chega-do-plenario-a-conferencia-de-lideres\/#breadcrumb","itemListElement":[{"@type":"ListItem","position":1,"name":"In\u00edcio","item":"https:\/\/portaltela.pt\/"},{"@type":"ListItem","position":2,"name":"Teresa Morais leva incidentes com Chega do plen\u00e1rio \u00e0 confer\u00eancia de l\u00edderes"}]},{"@type":"WebSite","@id":"https:\/\/portaltela.pt\/#website","url":"https:\/\/portaltela.pt\/","name":"Portal Tela Portugal","description":"","potentialAction":[{"@type":"SearchAction","target":{"@type":"EntryPoint","urlTemplate":"https:\/\/portaltela.pt\/?s={search_term_string}"},"query-input":{"@type":"PropertyValueSpecification","valueRequired":true,"valueName":"search_term_string"}}],"inLanguage":"pt-PT"},{"@type":"Person","@id":"https:\/\/portaltela.pt\/#\/schema\/person\/c4278d4a6028830caff9ee44b42d32ed","name":"Telinha","image":{"@type":"ImageObject","inLanguage":"pt-PT","@id":"https:\/\/portaltela.pt\/s.01k8rhncp4jt1\/2025\/11\/talking-bot-125x125.png","url":"https:\/\/portaltela.pt\/s.01k8rhncp4jt1\/2025\/11\/talking-bot-125x125.png","contentUrl":"https:\/\/portaltela.pt\/s.01k8rhncp4jt1\/2025\/11\/talking-bot-125x125.png","caption":"Telinha"},"sameAs":["https:\/\/portaltela.pt\/"],"url":"https:\/\/portaltela.pt\/por\/367410592786\/"}]}},"_links":{"self":[{"href":"https:\/\/portaltela.pt\/api\/wp\/v2\/posts\/420922","targetHints":{"allow":["GET"]}}],"collection":[{"href":"https:\/\/portaltela.pt\/api\/wp\/v2\/posts"}],"about":[{"href":"https:\/\/portaltela.pt\/api\/wp\/v2\/types\/post"}],"author":[{"embeddable":true,"href":"https:\/\/portaltela.pt\/api\/wp\/v2\/users\/2"}],"replies":[{"embeddable":true,"href":"https:\/\/portaltela.pt\/api\/wp\/v2\/comments?post=420922"}],"version-history":[{"count":0,"href":"https:\/\/portaltela.pt\/api\/wp\/v2\/posts\/420922\/revisions"}],"wp:featuredmedia":[{"embeddable":true,"href":"https:\/\/portaltela.pt\/api\/wp\/v2\/media\/420924"}],"wp:attachment":[{"href":"https:\/\/portaltela.pt\/api\/wp\/v2\/media?parent=420922"}],"wp:term":[{"taxonomy":"category","embeddable":true,"href":"https:\/\/portaltela.pt\/api\/wp\/v2\/categories?post=420922"},{"taxonomy":"post_tag","embeddable":true,"href":"https:\/\/portaltela.pt\/api\/wp\/v2\/tags?post=420922"}],"curies":[{"name":"wp","href":"https:\/\/api.w.org\/{rel}","templated":true}]}}