{"id":420910,"date":"2026-03-25T10:51:31","date_gmt":"2026-03-25T13:51:31","guid":{"rendered":"https:\/\/portaltela.pt\/noticias\/2026\/03\/25\/vereador-do-chega-em-santarem-rejeita-acusacoes-de-afastamento\/"},"modified":"2026-03-25T10:51:31","modified_gmt":"2026-03-25T13:51:31","slug":"vereador-do-chega-em-santarem-rejeita-acusacoes-de-afastamento","status":"publish","type":"post","link":"https:\/\/portaltela.pt\/noticias\/politica\/2026\/03\/25\/vereador-do-chega-em-santarem-rejeita-acusacoes-de-afastamento\/","title":{"rendered":"Vereador do Chega em Santar\u00e9m rejeita acusa\u00e7\u00f5es de afastamento"},"content":{"rendered":"<p>O vereador do Chega na C\u00e2mara de Santar\u00e9m rejeitou acusa\u00e7\u00f5es de afastamento, falta de empenho e alinhamento com o executivo municipal, ap\u00f3s um manifesto assinado por 11 autarcas do partido. O documento pede interven\u00e7\u00e3o da dire\u00e7\u00e3o nacional para solucionar o que classificam como um grave problema interno.<\/p>\n<p>O texto acusa Pedro Correia de ter estado ausente durante a campanha aut\u00e1rquica, com pouca participa\u00e7\u00e3o p\u00fablica e de se ter distanciado dos colegas de grupo. Os subscritores lembram desentendimentos com a Uni\u00e3o de Freguesias da Cidade de Santar\u00e9m e apontam que a posi\u00e7\u00e3o do vereador afetou a campanha de 2025.<\/p>\n<p>Pedro Correia afirma que o manifesto viola mecanismos internos do Chega e visa denegrir a sua imagem. O autarca garante ter estado presente em Santar\u00e9m quase todos os fins de semana durante a campanha, participando em eventos e debates, e ressalta a necessidade de cumprir decis\u00f5es nacionais do Chega.<\/p>\n<h3>Alega\u00e7\u00f5es e defesa do vereador<\/h3>\n<p>Segundo o documento, Correia teria mantido uma atua\u00e7\u00e3o pouco integrada com o grupo de trabalho e com os eleitos locais, o que teria prejudicado a estrat\u00e9gia eleitoral e a elei\u00e7\u00e3o de um segundo vereador. O texto tamb\u00e9m sustenta uma absten\u00e7\u00e3o do vereador em mat\u00e9ria de delega\u00e7\u00e3o de compet\u00eancias.<\/p>\n<p>Correia sustenta ter seguido exclusivamente as orienta\u00e7\u00f5es da Comiss\u00e3o Aut\u00e1rquica Nacional. O vereador recorda que, nas elei\u00e7\u00f5es de 2024, foi o \u00fanico a votar contra o or\u00e7amento municipal, ao passo que outros partidos optaram pela absten\u00e7\u00e3o.<\/p>\n<p>Os autarcas subscritores afirmam que a situa\u00e7\u00e3o prejudica a credibilidade do Chega junto dos eleitores, especialmente daqueles que apoiaram o partido contra o PSD. Pedem, assim, que a dire\u00e7\u00e3o nacional intervenha para evitar danos \u00e0 imagem do Chega no concelho.<\/p>\n<h3>Rea\u00e7\u00f5es e pr\u00f3ximos passos<\/h3>\n<p>Correia sustenta que continua dispon\u00edvel para trabalhar com quem partilha de uma pol\u00edtica s\u00e9ria para Santar\u00e9m. O vereador tamb\u00e9m afirma ter participado em diversas iniciativas oficiais com outros eleitos do Chega.<\/p>\n<p>A not\u00edcia n\u00e3o adianta, no momento, prorrogar decis\u00f5es sobre o alinhamento interno do Chega em Santar\u00e9m. A dire\u00e7\u00e3o nacional ainda n\u00e3o divulgou uma resposta p\u00fablica ao manifesto.<\/p>\n","protected":false},"excerpt":{"rendered":"<ul>\n<li>O vereador do Chega na C\u00e2mara de Santar\u00e9m, Pedro Correia, rejeitou cr\u00edticas de afastamento, falta de empenho e alinhamento com o executivo municipal, partilhadas por 11 autarcas do partido num manifesto.<\/li>\n<li>Os autarcas pedem interven\u00e7\u00e3o da dire\u00e7\u00e3o nacional para resolver o que qualificam como um \u201cgrave problema interno\u201d que compromete a imagem do Chega no concelho.<\/li>\n<li>O documento sustenta que Correia participou pouco na campanha aut\u00e1rquica de 2025 e que o seu envolvimento afetou o desempenho eleitoral, prejudicando a elei\u00e7\u00e3o de um segundo vereador.<\/li>\n<li>Correia afirma que o manifesto viola mecanismos internos do partido e que esteve presente em Santar\u00e9m quase todos os fins de semana, desmentindo a ideia de aus\u00eancia durante a campanha.<\/li>\n<li>O vereador diz ter seguido as orienta\u00e7\u00f5es nacionais do Chega na delega\u00e7\u00e3o de compet\u00eancias e real\u00e7a ter votado contra o or\u00e7amento municipal de 2024, contrariamente a alega\u00e7\u00f5es de alinhamento com o PSD; acusa\u00e7\u00f5es de coa\u00e7\u00e3o entre assinantes tamb\u00e9m s\u00e3o mencionadas.<\/li>\n<\/ul>\n","protected":false},"author":2,"featured_media":420913,"comment_status":"closed","ping_status":"closed","sticky":false,"template":"","format":"standard","meta":{"footnotes":""},"categories":[1,5],"tags":[3412,3057,2142,68,2832,898],"class_list":["post-420910","post","type-post","status-publish","format-standard","has-post-thumbnail","hentry","category-noticias","category-politica","tag-abstencao","tag-autarcas","tag-chega","tag-eleicoes","tag-politica","tag-santarem"],"yoast_head":"<!-- This site is optimized with the Yoast SEO plugin v27.2 - https:\/\/yoast.com\/product\/yoast-seo-wordpress\/ -->\n<title>Vereador do Chega em Santar\u00e9m rejeita acusa\u00e7\u00f5es de afastamento - Portal Tela Portugal<\/title>\n<meta name=\"robots\" content=\"index, follow, max-snippet:-1, max-image-preview:large, max-video-preview:-1\" \/>\n<meta property=\"og:locale\" content=\"pt_PT\" \/>\n<meta property=\"og:type\" content=\"article\" \/>\n<meta property=\"og:title\" content=\"Vereador do Chega em Santar\u00e9m rejeita acusa\u00e7\u00f5es de afastamento - Portal Tela Portugal\" \/>\n<meta property=\"og:description\" content=\"O vereador do Chega na C\u00e2mara de Santar\u00e9m, Pedro Correia, rejeitou cr\u00edticas de afastamento, falta de empenho e alinhamento com o executivo municipal, partilhadas por 11 autarcas do partido num manifesto. Os autarcas pedem interven\u00e7\u00e3o da dire\u00e7\u00e3o nacional para resolver o que qualificam como um \u201cgrave problema interno\u201d que compromete a imagem do Chega no concelho. O documento sustenta que Correia participou pouco na campanha aut\u00e1rquica de 2025 e que o seu envolvimento afetou o desempenho eleitoral, prejudicando a elei\u00e7\u00e3o de um segundo vereador. Correia afirma que o manifesto viola mecanismos internos do partido e que esteve presente em Santar\u00e9m quase todos os fins de semana, desmentindo a ideia de aus\u00eancia durante a campanha. O vereador diz ter seguido as orienta\u00e7\u00f5es nacionais do Chega na delega\u00e7\u00e3o de compet\u00eancias e real\u00e7a ter votado contra o or\u00e7amento municipal de 2024, contrariamente a alega\u00e7\u00f5es de alinhamento com o PSD; acusa\u00e7\u00f5es de coa\u00e7\u00e3o entre assinantes tamb\u00e9m s\u00e3o mencionadas.\" \/>\n<meta property=\"og:url\" content=\"https:\/\/portaltela.pt\/noticias\/2026\/03\/25\/vereador-do-chega-em-santarem-rejeita-acusacoes-de-afastamento\/\" \/>\n<meta property=\"og:site_name\" content=\"Portal Tela Portugal\" \/>\n<meta property=\"article:published_time\" content=\"2026-03-25T13:51:31+00:00\" \/>\n<meta name=\"author\" content=\"Telinha\" \/>\n<meta name=\"twitter:card\" content=\"summary_large_image\" \/>\n<meta name=\"twitter:label1\" content=\"Escrito por\" \/>\n\t<meta name=\"twitter:data1\" content=\"Telinha\" \/>\n\t<meta name=\"twitter:label2\" content=\"Tempo estimado de leitura\" \/>\n\t<meta name=\"twitter:data2\" content=\"2 minutos\" \/>\n<script type=\"application\/ld+json\" class=\"yoast-schema-graph\">{\"@context\":\"https:\/\/schema.org\",\"@graph\":[{\"@type\":\"Article\",\"@id\":\"https:\/\/portaltela.pt\/noticias\/2026\/03\/25\/vereador-do-chega-em-santarem-rejeita-acusacoes-de-afastamento\/#article\",\"isPartOf\":{\"@id\":\"https:\/\/portaltela.pt\/noticias\/2026\/03\/25\/vereador-do-chega-em-santarem-rejeita-acusacoes-de-afastamento\/\"},\"author\":{\"name\":\"Telinha\",\"@id\":\"https:\/\/portaltela.pt\/#\/schema\/person\/c4278d4a6028830caff9ee44b42d32ed\"},\"headline\":\"Vereador do Chega em Santar\u00e9m rejeita acusa\u00e7\u00f5es de afastamento\",\"datePublished\":\"2026-03-25T13:51:31+00:00\",\"mainEntityOfPage\":{\"@id\":\"https:\/\/portaltela.pt\/noticias\/2026\/03\/25\/vereador-do-chega-em-santarem-rejeita-acusacoes-de-afastamento\/\"},\"wordCount\":390,\"image\":{\"@id\":\"https:\/\/portaltela.pt\/noticias\/2026\/03\/25\/vereador-do-chega-em-santarem-rejeita-acusacoes-de-afastamento\/#primaryimage\"},\"thumbnailUrl\":\"https:\/\/portaltela.pt\/s.01k8rhncp4jt1\/2026\/03\/img_1500x1000uu2025-05-28-13-35-21-2212382.jpg\",\"keywords\":[\"absten\u00e7\u00e3o\",\"autarcas\",\"CHEGA\",\"elei\u00e7\u00f5es\",\"pol\u00edtica\",\"Santar\u00e9m\"],\"articleSection\":[\"Not\u00edcias\",\"Pol\u00edtica\"],\"inLanguage\":\"pt-PT\"},{\"@type\":\"WebPage\",\"@id\":\"https:\/\/portaltela.pt\/noticias\/2026\/03\/25\/vereador-do-chega-em-santarem-rejeita-acusacoes-de-afastamento\/\",\"url\":\"https:\/\/portaltela.pt\/noticias\/2026\/03\/25\/vereador-do-chega-em-santarem-rejeita-acusacoes-de-afastamento\/\",\"name\":\"Vereador do Chega em Santar\u00e9m rejeita acusa\u00e7\u00f5es de afastamento - Portal Tela Portugal\",\"isPartOf\":{\"@id\":\"https:\/\/portaltela.pt\/#website\"},\"primaryImageOfPage\":{\"@id\":\"https:\/\/portaltela.pt\/noticias\/2026\/03\/25\/vereador-do-chega-em-santarem-rejeita-acusacoes-de-afastamento\/#primaryimage\"},\"image\":{\"@id\":\"https:\/\/portaltela.pt\/noticias\/2026\/03\/25\/vereador-do-chega-em-santarem-rejeita-acusacoes-de-afastamento\/#primaryimage\"},\"thumbnailUrl\":\"https:\/\/portaltela.pt\/s.01k8rhncp4jt1\/2026\/03\/img_1500x1000uu2025-05-28-13-35-21-2212382.jpg\",\"datePublished\":\"2026-03-25T13:51:31+00:00\",\"author\":{\"@id\":\"https:\/\/portaltela.pt\/#\/schema\/person\/c4278d4a6028830caff9ee44b42d32ed\"},\"breadcrumb\":{\"@id\":\"https:\/\/portaltela.pt\/noticias\/2026\/03\/25\/vereador-do-chega-em-santarem-rejeita-acusacoes-de-afastamento\/#breadcrumb\"},\"inLanguage\":\"pt-PT\",\"potentialAction\":[{\"@type\":\"ReadAction\",\"target\":[\"https:\/\/portaltela.pt\/noticias\/2026\/03\/25\/vereador-do-chega-em-santarem-rejeita-acusacoes-de-afastamento\/\"]}]},{\"@type\":\"ImageObject\",\"inLanguage\":\"pt-PT\",\"@id\":\"https:\/\/portaltela.pt\/noticias\/2026\/03\/25\/vereador-do-chega-em-santarem-rejeita-acusacoes-de-afastamento\/#primaryimage\",\"url\":\"https:\/\/portaltela.pt\/s.01k8rhncp4jt1\/2026\/03\/img_1500x1000uu2025-05-28-13-35-21-2212382.jpg\",\"contentUrl\":\"https:\/\/portaltela.pt\/s.01k8rhncp4jt1\/2026\/03\/img_1500x1000uu2025-05-28-13-35-21-2212382.jpg\",\"width\":796,\"height\":448,\"caption\":\"Vereador do Chega em Santar\u00e9m rejeita acusa\u00e7\u00f5es de afastamento feitas por autarcas do partido\"},{\"@type\":\"BreadcrumbList\",\"@id\":\"https:\/\/portaltela.pt\/noticias\/2026\/03\/25\/vereador-do-chega-em-santarem-rejeita-acusacoes-de-afastamento\/#breadcrumb\",\"itemListElement\":[{\"@type\":\"ListItem\",\"position\":1,\"name\":\"In\u00edcio\",\"item\":\"https:\/\/portaltela.pt\/\"},{\"@type\":\"ListItem\",\"position\":2,\"name\":\"Vereador do Chega em Santar\u00e9m rejeita acusa\u00e7\u00f5es de afastamento\"}]},{\"@type\":\"WebSite\",\"@id\":\"https:\/\/portaltela.pt\/#website\",\"url\":\"https:\/\/portaltela.pt\/\",\"name\":\"Portal Tela Portugal\",\"description\":\"\",\"potentialAction\":[{\"@type\":\"SearchAction\",\"target\":{\"@type\":\"EntryPoint\",\"urlTemplate\":\"https:\/\/portaltela.pt\/?s={search_term_string}\"},\"query-input\":{\"@type\":\"PropertyValueSpecification\",\"valueRequired\":true,\"valueName\":\"search_term_string\"}}],\"inLanguage\":\"pt-PT\"},{\"@type\":\"Person\",\"@id\":\"https:\/\/portaltela.pt\/#\/schema\/person\/c4278d4a6028830caff9ee44b42d32ed\",\"name\":\"Telinha\",\"image\":{\"@type\":\"ImageObject\",\"inLanguage\":\"pt-PT\",\"@id\":\"https:\/\/portaltela.pt\/s.01k8rhncp4jt1\/2025\/11\/talking-bot-125x125.png\",\"url\":\"https:\/\/portaltela.pt\/s.01k8rhncp4jt1\/2025\/11\/talking-bot-125x125.png\",\"contentUrl\":\"https:\/\/portaltela.pt\/s.01k8rhncp4jt1\/2025\/11\/talking-bot-125x125.png\",\"caption\":\"Telinha\"},\"sameAs\":[\"https:\/\/portaltela.pt\/\"],\"url\":\"https:\/\/portaltela.pt\/por\/367410592786\/\"}]}<\/script>\n<!-- \/ Yoast SEO plugin. -->","yoast_head_json":{"title":"Vereador do Chega em Santar\u00e9m rejeita acusa\u00e7\u00f5es de afastamento - Portal Tela Portugal","robots":{"index":"index","follow":"follow","max-snippet":"max-snippet:-1","max-image-preview":"max-image-preview:large","max-video-preview":"max-video-preview:-1"},"og_locale":"pt_PT","og_type":"article","og_title":"Vereador do Chega em Santar\u00e9m rejeita acusa\u00e7\u00f5es de afastamento - Portal Tela Portugal","og_description":"O vereador do Chega na C\u00e2mara de Santar\u00e9m, Pedro Correia, rejeitou cr\u00edticas de afastamento, falta de empenho e alinhamento com o executivo municipal, partilhadas por 11 autarcas do partido num manifesto. Os autarcas pedem interven\u00e7\u00e3o da dire\u00e7\u00e3o nacional para resolver o que qualificam como um \u201cgrave problema interno\u201d que compromete a imagem do Chega no concelho. O documento sustenta que Correia participou pouco na campanha aut\u00e1rquica de 2025 e que o seu envolvimento afetou o desempenho eleitoral, prejudicando a elei\u00e7\u00e3o de um segundo vereador. Correia afirma que o manifesto viola mecanismos internos do partido e que esteve presente em Santar\u00e9m quase todos os fins de semana, desmentindo a ideia de aus\u00eancia durante a campanha. O vereador diz ter seguido as orienta\u00e7\u00f5es nacionais do Chega na delega\u00e7\u00e3o de compet\u00eancias e real\u00e7a ter votado contra o or\u00e7amento municipal de 2024, contrariamente a alega\u00e7\u00f5es de alinhamento com o PSD; acusa\u00e7\u00f5es de coa\u00e7\u00e3o entre assinantes tamb\u00e9m s\u00e3o mencionadas.","og_url":"https:\/\/portaltela.pt\/noticias\/2026\/03\/25\/vereador-do-chega-em-santarem-rejeita-acusacoes-de-afastamento\/","og_site_name":"Portal Tela Portugal","article_published_time":"2026-03-25T13:51:31+00:00","author":"Telinha","twitter_card":"summary_large_image","twitter_misc":{"Escrito por":"Telinha","Tempo estimado de leitura":"2 minutos"},"schema":{"@context":"https:\/\/schema.org","@graph":[{"@type":"Article","@id":"https:\/\/portaltela.pt\/noticias\/2026\/03\/25\/vereador-do-chega-em-santarem-rejeita-acusacoes-de-afastamento\/#article","isPartOf":{"@id":"https:\/\/portaltela.pt\/noticias\/2026\/03\/25\/vereador-do-chega-em-santarem-rejeita-acusacoes-de-afastamento\/"},"author":{"name":"Telinha","@id":"https:\/\/portaltela.pt\/#\/schema\/person\/c4278d4a6028830caff9ee44b42d32ed"},"headline":"Vereador do Chega em Santar\u00e9m rejeita acusa\u00e7\u00f5es de afastamento","datePublished":"2026-03-25T13:51:31+00:00","mainEntityOfPage":{"@id":"https:\/\/portaltela.pt\/noticias\/2026\/03\/25\/vereador-do-chega-em-santarem-rejeita-acusacoes-de-afastamento\/"},"wordCount":390,"image":{"@id":"https:\/\/portaltela.pt\/noticias\/2026\/03\/25\/vereador-do-chega-em-santarem-rejeita-acusacoes-de-afastamento\/#primaryimage"},"thumbnailUrl":"https:\/\/portaltela.pt\/s.01k8rhncp4jt1\/2026\/03\/img_1500x1000uu2025-05-28-13-35-21-2212382.jpg","keywords":["absten\u00e7\u00e3o","autarcas","CHEGA","elei\u00e7\u00f5es","pol\u00edtica","Santar\u00e9m"],"articleSection":["Not\u00edcias","Pol\u00edtica"],"inLanguage":"pt-PT"},{"@type":"WebPage","@id":"https:\/\/portaltela.pt\/noticias\/2026\/03\/25\/vereador-do-chega-em-santarem-rejeita-acusacoes-de-afastamento\/","url":"https:\/\/portaltela.pt\/noticias\/2026\/03\/25\/vereador-do-chega-em-santarem-rejeita-acusacoes-de-afastamento\/","name":"Vereador do Chega em Santar\u00e9m rejeita acusa\u00e7\u00f5es de afastamento - Portal Tela Portugal","isPartOf":{"@id":"https:\/\/portaltela.pt\/#website"},"primaryImageOfPage":{"@id":"https:\/\/portaltela.pt\/noticias\/2026\/03\/25\/vereador-do-chega-em-santarem-rejeita-acusacoes-de-afastamento\/#primaryimage"},"image":{"@id":"https:\/\/portaltela.pt\/noticias\/2026\/03\/25\/vereador-do-chega-em-santarem-rejeita-acusacoes-de-afastamento\/#primaryimage"},"thumbnailUrl":"https:\/\/portaltela.pt\/s.01k8rhncp4jt1\/2026\/03\/img_1500x1000uu2025-05-28-13-35-21-2212382.jpg","datePublished":"2026-03-25T13:51:31+00:00","author":{"@id":"https:\/\/portaltela.pt\/#\/schema\/person\/c4278d4a6028830caff9ee44b42d32ed"},"breadcrumb":{"@id":"https:\/\/portaltela.pt\/noticias\/2026\/03\/25\/vereador-do-chega-em-santarem-rejeita-acusacoes-de-afastamento\/#breadcrumb"},"inLanguage":"pt-PT","potentialAction":[{"@type":"ReadAction","target":["https:\/\/portaltela.pt\/noticias\/2026\/03\/25\/vereador-do-chega-em-santarem-rejeita-acusacoes-de-afastamento\/"]}]},{"@type":"ImageObject","inLanguage":"pt-PT","@id":"https:\/\/portaltela.pt\/noticias\/2026\/03\/25\/vereador-do-chega-em-santarem-rejeita-acusacoes-de-afastamento\/#primaryimage","url":"https:\/\/portaltela.pt\/s.01k8rhncp4jt1\/2026\/03\/img_1500x1000uu2025-05-28-13-35-21-2212382.jpg","contentUrl":"https:\/\/portaltela.pt\/s.01k8rhncp4jt1\/2026\/03\/img_1500x1000uu2025-05-28-13-35-21-2212382.jpg","width":796,"height":448,"caption":"Vereador do Chega em Santar\u00e9m rejeita acusa\u00e7\u00f5es de afastamento feitas por autarcas do partido"},{"@type":"BreadcrumbList","@id":"https:\/\/portaltela.pt\/noticias\/2026\/03\/25\/vereador-do-chega-em-santarem-rejeita-acusacoes-de-afastamento\/#breadcrumb","itemListElement":[{"@type":"ListItem","position":1,"name":"In\u00edcio","item":"https:\/\/portaltela.pt\/"},{"@type":"ListItem","position":2,"name":"Vereador do Chega em Santar\u00e9m rejeita acusa\u00e7\u00f5es de afastamento"}]},{"@type":"WebSite","@id":"https:\/\/portaltela.pt\/#website","url":"https:\/\/portaltela.pt\/","name":"Portal Tela Portugal","description":"","potentialAction":[{"@type":"SearchAction","target":{"@type":"EntryPoint","urlTemplate":"https:\/\/portaltela.pt\/?s={search_term_string}"},"query-input":{"@type":"PropertyValueSpecification","valueRequired":true,"valueName":"search_term_string"}}],"inLanguage":"pt-PT"},{"@type":"Person","@id":"https:\/\/portaltela.pt\/#\/schema\/person\/c4278d4a6028830caff9ee44b42d32ed","name":"Telinha","image":{"@type":"ImageObject","inLanguage":"pt-PT","@id":"https:\/\/portaltela.pt\/s.01k8rhncp4jt1\/2025\/11\/talking-bot-125x125.png","url":"https:\/\/portaltela.pt\/s.01k8rhncp4jt1\/2025\/11\/talking-bot-125x125.png","contentUrl":"https:\/\/portaltela.pt\/s.01k8rhncp4jt1\/2025\/11\/talking-bot-125x125.png","caption":"Telinha"},"sameAs":["https:\/\/portaltela.pt\/"],"url":"https:\/\/portaltela.pt\/por\/367410592786\/"}]}},"_links":{"self":[{"href":"https:\/\/portaltela.pt\/api\/wp\/v2\/posts\/420910","targetHints":{"allow":["GET"]}}],"collection":[{"href":"https:\/\/portaltela.pt\/api\/wp\/v2\/posts"}],"about":[{"href":"https:\/\/portaltela.pt\/api\/wp\/v2\/types\/post"}],"author":[{"embeddable":true,"href":"https:\/\/portaltela.pt\/api\/wp\/v2\/users\/2"}],"replies":[{"embeddable":true,"href":"https:\/\/portaltela.pt\/api\/wp\/v2\/comments?post=420910"}],"version-history":[{"count":0,"href":"https:\/\/portaltela.pt\/api\/wp\/v2\/posts\/420910\/revisions"}],"wp:featuredmedia":[{"embeddable":true,"href":"https:\/\/portaltela.pt\/api\/wp\/v2\/media\/420913"}],"wp:attachment":[{"href":"https:\/\/portaltela.pt\/api\/wp\/v2\/media?parent=420910"}],"wp:term":[{"taxonomy":"category","embeddable":true,"href":"https:\/\/portaltela.pt\/api\/wp\/v2\/categories?post=420910"},{"taxonomy":"post_tag","embeddable":true,"href":"https:\/\/portaltela.pt\/api\/wp\/v2\/tags?post=420910"}],"curies":[{"name":"wp","href":"https:\/\/api.w.org\/{rel}","templated":true}]}}