{"id":420907,"date":"2026-03-25T10:53:00","date_gmt":"2026-03-25T13:53:00","guid":{"rendered":"https:\/\/portaltela.pt\/noticias\/2026\/03\/25\/hospitais-nao-estavam-preparados-em-2025-para-apagao-de-tres-dias\/"},"modified":"2026-03-25T10:53:00","modified_gmt":"2026-03-25T13:53:00","slug":"hospitais-nao-estavam-preparados-em-2025-para-apagao-de-tres-dias","status":"publish","type":"post","link":"https:\/\/portaltela.pt\/saude\/2026\/03\/25\/hospitais-nao-estavam-preparados-em-2025-para-apagao-de-tres-dias\/","title":{"rendered":"Hospitais n\u00e3o estavam preparados em 2025 para apag\u00e3o de tr\u00eas dias"},"content":{"rendered":"<p>O respons\u00e1vel por responder \u00e0 crise energ\u00e9tica foi hoje ouvido numa comiss\u00e3o parlamentar de Ambiente e Energia, no grupo de trabalho sobre o apag\u00e3o de 28 de abril de 2025. O foco foi o impacto nos hospitais e o abastecimento de geradores.<\/p>\n<p>A testemunha explicou que, nesse dia, as medidas funcionaram relativamente bem. Havia pouco combust\u00edvel, mas as institui\u00e7\u00f5es conseguiram obter suprimentos localmente, exce\u00e7\u00e3o feita \u00e0 regi\u00e3o de Lisboa.<\/p>\n<p>Relativamente ao apag\u00e3o de janeiro, quando a energia falhou na regi\u00e3o de Leiria, o SNS afirmou estar preparado para responder a essa necessidade, com planos j\u00e1 em curso.<\/p>\n<h3>Prepara\u00e7\u00e3o e ajustes ap\u00f3s o evento<\/h3>\n<p>\u00c1lvaro Santos Almeida indicou que houve pontos positivos, sobretudo na identifica\u00e7\u00e3o de vulnerabilidades que j\u00e1 foram corrigidas, mas n\u00e3o detalhou se todos os hospitais possuem autonomia de 72 horas.<\/p>\n<p>O respons\u00e1vel mencionou ainda que, durante o incidente, a principal fragilidade manteve-se nas comunica\u00e7\u00f5es, que tamb\u00e9m apresentaram falhas em janeiro. Um grupo de trabalho apresentou ao Governo um plano para um centro de comunica\u00e7\u00f5es alternativo do SNS.<\/p>\n<h3>Abastecimento e funcionamento dos hospitais<\/h3>\n<p>Na audi\u00e7\u00e3o, ficou claro que, no dia, a maior parte das unidades sanit\u00e1rias conseguiu abastecer-se de combust\u00edvel para geradores. Em Lisboa, houve problemas em S. Jos\u00e9, Capuchos e Maternidade Alfredo da Costa, com cami\u00f5es cisterna a abastecer depois ao longo da tarde.<\/p>\n<p>Segundo o diretor-executivo, o refor\u00e7o da autonomia de funcionamento foi revisto, sem detalhar condi\u00e7\u00f5es atuais de cada hospital. Os geradores passaram a ser testados regularmente para prevenir falhas futuras.<\/p>\n","protected":false},"excerpt":{"rendered":"<ul>\n<li>No dia 28 de abril de 2025 houve apag\u00e3o e alguns hospitais passaram a ter dificuldades de abastecimento de combust\u00edvel para os geradores, especialmente na regi\u00e3o de Lisboa.<\/li>\n<li>O respons\u00e1vel, ouvido na comiss\u00e3o parlamentar de Ambiente e Energia, disse que nessa data tudo correu bem, encontrando-se combust\u00edvel localmente dispon\u00edvel em quase todo o pa\u00eds, com exce\u00e7\u00e3o de Lisboa.<\/li>\n<li>Em janeiro, durante as tempestades em Leiria, o SNS afirmou estar pront\u00edssimo para responder \u00e0 falta de energia.<\/li>\n<li>O respons\u00e1vel n\u00e3o confirmou se hoje todos os hospitais possuem autonomia de pelo menos 72 horas em caso de apag\u00e3o de tr\u00eas dias; afirmou que houve vulnerabilidades corrigidas.<\/li>\n<li>No dia do apag\u00e3o, a maior parte das unidades conseguiu abastecer-se, com Lisboa a registar problemas em S. Jos\u00e9, Capuchos e Maternidade Alfredo da Costa; at\u00e9 \u00e0s 20h houve cami\u00e3o cisterna a abastecer. Os geradores passam por testes regulares e h\u00e1 um plano em estudo para um centro de comunica\u00e7\u00f5es alternativo para o SNS.<\/li>\n<\/ul>\n","protected":false},"author":2,"featured_media":420917,"comment_status":"closed","ping_status":"closed","sticky":false,"template":"","format":"standard","meta":{"footnotes":""},"categories":[7371,6745],"tags":[4729,1550,174,2581,271,1775],"class_list":["post-420907","post","type-post","status-publish","format-standard","has-post-thumbnail","hentry","category-medicina","category-saude","tag-abastecimento-de-energia","tag-apagao","tag-energia","tag-hospitais","tag-saude-publica","tag-sns"],"yoast_head":"<!-- This site is optimized with the Yoast SEO plugin v27.2 - https:\/\/yoast.com\/product\/yoast-seo-wordpress\/ -->\n<title>Hospitais n\u00e3o estavam preparados em 2025 para apag\u00e3o de tr\u00eas dias - Portal Tela Portugal<\/title>\n<meta name=\"robots\" content=\"index, follow, max-snippet:-1, max-image-preview:large, max-video-preview:-1\" \/>\n<meta property=\"og:locale\" content=\"pt_PT\" \/>\n<meta property=\"og:type\" content=\"article\" \/>\n<meta property=\"og:title\" content=\"Hospitais n\u00e3o estavam preparados em 2025 para apag\u00e3o de tr\u00eas dias - Portal Tela Portugal\" \/>\n<meta property=\"og:description\" content=\"No dia 28 de abril de 2025 houve apag\u00e3o e alguns hospitais passaram a ter dificuldades de abastecimento de combust\u00edvel para os geradores, especialmente na regi\u00e3o de Lisboa. O respons\u00e1vel, ouvido na comiss\u00e3o parlamentar de Ambiente e Energia, disse que nessa data tudo correu bem, encontrando-se combust\u00edvel localmente dispon\u00edvel em quase todo o pa\u00eds, com exce\u00e7\u00e3o de Lisboa. Em janeiro, durante as tempestades em Leiria, o SNS afirmou estar pront\u00edssimo para responder \u00e0 falta de energia. O respons\u00e1vel n\u00e3o confirmou se hoje todos os hospitais possuem autonomia de pelo menos 72 horas em caso de apag\u00e3o de tr\u00eas dias; afirmou que houve vulnerabilidades corrigidas. No dia do apag\u00e3o, a maior parte das unidades conseguiu abastecer-se, com Lisboa a registar problemas em S. Jos\u00e9, Capuchos e Maternidade Alfredo da Costa; at\u00e9 \u00e0s 20h houve cami\u00e3o cisterna a abastecer. Os geradores passam por testes regulares e h\u00e1 um plano em estudo para um centro de comunica\u00e7\u00f5es alternativo para o SNS.\" \/>\n<meta property=\"og:url\" content=\"https:\/\/portaltela.pt\/noticias\/2026\/03\/25\/hospitais-nao-estavam-preparados-em-2025-para-apagao-de-tres-dias\/\" \/>\n<meta property=\"og:site_name\" content=\"Portal Tela Portugal\" \/>\n<meta property=\"article:published_time\" content=\"2026-03-25T13:53:00+00:00\" \/>\n<meta name=\"author\" content=\"Telinha\" \/>\n<meta name=\"twitter:card\" content=\"summary_large_image\" \/>\n<meta name=\"twitter:label1\" content=\"Escrito por\" \/>\n\t<meta name=\"twitter:data1\" content=\"Telinha\" \/>\n\t<meta name=\"twitter:label2\" content=\"Tempo estimado de leitura\" \/>\n\t<meta name=\"twitter:data2\" content=\"1 minuto\" \/>\n<script type=\"application\/ld+json\" class=\"yoast-schema-graph\">{\"@context\":\"https:\/\/schema.org\",\"@graph\":[{\"@type\":\"Article\",\"@id\":\"https:\/\/portaltela.pt\/noticias\/2026\/03\/25\/hospitais-nao-estavam-preparados-em-2025-para-apagao-de-tres-dias\/#article\",\"isPartOf\":{\"@id\":\"https:\/\/portaltela.pt\/noticias\/2026\/03\/25\/hospitais-nao-estavam-preparados-em-2025-para-apagao-de-tres-dias\/\"},\"author\":{\"name\":\"Telinha\",\"@id\":\"https:\/\/portaltela.pt\/#\/schema\/person\/c4278d4a6028830caff9ee44b42d32ed\"},\"headline\":\"Hospitais n\u00e3o estavam preparados em 2025 para apag\u00e3o de tr\u00eas dias\",\"datePublished\":\"2026-03-25T13:53:00+00:00\",\"mainEntityOfPage\":{\"@id\":\"https:\/\/portaltela.pt\/noticias\/2026\/03\/25\/hospitais-nao-estavam-preparados-em-2025-para-apagao-de-tres-dias\/\"},\"wordCount\":277,\"image\":{\"@id\":\"https:\/\/portaltela.pt\/noticias\/2026\/03\/25\/hospitais-nao-estavam-preparados-em-2025-para-apagao-de-tres-dias\/#primaryimage\"},\"thumbnailUrl\":\"https:\/\/portaltela.pt\/s.01k8rhncp4jt1\/2026\/03\/image-1501.jpg\",\"keywords\":[\"abastecimento de energia\",\"apag\u00e3o\",\"energia\",\"hospitais\",\"sa\u00fade p\u00fablica\",\"SNS\"],\"articleSection\":[\"Medicina\",\"Sa\u00fade\"],\"inLanguage\":\"pt-PT\"},{\"@type\":\"WebPage\",\"@id\":\"https:\/\/portaltela.pt\/noticias\/2026\/03\/25\/hospitais-nao-estavam-preparados-em-2025-para-apagao-de-tres-dias\/\",\"url\":\"https:\/\/portaltela.pt\/noticias\/2026\/03\/25\/hospitais-nao-estavam-preparados-em-2025-para-apagao-de-tres-dias\/\",\"name\":\"Hospitais n\u00e3o estavam preparados em 2025 para apag\u00e3o de tr\u00eas dias - Portal Tela Portugal\",\"isPartOf\":{\"@id\":\"https:\/\/portaltela.pt\/#website\"},\"primaryImageOfPage\":{\"@id\":\"https:\/\/portaltela.pt\/noticias\/2026\/03\/25\/hospitais-nao-estavam-preparados-em-2025-para-apagao-de-tres-dias\/#primaryimage\"},\"image\":{\"@id\":\"https:\/\/portaltela.pt\/noticias\/2026\/03\/25\/hospitais-nao-estavam-preparados-em-2025-para-apagao-de-tres-dias\/#primaryimage\"},\"thumbnailUrl\":\"https:\/\/portaltela.pt\/s.01k8rhncp4jt1\/2026\/03\/image-1501.jpg\",\"datePublished\":\"2026-03-25T13:53:00+00:00\",\"author\":{\"@id\":\"https:\/\/portaltela.pt\/#\/schema\/person\/c4278d4a6028830caff9ee44b42d32ed\"},\"breadcrumb\":{\"@id\":\"https:\/\/portaltela.pt\/noticias\/2026\/03\/25\/hospitais-nao-estavam-preparados-em-2025-para-apagao-de-tres-dias\/#breadcrumb\"},\"inLanguage\":\"pt-PT\",\"potentialAction\":[{\"@type\":\"ReadAction\",\"target\":[\"https:\/\/portaltela.pt\/noticias\/2026\/03\/25\/hospitais-nao-estavam-preparados-em-2025-para-apagao-de-tres-dias\/\"]}]},{\"@type\":\"ImageObject\",\"inLanguage\":\"pt-PT\",\"@id\":\"https:\/\/portaltela.pt\/noticias\/2026\/03\/25\/hospitais-nao-estavam-preparados-em-2025-para-apagao-de-tres-dias\/#primaryimage\",\"url\":\"https:\/\/portaltela.pt\/s.01k8rhncp4jt1\/2026\/03\/image-1501.jpg\",\"contentUrl\":\"https:\/\/portaltela.pt\/s.01k8rhncp4jt1\/2026\/03\/image-1501.jpg\",\"width\":796,\"height\":448,\"caption\":\"Porto, 28\/4\/2025 - Apag\u00e3o de luz em Portugal e Espanha. Falha de electricidade na Pen\u00ednsula Ib\u00e9rica. Hospital S\u00e3o Jo\u00e3o (Pedro Correia)\"},{\"@type\":\"BreadcrumbList\",\"@id\":\"https:\/\/portaltela.pt\/noticias\/2026\/03\/25\/hospitais-nao-estavam-preparados-em-2025-para-apagao-de-tres-dias\/#breadcrumb\",\"itemListElement\":[{\"@type\":\"ListItem\",\"position\":1,\"name\":\"In\u00edcio\",\"item\":\"https:\/\/portaltela.pt\/\"},{\"@type\":\"ListItem\",\"position\":2,\"name\":\"Hospitais n\u00e3o estavam preparados em 2025 para apag\u00e3o de tr\u00eas dias\"}]},{\"@type\":\"WebSite\",\"@id\":\"https:\/\/portaltela.pt\/#website\",\"url\":\"https:\/\/portaltela.pt\/\",\"name\":\"Portal Tela Portugal\",\"description\":\"\",\"potentialAction\":[{\"@type\":\"SearchAction\",\"target\":{\"@type\":\"EntryPoint\",\"urlTemplate\":\"https:\/\/portaltela.pt\/?s={search_term_string}\"},\"query-input\":{\"@type\":\"PropertyValueSpecification\",\"valueRequired\":true,\"valueName\":\"search_term_string\"}}],\"inLanguage\":\"pt-PT\"},{\"@type\":\"Person\",\"@id\":\"https:\/\/portaltela.pt\/#\/schema\/person\/c4278d4a6028830caff9ee44b42d32ed\",\"name\":\"Telinha\",\"image\":{\"@type\":\"ImageObject\",\"inLanguage\":\"pt-PT\",\"@id\":\"https:\/\/portaltela.pt\/s.01k8rhncp4jt1\/2025\/11\/talking-bot-125x125.png\",\"url\":\"https:\/\/portaltela.pt\/s.01k8rhncp4jt1\/2025\/11\/talking-bot-125x125.png\",\"contentUrl\":\"https:\/\/portaltela.pt\/s.01k8rhncp4jt1\/2025\/11\/talking-bot-125x125.png\",\"caption\":\"Telinha\"},\"sameAs\":[\"https:\/\/portaltela.pt\/\"],\"url\":\"https:\/\/portaltela.pt\/por\/367410592786\/\"}]}<\/script>\n<!-- \/ Yoast SEO plugin. -->","yoast_head_json":{"title":"Hospitais n\u00e3o estavam preparados em 2025 para apag\u00e3o de tr\u00eas dias - Portal Tela Portugal","robots":{"index":"index","follow":"follow","max-snippet":"max-snippet:-1","max-image-preview":"max-image-preview:large","max-video-preview":"max-video-preview:-1"},"og_locale":"pt_PT","og_type":"article","og_title":"Hospitais n\u00e3o estavam preparados em 2025 para apag\u00e3o de tr\u00eas dias - Portal Tela Portugal","og_description":"No dia 28 de abril de 2025 houve apag\u00e3o e alguns hospitais passaram a ter dificuldades de abastecimento de combust\u00edvel para os geradores, especialmente na regi\u00e3o de Lisboa. O respons\u00e1vel, ouvido na comiss\u00e3o parlamentar de Ambiente e Energia, disse que nessa data tudo correu bem, encontrando-se combust\u00edvel localmente dispon\u00edvel em quase todo o pa\u00eds, com exce\u00e7\u00e3o de Lisboa. Em janeiro, durante as tempestades em Leiria, o SNS afirmou estar pront\u00edssimo para responder \u00e0 falta de energia. O respons\u00e1vel n\u00e3o confirmou se hoje todos os hospitais possuem autonomia de pelo menos 72 horas em caso de apag\u00e3o de tr\u00eas dias; afirmou que houve vulnerabilidades corrigidas. No dia do apag\u00e3o, a maior parte das unidades conseguiu abastecer-se, com Lisboa a registar problemas em S. Jos\u00e9, Capuchos e Maternidade Alfredo da Costa; at\u00e9 \u00e0s 20h houve cami\u00e3o cisterna a abastecer. Os geradores passam por testes regulares e h\u00e1 um plano em estudo para um centro de comunica\u00e7\u00f5es alternativo para o SNS.","og_url":"https:\/\/portaltela.pt\/noticias\/2026\/03\/25\/hospitais-nao-estavam-preparados-em-2025-para-apagao-de-tres-dias\/","og_site_name":"Portal Tela Portugal","article_published_time":"2026-03-25T13:53:00+00:00","author":"Telinha","twitter_card":"summary_large_image","twitter_misc":{"Escrito por":"Telinha","Tempo estimado de leitura":"1 minuto"},"schema":{"@context":"https:\/\/schema.org","@graph":[{"@type":"Article","@id":"https:\/\/portaltela.pt\/noticias\/2026\/03\/25\/hospitais-nao-estavam-preparados-em-2025-para-apagao-de-tres-dias\/#article","isPartOf":{"@id":"https:\/\/portaltela.pt\/noticias\/2026\/03\/25\/hospitais-nao-estavam-preparados-em-2025-para-apagao-de-tres-dias\/"},"author":{"name":"Telinha","@id":"https:\/\/portaltela.pt\/#\/schema\/person\/c4278d4a6028830caff9ee44b42d32ed"},"headline":"Hospitais n\u00e3o estavam preparados em 2025 para apag\u00e3o de tr\u00eas dias","datePublished":"2026-03-25T13:53:00+00:00","mainEntityOfPage":{"@id":"https:\/\/portaltela.pt\/noticias\/2026\/03\/25\/hospitais-nao-estavam-preparados-em-2025-para-apagao-de-tres-dias\/"},"wordCount":277,"image":{"@id":"https:\/\/portaltela.pt\/noticias\/2026\/03\/25\/hospitais-nao-estavam-preparados-em-2025-para-apagao-de-tres-dias\/#primaryimage"},"thumbnailUrl":"https:\/\/portaltela.pt\/s.01k8rhncp4jt1\/2026\/03\/image-1501.jpg","keywords":["abastecimento de energia","apag\u00e3o","energia","hospitais","sa\u00fade p\u00fablica","SNS"],"articleSection":["Medicina","Sa\u00fade"],"inLanguage":"pt-PT"},{"@type":"WebPage","@id":"https:\/\/portaltela.pt\/noticias\/2026\/03\/25\/hospitais-nao-estavam-preparados-em-2025-para-apagao-de-tres-dias\/","url":"https:\/\/portaltela.pt\/noticias\/2026\/03\/25\/hospitais-nao-estavam-preparados-em-2025-para-apagao-de-tres-dias\/","name":"Hospitais n\u00e3o estavam preparados em 2025 para apag\u00e3o de tr\u00eas dias - Portal Tela Portugal","isPartOf":{"@id":"https:\/\/portaltela.pt\/#website"},"primaryImageOfPage":{"@id":"https:\/\/portaltela.pt\/noticias\/2026\/03\/25\/hospitais-nao-estavam-preparados-em-2025-para-apagao-de-tres-dias\/#primaryimage"},"image":{"@id":"https:\/\/portaltela.pt\/noticias\/2026\/03\/25\/hospitais-nao-estavam-preparados-em-2025-para-apagao-de-tres-dias\/#primaryimage"},"thumbnailUrl":"https:\/\/portaltela.pt\/s.01k8rhncp4jt1\/2026\/03\/image-1501.jpg","datePublished":"2026-03-25T13:53:00+00:00","author":{"@id":"https:\/\/portaltela.pt\/#\/schema\/person\/c4278d4a6028830caff9ee44b42d32ed"},"breadcrumb":{"@id":"https:\/\/portaltela.pt\/noticias\/2026\/03\/25\/hospitais-nao-estavam-preparados-em-2025-para-apagao-de-tres-dias\/#breadcrumb"},"inLanguage":"pt-PT","potentialAction":[{"@type":"ReadAction","target":["https:\/\/portaltela.pt\/noticias\/2026\/03\/25\/hospitais-nao-estavam-preparados-em-2025-para-apagao-de-tres-dias\/"]}]},{"@type":"ImageObject","inLanguage":"pt-PT","@id":"https:\/\/portaltela.pt\/noticias\/2026\/03\/25\/hospitais-nao-estavam-preparados-em-2025-para-apagao-de-tres-dias\/#primaryimage","url":"https:\/\/portaltela.pt\/s.01k8rhncp4jt1\/2026\/03\/image-1501.jpg","contentUrl":"https:\/\/portaltela.pt\/s.01k8rhncp4jt1\/2026\/03\/image-1501.jpg","width":796,"height":448,"caption":"Porto, 28\/4\/2025 - Apag\u00e3o de luz em Portugal e Espanha. Falha de electricidade na Pen\u00ednsula Ib\u00e9rica. Hospital S\u00e3o Jo\u00e3o (Pedro Correia)"},{"@type":"BreadcrumbList","@id":"https:\/\/portaltela.pt\/noticias\/2026\/03\/25\/hospitais-nao-estavam-preparados-em-2025-para-apagao-de-tres-dias\/#breadcrumb","itemListElement":[{"@type":"ListItem","position":1,"name":"In\u00edcio","item":"https:\/\/portaltela.pt\/"},{"@type":"ListItem","position":2,"name":"Hospitais n\u00e3o estavam preparados em 2025 para apag\u00e3o de tr\u00eas dias"}]},{"@type":"WebSite","@id":"https:\/\/portaltela.pt\/#website","url":"https:\/\/portaltela.pt\/","name":"Portal Tela Portugal","description":"","potentialAction":[{"@type":"SearchAction","target":{"@type":"EntryPoint","urlTemplate":"https:\/\/portaltela.pt\/?s={search_term_string}"},"query-input":{"@type":"PropertyValueSpecification","valueRequired":true,"valueName":"search_term_string"}}],"inLanguage":"pt-PT"},{"@type":"Person","@id":"https:\/\/portaltela.pt\/#\/schema\/person\/c4278d4a6028830caff9ee44b42d32ed","name":"Telinha","image":{"@type":"ImageObject","inLanguage":"pt-PT","@id":"https:\/\/portaltela.pt\/s.01k8rhncp4jt1\/2025\/11\/talking-bot-125x125.png","url":"https:\/\/portaltela.pt\/s.01k8rhncp4jt1\/2025\/11\/talking-bot-125x125.png","contentUrl":"https:\/\/portaltela.pt\/s.01k8rhncp4jt1\/2025\/11\/talking-bot-125x125.png","caption":"Telinha"},"sameAs":["https:\/\/portaltela.pt\/"],"url":"https:\/\/portaltela.pt\/por\/367410592786\/"}]}},"_links":{"self":[{"href":"https:\/\/portaltela.pt\/api\/wp\/v2\/posts\/420907","targetHints":{"allow":["GET"]}}],"collection":[{"href":"https:\/\/portaltela.pt\/api\/wp\/v2\/posts"}],"about":[{"href":"https:\/\/portaltela.pt\/api\/wp\/v2\/types\/post"}],"author":[{"embeddable":true,"href":"https:\/\/portaltela.pt\/api\/wp\/v2\/users\/2"}],"replies":[{"embeddable":true,"href":"https:\/\/portaltela.pt\/api\/wp\/v2\/comments?post=420907"}],"version-history":[{"count":0,"href":"https:\/\/portaltela.pt\/api\/wp\/v2\/posts\/420907\/revisions"}],"wp:featuredmedia":[{"embeddable":true,"href":"https:\/\/portaltela.pt\/api\/wp\/v2\/media\/420917"}],"wp:attachment":[{"href":"https:\/\/portaltela.pt\/api\/wp\/v2\/media?parent=420907"}],"wp:term":[{"taxonomy":"category","embeddable":true,"href":"https:\/\/portaltela.pt\/api\/wp\/v2\/categories?post=420907"},{"taxonomy":"post_tag","embeddable":true,"href":"https:\/\/portaltela.pt\/api\/wp\/v2\/tags?post=420907"}],"curies":[{"name":"wp","href":"https:\/\/api.w.org\/{rel}","templated":true}]}}