{"id":420904,"date":"2026-03-25T10:46:00","date_gmt":"2026-03-25T13:46:00","guid":{"rendered":"https:\/\/portaltela.pt\/noticias\/2026\/03\/25\/quase-nenhum-hospital-estava-preparado-em-2025-para-apagao-de-tres-dias\/"},"modified":"2026-03-25T10:46:00","modified_gmt":"2026-03-25T13:46:00","slug":"quase-nenhum-hospital-estava-preparado-em-2025-para-apagao-de-tres-dias","status":"publish","type":"post","link":"https:\/\/portaltela.pt\/saude\/2026\/03\/25\/quase-nenhum-hospital-estava-preparado-em-2025-para-apagao-de-tres-dias\/","title":{"rendered":"Quase nenhum hospital estava preparado em 2025 para apag\u00e3o de tr\u00eas dias"},"content":{"rendered":"<p>Na ter\u00e7a-feira, o director executivo do Servi\u00e7o Nacional de Sa\u00fade (SNS), \u00c1lvaro Santos Almeida, afirmou perante a comiss\u00e3o parlamentar de Ambiente e Energia que, em 2025, quase nenhum hospital tinha autonomia para tr\u00eas dias de energia. O epis\u00f3dio ocorreu num apag\u00e3o que afetou o pa\u00eds a 28 de abril de 2025.<\/p>\n<p>O respons\u00e1vel explicou que, na altura, os hospitais tinham algum combust\u00edvel, mas a distribui\u00e7\u00e3o foi feita localmente, com exce\u00e7\u00e3o da regi\u00e3o de Lisboa, onde houve maior dificuldade. Em janeiro, durante as tempestades que afetaram Leiria, o SNS j\u00e1 contava com uma resposta preparada para energia e comunica\u00e7\u00f5es.<\/p>\n<p>Apesar de reconhecer melhorias, o diretor reiterou que n\u00e3o confirmou se todos os hospitais podem assegurar 72 horas de autonomia. Hoje, a principal fragilidade identificada continua a ser o sistema de comunica\u00e7\u00f5es, para o qual j\u00e1 foi apresentado ao Governo um plano de centro alternativo.<\/p>\n<p>Na tarde do dia do apag\u00e3o, a dire\u00e7\u00e3o do SNS informou problemas de abastecimento em Lisboa. Pelas 20h, a Maternidade Alfredo da Costa e o Hospital dos Capuchos estavam a ser abastecidos por cami\u00e3o cisterna, enquanto outras unidades tinham autonomia de apenas algumas horas.<\/p>\n<p>O epis\u00f3dio levou a uma reavalia\u00e7\u00e3o de vulnerabilidades, com medidas j\u00e1 implementadas para evitar falhas futuras. O SNS tamb\u00e9m indicou que os geradores passam por testes regulares para assegurar funcionamento em situa\u00e7\u00f5es de emerg\u00eancia.<\/p>\n","protected":false},"excerpt":{"rendered":"<ul>\n<li>O respons\u00e1vel do SNS afirmou que, durante o apag\u00e3o de 28 de abril de 2025, praticamente nenhum hospital tinha combust\u00edvel suficiente para tr\u00eas dias de energia.<\/li>\n<li>Na altura, houve abastecimento local, mas com dificuldades em Lisboa; em Leiria o SNS j\u00e1 estava mais preparado para responder.<\/li>\n<li>O apag\u00e3o exp\u00f4s vulnerabilidades que, segundo \u00c1lvaro Santos Almeida, foram corrigidas desde ent\u00e3o, embora n\u00e3o confirme se todos os hospitais t\u00eam autonomia para 72 horas.<\/li>\n<li>A maior fragilidade permanece nas comunica\u00e7\u00f5es; um grupo de trabalho apresentou ao Governo um plano para um centro de comunica\u00e7\u00f5es alternativo para o SNS.<\/li>\n<li>No dia do apag\u00e3o, a maior parte das unidades conseguiu abastecer-se de combust\u00edvel, com situa\u00e7\u00e3o espec\u00edfica em Lisboa nas Maternidade Alfredo da Costa, Hospital dos Capuchos e em S. Jos\u00e9, que necessitaram de cami\u00f5es cisterna.<\/li>\n<\/ul>\n","protected":false},"author":2,"featured_media":420905,"comment_status":"closed","ping_status":"closed","sticky":false,"template":"","format":"standard","meta":{"footnotes":""},"categories":[6745],"tags":[4729,2950,174,981,172,5761],"class_list":["post-420904","post","type-post","status-publish","format-standard","has-post-thumbnail","hentry","category-saude","tag-abastecimento-de-energia","tag-apagoes","tag-energia","tag-lisboa","tag-saude","tag-servicos-de-saude"],"yoast_head":"<!-- This site is optimized with the Yoast SEO plugin v27.2 - https:\/\/yoast.com\/product\/yoast-seo-wordpress\/ -->\n<title>Quase nenhum hospital estava preparado em 2025 para apag\u00e3o de tr\u00eas dias - Portal Tela Portugal<\/title>\n<meta name=\"robots\" content=\"index, follow, max-snippet:-1, max-image-preview:large, max-video-preview:-1\" \/>\n<meta property=\"og:locale\" content=\"pt_PT\" \/>\n<meta property=\"og:type\" content=\"article\" \/>\n<meta property=\"og:title\" content=\"Quase nenhum hospital estava preparado em 2025 para apag\u00e3o de tr\u00eas dias - Portal Tela Portugal\" \/>\n<meta property=\"og:description\" content=\"O respons\u00e1vel do SNS afirmou que, durante o apag\u00e3o de 28 de abril de 2025, praticamente nenhum hospital tinha combust\u00edvel suficiente para tr\u00eas dias de energia. Na altura, houve abastecimento local, mas com dificuldades em Lisboa; em Leiria o SNS j\u00e1 estava mais preparado para responder. O apag\u00e3o exp\u00f4s vulnerabilidades que, segundo \u00c1lvaro Santos Almeida, foram corrigidas desde ent\u00e3o, embora n\u00e3o confirme se todos os hospitais t\u00eam autonomia para 72 horas. A maior fragilidade permanece nas comunica\u00e7\u00f5es; um grupo de trabalho apresentou ao Governo um plano para um centro de comunica\u00e7\u00f5es alternativo para o SNS. No dia do apag\u00e3o, a maior parte das unidades conseguiu abastecer-se de combust\u00edvel, com situa\u00e7\u00e3o espec\u00edfica em Lisboa nas Maternidade Alfredo da Costa, Hospital dos Capuchos e em S. Jos\u00e9, que necessitaram de cami\u00f5es cisterna.\" \/>\n<meta property=\"og:url\" content=\"https:\/\/portaltela.pt\/noticias\/2026\/03\/25\/quase-nenhum-hospital-estava-preparado-em-2025-para-apagao-de-tres-dias\/\" \/>\n<meta property=\"og:site_name\" content=\"Portal Tela Portugal\" \/>\n<meta property=\"article:published_time\" content=\"2026-03-25T13:46:00+00:00\" \/>\n<meta name=\"author\" content=\"Telinha\" \/>\n<meta name=\"twitter:card\" content=\"summary_large_image\" \/>\n<meta name=\"twitter:label1\" content=\"Escrito por\" \/>\n\t<meta name=\"twitter:data1\" content=\"Telinha\" \/>\n\t<meta name=\"twitter:label2\" content=\"Tempo estimado de leitura\" \/>\n\t<meta name=\"twitter:data2\" content=\"1 minuto\" \/>\n<script type=\"application\/ld+json\" class=\"yoast-schema-graph\">{\"@context\":\"https:\/\/schema.org\",\"@graph\":[{\"@type\":\"Article\",\"@id\":\"https:\/\/portaltela.pt\/noticias\/2026\/03\/25\/quase-nenhum-hospital-estava-preparado-em-2025-para-apagao-de-tres-dias\/#article\",\"isPartOf\":{\"@id\":\"https:\/\/portaltela.pt\/noticias\/2026\/03\/25\/quase-nenhum-hospital-estava-preparado-em-2025-para-apagao-de-tres-dias\/\"},\"author\":{\"name\":\"Telinha\",\"@id\":\"https:\/\/portaltela.pt\/#\/schema\/person\/c4278d4a6028830caff9ee44b42d32ed\"},\"headline\":\"Quase nenhum hospital estava preparado em 2025 para apag\u00e3o de tr\u00eas dias\",\"datePublished\":\"2026-03-25T13:46:00+00:00\",\"mainEntityOfPage\":{\"@id\":\"https:\/\/portaltela.pt\/noticias\/2026\/03\/25\/quase-nenhum-hospital-estava-preparado-em-2025-para-apagao-de-tres-dias\/\"},\"wordCount\":254,\"image\":{\"@id\":\"https:\/\/portaltela.pt\/noticias\/2026\/03\/25\/quase-nenhum-hospital-estava-preparado-em-2025-para-apagao-de-tres-dias\/#primaryimage\"},\"thumbnailUrl\":\"https:\/\/portaltela.pt\/s.01k8rhncp4jt1\/2026\/03\/2076804.jpg\",\"keywords\":[\"abastecimento de energia\",\"apag\u00f5es\",\"energia\",\"Lisboa\",\"sa\u00fade\",\"servi\u00e7os de sa\u00fade\"],\"articleSection\":[\"Sa\u00fade\"],\"inLanguage\":\"pt-PT\"},{\"@type\":\"WebPage\",\"@id\":\"https:\/\/portaltela.pt\/noticias\/2026\/03\/25\/quase-nenhum-hospital-estava-preparado-em-2025-para-apagao-de-tres-dias\/\",\"url\":\"https:\/\/portaltela.pt\/noticias\/2026\/03\/25\/quase-nenhum-hospital-estava-preparado-em-2025-para-apagao-de-tres-dias\/\",\"name\":\"Quase nenhum hospital estava preparado em 2025 para apag\u00e3o de tr\u00eas dias - Portal Tela Portugal\",\"isPartOf\":{\"@id\":\"https:\/\/portaltela.pt\/#website\"},\"primaryImageOfPage\":{\"@id\":\"https:\/\/portaltela.pt\/noticias\/2026\/03\/25\/quase-nenhum-hospital-estava-preparado-em-2025-para-apagao-de-tres-dias\/#primaryimage\"},\"image\":{\"@id\":\"https:\/\/portaltela.pt\/noticias\/2026\/03\/25\/quase-nenhum-hospital-estava-preparado-em-2025-para-apagao-de-tres-dias\/#primaryimage\"},\"thumbnailUrl\":\"https:\/\/portaltela.pt\/s.01k8rhncp4jt1\/2026\/03\/2076804.jpg\",\"datePublished\":\"2026-03-25T13:46:00+00:00\",\"author\":{\"@id\":\"https:\/\/portaltela.pt\/#\/schema\/person\/c4278d4a6028830caff9ee44b42d32ed\"},\"breadcrumb\":{\"@id\":\"https:\/\/portaltela.pt\/noticias\/2026\/03\/25\/quase-nenhum-hospital-estava-preparado-em-2025-para-apagao-de-tres-dias\/#breadcrumb\"},\"inLanguage\":\"pt-PT\",\"potentialAction\":[{\"@type\":\"ReadAction\",\"target\":[\"https:\/\/portaltela.pt\/noticias\/2026\/03\/25\/quase-nenhum-hospital-estava-preparado-em-2025-para-apagao-de-tres-dias\/\"]}]},{\"@type\":\"ImageObject\",\"inLanguage\":\"pt-PT\",\"@id\":\"https:\/\/portaltela.pt\/noticias\/2026\/03\/25\/quase-nenhum-hospital-estava-preparado-em-2025-para-apagao-de-tres-dias\/#primaryimage\",\"url\":\"https:\/\/portaltela.pt\/s.01k8rhncp4jt1\/2026\/03\/2076804.jpg\",\"contentUrl\":\"https:\/\/portaltela.pt\/s.01k8rhncp4jt1\/2026\/03\/2076804.jpg\",\"width\":796,\"height\":448,\"caption\":\"\u00c1lvaro Almeida garante que vulnerabilidades energ\u00e9ticas dos hospitais foram corrigidas\"},{\"@type\":\"BreadcrumbList\",\"@id\":\"https:\/\/portaltela.pt\/noticias\/2026\/03\/25\/quase-nenhum-hospital-estava-preparado-em-2025-para-apagao-de-tres-dias\/#breadcrumb\",\"itemListElement\":[{\"@type\":\"ListItem\",\"position\":1,\"name\":\"In\u00edcio\",\"item\":\"https:\/\/portaltela.pt\/\"},{\"@type\":\"ListItem\",\"position\":2,\"name\":\"Quase nenhum hospital estava preparado em 2025 para apag\u00e3o de tr\u00eas dias\"}]},{\"@type\":\"WebSite\",\"@id\":\"https:\/\/portaltela.pt\/#website\",\"url\":\"https:\/\/portaltela.pt\/\",\"name\":\"Portal Tela Portugal\",\"description\":\"\",\"potentialAction\":[{\"@type\":\"SearchAction\",\"target\":{\"@type\":\"EntryPoint\",\"urlTemplate\":\"https:\/\/portaltela.pt\/?s={search_term_string}\"},\"query-input\":{\"@type\":\"PropertyValueSpecification\",\"valueRequired\":true,\"valueName\":\"search_term_string\"}}],\"inLanguage\":\"pt-PT\"},{\"@type\":\"Person\",\"@id\":\"https:\/\/portaltela.pt\/#\/schema\/person\/c4278d4a6028830caff9ee44b42d32ed\",\"name\":\"Telinha\",\"image\":{\"@type\":\"ImageObject\",\"inLanguage\":\"pt-PT\",\"@id\":\"https:\/\/portaltela.pt\/s.01k8rhncp4jt1\/2025\/11\/talking-bot-125x125.png\",\"url\":\"https:\/\/portaltela.pt\/s.01k8rhncp4jt1\/2025\/11\/talking-bot-125x125.png\",\"contentUrl\":\"https:\/\/portaltela.pt\/s.01k8rhncp4jt1\/2025\/11\/talking-bot-125x125.png\",\"caption\":\"Telinha\"},\"sameAs\":[\"https:\/\/portaltela.pt\/\"],\"url\":\"https:\/\/portaltela.pt\/por\/367410592786\/\"}]}<\/script>\n<!-- \/ Yoast SEO plugin. -->","yoast_head_json":{"title":"Quase nenhum hospital estava preparado em 2025 para apag\u00e3o de tr\u00eas dias - Portal Tela Portugal","robots":{"index":"index","follow":"follow","max-snippet":"max-snippet:-1","max-image-preview":"max-image-preview:large","max-video-preview":"max-video-preview:-1"},"og_locale":"pt_PT","og_type":"article","og_title":"Quase nenhum hospital estava preparado em 2025 para apag\u00e3o de tr\u00eas dias - Portal Tela Portugal","og_description":"O respons\u00e1vel do SNS afirmou que, durante o apag\u00e3o de 28 de abril de 2025, praticamente nenhum hospital tinha combust\u00edvel suficiente para tr\u00eas dias de energia. Na altura, houve abastecimento local, mas com dificuldades em Lisboa; em Leiria o SNS j\u00e1 estava mais preparado para responder. O apag\u00e3o exp\u00f4s vulnerabilidades que, segundo \u00c1lvaro Santos Almeida, foram corrigidas desde ent\u00e3o, embora n\u00e3o confirme se todos os hospitais t\u00eam autonomia para 72 horas. A maior fragilidade permanece nas comunica\u00e7\u00f5es; um grupo de trabalho apresentou ao Governo um plano para um centro de comunica\u00e7\u00f5es alternativo para o SNS. No dia do apag\u00e3o, a maior parte das unidades conseguiu abastecer-se de combust\u00edvel, com situa\u00e7\u00e3o espec\u00edfica em Lisboa nas Maternidade Alfredo da Costa, Hospital dos Capuchos e em S. Jos\u00e9, que necessitaram de cami\u00f5es cisterna.","og_url":"https:\/\/portaltela.pt\/noticias\/2026\/03\/25\/quase-nenhum-hospital-estava-preparado-em-2025-para-apagao-de-tres-dias\/","og_site_name":"Portal Tela Portugal","article_published_time":"2026-03-25T13:46:00+00:00","author":"Telinha","twitter_card":"summary_large_image","twitter_misc":{"Escrito por":"Telinha","Tempo estimado de leitura":"1 minuto"},"schema":{"@context":"https:\/\/schema.org","@graph":[{"@type":"Article","@id":"https:\/\/portaltela.pt\/noticias\/2026\/03\/25\/quase-nenhum-hospital-estava-preparado-em-2025-para-apagao-de-tres-dias\/#article","isPartOf":{"@id":"https:\/\/portaltela.pt\/noticias\/2026\/03\/25\/quase-nenhum-hospital-estava-preparado-em-2025-para-apagao-de-tres-dias\/"},"author":{"name":"Telinha","@id":"https:\/\/portaltela.pt\/#\/schema\/person\/c4278d4a6028830caff9ee44b42d32ed"},"headline":"Quase nenhum hospital estava preparado em 2025 para apag\u00e3o de tr\u00eas dias","datePublished":"2026-03-25T13:46:00+00:00","mainEntityOfPage":{"@id":"https:\/\/portaltela.pt\/noticias\/2026\/03\/25\/quase-nenhum-hospital-estava-preparado-em-2025-para-apagao-de-tres-dias\/"},"wordCount":254,"image":{"@id":"https:\/\/portaltela.pt\/noticias\/2026\/03\/25\/quase-nenhum-hospital-estava-preparado-em-2025-para-apagao-de-tres-dias\/#primaryimage"},"thumbnailUrl":"https:\/\/portaltela.pt\/s.01k8rhncp4jt1\/2026\/03\/2076804.jpg","keywords":["abastecimento de energia","apag\u00f5es","energia","Lisboa","sa\u00fade","servi\u00e7os de sa\u00fade"],"articleSection":["Sa\u00fade"],"inLanguage":"pt-PT"},{"@type":"WebPage","@id":"https:\/\/portaltela.pt\/noticias\/2026\/03\/25\/quase-nenhum-hospital-estava-preparado-em-2025-para-apagao-de-tres-dias\/","url":"https:\/\/portaltela.pt\/noticias\/2026\/03\/25\/quase-nenhum-hospital-estava-preparado-em-2025-para-apagao-de-tres-dias\/","name":"Quase nenhum hospital estava preparado em 2025 para apag\u00e3o de tr\u00eas dias - Portal Tela Portugal","isPartOf":{"@id":"https:\/\/portaltela.pt\/#website"},"primaryImageOfPage":{"@id":"https:\/\/portaltela.pt\/noticias\/2026\/03\/25\/quase-nenhum-hospital-estava-preparado-em-2025-para-apagao-de-tres-dias\/#primaryimage"},"image":{"@id":"https:\/\/portaltela.pt\/noticias\/2026\/03\/25\/quase-nenhum-hospital-estava-preparado-em-2025-para-apagao-de-tres-dias\/#primaryimage"},"thumbnailUrl":"https:\/\/portaltela.pt\/s.01k8rhncp4jt1\/2026\/03\/2076804.jpg","datePublished":"2026-03-25T13:46:00+00:00","author":{"@id":"https:\/\/portaltela.pt\/#\/schema\/person\/c4278d4a6028830caff9ee44b42d32ed"},"breadcrumb":{"@id":"https:\/\/portaltela.pt\/noticias\/2026\/03\/25\/quase-nenhum-hospital-estava-preparado-em-2025-para-apagao-de-tres-dias\/#breadcrumb"},"inLanguage":"pt-PT","potentialAction":[{"@type":"ReadAction","target":["https:\/\/portaltela.pt\/noticias\/2026\/03\/25\/quase-nenhum-hospital-estava-preparado-em-2025-para-apagao-de-tres-dias\/"]}]},{"@type":"ImageObject","inLanguage":"pt-PT","@id":"https:\/\/portaltela.pt\/noticias\/2026\/03\/25\/quase-nenhum-hospital-estava-preparado-em-2025-para-apagao-de-tres-dias\/#primaryimage","url":"https:\/\/portaltela.pt\/s.01k8rhncp4jt1\/2026\/03\/2076804.jpg","contentUrl":"https:\/\/portaltela.pt\/s.01k8rhncp4jt1\/2026\/03\/2076804.jpg","width":796,"height":448,"caption":"\u00c1lvaro Almeida garante que vulnerabilidades energ\u00e9ticas dos hospitais foram corrigidas"},{"@type":"BreadcrumbList","@id":"https:\/\/portaltela.pt\/noticias\/2026\/03\/25\/quase-nenhum-hospital-estava-preparado-em-2025-para-apagao-de-tres-dias\/#breadcrumb","itemListElement":[{"@type":"ListItem","position":1,"name":"In\u00edcio","item":"https:\/\/portaltela.pt\/"},{"@type":"ListItem","position":2,"name":"Quase nenhum hospital estava preparado em 2025 para apag\u00e3o de tr\u00eas dias"}]},{"@type":"WebSite","@id":"https:\/\/portaltela.pt\/#website","url":"https:\/\/portaltela.pt\/","name":"Portal Tela Portugal","description":"","potentialAction":[{"@type":"SearchAction","target":{"@type":"EntryPoint","urlTemplate":"https:\/\/portaltela.pt\/?s={search_term_string}"},"query-input":{"@type":"PropertyValueSpecification","valueRequired":true,"valueName":"search_term_string"}}],"inLanguage":"pt-PT"},{"@type":"Person","@id":"https:\/\/portaltela.pt\/#\/schema\/person\/c4278d4a6028830caff9ee44b42d32ed","name":"Telinha","image":{"@type":"ImageObject","inLanguage":"pt-PT","@id":"https:\/\/portaltela.pt\/s.01k8rhncp4jt1\/2025\/11\/talking-bot-125x125.png","url":"https:\/\/portaltela.pt\/s.01k8rhncp4jt1\/2025\/11\/talking-bot-125x125.png","contentUrl":"https:\/\/portaltela.pt\/s.01k8rhncp4jt1\/2025\/11\/talking-bot-125x125.png","caption":"Telinha"},"sameAs":["https:\/\/portaltela.pt\/"],"url":"https:\/\/portaltela.pt\/por\/367410592786\/"}]}},"_links":{"self":[{"href":"https:\/\/portaltela.pt\/api\/wp\/v2\/posts\/420904","targetHints":{"allow":["GET"]}}],"collection":[{"href":"https:\/\/portaltela.pt\/api\/wp\/v2\/posts"}],"about":[{"href":"https:\/\/portaltela.pt\/api\/wp\/v2\/types\/post"}],"author":[{"embeddable":true,"href":"https:\/\/portaltela.pt\/api\/wp\/v2\/users\/2"}],"replies":[{"embeddable":true,"href":"https:\/\/portaltela.pt\/api\/wp\/v2\/comments?post=420904"}],"version-history":[{"count":0,"href":"https:\/\/portaltela.pt\/api\/wp\/v2\/posts\/420904\/revisions"}],"wp:featuredmedia":[{"embeddable":true,"href":"https:\/\/portaltela.pt\/api\/wp\/v2\/media\/420905"}],"wp:attachment":[{"href":"https:\/\/portaltela.pt\/api\/wp\/v2\/media?parent=420904"}],"wp:term":[{"taxonomy":"category","embeddable":true,"href":"https:\/\/portaltela.pt\/api\/wp\/v2\/categories?post=420904"},{"taxonomy":"post_tag","embeddable":true,"href":"https:\/\/portaltela.pt\/api\/wp\/v2\/tags?post=420904"}],"curies":[{"name":"wp","href":"https:\/\/api.w.org\/{rel}","templated":true}]}}