{"id":420891,"date":"2026-03-25T10:27:57","date_gmt":"2026-03-25T13:27:57","guid":{"rendered":"https:\/\/portaltela.pt\/noticias\/2026\/03\/25\/reinaldo-teixeira-comenta-adiamento-do-sporting-tondela-e-a-velha-historia\/"},"modified":"2026-03-25T10:27:57","modified_gmt":"2026-03-25T13:27:57","slug":"reinaldo-teixeira-comenta-adiamento-do-sporting-tondela-e-a-velha-historia","status":"publish","type":"post","link":"https:\/\/portaltela.pt\/desporto\/futebol\/2026\/03\/25\/reinaldo-teixeira-comenta-adiamento-do-sporting-tondela-e-a-velha-historia\/","title":{"rendered":"Reinaldo Teixeira comenta adiamento do Sporting-Tondela: \u00e9 a velha hist\u00f3ria"},"content":{"rendered":"<p>O adiamento do Sporting-Tondela, da 26.\u00aa jornada, foi justificado pela Liga pela aplica\u00e7\u00e3o dos regulamentos, em fun\u00e7\u00e3o da campanha europeia dos bicampe\u00f5es nacionais. O encontro passa a realizar-se, caso haja elimina\u00e7\u00e3o do Sporting frente ao Arsenal, no dia 29 de abril, segundo a administra\u00e7\u00e3o da competi\u00e7\u00e3o.<\/p>\n<p>Reinaldo Teixeira, presidente da Liga, disse que os regulamentos e as indica\u00e7\u00f5es da comiss\u00e3o de calend\u00e1rios est\u00e3o a ser cumpridos. O objetivo \u00e9 manter a calendariza\u00e7\u00e3o competitiva e a neutralidade entre as equipes, independentemente da forma\u00e7\u00e3o.<\/p>\n<p>A decis\u00e3o baseia-se no sucesso da equipa nos quartos de final da Liga dos Campe\u00f5es e na necessidade de encaixar jogos nacionais no calend\u00e1rio, sem prejudicar outras provas. O regulamento \u00e9 aplicado de forma uniforme a todos os clubes.<\/p>\n<h3>Regulamentos e calend\u00e1rio<\/h3>\n<p>O FC Porto reagiu ao adiamento, salientando que o jogo com o Arouca j\u00e1 tinha sido esclarecido e referindo que as interpreta\u00e7\u00f5es s\u00e3o tomadas com base nos regulamentos. A Este momento, cada clube pode defender a sua perspetiva, sempre dentro da legalidade desportiva.<\/p>\n<p>A Liga refor\u00e7a que a decis\u00e3o pretende garantir imparcialidade e transpar\u00eancia na gest\u00e3o do calend\u00e1rio. As regras s\u00e3o interpretadas pela comiss\u00e3o de calend\u00e1rios, com o objetivo de cumprir os compromissos oficiais sem favorecer qualquer clube.<\/p>\n<p>Fonte ligada \u00e0 Liga destacou ainda que a orienta\u00e7\u00e3o \u00e9 manter a coopera\u00e7\u00e3o entre clubes e respeitar os prazos acordados, independentemente do desenrolar das competi\u00e7\u00f5es europeias.<\/p>\n","protected":false},"excerpt":{"rendered":"<ul>\n<li>O adiamento do Sporting\u2013Tondela, da 26.\u00aa jornada, para 29 de abril foi justificado por Reinaldo Teixeira com base nos regulamentos e na participa\u00e7\u00e3o do Sporting nos quartos de final da Liga dos Campe\u00f5es.<\/li>\n<li>O novo encontro fica dependente da elimina\u00e7\u00e3o ou passagem do Sporting na Liga dos Campe\u00f5es, frente ao Arsenal.<\/li>\n<li>Teixeira elogiou o desempenho europeu das equipas e refor\u00e7ou que a Liga \u00e9 plural, imparcial e que se aplica aos clubes A, B ou C.<\/li>\n<li>A decis\u00e3o, segundo o presidente da Liga, respeita as indica\u00e7\u00f5es da comiss\u00e3o de calend\u00e1rios e os regulamentos em vigor.<\/li>\n<li>O FC Porto reagiu defendendo que o jogo com o Arouca j\u00e1 ficou esclarecido, e sublinhou que as interpreta\u00e7\u00f5es dos regulamentos cabem \u00e0 Liga, que deve agir com base na imparcialidade, mesmo que nem todos concordem.<\/li>\n<\/ul>\n","protected":false},"author":2,"featured_media":420893,"comment_status":"closed","ping_status":"closed","sticky":false,"template":"","format":"standard","meta":{"footnotes":""},"categories":[21,24],"tags":[4143,4059,1788,152,32,1786],"class_list":["post-420891","post","type-post","status-publish","format-standard","has-post-thumbnail","hentry","category-desporto","category-futebol","tag-1-liga","tag-1-a-liga","tag-a-liga","tag-desporto","tag-futebol","tag-liga"],"yoast_head":"<!-- This site is optimized with the Yoast SEO plugin v27.2 - https:\/\/yoast.com\/product\/yoast-seo-wordpress\/ -->\n<title>Reinaldo Teixeira comenta adiamento do Sporting-Tondela: \u00e9 a velha hist\u00f3ria - Portal Tela Portugal<\/title>\n<meta name=\"robots\" content=\"index, follow, max-snippet:-1, max-image-preview:large, max-video-preview:-1\" \/>\n<meta property=\"og:locale\" content=\"pt_PT\" \/>\n<meta property=\"og:type\" content=\"article\" \/>\n<meta property=\"og:title\" content=\"Reinaldo Teixeira comenta adiamento do Sporting-Tondela: \u00e9 a velha hist\u00f3ria - Portal Tela Portugal\" \/>\n<meta property=\"og:description\" content=\"O adiamento do Sporting\u2013Tondela, da 26.\u00aa jornada, para 29 de abril foi justificado por Reinaldo Teixeira com base nos regulamentos e na participa\u00e7\u00e3o do Sporting nos quartos de final da Liga dos Campe\u00f5es. O novo encontro fica dependente da elimina\u00e7\u00e3o ou passagem do Sporting na Liga dos Campe\u00f5es, frente ao Arsenal. Teixeira elogiou o desempenho europeu das equipas e refor\u00e7ou que a Liga \u00e9 plural, imparcial e que se aplica aos clubes A, B ou C. A decis\u00e3o, segundo o presidente da Liga, respeita as indica\u00e7\u00f5es da comiss\u00e3o de calend\u00e1rios e os regulamentos em vigor. O FC Porto reagiu defendendo que o jogo com o Arouca j\u00e1 ficou esclarecido, e sublinhou que as interpreta\u00e7\u00f5es dos regulamentos cabem \u00e0 Liga, que deve agir com base na imparcialidade, mesmo que nem todos concordem.\" \/>\n<meta property=\"og:url\" content=\"https:\/\/portaltela.pt\/noticias\/2026\/03\/25\/reinaldo-teixeira-comenta-adiamento-do-sporting-tondela-e-a-velha-historia\/\" \/>\n<meta property=\"og:site_name\" content=\"Portal Tela Portugal\" \/>\n<meta property=\"article:published_time\" content=\"2026-03-25T13:27:57+00:00\" \/>\n<meta name=\"author\" content=\"Telinha\" \/>\n<meta name=\"twitter:card\" content=\"summary_large_image\" \/>\n<meta name=\"twitter:label1\" content=\"Escrito por\" \/>\n\t<meta name=\"twitter:data1\" content=\"Telinha\" \/>\n\t<meta name=\"twitter:label2\" content=\"Tempo estimado de leitura\" \/>\n\t<meta name=\"twitter:data2\" content=\"1 minuto\" \/>\n<script type=\"application\/ld+json\" class=\"yoast-schema-graph\">{\"@context\":\"https:\/\/schema.org\",\"@graph\":[{\"@type\":\"Article\",\"@id\":\"https:\/\/portaltela.pt\/noticias\/2026\/03\/25\/reinaldo-teixeira-comenta-adiamento-do-sporting-tondela-e-a-velha-historia\/#article\",\"isPartOf\":{\"@id\":\"https:\/\/portaltela.pt\/noticias\/2026\/03\/25\/reinaldo-teixeira-comenta-adiamento-do-sporting-tondela-e-a-velha-historia\/\"},\"author\":{\"name\":\"Telinha\",\"@id\":\"https:\/\/portaltela.pt\/#\/schema\/person\/c4278d4a6028830caff9ee44b42d32ed\"},\"headline\":\"Reinaldo Teixeira comenta adiamento do Sporting-Tondela: \u00e9 a velha hist\u00f3ria\",\"datePublished\":\"2026-03-25T13:27:57+00:00\",\"mainEntityOfPage\":{\"@id\":\"https:\/\/portaltela.pt\/noticias\/2026\/03\/25\/reinaldo-teixeira-comenta-adiamento-do-sporting-tondela-e-a-velha-historia\/\"},\"wordCount\":261,\"image\":{\"@id\":\"https:\/\/portaltela.pt\/noticias\/2026\/03\/25\/reinaldo-teixeira-comenta-adiamento-do-sporting-tondela-e-a-velha-historia\/#primaryimage\"},\"thumbnailUrl\":\"https:\/\/portaltela.pt\/s.01k8rhncp4jt1\/2026\/03\/img_920x518uu2026-01-10-19-06-48-2413991-im-639036688214068664.jpg\",\"keywords\":[\"1. Liga\",\"1.\u00aa Liga\",\"A Liga\",\"desporto\",\"futebol\",\"Liga\"],\"articleSection\":[\"Desporto\",\"Futebol\"],\"inLanguage\":\"pt-PT\"},{\"@type\":\"WebPage\",\"@id\":\"https:\/\/portaltela.pt\/noticias\/2026\/03\/25\/reinaldo-teixeira-comenta-adiamento-do-sporting-tondela-e-a-velha-historia\/\",\"url\":\"https:\/\/portaltela.pt\/noticias\/2026\/03\/25\/reinaldo-teixeira-comenta-adiamento-do-sporting-tondela-e-a-velha-historia\/\",\"name\":\"Reinaldo Teixeira comenta adiamento do Sporting-Tondela: \u00e9 a velha hist\u00f3ria - Portal Tela Portugal\",\"isPartOf\":{\"@id\":\"https:\/\/portaltela.pt\/#website\"},\"primaryImageOfPage\":{\"@id\":\"https:\/\/portaltela.pt\/noticias\/2026\/03\/25\/reinaldo-teixeira-comenta-adiamento-do-sporting-tondela-e-a-velha-historia\/#primaryimage\"},\"image\":{\"@id\":\"https:\/\/portaltela.pt\/noticias\/2026\/03\/25\/reinaldo-teixeira-comenta-adiamento-do-sporting-tondela-e-a-velha-historia\/#primaryimage\"},\"thumbnailUrl\":\"https:\/\/portaltela.pt\/s.01k8rhncp4jt1\/2026\/03\/img_920x518uu2026-01-10-19-06-48-2413991-im-639036688214068664.jpg\",\"datePublished\":\"2026-03-25T13:27:57+00:00\",\"author\":{\"@id\":\"https:\/\/portaltela.pt\/#\/schema\/person\/c4278d4a6028830caff9ee44b42d32ed\"},\"breadcrumb\":{\"@id\":\"https:\/\/portaltela.pt\/noticias\/2026\/03\/25\/reinaldo-teixeira-comenta-adiamento-do-sporting-tondela-e-a-velha-historia\/#breadcrumb\"},\"inLanguage\":\"pt-PT\",\"potentialAction\":[{\"@type\":\"ReadAction\",\"target\":[\"https:\/\/portaltela.pt\/noticias\/2026\/03\/25\/reinaldo-teixeira-comenta-adiamento-do-sporting-tondela-e-a-velha-historia\/\"]}]},{\"@type\":\"ImageObject\",\"inLanguage\":\"pt-PT\",\"@id\":\"https:\/\/portaltela.pt\/noticias\/2026\/03\/25\/reinaldo-teixeira-comenta-adiamento-do-sporting-tondela-e-a-velha-historia\/#primaryimage\",\"url\":\"https:\/\/portaltela.pt\/s.01k8rhncp4jt1\/2026\/03\/img_920x518uu2026-01-10-19-06-48-2413991-im-639036688214068664.jpg\",\"contentUrl\":\"https:\/\/portaltela.pt\/s.01k8rhncp4jt1\/2026\/03\/img_920x518uu2026-01-10-19-06-48-2413991-im-639036688214068664.jpg\",\"width\":920,\"height\":518,\"caption\":\"Reinaldo Teixeira\"},{\"@type\":\"BreadcrumbList\",\"@id\":\"https:\/\/portaltela.pt\/noticias\/2026\/03\/25\/reinaldo-teixeira-comenta-adiamento-do-sporting-tondela-e-a-velha-historia\/#breadcrumb\",\"itemListElement\":[{\"@type\":\"ListItem\",\"position\":1,\"name\":\"In\u00edcio\",\"item\":\"https:\/\/portaltela.pt\/\"},{\"@type\":\"ListItem\",\"position\":2,\"name\":\"Reinaldo Teixeira comenta adiamento do Sporting-Tondela: \u00e9 a velha hist\u00f3ria\"}]},{\"@type\":\"WebSite\",\"@id\":\"https:\/\/portaltela.pt\/#website\",\"url\":\"https:\/\/portaltela.pt\/\",\"name\":\"Portal Tela Portugal\",\"description\":\"\",\"potentialAction\":[{\"@type\":\"SearchAction\",\"target\":{\"@type\":\"EntryPoint\",\"urlTemplate\":\"https:\/\/portaltela.pt\/?s={search_term_string}\"},\"query-input\":{\"@type\":\"PropertyValueSpecification\",\"valueRequired\":true,\"valueName\":\"search_term_string\"}}],\"inLanguage\":\"pt-PT\"},{\"@type\":\"Person\",\"@id\":\"https:\/\/portaltela.pt\/#\/schema\/person\/c4278d4a6028830caff9ee44b42d32ed\",\"name\":\"Telinha\",\"image\":{\"@type\":\"ImageObject\",\"inLanguage\":\"pt-PT\",\"@id\":\"https:\/\/portaltela.pt\/s.01k8rhncp4jt1\/2025\/11\/talking-bot-125x125.png\",\"url\":\"https:\/\/portaltela.pt\/s.01k8rhncp4jt1\/2025\/11\/talking-bot-125x125.png\",\"contentUrl\":\"https:\/\/portaltela.pt\/s.01k8rhncp4jt1\/2025\/11\/talking-bot-125x125.png\",\"caption\":\"Telinha\"},\"sameAs\":[\"https:\/\/portaltela.pt\/\"],\"url\":\"https:\/\/portaltela.pt\/por\/367410592786\/\"}]}<\/script>\n<!-- \/ Yoast SEO plugin. -->","yoast_head_json":{"title":"Reinaldo Teixeira comenta adiamento do Sporting-Tondela: \u00e9 a velha hist\u00f3ria - Portal Tela Portugal","robots":{"index":"index","follow":"follow","max-snippet":"max-snippet:-1","max-image-preview":"max-image-preview:large","max-video-preview":"max-video-preview:-1"},"og_locale":"pt_PT","og_type":"article","og_title":"Reinaldo Teixeira comenta adiamento do Sporting-Tondela: \u00e9 a velha hist\u00f3ria - Portal Tela Portugal","og_description":"O adiamento do Sporting\u2013Tondela, da 26.\u00aa jornada, para 29 de abril foi justificado por Reinaldo Teixeira com base nos regulamentos e na participa\u00e7\u00e3o do Sporting nos quartos de final da Liga dos Campe\u00f5es. O novo encontro fica dependente da elimina\u00e7\u00e3o ou passagem do Sporting na Liga dos Campe\u00f5es, frente ao Arsenal. Teixeira elogiou o desempenho europeu das equipas e refor\u00e7ou que a Liga \u00e9 plural, imparcial e que se aplica aos clubes A, B ou C. A decis\u00e3o, segundo o presidente da Liga, respeita as indica\u00e7\u00f5es da comiss\u00e3o de calend\u00e1rios e os regulamentos em vigor. O FC Porto reagiu defendendo que o jogo com o Arouca j\u00e1 ficou esclarecido, e sublinhou que as interpreta\u00e7\u00f5es dos regulamentos cabem \u00e0 Liga, que deve agir com base na imparcialidade, mesmo que nem todos concordem.","og_url":"https:\/\/portaltela.pt\/noticias\/2026\/03\/25\/reinaldo-teixeira-comenta-adiamento-do-sporting-tondela-e-a-velha-historia\/","og_site_name":"Portal Tela Portugal","article_published_time":"2026-03-25T13:27:57+00:00","author":"Telinha","twitter_card":"summary_large_image","twitter_misc":{"Escrito por":"Telinha","Tempo estimado de leitura":"1 minuto"},"schema":{"@context":"https:\/\/schema.org","@graph":[{"@type":"Article","@id":"https:\/\/portaltela.pt\/noticias\/2026\/03\/25\/reinaldo-teixeira-comenta-adiamento-do-sporting-tondela-e-a-velha-historia\/#article","isPartOf":{"@id":"https:\/\/portaltela.pt\/noticias\/2026\/03\/25\/reinaldo-teixeira-comenta-adiamento-do-sporting-tondela-e-a-velha-historia\/"},"author":{"name":"Telinha","@id":"https:\/\/portaltela.pt\/#\/schema\/person\/c4278d4a6028830caff9ee44b42d32ed"},"headline":"Reinaldo Teixeira comenta adiamento do Sporting-Tondela: \u00e9 a velha hist\u00f3ria","datePublished":"2026-03-25T13:27:57+00:00","mainEntityOfPage":{"@id":"https:\/\/portaltela.pt\/noticias\/2026\/03\/25\/reinaldo-teixeira-comenta-adiamento-do-sporting-tondela-e-a-velha-historia\/"},"wordCount":261,"image":{"@id":"https:\/\/portaltela.pt\/noticias\/2026\/03\/25\/reinaldo-teixeira-comenta-adiamento-do-sporting-tondela-e-a-velha-historia\/#primaryimage"},"thumbnailUrl":"https:\/\/portaltela.pt\/s.01k8rhncp4jt1\/2026\/03\/img_920x518uu2026-01-10-19-06-48-2413991-im-639036688214068664.jpg","keywords":["1. Liga","1.\u00aa Liga","A Liga","desporto","futebol","Liga"],"articleSection":["Desporto","Futebol"],"inLanguage":"pt-PT"},{"@type":"WebPage","@id":"https:\/\/portaltela.pt\/noticias\/2026\/03\/25\/reinaldo-teixeira-comenta-adiamento-do-sporting-tondela-e-a-velha-historia\/","url":"https:\/\/portaltela.pt\/noticias\/2026\/03\/25\/reinaldo-teixeira-comenta-adiamento-do-sporting-tondela-e-a-velha-historia\/","name":"Reinaldo Teixeira comenta adiamento do Sporting-Tondela: \u00e9 a velha hist\u00f3ria - Portal Tela Portugal","isPartOf":{"@id":"https:\/\/portaltela.pt\/#website"},"primaryImageOfPage":{"@id":"https:\/\/portaltela.pt\/noticias\/2026\/03\/25\/reinaldo-teixeira-comenta-adiamento-do-sporting-tondela-e-a-velha-historia\/#primaryimage"},"image":{"@id":"https:\/\/portaltela.pt\/noticias\/2026\/03\/25\/reinaldo-teixeira-comenta-adiamento-do-sporting-tondela-e-a-velha-historia\/#primaryimage"},"thumbnailUrl":"https:\/\/portaltela.pt\/s.01k8rhncp4jt1\/2026\/03\/img_920x518uu2026-01-10-19-06-48-2413991-im-639036688214068664.jpg","datePublished":"2026-03-25T13:27:57+00:00","author":{"@id":"https:\/\/portaltela.pt\/#\/schema\/person\/c4278d4a6028830caff9ee44b42d32ed"},"breadcrumb":{"@id":"https:\/\/portaltela.pt\/noticias\/2026\/03\/25\/reinaldo-teixeira-comenta-adiamento-do-sporting-tondela-e-a-velha-historia\/#breadcrumb"},"inLanguage":"pt-PT","potentialAction":[{"@type":"ReadAction","target":["https:\/\/portaltela.pt\/noticias\/2026\/03\/25\/reinaldo-teixeira-comenta-adiamento-do-sporting-tondela-e-a-velha-historia\/"]}]},{"@type":"ImageObject","inLanguage":"pt-PT","@id":"https:\/\/portaltela.pt\/noticias\/2026\/03\/25\/reinaldo-teixeira-comenta-adiamento-do-sporting-tondela-e-a-velha-historia\/#primaryimage","url":"https:\/\/portaltela.pt\/s.01k8rhncp4jt1\/2026\/03\/img_920x518uu2026-01-10-19-06-48-2413991-im-639036688214068664.jpg","contentUrl":"https:\/\/portaltela.pt\/s.01k8rhncp4jt1\/2026\/03\/img_920x518uu2026-01-10-19-06-48-2413991-im-639036688214068664.jpg","width":920,"height":518,"caption":"Reinaldo Teixeira"},{"@type":"BreadcrumbList","@id":"https:\/\/portaltela.pt\/noticias\/2026\/03\/25\/reinaldo-teixeira-comenta-adiamento-do-sporting-tondela-e-a-velha-historia\/#breadcrumb","itemListElement":[{"@type":"ListItem","position":1,"name":"In\u00edcio","item":"https:\/\/portaltela.pt\/"},{"@type":"ListItem","position":2,"name":"Reinaldo Teixeira comenta adiamento do Sporting-Tondela: \u00e9 a velha hist\u00f3ria"}]},{"@type":"WebSite","@id":"https:\/\/portaltela.pt\/#website","url":"https:\/\/portaltela.pt\/","name":"Portal Tela Portugal","description":"","potentialAction":[{"@type":"SearchAction","target":{"@type":"EntryPoint","urlTemplate":"https:\/\/portaltela.pt\/?s={search_term_string}"},"query-input":{"@type":"PropertyValueSpecification","valueRequired":true,"valueName":"search_term_string"}}],"inLanguage":"pt-PT"},{"@type":"Person","@id":"https:\/\/portaltela.pt\/#\/schema\/person\/c4278d4a6028830caff9ee44b42d32ed","name":"Telinha","image":{"@type":"ImageObject","inLanguage":"pt-PT","@id":"https:\/\/portaltela.pt\/s.01k8rhncp4jt1\/2025\/11\/talking-bot-125x125.png","url":"https:\/\/portaltela.pt\/s.01k8rhncp4jt1\/2025\/11\/talking-bot-125x125.png","contentUrl":"https:\/\/portaltela.pt\/s.01k8rhncp4jt1\/2025\/11\/talking-bot-125x125.png","caption":"Telinha"},"sameAs":["https:\/\/portaltela.pt\/"],"url":"https:\/\/portaltela.pt\/por\/367410592786\/"}]}},"_links":{"self":[{"href":"https:\/\/portaltela.pt\/api\/wp\/v2\/posts\/420891","targetHints":{"allow":["GET"]}}],"collection":[{"href":"https:\/\/portaltela.pt\/api\/wp\/v2\/posts"}],"about":[{"href":"https:\/\/portaltela.pt\/api\/wp\/v2\/types\/post"}],"author":[{"embeddable":true,"href":"https:\/\/portaltela.pt\/api\/wp\/v2\/users\/2"}],"replies":[{"embeddable":true,"href":"https:\/\/portaltela.pt\/api\/wp\/v2\/comments?post=420891"}],"version-history":[{"count":0,"href":"https:\/\/portaltela.pt\/api\/wp\/v2\/posts\/420891\/revisions"}],"wp:featuredmedia":[{"embeddable":true,"href":"https:\/\/portaltela.pt\/api\/wp\/v2\/media\/420893"}],"wp:attachment":[{"href":"https:\/\/portaltela.pt\/api\/wp\/v2\/media?parent=420891"}],"wp:term":[{"taxonomy":"category","embeddable":true,"href":"https:\/\/portaltela.pt\/api\/wp\/v2\/categories?post=420891"},{"taxonomy":"post_tag","embeddable":true,"href":"https:\/\/portaltela.pt\/api\/wp\/v2\/tags?post=420891"}],"curies":[{"name":"wp","href":"https:\/\/api.w.org\/{rel}","templated":true}]}}