{"id":420874,"date":"2026-03-25T10:17:45","date_gmt":"2026-03-25T13:17:45","guid":{"rendered":"https:\/\/portaltela.pt\/noticias\/2026\/03\/25\/homem-de-51-anos-constituido-arguido-por-incendio-em-mato-no-sabugal\/"},"modified":"2026-03-25T10:17:45","modified_gmt":"2026-03-25T13:17:45","slug":"homem-de-51-anos-constituido-arguido-por-incendio-em-mato-no-sabugal","status":"publish","type":"post","link":"https:\/\/portaltela.pt\/policia\/2026\/03\/25\/homem-de-51-anos-constituido-arguido-por-incendio-em-mato-no-sabugal\/","title":{"rendered":"Homem de 51 anos constitu\u00eddo arguido por inc\u00eandio em mato no Sabugal"},"content":{"rendered":"<p>A GNR constituiu arguido um homem de 51 anos por inc\u00eandio florestal no concelho do Sabugal, distrito da Guarda. O fogo consumiu 1,16 hectares de mato. O suspeito foi identificado na ter\u00e7a-feira pelo SEPNA do Destacamento Territorial de Vilar Formoso.<\/p>\n<p>Na sequ\u00eancia de um alerta de foco de inc\u00eandio na localidade de Soito, os agentes deslocaram-se de imediato ao local. As dilig\u00eancias permitiram identificar o suspeito e recolher ind\u00edcios relevantes para o inqu\u00e9rito.<\/p>\n<p>A investiga\u00e7\u00e3o apurou que a origem do inc\u00eandio esteve relacionada com uma queima de sobrantes florestais autorizada que se descontrolou, provocando a combust\u00e3o de \u00e1rea de mato estimada em 1,16 hectares. Os factos est\u00e3o remetidos ao Tribunal Judicial da Guarda.<\/p>\n<p>O suspeito foi constitu\u00eddo arguido e as pe\u00e7as processuais foram enviadas ao tribunal. A GNR sublinha que as queimas e queimadas s\u00e3o uma das principais causas de inc\u00eandios em Portugal e s\u00e3o interditas quando o risco de inc\u00eandio rural \u00e9 muito elevado ou m\u00e1ximo, exigindo autoriza\u00e7\u00e3o ou comunica\u00e7\u00e3o pr\u00e9via.<\/p>\n<h3>Contexto regulat\u00f3rio sobre queimas<\/h3>\n<p>As autoridades lembram que, fora de per\u00edodos com risco elevado, \u00e9 obrigat\u00f3ria a autoriza\u00e7\u00e3o ou comunica\u00e7\u00e3o pr\u00e9via para queimas. Em dias de perigo muito elevado, as queimadas est\u00e3o especialmente interditas para prevenir inc\u00eandios de maiores dimens\u00f5es.<\/p>\n","protected":false},"excerpt":{"rendered":"<ul>\n<li>A GNR constituiu arguido um homem de 51 anos por inc\u00eandio florestal no concelho do Sabugal, distrito da Guarda, que consumiu 1,16 hectares de mato.<\/li>\n<li>O suspeito foi identificado na ter\u00e7a-feira por elementos do Servi\u00e7o de Prote\u00e7\u00e3o da Natureza e do Ambiente (SEPNA) do Destacamento Territorial de Vilar Formoso, ap\u00f3s alerta de foco de inc\u00eandio na localidade de Soito.<\/li>\n<li>A investiga\u00e7\u00e3o concluiu que a origem do inc\u00eandio esteve relacionada com uma queima de sobrantes florestais autorizada que se descontrolou.<\/li>\n<li>Os factos foram remetidos ao Tribunal Judicial da Guarda.<\/li>\n<li>A GNR lembra que as queimas e queimadas s\u00e3o das principais causas de inc\u00eandios em Portugal e s\u00e3o interditas quando h\u00e1 n\u00edvel de perigo de inc\u00eandio rural muito elevado ou m\u00e1ximo, dependendo de autoriza\u00e7\u00e3o ou comunica\u00e7\u00e3o pr\u00e9via.<\/li>\n<\/ul>\n","protected":false},"author":2,"featured_media":420881,"comment_status":"closed","ping_status":"closed","sticky":false,"template":"","format":"standard","meta":{"footnotes":""},"categories":[7374,6781],"tags":[4576,1380,1438,7498,4551,3560],"class_list":["post-420874","post","type-post","status-publish","format-standard","has-post-thumbnail","hentry","category-criminalidade","category-policia","tag-florestal","tag-gnr","tag-incendio","tag-queimas","tag-sabugal","tag-sepna"],"yoast_head":"<!-- This site is optimized with the Yoast SEO plugin v27.2 - https:\/\/yoast.com\/product\/yoast-seo-wordpress\/ -->\n<title>Homem de 51 anos constitu\u00eddo arguido por inc\u00eandio em mato no Sabugal - Portal Tela Portugal<\/title>\n<meta name=\"robots\" content=\"index, follow, max-snippet:-1, max-image-preview:large, max-video-preview:-1\" \/>\n<meta property=\"og:locale\" content=\"pt_PT\" \/>\n<meta property=\"og:type\" content=\"article\" \/>\n<meta property=\"og:title\" content=\"Homem de 51 anos constitu\u00eddo arguido por inc\u00eandio em mato no Sabugal - Portal Tela Portugal\" \/>\n<meta property=\"og:description\" content=\"A GNR constituiu arguido um homem de 51 anos por inc\u00eandio florestal no concelho do Sabugal, distrito da Guarda, que consumiu 1,16 hectares de mato. O suspeito foi identificado na ter\u00e7a-feira por elementos do Servi\u00e7o de Prote\u00e7\u00e3o da Natureza e do Ambiente (SEPNA) do Destacamento Territorial de Vilar Formoso, ap\u00f3s alerta de foco de inc\u00eandio na localidade de Soito. A investiga\u00e7\u00e3o concluiu que a origem do inc\u00eandio esteve relacionada com uma queima de sobrantes florestais autorizada que se descontrolou. Os factos foram remetidos ao Tribunal Judicial da Guarda. A GNR lembra que as queimas e queimadas s\u00e3o das principais causas de inc\u00eandios em Portugal e s\u00e3o interditas quando h\u00e1 n\u00edvel de perigo de inc\u00eandio rural muito elevado ou m\u00e1ximo, dependendo de autoriza\u00e7\u00e3o ou comunica\u00e7\u00e3o pr\u00e9via.\" \/>\n<meta property=\"og:url\" content=\"https:\/\/portaltela.pt\/noticias\/2026\/03\/25\/homem-de-51-anos-constituido-arguido-por-incendio-em-mato-no-sabugal\/\" \/>\n<meta property=\"og:site_name\" content=\"Portal Tela Portugal\" \/>\n<meta property=\"article:published_time\" content=\"2026-03-25T13:17:45+00:00\" \/>\n<meta name=\"author\" content=\"Telinha\" \/>\n<meta name=\"twitter:card\" content=\"summary_large_image\" \/>\n<meta name=\"twitter:label1\" content=\"Escrito por\" \/>\n\t<meta name=\"twitter:data1\" content=\"Telinha\" \/>\n\t<meta name=\"twitter:label2\" content=\"Tempo estimado de leitura\" \/>\n\t<meta name=\"twitter:data2\" content=\"1 minuto\" \/>\n<script type=\"application\/ld+json\" class=\"yoast-schema-graph\">{\"@context\":\"https:\/\/schema.org\",\"@graph\":[{\"@type\":\"Article\",\"@id\":\"https:\/\/portaltela.pt\/noticias\/2026\/03\/25\/homem-de-51-anos-constituido-arguido-por-incendio-em-mato-no-sabugal\/#article\",\"isPartOf\":{\"@id\":\"https:\/\/portaltela.pt\/noticias\/2026\/03\/25\/homem-de-51-anos-constituido-arguido-por-incendio-em-mato-no-sabugal\/\"},\"author\":{\"name\":\"Telinha\",\"@id\":\"https:\/\/portaltela.pt\/#\/schema\/person\/c4278d4a6028830caff9ee44b42d32ed\"},\"headline\":\"Homem de 51 anos constitu\u00eddo arguido por inc\u00eandio em mato no Sabugal\",\"datePublished\":\"2026-03-25T13:17:45+00:00\",\"mainEntityOfPage\":{\"@id\":\"https:\/\/portaltela.pt\/noticias\/2026\/03\/25\/homem-de-51-anos-constituido-arguido-por-incendio-em-mato-no-sabugal\/\"},\"wordCount\":240,\"image\":{\"@id\":\"https:\/\/portaltela.pt\/noticias\/2026\/03\/25\/homem-de-51-anos-constituido-arguido-por-incendio-em-mato-no-sabugal\/#primaryimage\"},\"thumbnailUrl\":\"https:\/\/portaltela.pt\/s.01k8rhncp4jt1\/2026\/03\/img_1500x1000uu2015-08-23-08-42-00-478758.jpg\",\"keywords\":[\"florestal\",\"GNR\",\"inc\u00eandio\",\"queimas\",\"Sabugal\",\"SEPNA\"],\"articleSection\":[\"Criminalidade\",\"Pol\u00edcia\"],\"inLanguage\":\"pt-PT\"},{\"@type\":\"WebPage\",\"@id\":\"https:\/\/portaltela.pt\/noticias\/2026\/03\/25\/homem-de-51-anos-constituido-arguido-por-incendio-em-mato-no-sabugal\/\",\"url\":\"https:\/\/portaltela.pt\/noticias\/2026\/03\/25\/homem-de-51-anos-constituido-arguido-por-incendio-em-mato-no-sabugal\/\",\"name\":\"Homem de 51 anos constitu\u00eddo arguido por inc\u00eandio em mato no Sabugal - Portal Tela Portugal\",\"isPartOf\":{\"@id\":\"https:\/\/portaltela.pt\/#website\"},\"primaryImageOfPage\":{\"@id\":\"https:\/\/portaltela.pt\/noticias\/2026\/03\/25\/homem-de-51-anos-constituido-arguido-por-incendio-em-mato-no-sabugal\/#primaryimage\"},\"image\":{\"@id\":\"https:\/\/portaltela.pt\/noticias\/2026\/03\/25\/homem-de-51-anos-constituido-arguido-por-incendio-em-mato-no-sabugal\/#primaryimage\"},\"thumbnailUrl\":\"https:\/\/portaltela.pt\/s.01k8rhncp4jt1\/2026\/03\/img_1500x1000uu2015-08-23-08-42-00-478758.jpg\",\"datePublished\":\"2026-03-25T13:17:45+00:00\",\"author\":{\"@id\":\"https:\/\/portaltela.pt\/#\/schema\/person\/c4278d4a6028830caff9ee44b42d32ed\"},\"breadcrumb\":{\"@id\":\"https:\/\/portaltela.pt\/noticias\/2026\/03\/25\/homem-de-51-anos-constituido-arguido-por-incendio-em-mato-no-sabugal\/#breadcrumb\"},\"inLanguage\":\"pt-PT\",\"potentialAction\":[{\"@type\":\"ReadAction\",\"target\":[\"https:\/\/portaltela.pt\/noticias\/2026\/03\/25\/homem-de-51-anos-constituido-arguido-por-incendio-em-mato-no-sabugal\/\"]}]},{\"@type\":\"ImageObject\",\"inLanguage\":\"pt-PT\",\"@id\":\"https:\/\/portaltela.pt\/noticias\/2026\/03\/25\/homem-de-51-anos-constituido-arguido-por-incendio-em-mato-no-sabugal\/#primaryimage\",\"url\":\"https:\/\/portaltela.pt\/s.01k8rhncp4jt1\/2026\/03\/img_1500x1000uu2015-08-23-08-42-00-478758.jpg\",\"contentUrl\":\"https:\/\/portaltela.pt\/s.01k8rhncp4jt1\/2026\/03\/img_1500x1000uu2015-08-23-08-42-00-478758.jpg\",\"width\":796,\"height\":448,\"caption\":\"Homem de 51 anos constitu\u00eddo arguido por inc\u00eandio em mato no concelho do Sabugal\"},{\"@type\":\"BreadcrumbList\",\"@id\":\"https:\/\/portaltela.pt\/noticias\/2026\/03\/25\/homem-de-51-anos-constituido-arguido-por-incendio-em-mato-no-sabugal\/#breadcrumb\",\"itemListElement\":[{\"@type\":\"ListItem\",\"position\":1,\"name\":\"In\u00edcio\",\"item\":\"https:\/\/portaltela.pt\/\"},{\"@type\":\"ListItem\",\"position\":2,\"name\":\"Homem de 51 anos constitu\u00eddo arguido por inc\u00eandio em mato no Sabugal\"}]},{\"@type\":\"WebSite\",\"@id\":\"https:\/\/portaltela.pt\/#website\",\"url\":\"https:\/\/portaltela.pt\/\",\"name\":\"Portal Tela Portugal\",\"description\":\"\",\"potentialAction\":[{\"@type\":\"SearchAction\",\"target\":{\"@type\":\"EntryPoint\",\"urlTemplate\":\"https:\/\/portaltela.pt\/?s={search_term_string}\"},\"query-input\":{\"@type\":\"PropertyValueSpecification\",\"valueRequired\":true,\"valueName\":\"search_term_string\"}}],\"inLanguage\":\"pt-PT\"},{\"@type\":\"Person\",\"@id\":\"https:\/\/portaltela.pt\/#\/schema\/person\/c4278d4a6028830caff9ee44b42d32ed\",\"name\":\"Telinha\",\"image\":{\"@type\":\"ImageObject\",\"inLanguage\":\"pt-PT\",\"@id\":\"https:\/\/portaltela.pt\/s.01k8rhncp4jt1\/2025\/11\/talking-bot-125x125.png\",\"url\":\"https:\/\/portaltela.pt\/s.01k8rhncp4jt1\/2025\/11\/talking-bot-125x125.png\",\"contentUrl\":\"https:\/\/portaltela.pt\/s.01k8rhncp4jt1\/2025\/11\/talking-bot-125x125.png\",\"caption\":\"Telinha\"},\"sameAs\":[\"https:\/\/portaltela.pt\/\"],\"url\":\"https:\/\/portaltela.pt\/por\/367410592786\/\"}]}<\/script>\n<!-- \/ Yoast SEO plugin. -->","yoast_head_json":{"title":"Homem de 51 anos constitu\u00eddo arguido por inc\u00eandio em mato no Sabugal - Portal Tela Portugal","robots":{"index":"index","follow":"follow","max-snippet":"max-snippet:-1","max-image-preview":"max-image-preview:large","max-video-preview":"max-video-preview:-1"},"og_locale":"pt_PT","og_type":"article","og_title":"Homem de 51 anos constitu\u00eddo arguido por inc\u00eandio em mato no Sabugal - Portal Tela Portugal","og_description":"A GNR constituiu arguido um homem de 51 anos por inc\u00eandio florestal no concelho do Sabugal, distrito da Guarda, que consumiu 1,16 hectares de mato. O suspeito foi identificado na ter\u00e7a-feira por elementos do Servi\u00e7o de Prote\u00e7\u00e3o da Natureza e do Ambiente (SEPNA) do Destacamento Territorial de Vilar Formoso, ap\u00f3s alerta de foco de inc\u00eandio na localidade de Soito. A investiga\u00e7\u00e3o concluiu que a origem do inc\u00eandio esteve relacionada com uma queima de sobrantes florestais autorizada que se descontrolou. Os factos foram remetidos ao Tribunal Judicial da Guarda. A GNR lembra que as queimas e queimadas s\u00e3o das principais causas de inc\u00eandios em Portugal e s\u00e3o interditas quando h\u00e1 n\u00edvel de perigo de inc\u00eandio rural muito elevado ou m\u00e1ximo, dependendo de autoriza\u00e7\u00e3o ou comunica\u00e7\u00e3o pr\u00e9via.","og_url":"https:\/\/portaltela.pt\/noticias\/2026\/03\/25\/homem-de-51-anos-constituido-arguido-por-incendio-em-mato-no-sabugal\/","og_site_name":"Portal Tela Portugal","article_published_time":"2026-03-25T13:17:45+00:00","author":"Telinha","twitter_card":"summary_large_image","twitter_misc":{"Escrito por":"Telinha","Tempo estimado de leitura":"1 minuto"},"schema":{"@context":"https:\/\/schema.org","@graph":[{"@type":"Article","@id":"https:\/\/portaltela.pt\/noticias\/2026\/03\/25\/homem-de-51-anos-constituido-arguido-por-incendio-em-mato-no-sabugal\/#article","isPartOf":{"@id":"https:\/\/portaltela.pt\/noticias\/2026\/03\/25\/homem-de-51-anos-constituido-arguido-por-incendio-em-mato-no-sabugal\/"},"author":{"name":"Telinha","@id":"https:\/\/portaltela.pt\/#\/schema\/person\/c4278d4a6028830caff9ee44b42d32ed"},"headline":"Homem de 51 anos constitu\u00eddo arguido por inc\u00eandio em mato no Sabugal","datePublished":"2026-03-25T13:17:45+00:00","mainEntityOfPage":{"@id":"https:\/\/portaltela.pt\/noticias\/2026\/03\/25\/homem-de-51-anos-constituido-arguido-por-incendio-em-mato-no-sabugal\/"},"wordCount":240,"image":{"@id":"https:\/\/portaltela.pt\/noticias\/2026\/03\/25\/homem-de-51-anos-constituido-arguido-por-incendio-em-mato-no-sabugal\/#primaryimage"},"thumbnailUrl":"https:\/\/portaltela.pt\/s.01k8rhncp4jt1\/2026\/03\/img_1500x1000uu2015-08-23-08-42-00-478758.jpg","keywords":["florestal","GNR","inc\u00eandio","queimas","Sabugal","SEPNA"],"articleSection":["Criminalidade","Pol\u00edcia"],"inLanguage":"pt-PT"},{"@type":"WebPage","@id":"https:\/\/portaltela.pt\/noticias\/2026\/03\/25\/homem-de-51-anos-constituido-arguido-por-incendio-em-mato-no-sabugal\/","url":"https:\/\/portaltela.pt\/noticias\/2026\/03\/25\/homem-de-51-anos-constituido-arguido-por-incendio-em-mato-no-sabugal\/","name":"Homem de 51 anos constitu\u00eddo arguido por inc\u00eandio em mato no Sabugal - Portal Tela Portugal","isPartOf":{"@id":"https:\/\/portaltela.pt\/#website"},"primaryImageOfPage":{"@id":"https:\/\/portaltela.pt\/noticias\/2026\/03\/25\/homem-de-51-anos-constituido-arguido-por-incendio-em-mato-no-sabugal\/#primaryimage"},"image":{"@id":"https:\/\/portaltela.pt\/noticias\/2026\/03\/25\/homem-de-51-anos-constituido-arguido-por-incendio-em-mato-no-sabugal\/#primaryimage"},"thumbnailUrl":"https:\/\/portaltela.pt\/s.01k8rhncp4jt1\/2026\/03\/img_1500x1000uu2015-08-23-08-42-00-478758.jpg","datePublished":"2026-03-25T13:17:45+00:00","author":{"@id":"https:\/\/portaltela.pt\/#\/schema\/person\/c4278d4a6028830caff9ee44b42d32ed"},"breadcrumb":{"@id":"https:\/\/portaltela.pt\/noticias\/2026\/03\/25\/homem-de-51-anos-constituido-arguido-por-incendio-em-mato-no-sabugal\/#breadcrumb"},"inLanguage":"pt-PT","potentialAction":[{"@type":"ReadAction","target":["https:\/\/portaltela.pt\/noticias\/2026\/03\/25\/homem-de-51-anos-constituido-arguido-por-incendio-em-mato-no-sabugal\/"]}]},{"@type":"ImageObject","inLanguage":"pt-PT","@id":"https:\/\/portaltela.pt\/noticias\/2026\/03\/25\/homem-de-51-anos-constituido-arguido-por-incendio-em-mato-no-sabugal\/#primaryimage","url":"https:\/\/portaltela.pt\/s.01k8rhncp4jt1\/2026\/03\/img_1500x1000uu2015-08-23-08-42-00-478758.jpg","contentUrl":"https:\/\/portaltela.pt\/s.01k8rhncp4jt1\/2026\/03\/img_1500x1000uu2015-08-23-08-42-00-478758.jpg","width":796,"height":448,"caption":"Homem de 51 anos constitu\u00eddo arguido por inc\u00eandio em mato no concelho do Sabugal"},{"@type":"BreadcrumbList","@id":"https:\/\/portaltela.pt\/noticias\/2026\/03\/25\/homem-de-51-anos-constituido-arguido-por-incendio-em-mato-no-sabugal\/#breadcrumb","itemListElement":[{"@type":"ListItem","position":1,"name":"In\u00edcio","item":"https:\/\/portaltela.pt\/"},{"@type":"ListItem","position":2,"name":"Homem de 51 anos constitu\u00eddo arguido por inc\u00eandio em mato no Sabugal"}]},{"@type":"WebSite","@id":"https:\/\/portaltela.pt\/#website","url":"https:\/\/portaltela.pt\/","name":"Portal Tela Portugal","description":"","potentialAction":[{"@type":"SearchAction","target":{"@type":"EntryPoint","urlTemplate":"https:\/\/portaltela.pt\/?s={search_term_string}"},"query-input":{"@type":"PropertyValueSpecification","valueRequired":true,"valueName":"search_term_string"}}],"inLanguage":"pt-PT"},{"@type":"Person","@id":"https:\/\/portaltela.pt\/#\/schema\/person\/c4278d4a6028830caff9ee44b42d32ed","name":"Telinha","image":{"@type":"ImageObject","inLanguage":"pt-PT","@id":"https:\/\/portaltela.pt\/s.01k8rhncp4jt1\/2025\/11\/talking-bot-125x125.png","url":"https:\/\/portaltela.pt\/s.01k8rhncp4jt1\/2025\/11\/talking-bot-125x125.png","contentUrl":"https:\/\/portaltela.pt\/s.01k8rhncp4jt1\/2025\/11\/talking-bot-125x125.png","caption":"Telinha"},"sameAs":["https:\/\/portaltela.pt\/"],"url":"https:\/\/portaltela.pt\/por\/367410592786\/"}]}},"_links":{"self":[{"href":"https:\/\/portaltela.pt\/api\/wp\/v2\/posts\/420874","targetHints":{"allow":["GET"]}}],"collection":[{"href":"https:\/\/portaltela.pt\/api\/wp\/v2\/posts"}],"about":[{"href":"https:\/\/portaltela.pt\/api\/wp\/v2\/types\/post"}],"author":[{"embeddable":true,"href":"https:\/\/portaltela.pt\/api\/wp\/v2\/users\/2"}],"replies":[{"embeddable":true,"href":"https:\/\/portaltela.pt\/api\/wp\/v2\/comments?post=420874"}],"version-history":[{"count":0,"href":"https:\/\/portaltela.pt\/api\/wp\/v2\/posts\/420874\/revisions"}],"wp:featuredmedia":[{"embeddable":true,"href":"https:\/\/portaltela.pt\/api\/wp\/v2\/media\/420881"}],"wp:attachment":[{"href":"https:\/\/portaltela.pt\/api\/wp\/v2\/media?parent=420874"}],"wp:term":[{"taxonomy":"category","embeddable":true,"href":"https:\/\/portaltela.pt\/api\/wp\/v2\/categories?post=420874"},{"taxonomy":"post_tag","embeddable":true,"href":"https:\/\/portaltela.pt\/api\/wp\/v2\/tags?post=420874"}],"curies":[{"name":"wp","href":"https:\/\/api.w.org\/{rel}","templated":true}]}}