{"id":420866,"date":"2026-03-25T10:00:00","date_gmt":"2026-03-25T13:00:00","guid":{"rendered":"https:\/\/portaltela.pt\/noticias\/2026\/03\/25\/criancas-ucranianas-deportadas-pela-russia-geram-condenacao-internacional\/"},"modified":"2026-03-25T10:00:00","modified_gmt":"2026-03-25T13:00:00","slug":"criancas-ucranianas-deportadas-pela-russia-geram-condenacao-internacional","status":"publish","type":"post","link":"https:\/\/portaltela.pt\/noticias\/internacional\/2026\/03\/25\/criancas-ucranianas-deportadas-pela-russia-geram-condenacao-internacional\/","title":{"rendered":"Crian\u00e7as ucranianas deportadas pela R\u00fassia geram condena\u00e7\u00e3o internacional"},"content":{"rendered":"<p>A Ucr\u00e2nia afirma que mais de 20 mil crian\u00e7as ucranianas foram levadas \u00e0 for\u00e7a para a R\u00fassia durante a invas\u00e3o, com estimativas de muito mais. A ONU descreveu a situa\u00e7\u00e3o como crimes contra a humanidade cometidos por Moscovo.<\/p>\n<p>Kiev sustenta que o n\u00famero real de deslocados \u00e9 superior ao divulgado, dado que muitos casos n\u00e3o foram contabilizados. A ag\u00eancia das Na\u00e7\u00f5es Unidas confirmou a gravidade dos abusos e pediu investiga\u00e7\u00f5es independentes. Foto: Reuters\/Violeta Santos Moura.<\/p>\n<p>Illia, um dos rapazes que regressou recentemente ao territ\u00f3rio ucraniano, ilustra a dimens\u00e3o humana do fen\u00f3meno. A devolu\u00e7\u00e3o de crian\u00e7as e a reconstru\u00e7\u00e3o de fam\u00edlias t\u00eam sido pontos centrais das den\u00fancias internacionais.<\/p>\n<p>A Ucr\u00e2nia continua a exigir responsabiliza\u00e7\u00e3o da R\u00fassia e a coopera\u00e7\u00e3o de organismos internacionais para localizar todas as crian\u00e7as desaparecidas e proteger os direitos de menores. Reportagem com dados da ONU e fontes oficiais.<\/p>\n","protected":false},"excerpt":{"rendered":"<ul>\n<li>A Ucr\u00e2nia afirma que mais de vinte mil crian\u00e7as foram levadas \u00e0 for\u00e7a para a R\u00fassia durante a invas\u00e3o, e estima que o n\u00famero seja ainda maior.<\/li>\n<li>A ONU concluiu que Moscovo comete crimes contra a humanidade neste contexto.<\/li>\n<li>Milhares de crian\u00e7as ucranianas desapareceram na R\u00fassia.<\/li>\n<li>Ilia, uma das crian\u00e7as afetadas, conseguiu voltar para casa.<\/li>\n<li>O tema \u00e9 apresentado como um problema que envolve a comunidade internacional.<\/li>\n<\/ul>\n","protected":false},"author":2,"featured_media":420868,"comment_status":"closed","ping_status":"closed","sticky":false,"template":"","format":"standard","meta":{"footnotes":""},"categories":[6814,4],"tags":[2820,3081,7178,2633,5123,2134],"class_list":["post-420866","post","type-post","status-publish","format-standard","has-post-thumbnail","hentry","category-geopolitica","category-internacional","tag-crimes-contra-a-humanidade","tag-crimes-internacionais","tag-direitos-de-menores","tag-direitos-humanos","tag-onu","tag-ucrania"],"yoast_head":"<!-- This site is optimized with the Yoast SEO plugin v27.2 - https:\/\/yoast.com\/product\/yoast-seo-wordpress\/ -->\n<title>Crian\u00e7as ucranianas deportadas pela R\u00fassia geram condena\u00e7\u00e3o internacional - Portal Tela Portugal<\/title>\n<meta name=\"robots\" content=\"index, follow, max-snippet:-1, max-image-preview:large, max-video-preview:-1\" \/>\n<meta property=\"og:locale\" content=\"pt_PT\" \/>\n<meta property=\"og:type\" content=\"article\" \/>\n<meta property=\"og:title\" content=\"Crian\u00e7as ucranianas deportadas pela R\u00fassia geram condena\u00e7\u00e3o internacional - Portal Tela Portugal\" \/>\n<meta property=\"og:description\" content=\"A Ucr\u00e2nia afirma que mais de vinte mil crian\u00e7as foram levadas \u00e0 for\u00e7a para a R\u00fassia durante a invas\u00e3o, e estima que o n\u00famero seja ainda maior. A ONU concluiu que Moscovo comete crimes contra a humanidade neste contexto. Milhares de crian\u00e7as ucranianas desapareceram na R\u00fassia. Ilia, uma das crian\u00e7as afetadas, conseguiu voltar para casa. O tema \u00e9 apresentado como um problema que envolve a comunidade internacional.\" \/>\n<meta property=\"og:url\" content=\"https:\/\/portaltela.pt\/noticias\/2026\/03\/25\/criancas-ucranianas-deportadas-pela-russia-geram-condenacao-internacional\/\" \/>\n<meta property=\"og:site_name\" content=\"Portal Tela Portugal\" \/>\n<meta property=\"article:published_time\" content=\"2026-03-25T13:00:00+00:00\" \/>\n<meta name=\"author\" content=\"Telinha\" \/>\n<meta name=\"twitter:card\" content=\"summary_large_image\" \/>\n<meta name=\"twitter:label1\" content=\"Escrito por\" \/>\n\t<meta name=\"twitter:data1\" content=\"Telinha\" \/>\n\t<meta name=\"twitter:label2\" content=\"Tempo estimado de leitura\" \/>\n\t<meta name=\"twitter:data2\" content=\"1 minuto\" \/>\n<script type=\"application\/ld+json\" class=\"yoast-schema-graph\">{\"@context\":\"https:\/\/schema.org\",\"@graph\":[{\"@type\":\"Article\",\"@id\":\"https:\/\/portaltela.pt\/noticias\/2026\/03\/25\/criancas-ucranianas-deportadas-pela-russia-geram-condenacao-internacional\/#article\",\"isPartOf\":{\"@id\":\"https:\/\/portaltela.pt\/noticias\/2026\/03\/25\/criancas-ucranianas-deportadas-pela-russia-geram-condenacao-internacional\/\"},\"author\":{\"name\":\"Telinha\",\"@id\":\"https:\/\/portaltela.pt\/#\/schema\/person\/c4278d4a6028830caff9ee44b42d32ed\"},\"headline\":\"Crian\u00e7as ucranianas deportadas pela R\u00fassia geram condena\u00e7\u00e3o internacional\",\"datePublished\":\"2026-03-25T13:00:00+00:00\",\"mainEntityOfPage\":{\"@id\":\"https:\/\/portaltela.pt\/noticias\/2026\/03\/25\/criancas-ucranianas-deportadas-pela-russia-geram-condenacao-internacional\/\"},\"wordCount\":175,\"image\":{\"@id\":\"https:\/\/portaltela.pt\/noticias\/2026\/03\/25\/criancas-ucranianas-deportadas-pela-russia-geram-condenacao-internacional\/#primaryimage\"},\"thumbnailUrl\":\"https:\/\/portaltela.pt\/s.01k8rhncp4jt1\/2026\/03\/2076688.jpg\",\"keywords\":[\"crimes contra a humanidade\",\"crimes internacionais\",\"direitos de menores\",\"direitos humanos\",\"ONU\",\"Ucr\u00e2nia\"],\"articleSection\":[\"Geopol\u00edtica\",\"Internacional\"],\"inLanguage\":\"pt-PT\"},{\"@type\":\"WebPage\",\"@id\":\"https:\/\/portaltela.pt\/noticias\/2026\/03\/25\/criancas-ucranianas-deportadas-pela-russia-geram-condenacao-internacional\/\",\"url\":\"https:\/\/portaltela.pt\/noticias\/2026\/03\/25\/criancas-ucranianas-deportadas-pela-russia-geram-condenacao-internacional\/\",\"name\":\"Crian\u00e7as ucranianas deportadas pela R\u00fassia geram condena\u00e7\u00e3o internacional - Portal Tela Portugal\",\"isPartOf\":{\"@id\":\"https:\/\/portaltela.pt\/#website\"},\"primaryImageOfPage\":{\"@id\":\"https:\/\/portaltela.pt\/noticias\/2026\/03\/25\/criancas-ucranianas-deportadas-pela-russia-geram-condenacao-internacional\/#primaryimage\"},\"image\":{\"@id\":\"https:\/\/portaltela.pt\/noticias\/2026\/03\/25\/criancas-ucranianas-deportadas-pela-russia-geram-condenacao-internacional\/#primaryimage\"},\"thumbnailUrl\":\"https:\/\/portaltela.pt\/s.01k8rhncp4jt1\/2026\/03\/2076688.jpg\",\"datePublished\":\"2026-03-25T13:00:00+00:00\",\"author\":{\"@id\":\"https:\/\/portaltela.pt\/#\/schema\/person\/c4278d4a6028830caff9ee44b42d32ed\"},\"breadcrumb\":{\"@id\":\"https:\/\/portaltela.pt\/noticias\/2026\/03\/25\/criancas-ucranianas-deportadas-pela-russia-geram-condenacao-internacional\/#breadcrumb\"},\"inLanguage\":\"pt-PT\",\"potentialAction\":[{\"@type\":\"ReadAction\",\"target\":[\"https:\/\/portaltela.pt\/noticias\/2026\/03\/25\/criancas-ucranianas-deportadas-pela-russia-geram-condenacao-internacional\/\"]}]},{\"@type\":\"ImageObject\",\"inLanguage\":\"pt-PT\",\"@id\":\"https:\/\/portaltela.pt\/noticias\/2026\/03\/25\/criancas-ucranianas-deportadas-pela-russia-geram-condenacao-internacional\/#primaryimage\",\"url\":\"https:\/\/portaltela.pt\/s.01k8rhncp4jt1\/2026\/03\/2076688.jpg\",\"contentUrl\":\"https:\/\/portaltela.pt\/s.01k8rhncp4jt1\/2026\/03\/2076688.jpg\",\"width\":796,\"height\":448,\"caption\":\"Photo\"},{\"@type\":\"BreadcrumbList\",\"@id\":\"https:\/\/portaltela.pt\/noticias\/2026\/03\/25\/criancas-ucranianas-deportadas-pela-russia-geram-condenacao-internacional\/#breadcrumb\",\"itemListElement\":[{\"@type\":\"ListItem\",\"position\":1,\"name\":\"In\u00edcio\",\"item\":\"https:\/\/portaltela.pt\/\"},{\"@type\":\"ListItem\",\"position\":2,\"name\":\"Crian\u00e7as ucranianas deportadas pela R\u00fassia geram condena\u00e7\u00e3o internacional\"}]},{\"@type\":\"WebSite\",\"@id\":\"https:\/\/portaltela.pt\/#website\",\"url\":\"https:\/\/portaltela.pt\/\",\"name\":\"Portal Tela Portugal\",\"description\":\"\",\"potentialAction\":[{\"@type\":\"SearchAction\",\"target\":{\"@type\":\"EntryPoint\",\"urlTemplate\":\"https:\/\/portaltela.pt\/?s={search_term_string}\"},\"query-input\":{\"@type\":\"PropertyValueSpecification\",\"valueRequired\":true,\"valueName\":\"search_term_string\"}}],\"inLanguage\":\"pt-PT\"},{\"@type\":\"Person\",\"@id\":\"https:\/\/portaltela.pt\/#\/schema\/person\/c4278d4a6028830caff9ee44b42d32ed\",\"name\":\"Telinha\",\"image\":{\"@type\":\"ImageObject\",\"inLanguage\":\"pt-PT\",\"@id\":\"https:\/\/portaltela.pt\/s.01k8rhncp4jt1\/2025\/11\/talking-bot-125x125.png\",\"url\":\"https:\/\/portaltela.pt\/s.01k8rhncp4jt1\/2025\/11\/talking-bot-125x125.png\",\"contentUrl\":\"https:\/\/portaltela.pt\/s.01k8rhncp4jt1\/2025\/11\/talking-bot-125x125.png\",\"caption\":\"Telinha\"},\"sameAs\":[\"https:\/\/portaltela.pt\/\"],\"url\":\"https:\/\/portaltela.pt\/por\/367410592786\/\"}]}<\/script>\n<!-- \/ Yoast SEO plugin. -->","yoast_head_json":{"title":"Crian\u00e7as ucranianas deportadas pela R\u00fassia geram condena\u00e7\u00e3o internacional - Portal Tela Portugal","robots":{"index":"index","follow":"follow","max-snippet":"max-snippet:-1","max-image-preview":"max-image-preview:large","max-video-preview":"max-video-preview:-1"},"og_locale":"pt_PT","og_type":"article","og_title":"Crian\u00e7as ucranianas deportadas pela R\u00fassia geram condena\u00e7\u00e3o internacional - Portal Tela Portugal","og_description":"A Ucr\u00e2nia afirma que mais de vinte mil crian\u00e7as foram levadas \u00e0 for\u00e7a para a R\u00fassia durante a invas\u00e3o, e estima que o n\u00famero seja ainda maior. A ONU concluiu que Moscovo comete crimes contra a humanidade neste contexto. Milhares de crian\u00e7as ucranianas desapareceram na R\u00fassia. Ilia, uma das crian\u00e7as afetadas, conseguiu voltar para casa. O tema \u00e9 apresentado como um problema que envolve a comunidade internacional.","og_url":"https:\/\/portaltela.pt\/noticias\/2026\/03\/25\/criancas-ucranianas-deportadas-pela-russia-geram-condenacao-internacional\/","og_site_name":"Portal Tela Portugal","article_published_time":"2026-03-25T13:00:00+00:00","author":"Telinha","twitter_card":"summary_large_image","twitter_misc":{"Escrito por":"Telinha","Tempo estimado de leitura":"1 minuto"},"schema":{"@context":"https:\/\/schema.org","@graph":[{"@type":"Article","@id":"https:\/\/portaltela.pt\/noticias\/2026\/03\/25\/criancas-ucranianas-deportadas-pela-russia-geram-condenacao-internacional\/#article","isPartOf":{"@id":"https:\/\/portaltela.pt\/noticias\/2026\/03\/25\/criancas-ucranianas-deportadas-pela-russia-geram-condenacao-internacional\/"},"author":{"name":"Telinha","@id":"https:\/\/portaltela.pt\/#\/schema\/person\/c4278d4a6028830caff9ee44b42d32ed"},"headline":"Crian\u00e7as ucranianas deportadas pela R\u00fassia geram condena\u00e7\u00e3o internacional","datePublished":"2026-03-25T13:00:00+00:00","mainEntityOfPage":{"@id":"https:\/\/portaltela.pt\/noticias\/2026\/03\/25\/criancas-ucranianas-deportadas-pela-russia-geram-condenacao-internacional\/"},"wordCount":175,"image":{"@id":"https:\/\/portaltela.pt\/noticias\/2026\/03\/25\/criancas-ucranianas-deportadas-pela-russia-geram-condenacao-internacional\/#primaryimage"},"thumbnailUrl":"https:\/\/portaltela.pt\/s.01k8rhncp4jt1\/2026\/03\/2076688.jpg","keywords":["crimes contra a humanidade","crimes internacionais","direitos de menores","direitos humanos","ONU","Ucr\u00e2nia"],"articleSection":["Geopol\u00edtica","Internacional"],"inLanguage":"pt-PT"},{"@type":"WebPage","@id":"https:\/\/portaltela.pt\/noticias\/2026\/03\/25\/criancas-ucranianas-deportadas-pela-russia-geram-condenacao-internacional\/","url":"https:\/\/portaltela.pt\/noticias\/2026\/03\/25\/criancas-ucranianas-deportadas-pela-russia-geram-condenacao-internacional\/","name":"Crian\u00e7as ucranianas deportadas pela R\u00fassia geram condena\u00e7\u00e3o internacional - Portal Tela Portugal","isPartOf":{"@id":"https:\/\/portaltela.pt\/#website"},"primaryImageOfPage":{"@id":"https:\/\/portaltela.pt\/noticias\/2026\/03\/25\/criancas-ucranianas-deportadas-pela-russia-geram-condenacao-internacional\/#primaryimage"},"image":{"@id":"https:\/\/portaltela.pt\/noticias\/2026\/03\/25\/criancas-ucranianas-deportadas-pela-russia-geram-condenacao-internacional\/#primaryimage"},"thumbnailUrl":"https:\/\/portaltela.pt\/s.01k8rhncp4jt1\/2026\/03\/2076688.jpg","datePublished":"2026-03-25T13:00:00+00:00","author":{"@id":"https:\/\/portaltela.pt\/#\/schema\/person\/c4278d4a6028830caff9ee44b42d32ed"},"breadcrumb":{"@id":"https:\/\/portaltela.pt\/noticias\/2026\/03\/25\/criancas-ucranianas-deportadas-pela-russia-geram-condenacao-internacional\/#breadcrumb"},"inLanguage":"pt-PT","potentialAction":[{"@type":"ReadAction","target":["https:\/\/portaltela.pt\/noticias\/2026\/03\/25\/criancas-ucranianas-deportadas-pela-russia-geram-condenacao-internacional\/"]}]},{"@type":"ImageObject","inLanguage":"pt-PT","@id":"https:\/\/portaltela.pt\/noticias\/2026\/03\/25\/criancas-ucranianas-deportadas-pela-russia-geram-condenacao-internacional\/#primaryimage","url":"https:\/\/portaltela.pt\/s.01k8rhncp4jt1\/2026\/03\/2076688.jpg","contentUrl":"https:\/\/portaltela.pt\/s.01k8rhncp4jt1\/2026\/03\/2076688.jpg","width":796,"height":448,"caption":"Photo"},{"@type":"BreadcrumbList","@id":"https:\/\/portaltela.pt\/noticias\/2026\/03\/25\/criancas-ucranianas-deportadas-pela-russia-geram-condenacao-internacional\/#breadcrumb","itemListElement":[{"@type":"ListItem","position":1,"name":"In\u00edcio","item":"https:\/\/portaltela.pt\/"},{"@type":"ListItem","position":2,"name":"Crian\u00e7as ucranianas deportadas pela R\u00fassia geram condena\u00e7\u00e3o internacional"}]},{"@type":"WebSite","@id":"https:\/\/portaltela.pt\/#website","url":"https:\/\/portaltela.pt\/","name":"Portal Tela Portugal","description":"","potentialAction":[{"@type":"SearchAction","target":{"@type":"EntryPoint","urlTemplate":"https:\/\/portaltela.pt\/?s={search_term_string}"},"query-input":{"@type":"PropertyValueSpecification","valueRequired":true,"valueName":"search_term_string"}}],"inLanguage":"pt-PT"},{"@type":"Person","@id":"https:\/\/portaltela.pt\/#\/schema\/person\/c4278d4a6028830caff9ee44b42d32ed","name":"Telinha","image":{"@type":"ImageObject","inLanguage":"pt-PT","@id":"https:\/\/portaltela.pt\/s.01k8rhncp4jt1\/2025\/11\/talking-bot-125x125.png","url":"https:\/\/portaltela.pt\/s.01k8rhncp4jt1\/2025\/11\/talking-bot-125x125.png","contentUrl":"https:\/\/portaltela.pt\/s.01k8rhncp4jt1\/2025\/11\/talking-bot-125x125.png","caption":"Telinha"},"sameAs":["https:\/\/portaltela.pt\/"],"url":"https:\/\/portaltela.pt\/por\/367410592786\/"}]}},"_links":{"self":[{"href":"https:\/\/portaltela.pt\/api\/wp\/v2\/posts\/420866","targetHints":{"allow":["GET"]}}],"collection":[{"href":"https:\/\/portaltela.pt\/api\/wp\/v2\/posts"}],"about":[{"href":"https:\/\/portaltela.pt\/api\/wp\/v2\/types\/post"}],"author":[{"embeddable":true,"href":"https:\/\/portaltela.pt\/api\/wp\/v2\/users\/2"}],"replies":[{"embeddable":true,"href":"https:\/\/portaltela.pt\/api\/wp\/v2\/comments?post=420866"}],"version-history":[{"count":0,"href":"https:\/\/portaltela.pt\/api\/wp\/v2\/posts\/420866\/revisions"}],"wp:featuredmedia":[{"embeddable":true,"href":"https:\/\/portaltela.pt\/api\/wp\/v2\/media\/420868"}],"wp:attachment":[{"href":"https:\/\/portaltela.pt\/api\/wp\/v2\/media?parent=420866"}],"wp:term":[{"taxonomy":"category","embeddable":true,"href":"https:\/\/portaltela.pt\/api\/wp\/v2\/categories?post=420866"},{"taxonomy":"post_tag","embeddable":true,"href":"https:\/\/portaltela.pt\/api\/wp\/v2\/tags?post=420866"}],"curies":[{"name":"wp","href":"https:\/\/api.w.org\/{rel}","templated":true}]}}