{"id":420850,"date":"2026-03-25T10:06:05","date_gmt":"2026-03-25T13:06:05","guid":{"rendered":"https:\/\/portaltela.pt\/noticias\/2026\/03\/25\/benfica-deixa-liga-centralizacao-mantem-informacao-e-articulacao\/"},"modified":"2026-03-25T10:06:05","modified_gmt":"2026-03-25T13:06:05","slug":"benfica-deixa-liga-centralizacao-mantem-informacao-e-articulacao","status":"publish","type":"post","link":"https:\/\/portaltela.pt\/desporto\/futebol\/2026\/03\/25\/benfica-deixa-liga-centralizacao-mantem-informacao-e-articulacao\/","title":{"rendered":"Benfica deixa Liga Centraliza\u00e7\u00e3o, mant\u00e9m informa\u00e7\u00e3o e articula\u00e7\u00e3o"},"content":{"rendered":"<p>O presidente da Liga Portuguesa de Futebol Profissional (LPFP) assegurou que os prazos para a centraliza\u00e7\u00e3o dos direitos audiovisuais est\u00e3o a ser cumpridos e reafirmou o di\u00e1logo com o Benfica, mesmo ap\u00f3s a sa\u00edda do clube da empresa respons\u00e1vel pelo processo. A coopera\u00e7\u00e3o com a Autoridade da Concorr\u00eancia (AdC) foi destacada como ponto forte.<\/p>\n<p>O Benfica divulgou a sua sa\u00edda da Liga Centraliza\u00e7\u00e3o, empresa que gerir\u00e1 o processo a partir de 2028\/29, mas mant\u00e9m a rela\u00e7\u00e3o de negocia\u00e7\u00e3o com a LPFP e com as restantes redes desportivas, segundo o presidente da Liga. O objetivo \u00e9 manter a informa\u00e7\u00e3o e a articula\u00e7\u00e3o em curso.<\/p>\n<p>Para Reinaldo Teixeira, a aus\u00eancia do clube encarnado da estrutura de centraliza\u00e7\u00e3o n\u00e3o compromete o andamento do processo, que continua a receber coopera\u00e7\u00e3o cordial e contributos relevantes. A LPFP mant\u00e9m a expectativa de cumprir o previsto.<\/p>\n<h3>Progresso e pr\u00f3ximos passos<\/h3>\n<p>O dirigente refor\u00e7ou que o processo de centraliza\u00e7\u00e3o \u00e9 feito com colabora\u00e7\u00e3o de todas as sociedades desportivas, incluindo mecanismos de distribui\u00e7\u00e3o de valores em estudo, com a promessa de apresentar a chave de distribui\u00e7\u00e3o em breve. O foco permanece na viabilidade financeira.<\/p>\n<p>Teixeira sublinhou tamb\u00e9m a necessidade de aumentar receitas e reduzir custos para o universo desportivo, nomeadamente via patroc\u00ednios e novas condi\u00e7\u00f5es, com a LPFP a atuar como facilitador de processos.<\/p>\n<h3>Reconhecimento e investimentos no futeboI<\/h3>\n<p>O presidente atribuiu m\u00e9rito a Sporting, FC Porto e Sporting de Braga pela subida aos quartos de final de competi\u00e7\u00f5es europeias, destacando que o sucesso \u00e9 das sociedades desportivas, com a LPFP a continuar a cooperar e a melhorar infraestruturas.<\/p>\n<p>No final, apontou como prioridade a melhoria dos recintos de jogo para jogadores e espetadores, incluindo a implementa\u00e7\u00e3o de 12 novos relvados este ano, para sustentar um ecossistema desportivo mais s\u00f3lido.<\/p>\n","protected":false},"excerpt":{"rendered":"<ul>\n<li>O presidente da Liga Portuguesa de Futebol Profissional disse que o processo de centraliza\u00e7\u00e3o dos direitos audiovisuais tem avan\u00e7ado e que h\u00e1 coopera\u00e7\u00e3o com todas as sociedades desportivas e com a Autoridade da Concorr\u00eancia.<\/li>\n<li>O Benfica saiu da Liga Centraliza\u00e7\u00e3o, mas mant\u00e9m informa\u00e7\u00e3o e articula\u00e7\u00e3o com a LPFP e com as restantes redes desportivas, segundo o presidente.<\/li>\n<li>A aus\u00eancia do Benfica na Liga Centraliza\u00e7\u00e3o n\u00e3o comprometeu o processo, que tem contado com um discurso cordial e coopera\u00e7\u00e3o para as resolu\u00e7\u00f5es.<\/li>\n<li>A LPFP pretende apresentar em breve a chave de distribui\u00e7\u00e3o dos valores do mecanismo de distribui\u00e7\u00e3o das verbas, com foco em encurtar custos e aumentar as receitas.<\/li>\n<li>O presidente elogiou o desempenho de Sporting, FC Porto e Sporting de Braga nas competi\u00e7\u00f5es europeias e destacou a melhoria dos recintos de jogo, como parte do objetivo de valorizar o espect\u00e1culo.<\/li>\n<\/ul>\n","protected":false},"author":2,"featured_media":420854,"comment_status":"closed","ping_status":"closed","sticky":false,"template":"","format":"standard","meta":{"footnotes":""},"categories":[21,24],"tags":[4143,152,28,32,1615,2783],"class_list":["post-420850","post","type-post","status-publish","format-standard","has-post-thumbnail","hentry","category-desporto","category-futebol","tag-1-liga","tag-desporto","tag-economia","tag-futebol","tag-infraestrutura","tag-patrocinio"],"yoast_head":"<!-- This site is optimized with the Yoast SEO plugin v27.2 - https:\/\/yoast.com\/product\/yoast-seo-wordpress\/ -->\n<title>Benfica deixa Liga Centraliza\u00e7\u00e3o, mant\u00e9m informa\u00e7\u00e3o e articula\u00e7\u00e3o - Portal Tela Portugal<\/title>\n<meta name=\"robots\" content=\"index, follow, max-snippet:-1, max-image-preview:large, max-video-preview:-1\" \/>\n<meta property=\"og:locale\" content=\"pt_PT\" \/>\n<meta property=\"og:type\" content=\"article\" \/>\n<meta property=\"og:title\" content=\"Benfica deixa Liga Centraliza\u00e7\u00e3o, mant\u00e9m informa\u00e7\u00e3o e articula\u00e7\u00e3o - Portal Tela Portugal\" \/>\n<meta property=\"og:description\" content=\"O presidente da Liga Portuguesa de Futebol Profissional disse que o processo de centraliza\u00e7\u00e3o dos direitos audiovisuais tem avan\u00e7ado e que h\u00e1 coopera\u00e7\u00e3o com todas as sociedades desportivas e com a Autoridade da Concorr\u00eancia. O Benfica saiu da Liga Centraliza\u00e7\u00e3o, mas mant\u00e9m informa\u00e7\u00e3o e articula\u00e7\u00e3o com a LPFP e com as restantes redes desportivas, segundo o presidente. A aus\u00eancia do Benfica na Liga Centraliza\u00e7\u00e3o n\u00e3o comprometeu o processo, que tem contado com um discurso cordial e coopera\u00e7\u00e3o para as resolu\u00e7\u00f5es. A LPFP pretende apresentar em breve a chave de distribui\u00e7\u00e3o dos valores do mecanismo de distribui\u00e7\u00e3o das verbas, com foco em encurtar custos e aumentar as receitas. O presidente elogiou o desempenho de Sporting, FC Porto e Sporting de Braga nas competi\u00e7\u00f5es europeias e destacou a melhoria dos recintos de jogo, como parte do objetivo de valorizar o espect\u00e1culo.\" \/>\n<meta property=\"og:url\" content=\"https:\/\/portaltela.pt\/noticias\/2026\/03\/25\/benfica-deixa-liga-centralizacao-mantem-informacao-e-articulacao\/\" \/>\n<meta property=\"og:site_name\" content=\"Portal Tela Portugal\" \/>\n<meta property=\"article:published_time\" content=\"2026-03-25T13:06:05+00:00\" \/>\n<meta name=\"author\" content=\"Telinha\" \/>\n<meta name=\"twitter:card\" content=\"summary_large_image\" \/>\n<meta name=\"twitter:label1\" content=\"Escrito por\" \/>\n\t<meta name=\"twitter:data1\" content=\"Telinha\" \/>\n\t<meta name=\"twitter:label2\" content=\"Tempo estimado de leitura\" \/>\n\t<meta name=\"twitter:data2\" content=\"2 minutos\" \/>\n<script type=\"application\/ld+json\" class=\"yoast-schema-graph\">{\"@context\":\"https:\/\/schema.org\",\"@graph\":[{\"@type\":\"Article\",\"@id\":\"https:\/\/portaltela.pt\/noticias\/2026\/03\/25\/benfica-deixa-liga-centralizacao-mantem-informacao-e-articulacao\/#article\",\"isPartOf\":{\"@id\":\"https:\/\/portaltela.pt\/noticias\/2026\/03\/25\/benfica-deixa-liga-centralizacao-mantem-informacao-e-articulacao\/\"},\"author\":{\"name\":\"Telinha\",\"@id\":\"https:\/\/portaltela.pt\/#\/schema\/person\/c4278d4a6028830caff9ee44b42d32ed\"},\"headline\":\"Benfica deixa Liga Centraliza\u00e7\u00e3o, mant\u00e9m informa\u00e7\u00e3o e articula\u00e7\u00e3o\",\"datePublished\":\"2026-03-25T13:06:05+00:00\",\"mainEntityOfPage\":{\"@id\":\"https:\/\/portaltela.pt\/noticias\/2026\/03\/25\/benfica-deixa-liga-centralizacao-mantem-informacao-e-articulacao\/\"},\"wordCount\":331,\"image\":{\"@id\":\"https:\/\/portaltela.pt\/noticias\/2026\/03\/25\/benfica-deixa-liga-centralizacao-mantem-informacao-e-articulacao\/#primaryimage\"},\"thumbnailUrl\":\"https:\/\/portaltela.pt\/s.01k8rhncp4jt1\/2026\/03\/img_920x518uu2026-01-16-19-47-37-2415211.jpg\",\"keywords\":[\"1. Liga\",\"desporto\",\"economia\",\"futebol\",\"infraestrutura\",\"patroc\u00ednio\"],\"articleSection\":[\"Desporto\",\"Futebol\"],\"inLanguage\":\"pt-PT\"},{\"@type\":\"WebPage\",\"@id\":\"https:\/\/portaltela.pt\/noticias\/2026\/03\/25\/benfica-deixa-liga-centralizacao-mantem-informacao-e-articulacao\/\",\"url\":\"https:\/\/portaltela.pt\/noticias\/2026\/03\/25\/benfica-deixa-liga-centralizacao-mantem-informacao-e-articulacao\/\",\"name\":\"Benfica deixa Liga Centraliza\u00e7\u00e3o, mant\u00e9m informa\u00e7\u00e3o e articula\u00e7\u00e3o - Portal Tela Portugal\",\"isPartOf\":{\"@id\":\"https:\/\/portaltela.pt\/#website\"},\"primaryImageOfPage\":{\"@id\":\"https:\/\/portaltela.pt\/noticias\/2026\/03\/25\/benfica-deixa-liga-centralizacao-mantem-informacao-e-articulacao\/#primaryimage\"},\"image\":{\"@id\":\"https:\/\/portaltela.pt\/noticias\/2026\/03\/25\/benfica-deixa-liga-centralizacao-mantem-informacao-e-articulacao\/#primaryimage\"},\"thumbnailUrl\":\"https:\/\/portaltela.pt\/s.01k8rhncp4jt1\/2026\/03\/img_920x518uu2026-01-16-19-47-37-2415211.jpg\",\"datePublished\":\"2026-03-25T13:06:05+00:00\",\"author\":{\"@id\":\"https:\/\/portaltela.pt\/#\/schema\/person\/c4278d4a6028830caff9ee44b42d32ed\"},\"breadcrumb\":{\"@id\":\"https:\/\/portaltela.pt\/noticias\/2026\/03\/25\/benfica-deixa-liga-centralizacao-mantem-informacao-e-articulacao\/#breadcrumb\"},\"inLanguage\":\"pt-PT\",\"potentialAction\":[{\"@type\":\"ReadAction\",\"target\":[\"https:\/\/portaltela.pt\/noticias\/2026\/03\/25\/benfica-deixa-liga-centralizacao-mantem-informacao-e-articulacao\/\"]}]},{\"@type\":\"ImageObject\",\"inLanguage\":\"pt-PT\",\"@id\":\"https:\/\/portaltela.pt\/noticias\/2026\/03\/25\/benfica-deixa-liga-centralizacao-mantem-informacao-e-articulacao\/#primaryimage\",\"url\":\"https:\/\/portaltela.pt\/s.01k8rhncp4jt1\/2026\/03\/img_920x518uu2026-01-16-19-47-37-2415211.jpg\",\"contentUrl\":\"https:\/\/portaltela.pt\/s.01k8rhncp4jt1\/2026\/03\/img_920x518uu2026-01-16-19-47-37-2415211.jpg\",\"width\":796,\"height\":448,\"caption\":\"Reinaldo Teixeira\"},{\"@type\":\"BreadcrumbList\",\"@id\":\"https:\/\/portaltela.pt\/noticias\/2026\/03\/25\/benfica-deixa-liga-centralizacao-mantem-informacao-e-articulacao\/#breadcrumb\",\"itemListElement\":[{\"@type\":\"ListItem\",\"position\":1,\"name\":\"In\u00edcio\",\"item\":\"https:\/\/portaltela.pt\/\"},{\"@type\":\"ListItem\",\"position\":2,\"name\":\"Benfica deixa Liga Centraliza\u00e7\u00e3o, mant\u00e9m informa\u00e7\u00e3o e articula\u00e7\u00e3o\"}]},{\"@type\":\"WebSite\",\"@id\":\"https:\/\/portaltela.pt\/#website\",\"url\":\"https:\/\/portaltela.pt\/\",\"name\":\"Portal Tela Portugal\",\"description\":\"\",\"potentialAction\":[{\"@type\":\"SearchAction\",\"target\":{\"@type\":\"EntryPoint\",\"urlTemplate\":\"https:\/\/portaltela.pt\/?s={search_term_string}\"},\"query-input\":{\"@type\":\"PropertyValueSpecification\",\"valueRequired\":true,\"valueName\":\"search_term_string\"}}],\"inLanguage\":\"pt-PT\"},{\"@type\":\"Person\",\"@id\":\"https:\/\/portaltela.pt\/#\/schema\/person\/c4278d4a6028830caff9ee44b42d32ed\",\"name\":\"Telinha\",\"image\":{\"@type\":\"ImageObject\",\"inLanguage\":\"pt-PT\",\"@id\":\"https:\/\/portaltela.pt\/s.01k8rhncp4jt1\/2025\/11\/talking-bot-125x125.png\",\"url\":\"https:\/\/portaltela.pt\/s.01k8rhncp4jt1\/2025\/11\/talking-bot-125x125.png\",\"contentUrl\":\"https:\/\/portaltela.pt\/s.01k8rhncp4jt1\/2025\/11\/talking-bot-125x125.png\",\"caption\":\"Telinha\"},\"sameAs\":[\"https:\/\/portaltela.pt\/\"],\"url\":\"https:\/\/portaltela.pt\/por\/367410592786\/\"}]}<\/script>\n<!-- \/ Yoast SEO plugin. -->","yoast_head_json":{"title":"Benfica deixa Liga Centraliza\u00e7\u00e3o, mant\u00e9m informa\u00e7\u00e3o e articula\u00e7\u00e3o - Portal Tela Portugal","robots":{"index":"index","follow":"follow","max-snippet":"max-snippet:-1","max-image-preview":"max-image-preview:large","max-video-preview":"max-video-preview:-1"},"og_locale":"pt_PT","og_type":"article","og_title":"Benfica deixa Liga Centraliza\u00e7\u00e3o, mant\u00e9m informa\u00e7\u00e3o e articula\u00e7\u00e3o - Portal Tela Portugal","og_description":"O presidente da Liga Portuguesa de Futebol Profissional disse que o processo de centraliza\u00e7\u00e3o dos direitos audiovisuais tem avan\u00e7ado e que h\u00e1 coopera\u00e7\u00e3o com todas as sociedades desportivas e com a Autoridade da Concorr\u00eancia. O Benfica saiu da Liga Centraliza\u00e7\u00e3o, mas mant\u00e9m informa\u00e7\u00e3o e articula\u00e7\u00e3o com a LPFP e com as restantes redes desportivas, segundo o presidente. A aus\u00eancia do Benfica na Liga Centraliza\u00e7\u00e3o n\u00e3o comprometeu o processo, que tem contado com um discurso cordial e coopera\u00e7\u00e3o para as resolu\u00e7\u00f5es. A LPFP pretende apresentar em breve a chave de distribui\u00e7\u00e3o dos valores do mecanismo de distribui\u00e7\u00e3o das verbas, com foco em encurtar custos e aumentar as receitas. O presidente elogiou o desempenho de Sporting, FC Porto e Sporting de Braga nas competi\u00e7\u00f5es europeias e destacou a melhoria dos recintos de jogo, como parte do objetivo de valorizar o espect\u00e1culo.","og_url":"https:\/\/portaltela.pt\/noticias\/2026\/03\/25\/benfica-deixa-liga-centralizacao-mantem-informacao-e-articulacao\/","og_site_name":"Portal Tela Portugal","article_published_time":"2026-03-25T13:06:05+00:00","author":"Telinha","twitter_card":"summary_large_image","twitter_misc":{"Escrito por":"Telinha","Tempo estimado de leitura":"2 minutos"},"schema":{"@context":"https:\/\/schema.org","@graph":[{"@type":"Article","@id":"https:\/\/portaltela.pt\/noticias\/2026\/03\/25\/benfica-deixa-liga-centralizacao-mantem-informacao-e-articulacao\/#article","isPartOf":{"@id":"https:\/\/portaltela.pt\/noticias\/2026\/03\/25\/benfica-deixa-liga-centralizacao-mantem-informacao-e-articulacao\/"},"author":{"name":"Telinha","@id":"https:\/\/portaltela.pt\/#\/schema\/person\/c4278d4a6028830caff9ee44b42d32ed"},"headline":"Benfica deixa Liga Centraliza\u00e7\u00e3o, mant\u00e9m informa\u00e7\u00e3o e articula\u00e7\u00e3o","datePublished":"2026-03-25T13:06:05+00:00","mainEntityOfPage":{"@id":"https:\/\/portaltela.pt\/noticias\/2026\/03\/25\/benfica-deixa-liga-centralizacao-mantem-informacao-e-articulacao\/"},"wordCount":331,"image":{"@id":"https:\/\/portaltela.pt\/noticias\/2026\/03\/25\/benfica-deixa-liga-centralizacao-mantem-informacao-e-articulacao\/#primaryimage"},"thumbnailUrl":"https:\/\/portaltela.pt\/s.01k8rhncp4jt1\/2026\/03\/img_920x518uu2026-01-16-19-47-37-2415211.jpg","keywords":["1. Liga","desporto","economia","futebol","infraestrutura","patroc\u00ednio"],"articleSection":["Desporto","Futebol"],"inLanguage":"pt-PT"},{"@type":"WebPage","@id":"https:\/\/portaltela.pt\/noticias\/2026\/03\/25\/benfica-deixa-liga-centralizacao-mantem-informacao-e-articulacao\/","url":"https:\/\/portaltela.pt\/noticias\/2026\/03\/25\/benfica-deixa-liga-centralizacao-mantem-informacao-e-articulacao\/","name":"Benfica deixa Liga Centraliza\u00e7\u00e3o, mant\u00e9m informa\u00e7\u00e3o e articula\u00e7\u00e3o - Portal Tela Portugal","isPartOf":{"@id":"https:\/\/portaltela.pt\/#website"},"primaryImageOfPage":{"@id":"https:\/\/portaltela.pt\/noticias\/2026\/03\/25\/benfica-deixa-liga-centralizacao-mantem-informacao-e-articulacao\/#primaryimage"},"image":{"@id":"https:\/\/portaltela.pt\/noticias\/2026\/03\/25\/benfica-deixa-liga-centralizacao-mantem-informacao-e-articulacao\/#primaryimage"},"thumbnailUrl":"https:\/\/portaltela.pt\/s.01k8rhncp4jt1\/2026\/03\/img_920x518uu2026-01-16-19-47-37-2415211.jpg","datePublished":"2026-03-25T13:06:05+00:00","author":{"@id":"https:\/\/portaltela.pt\/#\/schema\/person\/c4278d4a6028830caff9ee44b42d32ed"},"breadcrumb":{"@id":"https:\/\/portaltela.pt\/noticias\/2026\/03\/25\/benfica-deixa-liga-centralizacao-mantem-informacao-e-articulacao\/#breadcrumb"},"inLanguage":"pt-PT","potentialAction":[{"@type":"ReadAction","target":["https:\/\/portaltela.pt\/noticias\/2026\/03\/25\/benfica-deixa-liga-centralizacao-mantem-informacao-e-articulacao\/"]}]},{"@type":"ImageObject","inLanguage":"pt-PT","@id":"https:\/\/portaltela.pt\/noticias\/2026\/03\/25\/benfica-deixa-liga-centralizacao-mantem-informacao-e-articulacao\/#primaryimage","url":"https:\/\/portaltela.pt\/s.01k8rhncp4jt1\/2026\/03\/img_920x518uu2026-01-16-19-47-37-2415211.jpg","contentUrl":"https:\/\/portaltela.pt\/s.01k8rhncp4jt1\/2026\/03\/img_920x518uu2026-01-16-19-47-37-2415211.jpg","width":796,"height":448,"caption":"Reinaldo Teixeira"},{"@type":"BreadcrumbList","@id":"https:\/\/portaltela.pt\/noticias\/2026\/03\/25\/benfica-deixa-liga-centralizacao-mantem-informacao-e-articulacao\/#breadcrumb","itemListElement":[{"@type":"ListItem","position":1,"name":"In\u00edcio","item":"https:\/\/portaltela.pt\/"},{"@type":"ListItem","position":2,"name":"Benfica deixa Liga Centraliza\u00e7\u00e3o, mant\u00e9m informa\u00e7\u00e3o e articula\u00e7\u00e3o"}]},{"@type":"WebSite","@id":"https:\/\/portaltela.pt\/#website","url":"https:\/\/portaltela.pt\/","name":"Portal Tela Portugal","description":"","potentialAction":[{"@type":"SearchAction","target":{"@type":"EntryPoint","urlTemplate":"https:\/\/portaltela.pt\/?s={search_term_string}"},"query-input":{"@type":"PropertyValueSpecification","valueRequired":true,"valueName":"search_term_string"}}],"inLanguage":"pt-PT"},{"@type":"Person","@id":"https:\/\/portaltela.pt\/#\/schema\/person\/c4278d4a6028830caff9ee44b42d32ed","name":"Telinha","image":{"@type":"ImageObject","inLanguage":"pt-PT","@id":"https:\/\/portaltela.pt\/s.01k8rhncp4jt1\/2025\/11\/talking-bot-125x125.png","url":"https:\/\/portaltela.pt\/s.01k8rhncp4jt1\/2025\/11\/talking-bot-125x125.png","contentUrl":"https:\/\/portaltela.pt\/s.01k8rhncp4jt1\/2025\/11\/talking-bot-125x125.png","caption":"Telinha"},"sameAs":["https:\/\/portaltela.pt\/"],"url":"https:\/\/portaltela.pt\/por\/367410592786\/"}]}},"_links":{"self":[{"href":"https:\/\/portaltela.pt\/api\/wp\/v2\/posts\/420850","targetHints":{"allow":["GET"]}}],"collection":[{"href":"https:\/\/portaltela.pt\/api\/wp\/v2\/posts"}],"about":[{"href":"https:\/\/portaltela.pt\/api\/wp\/v2\/types\/post"}],"author":[{"embeddable":true,"href":"https:\/\/portaltela.pt\/api\/wp\/v2\/users\/2"}],"replies":[{"embeddable":true,"href":"https:\/\/portaltela.pt\/api\/wp\/v2\/comments?post=420850"}],"version-history":[{"count":0,"href":"https:\/\/portaltela.pt\/api\/wp\/v2\/posts\/420850\/revisions"}],"wp:featuredmedia":[{"embeddable":true,"href":"https:\/\/portaltela.pt\/api\/wp\/v2\/media\/420854"}],"wp:attachment":[{"href":"https:\/\/portaltela.pt\/api\/wp\/v2\/media?parent=420850"}],"wp:term":[{"taxonomy":"category","embeddable":true,"href":"https:\/\/portaltela.pt\/api\/wp\/v2\/categories?post=420850"},{"taxonomy":"post_tag","embeddable":true,"href":"https:\/\/portaltela.pt\/api\/wp\/v2\/tags?post=420850"}],"curies":[{"name":"wp","href":"https:\/\/api.w.org\/{rel}","templated":true}]}}