{"id":420848,"date":"2026-03-25T10:11:17","date_gmt":"2026-03-25T13:11:17","guid":{"rendered":"https:\/\/portaltela.pt\/noticias\/2026\/03\/25\/fernando-alonso-e-melissa-jimenez-ja-sao-pais\/"},"modified":"2026-03-25T10:11:17","modified_gmt":"2026-03-25T13:11:17","slug":"fernando-alonso-e-melissa-jimenez-ja-sao-pais","status":"publish","type":"post","link":"https:\/\/portaltela.pt\/desporto\/futebol\/2026\/03\/25\/fernando-alonso-e-melissa-jimenez-ja-sao-pais\/","title":{"rendered":"Fernando Alonso e Melissa Jim\u00e9nez j\u00e1 s\u00e3o pais"},"content":{"rendered":"<p>Fernando Alonso e Melissa Jim\u00e9nez tornaram-se pais, segundo a BBC. O beb\u00e9 \u00e9 o primeiro do piloto espanhol, de 44 anos, e o quarto da jornalista, de 38.<\/p>\n<p>O nascimento ocorreu no contexto do Grande Pr\u00e9mio do Jap\u00e3o, onde o piloto era esperado para a confer\u00eancia de imprensa. A Aston Martin informou que Alonso chegaria mais tarde por motivos familiares.<\/p>\n<p>Jim\u00e9nez j\u00e1 tinha dois filhos com o antigo jogador Marc Bartra, Gala, Abril e Max. O casal, que come\u00e7ou a rela\u00e7\u00e3o nos bastidores da F\u00f3rmula 1 em 2023, mantinha o relacionamento longe dos olhares p\u00fablicos.<\/p>\n","protected":false},"excerpt":{"rendered":"<ul>\n<li>Fernando Alonso e Melissa Jim\u00e9nez s\u00e3o pais pela primeira vez; \u00e9 o primeiro filho do piloto espanhol e o quarto da jornalista espanhola.<\/li>\n<li>A not\u00edcia foi adiantada pela BBC, com o nascimento a ocorrer antes do Grande Pr\u00e9mio do Jap\u00e3o.<\/li>\n<li>Alonso falhou a sess\u00e3o de imprensa no GP do Jap\u00e3o; a Aston Martin informou que chegaria mais tarde por motivos familiares pessoais.<\/li>\n<li>Melissa Jim\u00e9nez j\u00e1 foi m\u00e3e de Gala, Abril e Max, durante o casamento com o futebolista Marc Bartra entre 2017 e 2022.<\/li>\n<li>O casal, que come\u00e7ou a namorar em 2023, mant\u00e9m a rela\u00e7\u00e3o discreta e n\u00e3o comentou publicamente a gravidez.<\/li>\n<\/ul>\n","protected":false},"author":2,"featured_media":420851,"comment_status":"closed","ping_status":"closed","sticky":false,"template":"","format":"standard","meta":{"footnotes":""},"categories":[21,24],"tags":[152,64,148,3189,7221,116],"class_list":["post-420848","post","type-post","status-publish","format-standard","has-post-thumbnail","hentry","category-desporto","category-futebol","tag-desporto","tag-familia","tag-familias","tag-formula-1","tag-noticias","tag-paternidade"],"yoast_head":"<!-- This site is optimized with the Yoast SEO plugin v27.2 - https:\/\/yoast.com\/product\/yoast-seo-wordpress\/ -->\n<title>Fernando Alonso e Melissa Jim\u00e9nez j\u00e1 s\u00e3o pais - Portal Tela Portugal<\/title>\n<meta name=\"robots\" content=\"index, follow, max-snippet:-1, max-image-preview:large, max-video-preview:-1\" \/>\n<meta property=\"og:locale\" content=\"pt_PT\" \/>\n<meta property=\"og:type\" content=\"article\" \/>\n<meta property=\"og:title\" content=\"Fernando Alonso e Melissa Jim\u00e9nez j\u00e1 s\u00e3o pais - Portal Tela Portugal\" \/>\n<meta property=\"og:description\" content=\"Fernando Alonso e Melissa Jim\u00e9nez s\u00e3o pais pela primeira vez; \u00e9 o primeiro filho do piloto espanhol e o quarto da jornalista espanhola. A not\u00edcia foi adiantada pela BBC, com o nascimento a ocorrer antes do Grande Pr\u00e9mio do Jap\u00e3o. Alonso falhou a sess\u00e3o de imprensa no GP do Jap\u00e3o; a Aston Martin informou que chegaria mais tarde por motivos familiares pessoais. Melissa Jim\u00e9nez j\u00e1 foi m\u00e3e de Gala, Abril e Max, durante o casamento com o futebolista Marc Bartra entre 2017 e 2022. O casal, que come\u00e7ou a namorar em 2023, mant\u00e9m a rela\u00e7\u00e3o discreta e n\u00e3o comentou publicamente a gravidez.\" \/>\n<meta property=\"og:url\" content=\"https:\/\/portaltela.pt\/noticias\/2026\/03\/25\/fernando-alonso-e-melissa-jimenez-ja-sao-pais\/\" \/>\n<meta property=\"og:site_name\" content=\"Portal Tela Portugal\" \/>\n<meta property=\"article:published_time\" content=\"2026-03-25T13:11:17+00:00\" \/>\n<meta name=\"author\" content=\"Telinha\" \/>\n<meta name=\"twitter:card\" content=\"summary_large_image\" \/>\n<meta name=\"twitter:label1\" content=\"Escrito por\" \/>\n\t<meta name=\"twitter:data1\" content=\"Telinha\" \/>\n<script type=\"application\/ld+json\" class=\"yoast-schema-graph\">{\"@context\":\"https:\/\/schema.org\",\"@graph\":[{\"@type\":\"Article\",\"@id\":\"https:\/\/portaltela.pt\/noticias\/2026\/03\/25\/fernando-alonso-e-melissa-jimenez-ja-sao-pais\/#article\",\"isPartOf\":{\"@id\":\"https:\/\/portaltela.pt\/noticias\/2026\/03\/25\/fernando-alonso-e-melissa-jimenez-ja-sao-pais\/\"},\"author\":{\"name\":\"Telinha\",\"@id\":\"https:\/\/portaltela.pt\/#\/schema\/person\/c4278d4a6028830caff9ee44b42d32ed\"},\"headline\":\"Fernando Alonso e Melissa Jim\u00e9nez j\u00e1 s\u00e3o pais\",\"datePublished\":\"2026-03-25T13:11:17+00:00\",\"mainEntityOfPage\":{\"@id\":\"https:\/\/portaltela.pt\/noticias\/2026\/03\/25\/fernando-alonso-e-melissa-jimenez-ja-sao-pais\/\"},\"wordCount\":109,\"image\":{\"@id\":\"https:\/\/portaltela.pt\/noticias\/2026\/03\/25\/fernando-alonso-e-melissa-jimenez-ja-sao-pais\/#primaryimage\"},\"thumbnailUrl\":\"https:\/\/portaltela.pt\/s.01k8rhncp4jt1\/2026\/03\/img_1280x718uu2026-03-25-12-54-24-2274726-im-639100401028591570.jpg\",\"keywords\":[\"desporto\",\"fam\u00edlia\",\"fam\u00edlias\",\"F\u00f3rmula 1\",\"not\u00edcias\",\"paternidade\"],\"articleSection\":[\"Desporto\",\"Futebol\"],\"inLanguage\":\"pt-PT\"},{\"@type\":\"WebPage\",\"@id\":\"https:\/\/portaltela.pt\/noticias\/2026\/03\/25\/fernando-alonso-e-melissa-jimenez-ja-sao-pais\/\",\"url\":\"https:\/\/portaltela.pt\/noticias\/2026\/03\/25\/fernando-alonso-e-melissa-jimenez-ja-sao-pais\/\",\"name\":\"Fernando Alonso e Melissa Jim\u00e9nez j\u00e1 s\u00e3o pais - Portal Tela Portugal\",\"isPartOf\":{\"@id\":\"https:\/\/portaltela.pt\/#website\"},\"primaryImageOfPage\":{\"@id\":\"https:\/\/portaltela.pt\/noticias\/2026\/03\/25\/fernando-alonso-e-melissa-jimenez-ja-sao-pais\/#primaryimage\"},\"image\":{\"@id\":\"https:\/\/portaltela.pt\/noticias\/2026\/03\/25\/fernando-alonso-e-melissa-jimenez-ja-sao-pais\/#primaryimage\"},\"thumbnailUrl\":\"https:\/\/portaltela.pt\/s.01k8rhncp4jt1\/2026\/03\/img_1280x718uu2026-03-25-12-54-24-2274726-im-639100401028591570.jpg\",\"datePublished\":\"2026-03-25T13:11:17+00:00\",\"author\":{\"@id\":\"https:\/\/portaltela.pt\/#\/schema\/person\/c4278d4a6028830caff9ee44b42d32ed\"},\"breadcrumb\":{\"@id\":\"https:\/\/portaltela.pt\/noticias\/2026\/03\/25\/fernando-alonso-e-melissa-jimenez-ja-sao-pais\/#breadcrumb\"},\"inLanguage\":\"pt-PT\",\"potentialAction\":[{\"@type\":\"ReadAction\",\"target\":[\"https:\/\/portaltela.pt\/noticias\/2026\/03\/25\/fernando-alonso-e-melissa-jimenez-ja-sao-pais\/\"]}]},{\"@type\":\"ImageObject\",\"inLanguage\":\"pt-PT\",\"@id\":\"https:\/\/portaltela.pt\/noticias\/2026\/03\/25\/fernando-alonso-e-melissa-jimenez-ja-sao-pais\/#primaryimage\",\"url\":\"https:\/\/portaltela.pt\/s.01k8rhncp4jt1\/2026\/03\/img_1280x718uu2026-03-25-12-54-24-2274726-im-639100401028591570.jpg\",\"contentUrl\":\"https:\/\/portaltela.pt\/s.01k8rhncp4jt1\/2026\/03\/img_1280x718uu2026-03-25-12-54-24-2274726-im-639100401028591570.jpg\",\"width\":796,\"height\":448,\"caption\":\"Fernando Alonso\"},{\"@type\":\"BreadcrumbList\",\"@id\":\"https:\/\/portaltela.pt\/noticias\/2026\/03\/25\/fernando-alonso-e-melissa-jimenez-ja-sao-pais\/#breadcrumb\",\"itemListElement\":[{\"@type\":\"ListItem\",\"position\":1,\"name\":\"In\u00edcio\",\"item\":\"https:\/\/portaltela.pt\/\"},{\"@type\":\"ListItem\",\"position\":2,\"name\":\"Fernando Alonso e Melissa Jim\u00e9nez j\u00e1 s\u00e3o pais\"}]},{\"@type\":\"WebSite\",\"@id\":\"https:\/\/portaltela.pt\/#website\",\"url\":\"https:\/\/portaltela.pt\/\",\"name\":\"Portal Tela Portugal\",\"description\":\"\",\"potentialAction\":[{\"@type\":\"SearchAction\",\"target\":{\"@type\":\"EntryPoint\",\"urlTemplate\":\"https:\/\/portaltela.pt\/?s={search_term_string}\"},\"query-input\":{\"@type\":\"PropertyValueSpecification\",\"valueRequired\":true,\"valueName\":\"search_term_string\"}}],\"inLanguage\":\"pt-PT\"},{\"@type\":\"Person\",\"@id\":\"https:\/\/portaltela.pt\/#\/schema\/person\/c4278d4a6028830caff9ee44b42d32ed\",\"name\":\"Telinha\",\"image\":{\"@type\":\"ImageObject\",\"inLanguage\":\"pt-PT\",\"@id\":\"https:\/\/portaltela.pt\/s.01k8rhncp4jt1\/2025\/11\/talking-bot-125x125.png\",\"url\":\"https:\/\/portaltela.pt\/s.01k8rhncp4jt1\/2025\/11\/talking-bot-125x125.png\",\"contentUrl\":\"https:\/\/portaltela.pt\/s.01k8rhncp4jt1\/2025\/11\/talking-bot-125x125.png\",\"caption\":\"Telinha\"},\"sameAs\":[\"https:\/\/portaltela.pt\/\"],\"url\":\"https:\/\/portaltela.pt\/por\/367410592786\/\"}]}<\/script>\n<!-- \/ Yoast SEO plugin. -->","yoast_head_json":{"title":"Fernando Alonso e Melissa Jim\u00e9nez j\u00e1 s\u00e3o pais - Portal Tela Portugal","robots":{"index":"index","follow":"follow","max-snippet":"max-snippet:-1","max-image-preview":"max-image-preview:large","max-video-preview":"max-video-preview:-1"},"og_locale":"pt_PT","og_type":"article","og_title":"Fernando Alonso e Melissa Jim\u00e9nez j\u00e1 s\u00e3o pais - Portal Tela Portugal","og_description":"Fernando Alonso e Melissa Jim\u00e9nez s\u00e3o pais pela primeira vez; \u00e9 o primeiro filho do piloto espanhol e o quarto da jornalista espanhola. A not\u00edcia foi adiantada pela BBC, com o nascimento a ocorrer antes do Grande Pr\u00e9mio do Jap\u00e3o. Alonso falhou a sess\u00e3o de imprensa no GP do Jap\u00e3o; a Aston Martin informou que chegaria mais tarde por motivos familiares pessoais. Melissa Jim\u00e9nez j\u00e1 foi m\u00e3e de Gala, Abril e Max, durante o casamento com o futebolista Marc Bartra entre 2017 e 2022. O casal, que come\u00e7ou a namorar em 2023, mant\u00e9m a rela\u00e7\u00e3o discreta e n\u00e3o comentou publicamente a gravidez.","og_url":"https:\/\/portaltela.pt\/noticias\/2026\/03\/25\/fernando-alonso-e-melissa-jimenez-ja-sao-pais\/","og_site_name":"Portal Tela Portugal","article_published_time":"2026-03-25T13:11:17+00:00","author":"Telinha","twitter_card":"summary_large_image","twitter_misc":{"Escrito por":"Telinha"},"schema":{"@context":"https:\/\/schema.org","@graph":[{"@type":"Article","@id":"https:\/\/portaltela.pt\/noticias\/2026\/03\/25\/fernando-alonso-e-melissa-jimenez-ja-sao-pais\/#article","isPartOf":{"@id":"https:\/\/portaltela.pt\/noticias\/2026\/03\/25\/fernando-alonso-e-melissa-jimenez-ja-sao-pais\/"},"author":{"name":"Telinha","@id":"https:\/\/portaltela.pt\/#\/schema\/person\/c4278d4a6028830caff9ee44b42d32ed"},"headline":"Fernando Alonso e Melissa Jim\u00e9nez j\u00e1 s\u00e3o pais","datePublished":"2026-03-25T13:11:17+00:00","mainEntityOfPage":{"@id":"https:\/\/portaltela.pt\/noticias\/2026\/03\/25\/fernando-alonso-e-melissa-jimenez-ja-sao-pais\/"},"wordCount":109,"image":{"@id":"https:\/\/portaltela.pt\/noticias\/2026\/03\/25\/fernando-alonso-e-melissa-jimenez-ja-sao-pais\/#primaryimage"},"thumbnailUrl":"https:\/\/portaltela.pt\/s.01k8rhncp4jt1\/2026\/03\/img_1280x718uu2026-03-25-12-54-24-2274726-im-639100401028591570.jpg","keywords":["desporto","fam\u00edlia","fam\u00edlias","F\u00f3rmula 1","not\u00edcias","paternidade"],"articleSection":["Desporto","Futebol"],"inLanguage":"pt-PT"},{"@type":"WebPage","@id":"https:\/\/portaltela.pt\/noticias\/2026\/03\/25\/fernando-alonso-e-melissa-jimenez-ja-sao-pais\/","url":"https:\/\/portaltela.pt\/noticias\/2026\/03\/25\/fernando-alonso-e-melissa-jimenez-ja-sao-pais\/","name":"Fernando Alonso e Melissa Jim\u00e9nez j\u00e1 s\u00e3o pais - Portal Tela Portugal","isPartOf":{"@id":"https:\/\/portaltela.pt\/#website"},"primaryImageOfPage":{"@id":"https:\/\/portaltela.pt\/noticias\/2026\/03\/25\/fernando-alonso-e-melissa-jimenez-ja-sao-pais\/#primaryimage"},"image":{"@id":"https:\/\/portaltela.pt\/noticias\/2026\/03\/25\/fernando-alonso-e-melissa-jimenez-ja-sao-pais\/#primaryimage"},"thumbnailUrl":"https:\/\/portaltela.pt\/s.01k8rhncp4jt1\/2026\/03\/img_1280x718uu2026-03-25-12-54-24-2274726-im-639100401028591570.jpg","datePublished":"2026-03-25T13:11:17+00:00","author":{"@id":"https:\/\/portaltela.pt\/#\/schema\/person\/c4278d4a6028830caff9ee44b42d32ed"},"breadcrumb":{"@id":"https:\/\/portaltela.pt\/noticias\/2026\/03\/25\/fernando-alonso-e-melissa-jimenez-ja-sao-pais\/#breadcrumb"},"inLanguage":"pt-PT","potentialAction":[{"@type":"ReadAction","target":["https:\/\/portaltela.pt\/noticias\/2026\/03\/25\/fernando-alonso-e-melissa-jimenez-ja-sao-pais\/"]}]},{"@type":"ImageObject","inLanguage":"pt-PT","@id":"https:\/\/portaltela.pt\/noticias\/2026\/03\/25\/fernando-alonso-e-melissa-jimenez-ja-sao-pais\/#primaryimage","url":"https:\/\/portaltela.pt\/s.01k8rhncp4jt1\/2026\/03\/img_1280x718uu2026-03-25-12-54-24-2274726-im-639100401028591570.jpg","contentUrl":"https:\/\/portaltela.pt\/s.01k8rhncp4jt1\/2026\/03\/img_1280x718uu2026-03-25-12-54-24-2274726-im-639100401028591570.jpg","width":796,"height":448,"caption":"Fernando Alonso"},{"@type":"BreadcrumbList","@id":"https:\/\/portaltela.pt\/noticias\/2026\/03\/25\/fernando-alonso-e-melissa-jimenez-ja-sao-pais\/#breadcrumb","itemListElement":[{"@type":"ListItem","position":1,"name":"In\u00edcio","item":"https:\/\/portaltela.pt\/"},{"@type":"ListItem","position":2,"name":"Fernando Alonso e Melissa Jim\u00e9nez j\u00e1 s\u00e3o pais"}]},{"@type":"WebSite","@id":"https:\/\/portaltela.pt\/#website","url":"https:\/\/portaltela.pt\/","name":"Portal Tela Portugal","description":"","potentialAction":[{"@type":"SearchAction","target":{"@type":"EntryPoint","urlTemplate":"https:\/\/portaltela.pt\/?s={search_term_string}"},"query-input":{"@type":"PropertyValueSpecification","valueRequired":true,"valueName":"search_term_string"}}],"inLanguage":"pt-PT"},{"@type":"Person","@id":"https:\/\/portaltela.pt\/#\/schema\/person\/c4278d4a6028830caff9ee44b42d32ed","name":"Telinha","image":{"@type":"ImageObject","inLanguage":"pt-PT","@id":"https:\/\/portaltela.pt\/s.01k8rhncp4jt1\/2025\/11\/talking-bot-125x125.png","url":"https:\/\/portaltela.pt\/s.01k8rhncp4jt1\/2025\/11\/talking-bot-125x125.png","contentUrl":"https:\/\/portaltela.pt\/s.01k8rhncp4jt1\/2025\/11\/talking-bot-125x125.png","caption":"Telinha"},"sameAs":["https:\/\/portaltela.pt\/"],"url":"https:\/\/portaltela.pt\/por\/367410592786\/"}]}},"_links":{"self":[{"href":"https:\/\/portaltela.pt\/api\/wp\/v2\/posts\/420848","targetHints":{"allow":["GET"]}}],"collection":[{"href":"https:\/\/portaltela.pt\/api\/wp\/v2\/posts"}],"about":[{"href":"https:\/\/portaltela.pt\/api\/wp\/v2\/types\/post"}],"author":[{"embeddable":true,"href":"https:\/\/portaltela.pt\/api\/wp\/v2\/users\/2"}],"replies":[{"embeddable":true,"href":"https:\/\/portaltela.pt\/api\/wp\/v2\/comments?post=420848"}],"version-history":[{"count":0,"href":"https:\/\/portaltela.pt\/api\/wp\/v2\/posts\/420848\/revisions"}],"wp:featuredmedia":[{"embeddable":true,"href":"https:\/\/portaltela.pt\/api\/wp\/v2\/media\/420851"}],"wp:attachment":[{"href":"https:\/\/portaltela.pt\/api\/wp\/v2\/media?parent=420848"}],"wp:term":[{"taxonomy":"category","embeddable":true,"href":"https:\/\/portaltela.pt\/api\/wp\/v2\/categories?post=420848"},{"taxonomy":"post_tag","embeddable":true,"href":"https:\/\/portaltela.pt\/api\/wp\/v2\/tags?post=420848"}],"curies":[{"name":"wp","href":"https:\/\/api.w.org\/{rel}","templated":true}]}}