{"id":420844,"date":"2026-03-25T09:51:00","date_gmt":"2026-03-25T12:51:00","guid":{"rendered":"https:\/\/portaltela.pt\/noticias\/2026\/03\/25\/pj-faz-buscas-na-camara-de-albufeira-rui-cristina-visado-por-incitamento-ao-odio\/"},"modified":"2026-03-25T09:51:00","modified_gmt":"2026-03-25T12:51:00","slug":"pj-faz-buscas-na-camara-de-albufeira-rui-cristina-visado-por-incitamento-ao-odio","status":"publish","type":"post","link":"https:\/\/portaltela.pt\/noticias\/2026\/03\/25\/pj-faz-buscas-na-camara-de-albufeira-rui-cristina-visado-por-incitamento-ao-odio\/","title":{"rendered":"PJ faz buscas na C\u00e2mara de Albufeira; Rui Cristina visado por incitamento ao \u00f3dio"},"content":{"rendered":"<p>A Pol\u00edcia Judici\u00e1ria est\u00e1 a realizar buscas na C\u00e2mara Municipal de Albufeira, com foco no presidente Rui Cristina, eleito pelo Chega. A investiga\u00e7\u00e3o envolve declara\u00e7\u00f5es do autarca sobre a etnia cigana proferidas numa assembleia municipal, que motivam a suspeita de incitamento ao \u00f3dio.<\/p>\n<p>Segundo o Correio da Manh\u00e3, as dilig\u00eancias est\u00e3o em curso e visam esclarecer as circunst\u00e2ncias em que ocorreram as declara\u00e7\u00f5es. A opera\u00e7\u00e3o est\u00e1 a decorrer no \u00e2mbito de alegadas infra\u00e7\u00f5es relacionadas com discurso de \u00f3dio.<\/p>\n<p>Rui Cristina foi eleito nas aut\u00e1rquicas de outubro, com uma vantagem de cerca de 1500 votos face \u00e0 coliga\u00e7\u00e3o PSD\/CDS.PP. As autoridades n\u00e3o avan\u00e7am com mais detalhes sobre o andamento do inqu\u00e9rito.<\/p>\n<h3>Investiga\u00e7\u00e3o em curso<\/h3>\n<p>As autoridades devem divulgar em breve mais informa\u00e7\u00f5es sobre o percurso da investiga\u00e7\u00e3o e os pr\u00f3ximos passos. At\u00e9 ao momento, n\u00e3o foram anunciadas conclus\u00f5es nem acusa\u00e7\u00f5es formais. A C\u00e2mara de Albufeira n\u00e3o comentou o processo.<\/p>\n","protected":false},"excerpt":{"rendered":"<ul>\n<li>A Pol\u00edcia Judici\u00e1ria est\u00e1 a realizar buscas \u00e0 C\u00e2mara Municipal de Albufeira, direcionadas ao presidente Rui Cristina, eleito pelo Chega.<\/li>\n<li>Em causa est\u00e3o declara\u00e7\u00f5es do autarca sobre a etnia cigana numa assembleia municipal, que levantaram suspeitas de incitamento ao \u00f3dio.<\/li>\n<li>A primeira not\u00edcia sobre o assunto foi publicada pelo Correio da Manh\u00e3.<\/li>\n<li>Rui Cristina venceu as aut\u00e1rquicas de outubro com uma vantagem de cerca de 1 500 votos para a coliga\u00e7\u00e3o PSD\/CDS.PP.<\/li>\n<\/ul>\n","protected":false},"author":2,"featured_media":420847,"comment_status":"closed","ping_status":"closed","sticky":false,"template":"","format":"standard","meta":{"footnotes":""},"categories":[6815,1],"tags":[1202,5449,1904,3544,1802,2832],"class_list":["post-420844","post","type-post","status-publish","format-standard","has-post-thumbnail","hentry","category-justica","category-noticias","tag-albufeira","tag-camara-municipal","tag-discurso-de-odio","tag-incitacao-ao-odio","tag-policia-judiciaria","tag-politica"],"yoast_head":"<!-- This site is optimized with the Yoast SEO plugin v27.2 - https:\/\/yoast.com\/product\/yoast-seo-wordpress\/ -->\n<title>PJ faz buscas na C\u00e2mara de Albufeira; Rui Cristina visado por incitamento ao \u00f3dio - Portal Tela Portugal<\/title>\n<meta name=\"robots\" content=\"index, follow, max-snippet:-1, max-image-preview:large, max-video-preview:-1\" \/>\n<meta property=\"og:locale\" content=\"pt_PT\" \/>\n<meta property=\"og:type\" content=\"article\" \/>\n<meta property=\"og:title\" content=\"PJ faz buscas na C\u00e2mara de Albufeira; Rui Cristina visado por incitamento ao \u00f3dio - Portal Tela Portugal\" \/>\n<meta property=\"og:description\" content=\"A Pol\u00edcia Judici\u00e1ria est\u00e1 a realizar buscas \u00e0 C\u00e2mara Municipal de Albufeira, direcionadas ao presidente Rui Cristina, eleito pelo Chega. Em causa est\u00e3o declara\u00e7\u00f5es do autarca sobre a etnia cigana numa assembleia municipal, que levantaram suspeitas de incitamento ao \u00f3dio. A primeira not\u00edcia sobre o assunto foi publicada pelo Correio da Manh\u00e3. Rui Cristina venceu as aut\u00e1rquicas de outubro com uma vantagem de cerca de 1 500 votos para a coliga\u00e7\u00e3o PSD\/CDS.PP.\" \/>\n<meta property=\"og:url\" content=\"https:\/\/portaltela.pt\/noticias\/2026\/03\/25\/pj-faz-buscas-na-camara-de-albufeira-rui-cristina-visado-por-incitamento-ao-odio\/\" \/>\n<meta property=\"og:site_name\" content=\"Portal Tela Portugal\" \/>\n<meta property=\"article:published_time\" content=\"2026-03-25T12:51:00+00:00\" \/>\n<meta name=\"author\" content=\"Telinha\" \/>\n<meta name=\"twitter:card\" content=\"summary_large_image\" \/>\n<meta name=\"twitter:label1\" content=\"Escrito por\" \/>\n\t<meta name=\"twitter:data1\" content=\"Telinha\" \/>\n\t<meta name=\"twitter:label2\" content=\"Tempo estimado de leitura\" \/>\n\t<meta name=\"twitter:data2\" content=\"1 minuto\" \/>\n<script type=\"application\/ld+json\" class=\"yoast-schema-graph\">{\"@context\":\"https:\/\/schema.org\",\"@graph\":[{\"@type\":\"Article\",\"@id\":\"https:\/\/portaltela.pt\/noticias\/2026\/03\/25\/pj-faz-buscas-na-camara-de-albufeira-rui-cristina-visado-por-incitamento-ao-odio\/#article\",\"isPartOf\":{\"@id\":\"https:\/\/portaltela.pt\/noticias\/2026\/03\/25\/pj-faz-buscas-na-camara-de-albufeira-rui-cristina-visado-por-incitamento-ao-odio\/\"},\"author\":{\"name\":\"Telinha\",\"@id\":\"https:\/\/portaltela.pt\/#\/schema\/person\/c4278d4a6028830caff9ee44b42d32ed\"},\"headline\":\"PJ faz buscas na C\u00e2mara de Albufeira; Rui Cristina visado por incitamento ao \u00f3dio\",\"datePublished\":\"2026-03-25T12:51:00+00:00\",\"mainEntityOfPage\":{\"@id\":\"https:\/\/portaltela.pt\/noticias\/2026\/03\/25\/pj-faz-buscas-na-camara-de-albufeira-rui-cristina-visado-por-incitamento-ao-odio\/\"},\"wordCount\":188,\"image\":{\"@id\":\"https:\/\/portaltela.pt\/noticias\/2026\/03\/25\/pj-faz-buscas-na-camara-de-albufeira-rui-cristina-visado-por-incitamento-ao-odio\/#primaryimage\"},\"thumbnailUrl\":\"https:\/\/portaltela.pt\/s.01k8rhncp4jt1\/2026\/03\/img_1500x1000uu2026-01-22-23-51-39-2262038.jpg\",\"keywords\":[\"Albufeira\",\"C\u00e2mara Municipal\",\"discurso de \u00f3dio\",\"incita\u00e7\u00e3o ao \u00f3dio\",\"Pol\u00edcia Judici\u00e1ria\",\"pol\u00edtica\"],\"articleSection\":[\"Justi\u00e7a\",\"Not\u00edcias\"],\"inLanguage\":\"pt-PT\"},{\"@type\":\"WebPage\",\"@id\":\"https:\/\/portaltela.pt\/noticias\/2026\/03\/25\/pj-faz-buscas-na-camara-de-albufeira-rui-cristina-visado-por-incitamento-ao-odio\/\",\"url\":\"https:\/\/portaltela.pt\/noticias\/2026\/03\/25\/pj-faz-buscas-na-camara-de-albufeira-rui-cristina-visado-por-incitamento-ao-odio\/\",\"name\":\"PJ faz buscas na C\u00e2mara de Albufeira; Rui Cristina visado por incitamento ao \u00f3dio - Portal Tela Portugal\",\"isPartOf\":{\"@id\":\"https:\/\/portaltela.pt\/#website\"},\"primaryImageOfPage\":{\"@id\":\"https:\/\/portaltela.pt\/noticias\/2026\/03\/25\/pj-faz-buscas-na-camara-de-albufeira-rui-cristina-visado-por-incitamento-ao-odio\/#primaryimage\"},\"image\":{\"@id\":\"https:\/\/portaltela.pt\/noticias\/2026\/03\/25\/pj-faz-buscas-na-camara-de-albufeira-rui-cristina-visado-por-incitamento-ao-odio\/#primaryimage\"},\"thumbnailUrl\":\"https:\/\/portaltela.pt\/s.01k8rhncp4jt1\/2026\/03\/img_1500x1000uu2026-01-22-23-51-39-2262038.jpg\",\"datePublished\":\"2026-03-25T12:51:00+00:00\",\"author\":{\"@id\":\"https:\/\/portaltela.pt\/#\/schema\/person\/c4278d4a6028830caff9ee44b42d32ed\"},\"breadcrumb\":{\"@id\":\"https:\/\/portaltela.pt\/noticias\/2026\/03\/25\/pj-faz-buscas-na-camara-de-albufeira-rui-cristina-visado-por-incitamento-ao-odio\/#breadcrumb\"},\"inLanguage\":\"pt-PT\",\"potentialAction\":[{\"@type\":\"ReadAction\",\"target\":[\"https:\/\/portaltela.pt\/noticias\/2026\/03\/25\/pj-faz-buscas-na-camara-de-albufeira-rui-cristina-visado-por-incitamento-ao-odio\/\"]}]},{\"@type\":\"ImageObject\",\"inLanguage\":\"pt-PT\",\"@id\":\"https:\/\/portaltela.pt\/noticias\/2026\/03\/25\/pj-faz-buscas-na-camara-de-albufeira-rui-cristina-visado-por-incitamento-ao-odio\/#primaryimage\",\"url\":\"https:\/\/portaltela.pt\/s.01k8rhncp4jt1\/2026\/03\/img_1500x1000uu2026-01-22-23-51-39-2262038.jpg\",\"contentUrl\":\"https:\/\/portaltela.pt\/s.01k8rhncp4jt1\/2026\/03\/img_1500x1000uu2026-01-22-23-51-39-2262038.jpg\",\"width\":1500,\"height\":1000,\"caption\":\"Rui Cristina com Andr\u00e9 Ventura durante uma a\u00e7\u00e3o de campanha em Albufeira\"},{\"@type\":\"BreadcrumbList\",\"@id\":\"https:\/\/portaltela.pt\/noticias\/2026\/03\/25\/pj-faz-buscas-na-camara-de-albufeira-rui-cristina-visado-por-incitamento-ao-odio\/#breadcrumb\",\"itemListElement\":[{\"@type\":\"ListItem\",\"position\":1,\"name\":\"In\u00edcio\",\"item\":\"https:\/\/portaltela.pt\/\"},{\"@type\":\"ListItem\",\"position\":2,\"name\":\"PJ faz buscas na C\u00e2mara de Albufeira; Rui Cristina visado por incitamento ao \u00f3dio\"}]},{\"@type\":\"WebSite\",\"@id\":\"https:\/\/portaltela.pt\/#website\",\"url\":\"https:\/\/portaltela.pt\/\",\"name\":\"Portal Tela Portugal\",\"description\":\"\",\"potentialAction\":[{\"@type\":\"SearchAction\",\"target\":{\"@type\":\"EntryPoint\",\"urlTemplate\":\"https:\/\/portaltela.pt\/?s={search_term_string}\"},\"query-input\":{\"@type\":\"PropertyValueSpecification\",\"valueRequired\":true,\"valueName\":\"search_term_string\"}}],\"inLanguage\":\"pt-PT\"},{\"@type\":\"Person\",\"@id\":\"https:\/\/portaltela.pt\/#\/schema\/person\/c4278d4a6028830caff9ee44b42d32ed\",\"name\":\"Telinha\",\"image\":{\"@type\":\"ImageObject\",\"inLanguage\":\"pt-PT\",\"@id\":\"https:\/\/portaltela.pt\/s.01k8rhncp4jt1\/2025\/11\/talking-bot-125x125.png\",\"url\":\"https:\/\/portaltela.pt\/s.01k8rhncp4jt1\/2025\/11\/talking-bot-125x125.png\",\"contentUrl\":\"https:\/\/portaltela.pt\/s.01k8rhncp4jt1\/2025\/11\/talking-bot-125x125.png\",\"caption\":\"Telinha\"},\"sameAs\":[\"https:\/\/portaltela.pt\/\"],\"url\":\"https:\/\/portaltela.pt\/por\/367410592786\/\"}]}<\/script>\n<!-- \/ Yoast SEO plugin. -->","yoast_head_json":{"title":"PJ faz buscas na C\u00e2mara de Albufeira; Rui Cristina visado por incitamento ao \u00f3dio - Portal Tela Portugal","robots":{"index":"index","follow":"follow","max-snippet":"max-snippet:-1","max-image-preview":"max-image-preview:large","max-video-preview":"max-video-preview:-1"},"og_locale":"pt_PT","og_type":"article","og_title":"PJ faz buscas na C\u00e2mara de Albufeira; Rui Cristina visado por incitamento ao \u00f3dio - Portal Tela Portugal","og_description":"A Pol\u00edcia Judici\u00e1ria est\u00e1 a realizar buscas \u00e0 C\u00e2mara Municipal de Albufeira, direcionadas ao presidente Rui Cristina, eleito pelo Chega. Em causa est\u00e3o declara\u00e7\u00f5es do autarca sobre a etnia cigana numa assembleia municipal, que levantaram suspeitas de incitamento ao \u00f3dio. A primeira not\u00edcia sobre o assunto foi publicada pelo Correio da Manh\u00e3. Rui Cristina venceu as aut\u00e1rquicas de outubro com uma vantagem de cerca de 1 500 votos para a coliga\u00e7\u00e3o PSD\/CDS.PP.","og_url":"https:\/\/portaltela.pt\/noticias\/2026\/03\/25\/pj-faz-buscas-na-camara-de-albufeira-rui-cristina-visado-por-incitamento-ao-odio\/","og_site_name":"Portal Tela Portugal","article_published_time":"2026-03-25T12:51:00+00:00","author":"Telinha","twitter_card":"summary_large_image","twitter_misc":{"Escrito por":"Telinha","Tempo estimado de leitura":"1 minuto"},"schema":{"@context":"https:\/\/schema.org","@graph":[{"@type":"Article","@id":"https:\/\/portaltela.pt\/noticias\/2026\/03\/25\/pj-faz-buscas-na-camara-de-albufeira-rui-cristina-visado-por-incitamento-ao-odio\/#article","isPartOf":{"@id":"https:\/\/portaltela.pt\/noticias\/2026\/03\/25\/pj-faz-buscas-na-camara-de-albufeira-rui-cristina-visado-por-incitamento-ao-odio\/"},"author":{"name":"Telinha","@id":"https:\/\/portaltela.pt\/#\/schema\/person\/c4278d4a6028830caff9ee44b42d32ed"},"headline":"PJ faz buscas na C\u00e2mara de Albufeira; Rui Cristina visado por incitamento ao \u00f3dio","datePublished":"2026-03-25T12:51:00+00:00","mainEntityOfPage":{"@id":"https:\/\/portaltela.pt\/noticias\/2026\/03\/25\/pj-faz-buscas-na-camara-de-albufeira-rui-cristina-visado-por-incitamento-ao-odio\/"},"wordCount":188,"image":{"@id":"https:\/\/portaltela.pt\/noticias\/2026\/03\/25\/pj-faz-buscas-na-camara-de-albufeira-rui-cristina-visado-por-incitamento-ao-odio\/#primaryimage"},"thumbnailUrl":"https:\/\/portaltela.pt\/s.01k8rhncp4jt1\/2026\/03\/img_1500x1000uu2026-01-22-23-51-39-2262038.jpg","keywords":["Albufeira","C\u00e2mara Municipal","discurso de \u00f3dio","incita\u00e7\u00e3o ao \u00f3dio","Pol\u00edcia Judici\u00e1ria","pol\u00edtica"],"articleSection":["Justi\u00e7a","Not\u00edcias"],"inLanguage":"pt-PT"},{"@type":"WebPage","@id":"https:\/\/portaltela.pt\/noticias\/2026\/03\/25\/pj-faz-buscas-na-camara-de-albufeira-rui-cristina-visado-por-incitamento-ao-odio\/","url":"https:\/\/portaltela.pt\/noticias\/2026\/03\/25\/pj-faz-buscas-na-camara-de-albufeira-rui-cristina-visado-por-incitamento-ao-odio\/","name":"PJ faz buscas na C\u00e2mara de Albufeira; Rui Cristina visado por incitamento ao \u00f3dio - Portal Tela Portugal","isPartOf":{"@id":"https:\/\/portaltela.pt\/#website"},"primaryImageOfPage":{"@id":"https:\/\/portaltela.pt\/noticias\/2026\/03\/25\/pj-faz-buscas-na-camara-de-albufeira-rui-cristina-visado-por-incitamento-ao-odio\/#primaryimage"},"image":{"@id":"https:\/\/portaltela.pt\/noticias\/2026\/03\/25\/pj-faz-buscas-na-camara-de-albufeira-rui-cristina-visado-por-incitamento-ao-odio\/#primaryimage"},"thumbnailUrl":"https:\/\/portaltela.pt\/s.01k8rhncp4jt1\/2026\/03\/img_1500x1000uu2026-01-22-23-51-39-2262038.jpg","datePublished":"2026-03-25T12:51:00+00:00","author":{"@id":"https:\/\/portaltela.pt\/#\/schema\/person\/c4278d4a6028830caff9ee44b42d32ed"},"breadcrumb":{"@id":"https:\/\/portaltela.pt\/noticias\/2026\/03\/25\/pj-faz-buscas-na-camara-de-albufeira-rui-cristina-visado-por-incitamento-ao-odio\/#breadcrumb"},"inLanguage":"pt-PT","potentialAction":[{"@type":"ReadAction","target":["https:\/\/portaltela.pt\/noticias\/2026\/03\/25\/pj-faz-buscas-na-camara-de-albufeira-rui-cristina-visado-por-incitamento-ao-odio\/"]}]},{"@type":"ImageObject","inLanguage":"pt-PT","@id":"https:\/\/portaltela.pt\/noticias\/2026\/03\/25\/pj-faz-buscas-na-camara-de-albufeira-rui-cristina-visado-por-incitamento-ao-odio\/#primaryimage","url":"https:\/\/portaltela.pt\/s.01k8rhncp4jt1\/2026\/03\/img_1500x1000uu2026-01-22-23-51-39-2262038.jpg","contentUrl":"https:\/\/portaltela.pt\/s.01k8rhncp4jt1\/2026\/03\/img_1500x1000uu2026-01-22-23-51-39-2262038.jpg","width":1500,"height":1000,"caption":"Rui Cristina com Andr\u00e9 Ventura durante uma a\u00e7\u00e3o de campanha em Albufeira"},{"@type":"BreadcrumbList","@id":"https:\/\/portaltela.pt\/noticias\/2026\/03\/25\/pj-faz-buscas-na-camara-de-albufeira-rui-cristina-visado-por-incitamento-ao-odio\/#breadcrumb","itemListElement":[{"@type":"ListItem","position":1,"name":"In\u00edcio","item":"https:\/\/portaltela.pt\/"},{"@type":"ListItem","position":2,"name":"PJ faz buscas na C\u00e2mara de Albufeira; Rui Cristina visado por incitamento ao \u00f3dio"}]},{"@type":"WebSite","@id":"https:\/\/portaltela.pt\/#website","url":"https:\/\/portaltela.pt\/","name":"Portal Tela Portugal","description":"","potentialAction":[{"@type":"SearchAction","target":{"@type":"EntryPoint","urlTemplate":"https:\/\/portaltela.pt\/?s={search_term_string}"},"query-input":{"@type":"PropertyValueSpecification","valueRequired":true,"valueName":"search_term_string"}}],"inLanguage":"pt-PT"},{"@type":"Person","@id":"https:\/\/portaltela.pt\/#\/schema\/person\/c4278d4a6028830caff9ee44b42d32ed","name":"Telinha","image":{"@type":"ImageObject","inLanguage":"pt-PT","@id":"https:\/\/portaltela.pt\/s.01k8rhncp4jt1\/2025\/11\/talking-bot-125x125.png","url":"https:\/\/portaltela.pt\/s.01k8rhncp4jt1\/2025\/11\/talking-bot-125x125.png","contentUrl":"https:\/\/portaltela.pt\/s.01k8rhncp4jt1\/2025\/11\/talking-bot-125x125.png","caption":"Telinha"},"sameAs":["https:\/\/portaltela.pt\/"],"url":"https:\/\/portaltela.pt\/por\/367410592786\/"}]}},"_links":{"self":[{"href":"https:\/\/portaltela.pt\/api\/wp\/v2\/posts\/420844","targetHints":{"allow":["GET"]}}],"collection":[{"href":"https:\/\/portaltela.pt\/api\/wp\/v2\/posts"}],"about":[{"href":"https:\/\/portaltela.pt\/api\/wp\/v2\/types\/post"}],"author":[{"embeddable":true,"href":"https:\/\/portaltela.pt\/api\/wp\/v2\/users\/2"}],"replies":[{"embeddable":true,"href":"https:\/\/portaltela.pt\/api\/wp\/v2\/comments?post=420844"}],"version-history":[{"count":0,"href":"https:\/\/portaltela.pt\/api\/wp\/v2\/posts\/420844\/revisions"}],"wp:featuredmedia":[{"embeddable":true,"href":"https:\/\/portaltela.pt\/api\/wp\/v2\/media\/420847"}],"wp:attachment":[{"href":"https:\/\/portaltela.pt\/api\/wp\/v2\/media?parent=420844"}],"wp:term":[{"taxonomy":"category","embeddable":true,"href":"https:\/\/portaltela.pt\/api\/wp\/v2\/categories?post=420844"},{"taxonomy":"post_tag","embeddable":true,"href":"https:\/\/portaltela.pt\/api\/wp\/v2\/tags?post=420844"}],"curies":[{"name":"wp","href":"https:\/\/api.w.org\/{rel}","templated":true}]}}