{"id":420843,"date":"2026-03-25T09:46:31","date_gmt":"2026-03-25T12:46:31","guid":{"rendered":"https:\/\/portaltela.pt\/noticias\/2026\/03\/25\/yaremchuk-convoca-trubin-para-o-ataque-da-ucrania-problemas-em-marcar\/"},"modified":"2026-03-25T09:46:31","modified_gmt":"2026-03-25T12:46:31","slug":"yaremchuk-convoca-trubin-para-o-ataque-da-ucrania-problemas-em-marcar","status":"publish","type":"post","link":"https:\/\/portaltela.pt\/desporto\/futebol\/2026\/03\/25\/yaremchuk-convoca-trubin-para-o-ataque-da-ucrania-problemas-em-marcar\/","title":{"rendered":"Yaremchuk convoca Trubin para o ataque da Ucr\u00e2nia: problemas em marcar"},"content":{"rendered":"<p>Roman Yaremchuk pretende manter a Ucr\u00e2nia na corrida ao Mundial frente \u00e0 Su\u00e9cia, ap\u00f3s a derrota na \u00faltima caminhada de qualifica\u00e7\u00e3o. O ponta-de-lan\u00e7a do Lyon aponta para eventuais solu\u00e7\u00f5es t\u00e1ticas caso a equipa tenha dificuldades para marcar.<\/p>\n<p>O jogador referiu, de forma informal, que em caso de problemas ofensivos poder\u00e1 ver o guarda-redes Trubin integrado no ataque. Trubin, guardi\u00e3o do Benfica, ficou conhecido por ter marcado um golo decisivo frente ao Real Madrid numa digress\u00e3o de alto n\u00edvel.<\/p>\n<p>A sele\u00e7\u00e3o ucraniana prepara-se para o jogo de playoff, marcado para apurar a presen\u00e7a no pr\u00f3ximo Mundial, num encontro que promete ser disputado diante de uma Su\u00e9cia considerada uma das advers\u00e1rias mais fortes no caminho de qualifica\u00e7\u00e3o.<\/p>\n<p>Yaremchuk analisa o desafio com realismo. A Su\u00e9cia \u00e9 vista como uma equipa com maior capacidade defensiva, o que obriga a Ucr\u00e2nia a manter o ritmo e a aproveitar as situa\u00e7\u00f5es de golo. O avan\u00e7ado, de 30 anos, remata que o foco est\u00e1 no resultado necess\u00e1rio para seguir em frente.<\/p>\n<p>Recorda ainda epis\u00f3dios passados, como a derrota frente a Gales no final de 2022, que atrasou o percurso da Ucr\u00e2nia. Hoje, o objetivo \u00e9 eliminar d\u00favidas e consolidar um desempenho s\u00f3lido que permita ultrapassar o obst\u00e1culo sueco.<\/p>\n<p>Os jogadores demonstram colocar o t\u00edtulo em jogo como prioridade, com foco na concentra\u00e7\u00e3o e no esfor\u00e7o coletivo. A equipa espera alcan\u00e7ar o objetivo sem ceder ante o advers\u00e1rio e cumprir o planeamento tra\u00e7ado pela equipa t\u00e9cnica.<\/p>\n","protected":false},"excerpt":{"rendered":"<ul>\n<li>Roman Yaremchuk, avan\u00e7ado da Ucr\u00e2nia, disse que, se houver problemas para marcar, pode colocar Trubin na frente sem grandes problemas.<\/li>\n<li>O ponta-de-lan\u00e7a elogiou o guarda-redes do Benfica, recordando o golo decisivo de cabe\u00e7a frente ao Real Madrid que considerou hist\u00f3rico.<\/li>\n<li>A sele\u00e7\u00e3o ucraniana encara a Su\u00e9cia no playoff de acesso ao Mundial, numa fase em que o jogador admite dificuldade.<\/li>\n<li>A Su\u00e9cia \u00e9 vista como a equipa mais forte do playoff; a Ucr\u00e2nia sabe que jogos com bloco baixo s\u00e3o particularmente dif\u00edceis.<\/li>\n<li>Yaremchuk lembrou a derrota de 1-0 frente ao Pa\u00eds de Gales em 2022, descrevendo-a como uma das mais dolorosas da carreira, e destacou a necessidade de obter o resultado desejado.<\/li>\n<\/ul>\n","protected":false},"author":2,"featured_media":420846,"comment_status":"closed","ping_status":"closed","sticky":false,"template":"","format":"standard","meta":{"footnotes":""},"categories":[21,24],"tags":[32,3338,125,2057,6366,2645],"class_list":["post-420843","post","type-post","status-publish","format-standard","has-post-thumbnail","hentry","category-desporto","category-futebol","tag-futebol","tag-futebol-internacional","tag-playoffs","tag-selecao-nacional","tag-selecoes-da-copa-do-mundo","tag-suecia"],"yoast_head":"<!-- This site is optimized with the Yoast SEO plugin v27.2 - https:\/\/yoast.com\/product\/yoast-seo-wordpress\/ -->\n<title>Yaremchuk convoca Trubin para o ataque da Ucr\u00e2nia: problemas em marcar - Portal Tela Portugal<\/title>\n<meta name=\"robots\" content=\"index, follow, max-snippet:-1, max-image-preview:large, max-video-preview:-1\" \/>\n<meta property=\"og:locale\" content=\"pt_PT\" \/>\n<meta property=\"og:type\" content=\"article\" \/>\n<meta property=\"og:title\" content=\"Yaremchuk convoca Trubin para o ataque da Ucr\u00e2nia: problemas em marcar - Portal Tela Portugal\" \/>\n<meta property=\"og:description\" content=\"Roman Yaremchuk, avan\u00e7ado da Ucr\u00e2nia, disse que, se houver problemas para marcar, pode colocar Trubin na frente sem grandes problemas. O ponta-de-lan\u00e7a elogiou o guarda-redes do Benfica, recordando o golo decisivo de cabe\u00e7a frente ao Real Madrid que considerou hist\u00f3rico. A sele\u00e7\u00e3o ucraniana encara a Su\u00e9cia no playoff de acesso ao Mundial, numa fase em que o jogador admite dificuldade. A Su\u00e9cia \u00e9 vista como a equipa mais forte do playoff; a Ucr\u00e2nia sabe que jogos com bloco baixo s\u00e3o particularmente dif\u00edceis. Yaremchuk lembrou a derrota de 1-0 frente ao Pa\u00eds de Gales em 2022, descrevendo-a como uma das mais dolorosas da carreira, e destacou a necessidade de obter o resultado desejado.\" \/>\n<meta property=\"og:url\" content=\"https:\/\/portaltela.pt\/noticias\/2026\/03\/25\/yaremchuk-convoca-trubin-para-o-ataque-da-ucrania-problemas-em-marcar\/\" \/>\n<meta property=\"og:site_name\" content=\"Portal Tela Portugal\" \/>\n<meta property=\"article:published_time\" content=\"2026-03-25T12:46:31+00:00\" \/>\n<meta name=\"author\" content=\"Telinha\" \/>\n<meta name=\"twitter:card\" content=\"summary_large_image\" \/>\n<meta name=\"twitter:label1\" content=\"Escrito por\" \/>\n\t<meta name=\"twitter:data1\" content=\"Telinha\" \/>\n\t<meta name=\"twitter:label2\" content=\"Tempo estimado de leitura\" \/>\n\t<meta name=\"twitter:data2\" content=\"1 minuto\" \/>\n<script type=\"application\/ld+json\" class=\"yoast-schema-graph\">{\"@context\":\"https:\/\/schema.org\",\"@graph\":[{\"@type\":\"Article\",\"@id\":\"https:\/\/portaltela.pt\/noticias\/2026\/03\/25\/yaremchuk-convoca-trubin-para-o-ataque-da-ucrania-problemas-em-marcar\/#article\",\"isPartOf\":{\"@id\":\"https:\/\/portaltela.pt\/noticias\/2026\/03\/25\/yaremchuk-convoca-trubin-para-o-ataque-da-ucrania-problemas-em-marcar\/\"},\"author\":{\"name\":\"Telinha\",\"@id\":\"https:\/\/portaltela.pt\/#\/schema\/person\/c4278d4a6028830caff9ee44b42d32ed\"},\"headline\":\"Yaremchuk convoca Trubin para o ataque da Ucr\u00e2nia: problemas em marcar\",\"datePublished\":\"2026-03-25T12:46:31+00:00\",\"mainEntityOfPage\":{\"@id\":\"https:\/\/portaltela.pt\/noticias\/2026\/03\/25\/yaremchuk-convoca-trubin-para-o-ataque-da-ucrania-problemas-em-marcar\/\"},\"wordCount\":279,\"image\":{\"@id\":\"https:\/\/portaltela.pt\/noticias\/2026\/03\/25\/yaremchuk-convoca-trubin-para-o-ataque-da-ucrania-problemas-em-marcar\/#primaryimage\"},\"thumbnailUrl\":\"https:\/\/portaltela.pt\/s.01k8rhncp4jt1\/2026\/03\/img_920x518uu2026-01-29-17-09-28-2418280.png\",\"keywords\":[\"futebol\",\"futebol internacional\",\"playoffs\",\"Sele\u00e7\u00e3o Nacional\",\"Sele\u00e7\u00f5es da Copa do Mundo\",\"Su\u00e9cia\"],\"articleSection\":[\"Desporto\",\"Futebol\"],\"inLanguage\":\"pt-PT\"},{\"@type\":\"WebPage\",\"@id\":\"https:\/\/portaltela.pt\/noticias\/2026\/03\/25\/yaremchuk-convoca-trubin-para-o-ataque-da-ucrania-problemas-em-marcar\/\",\"url\":\"https:\/\/portaltela.pt\/noticias\/2026\/03\/25\/yaremchuk-convoca-trubin-para-o-ataque-da-ucrania-problemas-em-marcar\/\",\"name\":\"Yaremchuk convoca Trubin para o ataque da Ucr\u00e2nia: problemas em marcar - Portal Tela Portugal\",\"isPartOf\":{\"@id\":\"https:\/\/portaltela.pt\/#website\"},\"primaryImageOfPage\":{\"@id\":\"https:\/\/portaltela.pt\/noticias\/2026\/03\/25\/yaremchuk-convoca-trubin-para-o-ataque-da-ucrania-problemas-em-marcar\/#primaryimage\"},\"image\":{\"@id\":\"https:\/\/portaltela.pt\/noticias\/2026\/03\/25\/yaremchuk-convoca-trubin-para-o-ataque-da-ucrania-problemas-em-marcar\/#primaryimage\"},\"thumbnailUrl\":\"https:\/\/portaltela.pt\/s.01k8rhncp4jt1\/2026\/03\/img_920x518uu2026-01-29-17-09-28-2418280.png\",\"datePublished\":\"2026-03-25T12:46:31+00:00\",\"author\":{\"@id\":\"https:\/\/portaltela.pt\/#\/schema\/person\/c4278d4a6028830caff9ee44b42d32ed\"},\"breadcrumb\":{\"@id\":\"https:\/\/portaltela.pt\/noticias\/2026\/03\/25\/yaremchuk-convoca-trubin-para-o-ataque-da-ucrania-problemas-em-marcar\/#breadcrumb\"},\"inLanguage\":\"pt-PT\",\"potentialAction\":[{\"@type\":\"ReadAction\",\"target\":[\"https:\/\/portaltela.pt\/noticias\/2026\/03\/25\/yaremchuk-convoca-trubin-para-o-ataque-da-ucrania-problemas-em-marcar\/\"]}]},{\"@type\":\"ImageObject\",\"inLanguage\":\"pt-PT\",\"@id\":\"https:\/\/portaltela.pt\/noticias\/2026\/03\/25\/yaremchuk-convoca-trubin-para-o-ataque-da-ucrania-problemas-em-marcar\/#primaryimage\",\"url\":\"https:\/\/portaltela.pt\/s.01k8rhncp4jt1\/2026\/03\/img_920x518uu2026-01-29-17-09-28-2418280.png\",\"contentUrl\":\"https:\/\/portaltela.pt\/s.01k8rhncp4jt1\/2026\/03\/img_920x518uu2026-01-29-17-09-28-2418280.png\",\"width\":920,\"height\":518,\"caption\":\"Jogadores do Benfica comemoram apuramento para o playoff da Champions ap\u00f3s golo de Trubin frente ao Real Madrid no \u00faltimo segundo\"},{\"@type\":\"BreadcrumbList\",\"@id\":\"https:\/\/portaltela.pt\/noticias\/2026\/03\/25\/yaremchuk-convoca-trubin-para-o-ataque-da-ucrania-problemas-em-marcar\/#breadcrumb\",\"itemListElement\":[{\"@type\":\"ListItem\",\"position\":1,\"name\":\"In\u00edcio\",\"item\":\"https:\/\/portaltela.pt\/\"},{\"@type\":\"ListItem\",\"position\":2,\"name\":\"Yaremchuk convoca Trubin para o ataque da Ucr\u00e2nia: problemas em marcar\"}]},{\"@type\":\"WebSite\",\"@id\":\"https:\/\/portaltela.pt\/#website\",\"url\":\"https:\/\/portaltela.pt\/\",\"name\":\"Portal Tela Portugal\",\"description\":\"\",\"potentialAction\":[{\"@type\":\"SearchAction\",\"target\":{\"@type\":\"EntryPoint\",\"urlTemplate\":\"https:\/\/portaltela.pt\/?s={search_term_string}\"},\"query-input\":{\"@type\":\"PropertyValueSpecification\",\"valueRequired\":true,\"valueName\":\"search_term_string\"}}],\"inLanguage\":\"pt-PT\"},{\"@type\":\"Person\",\"@id\":\"https:\/\/portaltela.pt\/#\/schema\/person\/c4278d4a6028830caff9ee44b42d32ed\",\"name\":\"Telinha\",\"image\":{\"@type\":\"ImageObject\",\"inLanguage\":\"pt-PT\",\"@id\":\"https:\/\/portaltela.pt\/s.01k8rhncp4jt1\/2025\/11\/talking-bot-125x125.png\",\"url\":\"https:\/\/portaltela.pt\/s.01k8rhncp4jt1\/2025\/11\/talking-bot-125x125.png\",\"contentUrl\":\"https:\/\/portaltela.pt\/s.01k8rhncp4jt1\/2025\/11\/talking-bot-125x125.png\",\"caption\":\"Telinha\"},\"sameAs\":[\"https:\/\/portaltela.pt\/\"],\"url\":\"https:\/\/portaltela.pt\/por\/367410592786\/\"}]}<\/script>\n<!-- \/ Yoast SEO plugin. -->","yoast_head_json":{"title":"Yaremchuk convoca Trubin para o ataque da Ucr\u00e2nia: problemas em marcar - Portal Tela Portugal","robots":{"index":"index","follow":"follow","max-snippet":"max-snippet:-1","max-image-preview":"max-image-preview:large","max-video-preview":"max-video-preview:-1"},"og_locale":"pt_PT","og_type":"article","og_title":"Yaremchuk convoca Trubin para o ataque da Ucr\u00e2nia: problemas em marcar - Portal Tela Portugal","og_description":"Roman Yaremchuk, avan\u00e7ado da Ucr\u00e2nia, disse que, se houver problemas para marcar, pode colocar Trubin na frente sem grandes problemas. O ponta-de-lan\u00e7a elogiou o guarda-redes do Benfica, recordando o golo decisivo de cabe\u00e7a frente ao Real Madrid que considerou hist\u00f3rico. A sele\u00e7\u00e3o ucraniana encara a Su\u00e9cia no playoff de acesso ao Mundial, numa fase em que o jogador admite dificuldade. A Su\u00e9cia \u00e9 vista como a equipa mais forte do playoff; a Ucr\u00e2nia sabe que jogos com bloco baixo s\u00e3o particularmente dif\u00edceis. Yaremchuk lembrou a derrota de 1-0 frente ao Pa\u00eds de Gales em 2022, descrevendo-a como uma das mais dolorosas da carreira, e destacou a necessidade de obter o resultado desejado.","og_url":"https:\/\/portaltela.pt\/noticias\/2026\/03\/25\/yaremchuk-convoca-trubin-para-o-ataque-da-ucrania-problemas-em-marcar\/","og_site_name":"Portal Tela Portugal","article_published_time":"2026-03-25T12:46:31+00:00","author":"Telinha","twitter_card":"summary_large_image","twitter_misc":{"Escrito por":"Telinha","Tempo estimado de leitura":"1 minuto"},"schema":{"@context":"https:\/\/schema.org","@graph":[{"@type":"Article","@id":"https:\/\/portaltela.pt\/noticias\/2026\/03\/25\/yaremchuk-convoca-trubin-para-o-ataque-da-ucrania-problemas-em-marcar\/#article","isPartOf":{"@id":"https:\/\/portaltela.pt\/noticias\/2026\/03\/25\/yaremchuk-convoca-trubin-para-o-ataque-da-ucrania-problemas-em-marcar\/"},"author":{"name":"Telinha","@id":"https:\/\/portaltela.pt\/#\/schema\/person\/c4278d4a6028830caff9ee44b42d32ed"},"headline":"Yaremchuk convoca Trubin para o ataque da Ucr\u00e2nia: problemas em marcar","datePublished":"2026-03-25T12:46:31+00:00","mainEntityOfPage":{"@id":"https:\/\/portaltela.pt\/noticias\/2026\/03\/25\/yaremchuk-convoca-trubin-para-o-ataque-da-ucrania-problemas-em-marcar\/"},"wordCount":279,"image":{"@id":"https:\/\/portaltela.pt\/noticias\/2026\/03\/25\/yaremchuk-convoca-trubin-para-o-ataque-da-ucrania-problemas-em-marcar\/#primaryimage"},"thumbnailUrl":"https:\/\/portaltela.pt\/s.01k8rhncp4jt1\/2026\/03\/img_920x518uu2026-01-29-17-09-28-2418280.png","keywords":["futebol","futebol internacional","playoffs","Sele\u00e7\u00e3o Nacional","Sele\u00e7\u00f5es da Copa do Mundo","Su\u00e9cia"],"articleSection":["Desporto","Futebol"],"inLanguage":"pt-PT"},{"@type":"WebPage","@id":"https:\/\/portaltela.pt\/noticias\/2026\/03\/25\/yaremchuk-convoca-trubin-para-o-ataque-da-ucrania-problemas-em-marcar\/","url":"https:\/\/portaltela.pt\/noticias\/2026\/03\/25\/yaremchuk-convoca-trubin-para-o-ataque-da-ucrania-problemas-em-marcar\/","name":"Yaremchuk convoca Trubin para o ataque da Ucr\u00e2nia: problemas em marcar - Portal Tela Portugal","isPartOf":{"@id":"https:\/\/portaltela.pt\/#website"},"primaryImageOfPage":{"@id":"https:\/\/portaltela.pt\/noticias\/2026\/03\/25\/yaremchuk-convoca-trubin-para-o-ataque-da-ucrania-problemas-em-marcar\/#primaryimage"},"image":{"@id":"https:\/\/portaltela.pt\/noticias\/2026\/03\/25\/yaremchuk-convoca-trubin-para-o-ataque-da-ucrania-problemas-em-marcar\/#primaryimage"},"thumbnailUrl":"https:\/\/portaltela.pt\/s.01k8rhncp4jt1\/2026\/03\/img_920x518uu2026-01-29-17-09-28-2418280.png","datePublished":"2026-03-25T12:46:31+00:00","author":{"@id":"https:\/\/portaltela.pt\/#\/schema\/person\/c4278d4a6028830caff9ee44b42d32ed"},"breadcrumb":{"@id":"https:\/\/portaltela.pt\/noticias\/2026\/03\/25\/yaremchuk-convoca-trubin-para-o-ataque-da-ucrania-problemas-em-marcar\/#breadcrumb"},"inLanguage":"pt-PT","potentialAction":[{"@type":"ReadAction","target":["https:\/\/portaltela.pt\/noticias\/2026\/03\/25\/yaremchuk-convoca-trubin-para-o-ataque-da-ucrania-problemas-em-marcar\/"]}]},{"@type":"ImageObject","inLanguage":"pt-PT","@id":"https:\/\/portaltela.pt\/noticias\/2026\/03\/25\/yaremchuk-convoca-trubin-para-o-ataque-da-ucrania-problemas-em-marcar\/#primaryimage","url":"https:\/\/portaltela.pt\/s.01k8rhncp4jt1\/2026\/03\/img_920x518uu2026-01-29-17-09-28-2418280.png","contentUrl":"https:\/\/portaltela.pt\/s.01k8rhncp4jt1\/2026\/03\/img_920x518uu2026-01-29-17-09-28-2418280.png","width":920,"height":518,"caption":"Jogadores do Benfica comemoram apuramento para o playoff da Champions ap\u00f3s golo de Trubin frente ao Real Madrid no \u00faltimo segundo"},{"@type":"BreadcrumbList","@id":"https:\/\/portaltela.pt\/noticias\/2026\/03\/25\/yaremchuk-convoca-trubin-para-o-ataque-da-ucrania-problemas-em-marcar\/#breadcrumb","itemListElement":[{"@type":"ListItem","position":1,"name":"In\u00edcio","item":"https:\/\/portaltela.pt\/"},{"@type":"ListItem","position":2,"name":"Yaremchuk convoca Trubin para o ataque da Ucr\u00e2nia: problemas em marcar"}]},{"@type":"WebSite","@id":"https:\/\/portaltela.pt\/#website","url":"https:\/\/portaltela.pt\/","name":"Portal Tela Portugal","description":"","potentialAction":[{"@type":"SearchAction","target":{"@type":"EntryPoint","urlTemplate":"https:\/\/portaltela.pt\/?s={search_term_string}"},"query-input":{"@type":"PropertyValueSpecification","valueRequired":true,"valueName":"search_term_string"}}],"inLanguage":"pt-PT"},{"@type":"Person","@id":"https:\/\/portaltela.pt\/#\/schema\/person\/c4278d4a6028830caff9ee44b42d32ed","name":"Telinha","image":{"@type":"ImageObject","inLanguage":"pt-PT","@id":"https:\/\/portaltela.pt\/s.01k8rhncp4jt1\/2025\/11\/talking-bot-125x125.png","url":"https:\/\/portaltela.pt\/s.01k8rhncp4jt1\/2025\/11\/talking-bot-125x125.png","contentUrl":"https:\/\/portaltela.pt\/s.01k8rhncp4jt1\/2025\/11\/talking-bot-125x125.png","caption":"Telinha"},"sameAs":["https:\/\/portaltela.pt\/"],"url":"https:\/\/portaltela.pt\/por\/367410592786\/"}]}},"_links":{"self":[{"href":"https:\/\/portaltela.pt\/api\/wp\/v2\/posts\/420843","targetHints":{"allow":["GET"]}}],"collection":[{"href":"https:\/\/portaltela.pt\/api\/wp\/v2\/posts"}],"about":[{"href":"https:\/\/portaltela.pt\/api\/wp\/v2\/types\/post"}],"author":[{"embeddable":true,"href":"https:\/\/portaltela.pt\/api\/wp\/v2\/users\/2"}],"replies":[{"embeddable":true,"href":"https:\/\/portaltela.pt\/api\/wp\/v2\/comments?post=420843"}],"version-history":[{"count":0,"href":"https:\/\/portaltela.pt\/api\/wp\/v2\/posts\/420843\/revisions"}],"wp:featuredmedia":[{"embeddable":true,"href":"https:\/\/portaltela.pt\/api\/wp\/v2\/media\/420846"}],"wp:attachment":[{"href":"https:\/\/portaltela.pt\/api\/wp\/v2\/media?parent=420843"}],"wp:term":[{"taxonomy":"category","embeddable":true,"href":"https:\/\/portaltela.pt\/api\/wp\/v2\/categories?post=420843"},{"taxonomy":"post_tag","embeddable":true,"href":"https:\/\/portaltela.pt\/api\/wp\/v2\/tags?post=420843"}],"curies":[{"name":"wp","href":"https:\/\/api.w.org\/{rel}","templated":true}]}}