{"id":420825,"date":"2026-03-25T10:00:00","date_gmt":"2026-03-25T13:00:00","guid":{"rendered":"https:\/\/portaltela.pt\/noticias\/2026\/03\/25\/palacio-de-queluz-decora-ovos-para-recordar-luis-xiv\/"},"modified":"2026-03-25T10:00:00","modified_gmt":"2026-03-25T13:00:00","slug":"palacio-de-queluz-decora-ovos-para-recordar-luis-xiv","status":"publish","type":"post","link":"https:\/\/portaltela.pt\/noticias\/2026\/03\/25\/palacio-de-queluz-decora-ovos-para-recordar-luis-xiv\/","title":{"rendered":"Pal\u00e1cio de Queluz decora ovos para recordar Lu\u00eds XIV"},"content":{"rendered":"<p>O Pal\u00e1cio Nacional de Queluz organiza uma atividade que transporta os participantes para o s\u00e9culo XVII, com foco nas tradi\u00e7\u00f5es pascoais da corte de Lu\u00eds XIV. A proposta insere-se na mem\u00f3ria das pr\u00e1ticas da \u00e9poca e na riqueza decorativa do pal\u00e1cio.<\/p>\n<p>O evento intitulado Ovos dourados, ovos coloridos e as artes decorativas no Pal\u00e1cio decorre no dia 4 de abril, \u00e0s 14h30, e tem como foco os ovos de P\u00e1scoa usados pela realeza. A atividade explora detalhes da talha dourada e das pinturas a fresco presentes nos espa\u00e7os barrocos do pal\u00e1cio.<\/p>\n<p>Destinada a fam\u00edlias com crian\u00e7as a partir dos cinco anos, a sess\u00e3o tem a dura\u00e7\u00e3o de duas horas. A iniciativa revela tamb\u00e9m a liga\u00e7\u00e3o entre a decora\u00e7\u00e3o dos jardins e as artes decorativas que influenciam a apresenta\u00e7\u00e3o dos ovos na \u00e9poca.<\/p>\n<h3>Detalhes da edi\u00e7\u00e3o<\/h3>\n<p>As bilheteiras est\u00e3o dispon\u00edveis para reserva no site Parques de Sintra. O formato permite aprender sobre as pr\u00e1ticas pascoais da corte e perceber como os elementos ornamentais se relacionam com as pe\u00e7as de ovos decorados.<\/p>\n<h3>O que esperar<\/h3>\n<p>Durante a atividade, os participantes podem observar exemplos de ovos decorados e compreender a rela\u00e7\u00e3o entre a iconografia barroca e as t\u00e9cnicas de pintura utilizadas nas \u00e9pocas de Lu\u00eds XIV. A experi\u00eancia combina hist\u00f3ria, arte e cultura palacianas.<\/p>\n","protected":false},"excerpt":{"rendered":"<ul>\n<li>O Pal\u00e1cio Nacional de Queluz promove uma atividade para recordar Lu\u00eds XIV com ovos decorados, no s\u00e1bado anterior \u00e0 P\u00e1scoa, dia 4 de abril \u00e0s 14h30.<\/li>\n<li>Destinada a crian\u00e7as com mais de cinco anos e \u00e0s fam\u00edlias, a iniciativa relembra pr\u00e1ticas de P\u00e1scoa da corte do s\u00e9culo XVII.<\/li>\n<li>A atividade associa o ovo decorado \u00e0 talha dourada, pinturas a fresco e \u00e0 decora\u00e7\u00e3o dos jardins do pal\u00e1cio, inspirado na arte barroca.<\/li>\n<li>A dura\u00e7\u00e3o \u00e9 de duas horas e os bilhetes podem ser adquiridos no site Parques de Sintra.<\/li>\n<\/ul>\n","protected":false},"author":2,"featured_media":420832,"comment_status":"closed","ping_status":"closed","sticky":false,"template":"","format":"standard","meta":{"footnotes":""},"categories":[7375,1],"tags":[70,145,299,1175,3739,1110],"class_list":["post-420825","post","type-post","status-publish","format-standard","has-post-thumbnail","hentry","category-cultura","category-noticias","tag-arte","tag-cultura","tag-historia","tag-patrimonio-cultural","tag-queluz","tag-sintra"],"yoast_head":"<!-- This site is optimized with the Yoast SEO plugin v27.2 - https:\/\/yoast.com\/product\/yoast-seo-wordpress\/ -->\n<title>Pal\u00e1cio de Queluz decora ovos para recordar Lu\u00eds XIV - Portal Tela Portugal<\/title>\n<meta name=\"robots\" content=\"index, follow, max-snippet:-1, max-image-preview:large, max-video-preview:-1\" \/>\n<meta property=\"og:locale\" content=\"pt_PT\" \/>\n<meta property=\"og:type\" content=\"article\" \/>\n<meta property=\"og:title\" content=\"Pal\u00e1cio de Queluz decora ovos para recordar Lu\u00eds XIV - Portal Tela Portugal\" \/>\n<meta property=\"og:description\" content=\"O Pal\u00e1cio Nacional de Queluz promove uma atividade para recordar Lu\u00eds XIV com ovos decorados, no s\u00e1bado anterior \u00e0 P\u00e1scoa, dia 4 de abril \u00e0s 14h30. Destinada a crian\u00e7as com mais de cinco anos e \u00e0s fam\u00edlias, a iniciativa relembra pr\u00e1ticas de P\u00e1scoa da corte do s\u00e9culo XVII. A atividade associa o ovo decorado \u00e0 talha dourada, pinturas a fresco e \u00e0 decora\u00e7\u00e3o dos jardins do pal\u00e1cio, inspirado na arte barroca. A dura\u00e7\u00e3o \u00e9 de duas horas e os bilhetes podem ser adquiridos no site Parques de Sintra.\" \/>\n<meta property=\"og:url\" content=\"https:\/\/portaltela.pt\/noticias\/2026\/03\/25\/palacio-de-queluz-decora-ovos-para-recordar-luis-xiv\/\" \/>\n<meta property=\"og:site_name\" content=\"Portal Tela Portugal\" \/>\n<meta property=\"article:published_time\" content=\"2026-03-25T13:00:00+00:00\" \/>\n<meta name=\"author\" content=\"Telinha\" \/>\n<meta name=\"twitter:card\" content=\"summary_large_image\" \/>\n<meta name=\"twitter:label1\" content=\"Escrito por\" \/>\n\t<meta name=\"twitter:data1\" content=\"Telinha\" \/>\n\t<meta name=\"twitter:label2\" content=\"Tempo estimado de leitura\" \/>\n\t<meta name=\"twitter:data2\" content=\"1 minuto\" \/>\n<script type=\"application\/ld+json\" class=\"yoast-schema-graph\">{\"@context\":\"https:\/\/schema.org\",\"@graph\":[{\"@type\":\"Article\",\"@id\":\"https:\/\/portaltela.pt\/noticias\/2026\/03\/25\/palacio-de-queluz-decora-ovos-para-recordar-luis-xiv\/#article\",\"isPartOf\":{\"@id\":\"https:\/\/portaltela.pt\/noticias\/2026\/03\/25\/palacio-de-queluz-decora-ovos-para-recordar-luis-xiv\/\"},\"author\":{\"name\":\"Telinha\",\"@id\":\"https:\/\/portaltela.pt\/#\/schema\/person\/c4278d4a6028830caff9ee44b42d32ed\"},\"headline\":\"Pal\u00e1cio de Queluz decora ovos para recordar Lu\u00eds XIV\",\"datePublished\":\"2026-03-25T13:00:00+00:00\",\"mainEntityOfPage\":{\"@id\":\"https:\/\/portaltela.pt\/noticias\/2026\/03\/25\/palacio-de-queluz-decora-ovos-para-recordar-luis-xiv\/\"},\"wordCount\":250,\"image\":{\"@id\":\"https:\/\/portaltela.pt\/noticias\/2026\/03\/25\/palacio-de-queluz-decora-ovos-para-recordar-luis-xiv\/#primaryimage\"},\"thumbnailUrl\":\"https:\/\/portaltela.pt\/s.01k8rhncp4jt1\/2026\/03\/img_1500x1000uu2023-07-18-17-28-31-1397868.jpg\",\"keywords\":[\"arte\",\"cultura\",\"hist\u00f3ria\",\"Patrim\u00f3nio Cultural\",\"Queluz\",\"Sintra\"],\"articleSection\":[\"Cultura\",\"Not\u00edcias\"],\"inLanguage\":\"pt-PT\"},{\"@type\":\"WebPage\",\"@id\":\"https:\/\/portaltela.pt\/noticias\/2026\/03\/25\/palacio-de-queluz-decora-ovos-para-recordar-luis-xiv\/\",\"url\":\"https:\/\/portaltela.pt\/noticias\/2026\/03\/25\/palacio-de-queluz-decora-ovos-para-recordar-luis-xiv\/\",\"name\":\"Pal\u00e1cio de Queluz decora ovos para recordar Lu\u00eds XIV - Portal Tela Portugal\",\"isPartOf\":{\"@id\":\"https:\/\/portaltela.pt\/#website\"},\"primaryImageOfPage\":{\"@id\":\"https:\/\/portaltela.pt\/noticias\/2026\/03\/25\/palacio-de-queluz-decora-ovos-para-recordar-luis-xiv\/#primaryimage\"},\"image\":{\"@id\":\"https:\/\/portaltela.pt\/noticias\/2026\/03\/25\/palacio-de-queluz-decora-ovos-para-recordar-luis-xiv\/#primaryimage\"},\"thumbnailUrl\":\"https:\/\/portaltela.pt\/s.01k8rhncp4jt1\/2026\/03\/img_1500x1000uu2023-07-18-17-28-31-1397868.jpg\",\"datePublished\":\"2026-03-25T13:00:00+00:00\",\"author\":{\"@id\":\"https:\/\/portaltela.pt\/#\/schema\/person\/c4278d4a6028830caff9ee44b42d32ed\"},\"breadcrumb\":{\"@id\":\"https:\/\/portaltela.pt\/noticias\/2026\/03\/25\/palacio-de-queluz-decora-ovos-para-recordar-luis-xiv\/#breadcrumb\"},\"inLanguage\":\"pt-PT\",\"potentialAction\":[{\"@type\":\"ReadAction\",\"target\":[\"https:\/\/portaltela.pt\/noticias\/2026\/03\/25\/palacio-de-queluz-decora-ovos-para-recordar-luis-xiv\/\"]}]},{\"@type\":\"ImageObject\",\"inLanguage\":\"pt-PT\",\"@id\":\"https:\/\/portaltela.pt\/noticias\/2026\/03\/25\/palacio-de-queluz-decora-ovos-para-recordar-luis-xiv\/#primaryimage\",\"url\":\"https:\/\/portaltela.pt\/s.01k8rhncp4jt1\/2026\/03\/img_1500x1000uu2023-07-18-17-28-31-1397868.jpg\",\"contentUrl\":\"https:\/\/portaltela.pt\/s.01k8rhncp4jt1\/2026\/03\/img_1500x1000uu2023-07-18-17-28-31-1397868.jpg\",\"width\":796,\"height\":448,\"caption\":\"A atividade decorre nos jardins e no interior do pal\u00e1cio.\"},{\"@type\":\"BreadcrumbList\",\"@id\":\"https:\/\/portaltela.pt\/noticias\/2026\/03\/25\/palacio-de-queluz-decora-ovos-para-recordar-luis-xiv\/#breadcrumb\",\"itemListElement\":[{\"@type\":\"ListItem\",\"position\":1,\"name\":\"In\u00edcio\",\"item\":\"https:\/\/portaltela.pt\/\"},{\"@type\":\"ListItem\",\"position\":2,\"name\":\"Pal\u00e1cio de Queluz decora ovos para recordar Lu\u00eds XIV\"}]},{\"@type\":\"WebSite\",\"@id\":\"https:\/\/portaltela.pt\/#website\",\"url\":\"https:\/\/portaltela.pt\/\",\"name\":\"Portal Tela Portugal\",\"description\":\"\",\"potentialAction\":[{\"@type\":\"SearchAction\",\"target\":{\"@type\":\"EntryPoint\",\"urlTemplate\":\"https:\/\/portaltela.pt\/?s={search_term_string}\"},\"query-input\":{\"@type\":\"PropertyValueSpecification\",\"valueRequired\":true,\"valueName\":\"search_term_string\"}}],\"inLanguage\":\"pt-PT\"},{\"@type\":\"Person\",\"@id\":\"https:\/\/portaltela.pt\/#\/schema\/person\/c4278d4a6028830caff9ee44b42d32ed\",\"name\":\"Telinha\",\"image\":{\"@type\":\"ImageObject\",\"inLanguage\":\"pt-PT\",\"@id\":\"https:\/\/portaltela.pt\/s.01k8rhncp4jt1\/2025\/11\/talking-bot-125x125.png\",\"url\":\"https:\/\/portaltela.pt\/s.01k8rhncp4jt1\/2025\/11\/talking-bot-125x125.png\",\"contentUrl\":\"https:\/\/portaltela.pt\/s.01k8rhncp4jt1\/2025\/11\/talking-bot-125x125.png\",\"caption\":\"Telinha\"},\"sameAs\":[\"https:\/\/portaltela.pt\/\"],\"url\":\"https:\/\/portaltela.pt\/por\/367410592786\/\"}]}<\/script>\n<!-- \/ Yoast SEO plugin. -->","yoast_head_json":{"title":"Pal\u00e1cio de Queluz decora ovos para recordar Lu\u00eds XIV - Portal Tela Portugal","robots":{"index":"index","follow":"follow","max-snippet":"max-snippet:-1","max-image-preview":"max-image-preview:large","max-video-preview":"max-video-preview:-1"},"og_locale":"pt_PT","og_type":"article","og_title":"Pal\u00e1cio de Queluz decora ovos para recordar Lu\u00eds XIV - Portal Tela Portugal","og_description":"O Pal\u00e1cio Nacional de Queluz promove uma atividade para recordar Lu\u00eds XIV com ovos decorados, no s\u00e1bado anterior \u00e0 P\u00e1scoa, dia 4 de abril \u00e0s 14h30. Destinada a crian\u00e7as com mais de cinco anos e \u00e0s fam\u00edlias, a iniciativa relembra pr\u00e1ticas de P\u00e1scoa da corte do s\u00e9culo XVII. A atividade associa o ovo decorado \u00e0 talha dourada, pinturas a fresco e \u00e0 decora\u00e7\u00e3o dos jardins do pal\u00e1cio, inspirado na arte barroca. A dura\u00e7\u00e3o \u00e9 de duas horas e os bilhetes podem ser adquiridos no site Parques de Sintra.","og_url":"https:\/\/portaltela.pt\/noticias\/2026\/03\/25\/palacio-de-queluz-decora-ovos-para-recordar-luis-xiv\/","og_site_name":"Portal Tela Portugal","article_published_time":"2026-03-25T13:00:00+00:00","author":"Telinha","twitter_card":"summary_large_image","twitter_misc":{"Escrito por":"Telinha","Tempo estimado de leitura":"1 minuto"},"schema":{"@context":"https:\/\/schema.org","@graph":[{"@type":"Article","@id":"https:\/\/portaltela.pt\/noticias\/2026\/03\/25\/palacio-de-queluz-decora-ovos-para-recordar-luis-xiv\/#article","isPartOf":{"@id":"https:\/\/portaltela.pt\/noticias\/2026\/03\/25\/palacio-de-queluz-decora-ovos-para-recordar-luis-xiv\/"},"author":{"name":"Telinha","@id":"https:\/\/portaltela.pt\/#\/schema\/person\/c4278d4a6028830caff9ee44b42d32ed"},"headline":"Pal\u00e1cio de Queluz decora ovos para recordar Lu\u00eds XIV","datePublished":"2026-03-25T13:00:00+00:00","mainEntityOfPage":{"@id":"https:\/\/portaltela.pt\/noticias\/2026\/03\/25\/palacio-de-queluz-decora-ovos-para-recordar-luis-xiv\/"},"wordCount":250,"image":{"@id":"https:\/\/portaltela.pt\/noticias\/2026\/03\/25\/palacio-de-queluz-decora-ovos-para-recordar-luis-xiv\/#primaryimage"},"thumbnailUrl":"https:\/\/portaltela.pt\/s.01k8rhncp4jt1\/2026\/03\/img_1500x1000uu2023-07-18-17-28-31-1397868.jpg","keywords":["arte","cultura","hist\u00f3ria","Patrim\u00f3nio Cultural","Queluz","Sintra"],"articleSection":["Cultura","Not\u00edcias"],"inLanguage":"pt-PT"},{"@type":"WebPage","@id":"https:\/\/portaltela.pt\/noticias\/2026\/03\/25\/palacio-de-queluz-decora-ovos-para-recordar-luis-xiv\/","url":"https:\/\/portaltela.pt\/noticias\/2026\/03\/25\/palacio-de-queluz-decora-ovos-para-recordar-luis-xiv\/","name":"Pal\u00e1cio de Queluz decora ovos para recordar Lu\u00eds XIV - Portal Tela Portugal","isPartOf":{"@id":"https:\/\/portaltela.pt\/#website"},"primaryImageOfPage":{"@id":"https:\/\/portaltela.pt\/noticias\/2026\/03\/25\/palacio-de-queluz-decora-ovos-para-recordar-luis-xiv\/#primaryimage"},"image":{"@id":"https:\/\/portaltela.pt\/noticias\/2026\/03\/25\/palacio-de-queluz-decora-ovos-para-recordar-luis-xiv\/#primaryimage"},"thumbnailUrl":"https:\/\/portaltela.pt\/s.01k8rhncp4jt1\/2026\/03\/img_1500x1000uu2023-07-18-17-28-31-1397868.jpg","datePublished":"2026-03-25T13:00:00+00:00","author":{"@id":"https:\/\/portaltela.pt\/#\/schema\/person\/c4278d4a6028830caff9ee44b42d32ed"},"breadcrumb":{"@id":"https:\/\/portaltela.pt\/noticias\/2026\/03\/25\/palacio-de-queluz-decora-ovos-para-recordar-luis-xiv\/#breadcrumb"},"inLanguage":"pt-PT","potentialAction":[{"@type":"ReadAction","target":["https:\/\/portaltela.pt\/noticias\/2026\/03\/25\/palacio-de-queluz-decora-ovos-para-recordar-luis-xiv\/"]}]},{"@type":"ImageObject","inLanguage":"pt-PT","@id":"https:\/\/portaltela.pt\/noticias\/2026\/03\/25\/palacio-de-queluz-decora-ovos-para-recordar-luis-xiv\/#primaryimage","url":"https:\/\/portaltela.pt\/s.01k8rhncp4jt1\/2026\/03\/img_1500x1000uu2023-07-18-17-28-31-1397868.jpg","contentUrl":"https:\/\/portaltela.pt\/s.01k8rhncp4jt1\/2026\/03\/img_1500x1000uu2023-07-18-17-28-31-1397868.jpg","width":796,"height":448,"caption":"A atividade decorre nos jardins e no interior do pal\u00e1cio."},{"@type":"BreadcrumbList","@id":"https:\/\/portaltela.pt\/noticias\/2026\/03\/25\/palacio-de-queluz-decora-ovos-para-recordar-luis-xiv\/#breadcrumb","itemListElement":[{"@type":"ListItem","position":1,"name":"In\u00edcio","item":"https:\/\/portaltela.pt\/"},{"@type":"ListItem","position":2,"name":"Pal\u00e1cio de Queluz decora ovos para recordar Lu\u00eds XIV"}]},{"@type":"WebSite","@id":"https:\/\/portaltela.pt\/#website","url":"https:\/\/portaltela.pt\/","name":"Portal Tela Portugal","description":"","potentialAction":[{"@type":"SearchAction","target":{"@type":"EntryPoint","urlTemplate":"https:\/\/portaltela.pt\/?s={search_term_string}"},"query-input":{"@type":"PropertyValueSpecification","valueRequired":true,"valueName":"search_term_string"}}],"inLanguage":"pt-PT"},{"@type":"Person","@id":"https:\/\/portaltela.pt\/#\/schema\/person\/c4278d4a6028830caff9ee44b42d32ed","name":"Telinha","image":{"@type":"ImageObject","inLanguage":"pt-PT","@id":"https:\/\/portaltela.pt\/s.01k8rhncp4jt1\/2025\/11\/talking-bot-125x125.png","url":"https:\/\/portaltela.pt\/s.01k8rhncp4jt1\/2025\/11\/talking-bot-125x125.png","contentUrl":"https:\/\/portaltela.pt\/s.01k8rhncp4jt1\/2025\/11\/talking-bot-125x125.png","caption":"Telinha"},"sameAs":["https:\/\/portaltela.pt\/"],"url":"https:\/\/portaltela.pt\/por\/367410592786\/"}]}},"_links":{"self":[{"href":"https:\/\/portaltela.pt\/api\/wp\/v2\/posts\/420825","targetHints":{"allow":["GET"]}}],"collection":[{"href":"https:\/\/portaltela.pt\/api\/wp\/v2\/posts"}],"about":[{"href":"https:\/\/portaltela.pt\/api\/wp\/v2\/types\/post"}],"author":[{"embeddable":true,"href":"https:\/\/portaltela.pt\/api\/wp\/v2\/users\/2"}],"replies":[{"embeddable":true,"href":"https:\/\/portaltela.pt\/api\/wp\/v2\/comments?post=420825"}],"version-history":[{"count":0,"href":"https:\/\/portaltela.pt\/api\/wp\/v2\/posts\/420825\/revisions"}],"wp:featuredmedia":[{"embeddable":true,"href":"https:\/\/portaltela.pt\/api\/wp\/v2\/media\/420832"}],"wp:attachment":[{"href":"https:\/\/portaltela.pt\/api\/wp\/v2\/media?parent=420825"}],"wp:term":[{"taxonomy":"category","embeddable":true,"href":"https:\/\/portaltela.pt\/api\/wp\/v2\/categories?post=420825"},{"taxonomy":"post_tag","embeddable":true,"href":"https:\/\/portaltela.pt\/api\/wp\/v2\/tags?post=420825"}],"curies":[{"name":"wp","href":"https:\/\/api.w.org\/{rel}","templated":true}]}}