{"id":420811,"date":"2026-03-25T09:40:00","date_gmt":"2026-03-25T12:40:00","guid":{"rendered":"https:\/\/portaltela.pt\/noticias\/2026\/03\/25\/governo-disponivel-para-adiantar-verbas-municipais-para-obras-das-camaras\/"},"modified":"2026-03-25T09:40:00","modified_gmt":"2026-03-25T12:40:00","slug":"governo-disponivel-para-adiantar-verbas-municipais-para-obras-das-camaras","status":"publish","type":"post","link":"https:\/\/portaltela.pt\/noticias\/economia\/2026\/03\/25\/governo-disponivel-para-adiantar-verbas-municipais-para-obras-das-camaras\/","title":{"rendered":"Governo dispon\u00edvel para adiantar verbas municipais para obras das c\u00e2maras"},"content":{"rendered":"<p>O Governo est\u00e1 dispon\u00edvel para adiantar verbas municipais com vista a apoiar obras e repara\u00e7\u00f5es das C\u00e2maras. A medida foi descrita na audi\u00e7\u00e3o na Comiss\u00e3o da Reforma do Estado e do Poder Local, pelo secret\u00e1rio de Estado Manuel Castro Almeida.<\/p>\n<p>Segundo o respons\u00e1vel, os munic\u00edpios afetados pelas tempestades que atingiram o continente no final de janeiro e em fevereiro enfrentam problemas de liquidez para despesas urgentes. O objetivo \u00e9 disponibilizar um duod\u00e9cimo de antecipa\u00e7\u00e3o em abril para quem requerer, ainda em abril ou em maio.<\/p>\n<p>O adiantamento incide sobre o que as autarquias recebem do Fundo de Equil\u00edbrio Financeiro e do Fundo Social Municipal. A ideia \u00e9 permitir pequenas repara\u00e7\u00f5es locais, que por vezes exigem investimentos maiores e projetos detalhados.<\/p>\n<p>Al\u00e9m disso, Castro Almeida destacou que o dinheiro \u00e9 municipal e que, neste momento, n\u00e3o existem faturas pendentes para pagamento por parte dos munic\u00edpios. O foco reside na prepara\u00e7\u00e3o de obras para reconstruir estradas, redes de \u00e1gua e saneamento, bem como edif\u00edcios p\u00fablicos danificados.<\/p>\n<p>O ministro da Economia, que tutela as autarquias, acrescentou que, \u00e0 exce\u00e7\u00e3o das vias rodovi\u00e1rias, os munic\u00edpios j\u00e1 contam com seguros para equipamentos e edif\u00edcios. Estes seguros devem atuar como principais financiadores dos danos causados pela calamidade.<\/p>\n<h3>Medidas adicionais e prazos<\/h3>\n<p>Em breve dever\u00e1 ser feito novo adiantamento, ou um adiantamento direto, com base nas dota\u00e7\u00f5es dispon\u00edveis \u00e0s CCDR. Posteriormente ser\u00e3o apuradas as verbas definitivas a pagar \u00e0s c\u00e2maras, ap\u00f3s apurar o que as autarquias recebem de seguradoras.<\/p>\n<p>Pelo menos 19 pessoas morreram em Portugal desde 28 de janeiro devido \u00e0s depress\u00f5es Kristin, Leonardo e Marta. As tempestades deixaram centenas de feridos, desalojados e deslocados, com os estragos a afetar milhares de fam\u00edlias e empresas.<\/p>\n<p>O territ\u00f3rio continental sofreu quedas de \u00e1rvores, cortes de energia, interrup\u00e7\u00e3o de \u00e1gua e comunica\u00e7\u00f5es, inunda\u00e7\u00f5es e cheias. As regi\u00f5es Centro, Lisboa e Vale do Tejo e Alentejo foram as mais atingidas, registando os maiores preju\u00edzos.<\/p>\n","protected":false},"excerpt":{"rendered":"<ul>\n<li>Governo est\u00e1 dispon\u00edvel para adiantar verbas municipais para obras das C\u00e2maras, em resposta aos danos das tempestades que atingiram o continente no final de janeiro e fevereiro.<\/li>\n<li>Munic\u00edpios que o requererem, em abril, receber\u00e3o ainda em abril ou em maio um duod\u00e9cimo de antecipa\u00e7\u00e3o do Fundo de Equil\u00edbrio Financeiro e do Fundo Social Municipal para despesas urgentes.<\/li>\n<li>O objetivo \u00e9 permitir pequenas repara\u00e7\u00f5es e lan\u00e7ar empreitadas com financiamento, j\u00e1 que muitos projetos s\u00e3o necess\u00e1rios para reparar estradas, redes de \u00e1gua e edif\u00edcios p\u00fablicos.<\/li>\n<li>O adiantamento \u00e9 dinheiro municipal; futuras faturas a pagar ainda n\u00e3o existem, e haver\u00e1 novo adiantamento com base nas dota\u00e7\u00f5es das CCDR, condicionado ao que as seguradoras pagarem.<\/li>\n<li>At\u00e9 ao momento, morreram pelo menos 19 pessoas em Portugal desde 28 de janeiro, com preju\u00edzos de milhares de milh\u00f5es de euros; as regi\u00f5es Centro, Lisboa e Vale do Tejo e Alentejo foram as mais afetadas.<\/li>\n<\/ul>\n","protected":false},"author":2,"featured_media":420813,"comment_status":"closed","ping_status":"closed","sticky":false,"template":"","format":"standard","meta":{"footnotes":""},"categories":[2,6850],"tags":[6115,2706,5050,258,2093,5031],"class_list":["post-420811","post","type-post","status-publish","format-standard","has-post-thumbnail","hentry","category-economia","category-financas","tag-_economia","tag-autarquias","tag-calamidades-publicas","tag-infraestruturas","tag-municipios","tag-reconstrucao-urbana"],"yoast_head":"<!-- This site is optimized with the Yoast SEO plugin v27.2 - https:\/\/yoast.com\/product\/yoast-seo-wordpress\/ -->\n<title>Governo dispon\u00edvel para adiantar verbas municipais para obras das c\u00e2maras - Portal Tela Portugal<\/title>\n<meta name=\"robots\" content=\"index, follow, max-snippet:-1, max-image-preview:large, max-video-preview:-1\" \/>\n<meta property=\"og:locale\" content=\"pt_PT\" \/>\n<meta property=\"og:type\" content=\"article\" \/>\n<meta property=\"og:title\" content=\"Governo dispon\u00edvel para adiantar verbas municipais para obras das c\u00e2maras - Portal Tela Portugal\" \/>\n<meta property=\"og:description\" content=\"Governo est\u00e1 dispon\u00edvel para adiantar verbas municipais para obras das C\u00e2maras, em resposta aos danos das tempestades que atingiram o continente no final de janeiro e fevereiro. Munic\u00edpios que o requererem, em abril, receber\u00e3o ainda em abril ou em maio um duod\u00e9cimo de antecipa\u00e7\u00e3o do Fundo de Equil\u00edbrio Financeiro e do Fundo Social Municipal para despesas urgentes. O objetivo \u00e9 permitir pequenas repara\u00e7\u00f5es e lan\u00e7ar empreitadas com financiamento, j\u00e1 que muitos projetos s\u00e3o necess\u00e1rios para reparar estradas, redes de \u00e1gua e edif\u00edcios p\u00fablicos. O adiantamento \u00e9 dinheiro municipal; futuras faturas a pagar ainda n\u00e3o existem, e haver\u00e1 novo adiantamento com base nas dota\u00e7\u00f5es das CCDR, condicionado ao que as seguradoras pagarem. At\u00e9 ao momento, morreram pelo menos 19 pessoas em Portugal desde 28 de janeiro, com preju\u00edzos de milhares de milh\u00f5es de euros; as regi\u00f5es Centro, Lisboa e Vale do Tejo e Alentejo foram as mais afetadas.\" \/>\n<meta property=\"og:url\" content=\"https:\/\/portaltela.pt\/noticias\/2026\/03\/25\/governo-disponivel-para-adiantar-verbas-municipais-para-obras-das-camaras\/\" \/>\n<meta property=\"og:site_name\" content=\"Portal Tela Portugal\" \/>\n<meta property=\"article:published_time\" content=\"2026-03-25T12:40:00+00:00\" \/>\n<meta name=\"author\" content=\"Telinha\" \/>\n<meta name=\"twitter:card\" content=\"summary_large_image\" \/>\n<meta name=\"twitter:label1\" content=\"Escrito por\" \/>\n\t<meta name=\"twitter:data1\" content=\"Telinha\" \/>\n\t<meta name=\"twitter:label2\" content=\"Tempo estimado de leitura\" \/>\n\t<meta name=\"twitter:data2\" content=\"2 minutos\" \/>\n<script type=\"application\/ld+json\" class=\"yoast-schema-graph\">{\"@context\":\"https:\/\/schema.org\",\"@graph\":[{\"@type\":\"Article\",\"@id\":\"https:\/\/portaltela.pt\/noticias\/2026\/03\/25\/governo-disponivel-para-adiantar-verbas-municipais-para-obras-das-camaras\/#article\",\"isPartOf\":{\"@id\":\"https:\/\/portaltela.pt\/noticias\/2026\/03\/25\/governo-disponivel-para-adiantar-verbas-municipais-para-obras-das-camaras\/\"},\"author\":{\"name\":\"Telinha\",\"@id\":\"https:\/\/portaltela.pt\/#\/schema\/person\/c4278d4a6028830caff9ee44b42d32ed\"},\"headline\":\"Governo dispon\u00edvel para adiantar verbas municipais para obras das c\u00e2maras\",\"datePublished\":\"2026-03-25T12:40:00+00:00\",\"mainEntityOfPage\":{\"@id\":\"https:\/\/portaltela.pt\/noticias\/2026\/03\/25\/governo-disponivel-para-adiantar-verbas-municipais-para-obras-das-camaras\/\"},\"wordCount\":356,\"image\":{\"@id\":\"https:\/\/portaltela.pt\/noticias\/2026\/03\/25\/governo-disponivel-para-adiantar-verbas-municipais-para-obras-das-camaras\/#primaryimage\"},\"thumbnailUrl\":\"https:\/\/portaltela.pt\/s.01k8rhncp4jt1\/2026\/03\/image-108.webp\",\"keywords\":[\"_economia\",\"autarquias\",\"calamidades p\u00fablicas\",\"infraestruturas\",\"munic\u00edpios\",\"reconstru\u00e7\u00e3o urbana\"],\"articleSection\":[\"Economia\",\"Finan\u00e7as\"],\"inLanguage\":\"pt-PT\"},{\"@type\":\"WebPage\",\"@id\":\"https:\/\/portaltela.pt\/noticias\/2026\/03\/25\/governo-disponivel-para-adiantar-verbas-municipais-para-obras-das-camaras\/\",\"url\":\"https:\/\/portaltela.pt\/noticias\/2026\/03\/25\/governo-disponivel-para-adiantar-verbas-municipais-para-obras-das-camaras\/\",\"name\":\"Governo dispon\u00edvel para adiantar verbas municipais para obras das c\u00e2maras - Portal Tela Portugal\",\"isPartOf\":{\"@id\":\"https:\/\/portaltela.pt\/#website\"},\"primaryImageOfPage\":{\"@id\":\"https:\/\/portaltela.pt\/noticias\/2026\/03\/25\/governo-disponivel-para-adiantar-verbas-municipais-para-obras-das-camaras\/#primaryimage\"},\"image\":{\"@id\":\"https:\/\/portaltela.pt\/noticias\/2026\/03\/25\/governo-disponivel-para-adiantar-verbas-municipais-para-obras-das-camaras\/#primaryimage\"},\"thumbnailUrl\":\"https:\/\/portaltela.pt\/s.01k8rhncp4jt1\/2026\/03\/image-108.webp\",\"datePublished\":\"2026-03-25T12:40:00+00:00\",\"author\":{\"@id\":\"https:\/\/portaltela.pt\/#\/schema\/person\/c4278d4a6028830caff9ee44b42d32ed\"},\"breadcrumb\":{\"@id\":\"https:\/\/portaltela.pt\/noticias\/2026\/03\/25\/governo-disponivel-para-adiantar-verbas-municipais-para-obras-das-camaras\/#breadcrumb\"},\"inLanguage\":\"pt-PT\",\"potentialAction\":[{\"@type\":\"ReadAction\",\"target\":[\"https:\/\/portaltela.pt\/noticias\/2026\/03\/25\/governo-disponivel-para-adiantar-verbas-municipais-para-obras-das-camaras\/\"]}]},{\"@type\":\"ImageObject\",\"inLanguage\":\"pt-PT\",\"@id\":\"https:\/\/portaltela.pt\/noticias\/2026\/03\/25\/governo-disponivel-para-adiantar-verbas-municipais-para-obras-das-camaras\/#primaryimage\",\"url\":\"https:\/\/portaltela.pt\/s.01k8rhncp4jt1\/2026\/03\/image-108.webp\",\"contentUrl\":\"https:\/\/portaltela.pt\/s.01k8rhncp4jt1\/2026\/03\/image-108.webp\",\"width\":1200,\"height\":800,\"caption\":\"Manuel Castro Almeida, ministro da Economia e da Coes\u00e3o Territorial\"},{\"@type\":\"BreadcrumbList\",\"@id\":\"https:\/\/portaltela.pt\/noticias\/2026\/03\/25\/governo-disponivel-para-adiantar-verbas-municipais-para-obras-das-camaras\/#breadcrumb\",\"itemListElement\":[{\"@type\":\"ListItem\",\"position\":1,\"name\":\"In\u00edcio\",\"item\":\"https:\/\/portaltela.pt\/\"},{\"@type\":\"ListItem\",\"position\":2,\"name\":\"Governo dispon\u00edvel para adiantar verbas municipais para obras das c\u00e2maras\"}]},{\"@type\":\"WebSite\",\"@id\":\"https:\/\/portaltela.pt\/#website\",\"url\":\"https:\/\/portaltela.pt\/\",\"name\":\"Portal Tela Portugal\",\"description\":\"\",\"potentialAction\":[{\"@type\":\"SearchAction\",\"target\":{\"@type\":\"EntryPoint\",\"urlTemplate\":\"https:\/\/portaltela.pt\/?s={search_term_string}\"},\"query-input\":{\"@type\":\"PropertyValueSpecification\",\"valueRequired\":true,\"valueName\":\"search_term_string\"}}],\"inLanguage\":\"pt-PT\"},{\"@type\":\"Person\",\"@id\":\"https:\/\/portaltela.pt\/#\/schema\/person\/c4278d4a6028830caff9ee44b42d32ed\",\"name\":\"Telinha\",\"image\":{\"@type\":\"ImageObject\",\"inLanguage\":\"pt-PT\",\"@id\":\"https:\/\/portaltela.pt\/s.01k8rhncp4jt1\/2025\/11\/talking-bot-125x125.png\",\"url\":\"https:\/\/portaltela.pt\/s.01k8rhncp4jt1\/2025\/11\/talking-bot-125x125.png\",\"contentUrl\":\"https:\/\/portaltela.pt\/s.01k8rhncp4jt1\/2025\/11\/talking-bot-125x125.png\",\"caption\":\"Telinha\"},\"sameAs\":[\"https:\/\/portaltela.pt\/\"],\"url\":\"https:\/\/portaltela.pt\/por\/367410592786\/\"}]}<\/script>\n<!-- \/ Yoast SEO plugin. -->","yoast_head_json":{"title":"Governo dispon\u00edvel para adiantar verbas municipais para obras das c\u00e2maras - Portal Tela Portugal","robots":{"index":"index","follow":"follow","max-snippet":"max-snippet:-1","max-image-preview":"max-image-preview:large","max-video-preview":"max-video-preview:-1"},"og_locale":"pt_PT","og_type":"article","og_title":"Governo dispon\u00edvel para adiantar verbas municipais para obras das c\u00e2maras - Portal Tela Portugal","og_description":"Governo est\u00e1 dispon\u00edvel para adiantar verbas municipais para obras das C\u00e2maras, em resposta aos danos das tempestades que atingiram o continente no final de janeiro e fevereiro. Munic\u00edpios que o requererem, em abril, receber\u00e3o ainda em abril ou em maio um duod\u00e9cimo de antecipa\u00e7\u00e3o do Fundo de Equil\u00edbrio Financeiro e do Fundo Social Municipal para despesas urgentes. O objetivo \u00e9 permitir pequenas repara\u00e7\u00f5es e lan\u00e7ar empreitadas com financiamento, j\u00e1 que muitos projetos s\u00e3o necess\u00e1rios para reparar estradas, redes de \u00e1gua e edif\u00edcios p\u00fablicos. O adiantamento \u00e9 dinheiro municipal; futuras faturas a pagar ainda n\u00e3o existem, e haver\u00e1 novo adiantamento com base nas dota\u00e7\u00f5es das CCDR, condicionado ao que as seguradoras pagarem. At\u00e9 ao momento, morreram pelo menos 19 pessoas em Portugal desde 28 de janeiro, com preju\u00edzos de milhares de milh\u00f5es de euros; as regi\u00f5es Centro, Lisboa e Vale do Tejo e Alentejo foram as mais afetadas.","og_url":"https:\/\/portaltela.pt\/noticias\/2026\/03\/25\/governo-disponivel-para-adiantar-verbas-municipais-para-obras-das-camaras\/","og_site_name":"Portal Tela Portugal","article_published_time":"2026-03-25T12:40:00+00:00","author":"Telinha","twitter_card":"summary_large_image","twitter_misc":{"Escrito por":"Telinha","Tempo estimado de leitura":"2 minutos"},"schema":{"@context":"https:\/\/schema.org","@graph":[{"@type":"Article","@id":"https:\/\/portaltela.pt\/noticias\/2026\/03\/25\/governo-disponivel-para-adiantar-verbas-municipais-para-obras-das-camaras\/#article","isPartOf":{"@id":"https:\/\/portaltela.pt\/noticias\/2026\/03\/25\/governo-disponivel-para-adiantar-verbas-municipais-para-obras-das-camaras\/"},"author":{"name":"Telinha","@id":"https:\/\/portaltela.pt\/#\/schema\/person\/c4278d4a6028830caff9ee44b42d32ed"},"headline":"Governo dispon\u00edvel para adiantar verbas municipais para obras das c\u00e2maras","datePublished":"2026-03-25T12:40:00+00:00","mainEntityOfPage":{"@id":"https:\/\/portaltela.pt\/noticias\/2026\/03\/25\/governo-disponivel-para-adiantar-verbas-municipais-para-obras-das-camaras\/"},"wordCount":356,"image":{"@id":"https:\/\/portaltela.pt\/noticias\/2026\/03\/25\/governo-disponivel-para-adiantar-verbas-municipais-para-obras-das-camaras\/#primaryimage"},"thumbnailUrl":"https:\/\/portaltela.pt\/s.01k8rhncp4jt1\/2026\/03\/image-108.webp","keywords":["_economia","autarquias","calamidades p\u00fablicas","infraestruturas","munic\u00edpios","reconstru\u00e7\u00e3o urbana"],"articleSection":["Economia","Finan\u00e7as"],"inLanguage":"pt-PT"},{"@type":"WebPage","@id":"https:\/\/portaltela.pt\/noticias\/2026\/03\/25\/governo-disponivel-para-adiantar-verbas-municipais-para-obras-das-camaras\/","url":"https:\/\/portaltela.pt\/noticias\/2026\/03\/25\/governo-disponivel-para-adiantar-verbas-municipais-para-obras-das-camaras\/","name":"Governo dispon\u00edvel para adiantar verbas municipais para obras das c\u00e2maras - Portal Tela Portugal","isPartOf":{"@id":"https:\/\/portaltela.pt\/#website"},"primaryImageOfPage":{"@id":"https:\/\/portaltela.pt\/noticias\/2026\/03\/25\/governo-disponivel-para-adiantar-verbas-municipais-para-obras-das-camaras\/#primaryimage"},"image":{"@id":"https:\/\/portaltela.pt\/noticias\/2026\/03\/25\/governo-disponivel-para-adiantar-verbas-municipais-para-obras-das-camaras\/#primaryimage"},"thumbnailUrl":"https:\/\/portaltela.pt\/s.01k8rhncp4jt1\/2026\/03\/image-108.webp","datePublished":"2026-03-25T12:40:00+00:00","author":{"@id":"https:\/\/portaltela.pt\/#\/schema\/person\/c4278d4a6028830caff9ee44b42d32ed"},"breadcrumb":{"@id":"https:\/\/portaltela.pt\/noticias\/2026\/03\/25\/governo-disponivel-para-adiantar-verbas-municipais-para-obras-das-camaras\/#breadcrumb"},"inLanguage":"pt-PT","potentialAction":[{"@type":"ReadAction","target":["https:\/\/portaltela.pt\/noticias\/2026\/03\/25\/governo-disponivel-para-adiantar-verbas-municipais-para-obras-das-camaras\/"]}]},{"@type":"ImageObject","inLanguage":"pt-PT","@id":"https:\/\/portaltela.pt\/noticias\/2026\/03\/25\/governo-disponivel-para-adiantar-verbas-municipais-para-obras-das-camaras\/#primaryimage","url":"https:\/\/portaltela.pt\/s.01k8rhncp4jt1\/2026\/03\/image-108.webp","contentUrl":"https:\/\/portaltela.pt\/s.01k8rhncp4jt1\/2026\/03\/image-108.webp","width":1200,"height":800,"caption":"Manuel Castro Almeida, ministro da Economia e da Coes\u00e3o Territorial"},{"@type":"BreadcrumbList","@id":"https:\/\/portaltela.pt\/noticias\/2026\/03\/25\/governo-disponivel-para-adiantar-verbas-municipais-para-obras-das-camaras\/#breadcrumb","itemListElement":[{"@type":"ListItem","position":1,"name":"In\u00edcio","item":"https:\/\/portaltela.pt\/"},{"@type":"ListItem","position":2,"name":"Governo dispon\u00edvel para adiantar verbas municipais para obras das c\u00e2maras"}]},{"@type":"WebSite","@id":"https:\/\/portaltela.pt\/#website","url":"https:\/\/portaltela.pt\/","name":"Portal Tela Portugal","description":"","potentialAction":[{"@type":"SearchAction","target":{"@type":"EntryPoint","urlTemplate":"https:\/\/portaltela.pt\/?s={search_term_string}"},"query-input":{"@type":"PropertyValueSpecification","valueRequired":true,"valueName":"search_term_string"}}],"inLanguage":"pt-PT"},{"@type":"Person","@id":"https:\/\/portaltela.pt\/#\/schema\/person\/c4278d4a6028830caff9ee44b42d32ed","name":"Telinha","image":{"@type":"ImageObject","inLanguage":"pt-PT","@id":"https:\/\/portaltela.pt\/s.01k8rhncp4jt1\/2025\/11\/talking-bot-125x125.png","url":"https:\/\/portaltela.pt\/s.01k8rhncp4jt1\/2025\/11\/talking-bot-125x125.png","contentUrl":"https:\/\/portaltela.pt\/s.01k8rhncp4jt1\/2025\/11\/talking-bot-125x125.png","caption":"Telinha"},"sameAs":["https:\/\/portaltela.pt\/"],"url":"https:\/\/portaltela.pt\/por\/367410592786\/"}]}},"_links":{"self":[{"href":"https:\/\/portaltela.pt\/api\/wp\/v2\/posts\/420811","targetHints":{"allow":["GET"]}}],"collection":[{"href":"https:\/\/portaltela.pt\/api\/wp\/v2\/posts"}],"about":[{"href":"https:\/\/portaltela.pt\/api\/wp\/v2\/types\/post"}],"author":[{"embeddable":true,"href":"https:\/\/portaltela.pt\/api\/wp\/v2\/users\/2"}],"replies":[{"embeddable":true,"href":"https:\/\/portaltela.pt\/api\/wp\/v2\/comments?post=420811"}],"version-history":[{"count":0,"href":"https:\/\/portaltela.pt\/api\/wp\/v2\/posts\/420811\/revisions"}],"wp:featuredmedia":[{"embeddable":true,"href":"https:\/\/portaltela.pt\/api\/wp\/v2\/media\/420813"}],"wp:attachment":[{"href":"https:\/\/portaltela.pt\/api\/wp\/v2\/media?parent=420811"}],"wp:term":[{"taxonomy":"category","embeddable":true,"href":"https:\/\/portaltela.pt\/api\/wp\/v2\/categories?post=420811"},{"taxonomy":"post_tag","embeddable":true,"href":"https:\/\/portaltela.pt\/api\/wp\/v2\/tags?post=420811"}],"curies":[{"name":"wp","href":"https:\/\/api.w.org\/{rel}","templated":true}]}}