{"id":420795,"date":"2026-03-25T09:21:00","date_gmt":"2026-03-25T12:21:00","guid":{"rendered":"https:\/\/portaltela.pt\/noticias\/2026\/03\/25\/alemanha-lanca-plano-para-reduzir-combustiveis-fosseis-e-atingir-net-zero-em-2045\/"},"modified":"2026-03-25T09:21:00","modified_gmt":"2026-03-25T12:21:00","slug":"alemanha-lanca-plano-para-reduzir-combustiveis-fosseis-e-atingir-net-zero-em-2045","status":"publish","type":"post","link":"https:\/\/portaltela.pt\/energia\/2026\/03\/25\/alemanha-lanca-plano-para-reduzir-combustiveis-fosseis-e-atingir-net-zero-em-2045\/","title":{"rendered":"Alemanha lan\u00e7a plano para reduzir combust\u00edveis f\u00f3sseis e atingir net zero em 2045"},"content":{"rendered":"<p>A Alemanha apresentou, nesta quarta-feira, um plano detalhado para reduzir o uso de combust\u00edveis f\u00f3sseis e alcan\u00e7ar o objetivo de net zero em 2045. O pacote, de 67 pontos, prev\u00ea investir oito mil milh\u00f5es de euros para executar as medidas, em resposta \u00e0 necessidade de diminuir a depend\u00eancia de importa\u00e7\u00f5es vol\u00e1teis de energia. O an\u00fancio ocorreu em territ\u00f3rio alem\u00e3o, num contexto de preocupa\u00e7\u00e3o com o aumento dos pre\u00e7os da energia e potenciais interrup\u00e7\u00f5es no petr\u00f3leo e g\u00e1s.<\/p>\n<p>O Governo federal, atrav\u00e9s do Minist\u00e9rio do Ambiente, detalha metas ambiciosas para cumprir os compromissos clim\u00e1ticos de 2030. A redu\u00e7\u00e3o de emiss\u00f5es dever\u00e1 alcan\u00e7ar 65% em rela\u00e7\u00e3o a 1990 at\u00e9 2030, com a neutralidade clim\u00e1tica prevista para 2045. At\u00e9 agora, a redu\u00e7\u00e3o situa-se em cerca de 48%, segundo o documento.<\/p>\n<h3>Medidas e objetivos<\/h3>\n<p>As a\u00e7\u00f5es incluem ampliar a capacidade de turbinas e\u00f3licas, incentivar a venda de ve\u00edculos el\u00e9tricos, apoiar a transi\u00e7\u00e3o industrial para tecnologias de baixo carbono e implementar programas de preserva\u00e7\u00e3o de florestas e solos. Segundo o Minist\u00e9rio, as medidas dever\u00e3o traduzir-se em poupan\u00e7a de mais de 25 milh\u00f5es de toneladas de CO2 at\u00e9 2030 e em redu\u00e7\u00f5es de quase sete mil milh\u00f5es de metros c\u00fabicos de g\u00e1s natural, bem como quatro mil milh\u00f5es de litros de gasolina.<\/p>\n<p>A iniciativa surge num momento de receios quanto a subida de pre\u00e7os de energia e \u00e0 prov\u00e1vel continuidade do fluxo de energia. O plano aponta para uma redu\u00e7\u00e3o substancial da depend\u00eancia de combust\u00edveis f\u00f3sseis e para uma maior resili\u00eancia econ\u00f3mica diante de crises energ\u00e9ticas. O ministro Carsten Schneider ressaltou que a moderniza\u00e7\u00e3o da economia visa tornar a sociedade mais est\u00e1vel e a natureza mais capaz de contribuir para o equil\u00edbrio ambiental.<\/p>\n","protected":false},"excerpt":{"rendered":"<ul>\n<li>A Alemanha apresentou um plano de oito mil milh\u00f5es de euros para cumprir metas clim\u00e1ticas at\u00e9 2030 e reduzir a depend\u00eancia de combust\u00edveis f\u00f3sseis, num programa de 67 pontos.<\/li>\n<li>O objetivo \u00e9 reduzir as emiss\u00f5es de gases com efeito de estufa em pelo menos 65% face a 1990 at\u00e9 2030, com neutralidade clim\u00e1tica prevista para 2045, estando j\u00e1 em cerca de 48%.<\/li>\n<li>O pacote prev\u00ea expans\u00e3o da energia e\u00f3lica, incentivo \u00e0 venda de ve\u00edculos el\u00e9tricos, apoio \u00e0 transi\u00e7\u00e3o para tecnologias de baixo carbono na ind\u00fastria e conserva\u00e7\u00e3o de florestas e solos.<\/li>\n<li>O Minist\u00e9rio do Ambiente afirma que as medidas podem levar a poupan\u00e7a superior a 25 milh\u00f5es de toneladas de CO2 at\u00e9 ao final da d\u00e9cada, bem como redu\u00e7\u00f5es de quase sete mil milh\u00f5es de metros c\u00fabicos de g\u00e1s natural e quatro mil milh\u00f5es de litros de gasolina at\u00e9 2030.<\/li>\n<li>O ministro Carsten Schneider disse que o objetivo passa por modernizar a economia, tornar a sociedade mais resiliente e ajudar a natureza.<\/li>\n<\/ul>\n","protected":false},"author":2,"featured_media":420799,"comment_status":"closed","ping_status":"closed","sticky":false,"template":"","format":"standard","meta":{"footnotes":""},"categories":[7380,6806],"tags":[1603,5072,28,174,3603,1843],"class_list":["post-420795","post","type-post","status-publish","format-standard","has-post-thumbnail","hentry","category-clima","category-energia","tag-alemanha","tag-descarbonizacao","tag-economia","tag-energia","tag-energias-renovaveis","tag-neutralidade-carbonica"],"yoast_head":"<!-- This site is optimized with the Yoast SEO plugin v27.2 - https:\/\/yoast.com\/product\/yoast-seo-wordpress\/ -->\n<title>Alemanha lan\u00e7a plano para reduzir combust\u00edveis f\u00f3sseis e atingir net zero em 2045 - Portal Tela Portugal<\/title>\n<meta name=\"robots\" content=\"index, follow, max-snippet:-1, max-image-preview:large, max-video-preview:-1\" \/>\n<meta property=\"og:locale\" content=\"pt_PT\" \/>\n<meta property=\"og:type\" content=\"article\" \/>\n<meta property=\"og:title\" content=\"Alemanha lan\u00e7a plano para reduzir combust\u00edveis f\u00f3sseis e atingir net zero em 2045 - Portal Tela Portugal\" \/>\n<meta property=\"og:description\" content=\"A Alemanha apresentou um plano de oito mil milh\u00f5es de euros para cumprir metas clim\u00e1ticas at\u00e9 2030 e reduzir a depend\u00eancia de combust\u00edveis f\u00f3sseis, num programa de 67 pontos. O objetivo \u00e9 reduzir as emiss\u00f5es de gases com efeito de estufa em pelo menos 65% face a 1990 at\u00e9 2030, com neutralidade clim\u00e1tica prevista para 2045, estando j\u00e1 em cerca de 48%. O pacote prev\u00ea expans\u00e3o da energia e\u00f3lica, incentivo \u00e0 venda de ve\u00edculos el\u00e9tricos, apoio \u00e0 transi\u00e7\u00e3o para tecnologias de baixo carbono na ind\u00fastria e conserva\u00e7\u00e3o de florestas e solos. O Minist\u00e9rio do Ambiente afirma que as medidas podem levar a poupan\u00e7a superior a 25 milh\u00f5es de toneladas de CO2 at\u00e9 ao final da d\u00e9cada, bem como redu\u00e7\u00f5es de quase sete mil milh\u00f5es de metros c\u00fabicos de g\u00e1s natural e quatro mil milh\u00f5es de litros de gasolina at\u00e9 2030. O ministro Carsten Schneider disse que o objetivo passa por modernizar a economia, tornar a sociedade mais resiliente e ajudar a natureza.\" \/>\n<meta property=\"og:url\" content=\"https:\/\/portaltela.pt\/noticias\/2026\/03\/25\/alemanha-lanca-plano-para-reduzir-combustiveis-fosseis-e-atingir-net-zero-em-2045\/\" \/>\n<meta property=\"og:site_name\" content=\"Portal Tela Portugal\" \/>\n<meta property=\"article:published_time\" content=\"2026-03-25T12:21:00+00:00\" \/>\n<meta name=\"author\" content=\"Telinha\" \/>\n<meta name=\"twitter:card\" content=\"summary_large_image\" \/>\n<meta name=\"twitter:label1\" content=\"Escrito por\" \/>\n\t<meta name=\"twitter:data1\" content=\"Telinha\" \/>\n\t<meta name=\"twitter:label2\" content=\"Tempo estimado de leitura\" \/>\n\t<meta name=\"twitter:data2\" content=\"2 minutos\" \/>\n<script type=\"application\/ld+json\" class=\"yoast-schema-graph\">{\"@context\":\"https:\/\/schema.org\",\"@graph\":[{\"@type\":\"Article\",\"@id\":\"https:\/\/portaltela.pt\/noticias\/2026\/03\/25\/alemanha-lanca-plano-para-reduzir-combustiveis-fosseis-e-atingir-net-zero-em-2045\/#article\",\"isPartOf\":{\"@id\":\"https:\/\/portaltela.pt\/noticias\/2026\/03\/25\/alemanha-lanca-plano-para-reduzir-combustiveis-fosseis-e-atingir-net-zero-em-2045\/\"},\"author\":{\"name\":\"Telinha\",\"@id\":\"https:\/\/portaltela.pt\/#\/schema\/person\/c4278d4a6028830caff9ee44b42d32ed\"},\"headline\":\"Alemanha lan\u00e7a plano para reduzir combust\u00edveis f\u00f3sseis e atingir net zero em 2045\",\"datePublished\":\"2026-03-25T12:21:00+00:00\",\"mainEntityOfPage\":{\"@id\":\"https:\/\/portaltela.pt\/noticias\/2026\/03\/25\/alemanha-lanca-plano-para-reduzir-combustiveis-fosseis-e-atingir-net-zero-em-2045\/\"},\"wordCount\":331,\"image\":{\"@id\":\"https:\/\/portaltela.pt\/noticias\/2026\/03\/25\/alemanha-lanca-plano-para-reduzir-combustiveis-fosseis-e-atingir-net-zero-em-2045\/#primaryimage\"},\"thumbnailUrl\":\"https:\/\/portaltela.pt\/s.01k8rhncp4jt1\/2026\/03\/tpUHdbIMAGENStypeJPGshare1oBarraFacebook_Azul-3.jpg\",\"keywords\":[\"Alemanha\",\"descarboniza\u00e7\u00e3o\",\"economia\",\"energia\",\"energias renov\u00e1veis\",\"neutralidade carb\u00f3nica\"],\"articleSection\":[\"Clima\",\"Energia\"],\"inLanguage\":\"pt-PT\"},{\"@type\":\"WebPage\",\"@id\":\"https:\/\/portaltela.pt\/noticias\/2026\/03\/25\/alemanha-lanca-plano-para-reduzir-combustiveis-fosseis-e-atingir-net-zero-em-2045\/\",\"url\":\"https:\/\/portaltela.pt\/noticias\/2026\/03\/25\/alemanha-lanca-plano-para-reduzir-combustiveis-fosseis-e-atingir-net-zero-em-2045\/\",\"name\":\"Alemanha lan\u00e7a plano para reduzir combust\u00edveis f\u00f3sseis e atingir net zero em 2045 - Portal Tela Portugal\",\"isPartOf\":{\"@id\":\"https:\/\/portaltela.pt\/#website\"},\"primaryImageOfPage\":{\"@id\":\"https:\/\/portaltela.pt\/noticias\/2026\/03\/25\/alemanha-lanca-plano-para-reduzir-combustiveis-fosseis-e-atingir-net-zero-em-2045\/#primaryimage\"},\"image\":{\"@id\":\"https:\/\/portaltela.pt\/noticias\/2026\/03\/25\/alemanha-lanca-plano-para-reduzir-combustiveis-fosseis-e-atingir-net-zero-em-2045\/#primaryimage\"},\"thumbnailUrl\":\"https:\/\/portaltela.pt\/s.01k8rhncp4jt1\/2026\/03\/tpUHdbIMAGENStypeJPGshare1oBarraFacebook_Azul-3.jpg\",\"datePublished\":\"2026-03-25T12:21:00+00:00\",\"author\":{\"@id\":\"https:\/\/portaltela.pt\/#\/schema\/person\/c4278d4a6028830caff9ee44b42d32ed\"},\"breadcrumb\":{\"@id\":\"https:\/\/portaltela.pt\/noticias\/2026\/03\/25\/alemanha-lanca-plano-para-reduzir-combustiveis-fosseis-e-atingir-net-zero-em-2045\/#breadcrumb\"},\"inLanguage\":\"pt-PT\",\"potentialAction\":[{\"@type\":\"ReadAction\",\"target\":[\"https:\/\/portaltela.pt\/noticias\/2026\/03\/25\/alemanha-lanca-plano-para-reduzir-combustiveis-fosseis-e-atingir-net-zero-em-2045\/\"]}]},{\"@type\":\"ImageObject\",\"inLanguage\":\"pt-PT\",\"@id\":\"https:\/\/portaltela.pt\/noticias\/2026\/03\/25\/alemanha-lanca-plano-para-reduzir-combustiveis-fosseis-e-atingir-net-zero-em-2045\/#primaryimage\",\"url\":\"https:\/\/portaltela.pt\/s.01k8rhncp4jt1\/2026\/03\/tpUHdbIMAGENStypeJPGshare1oBarraFacebook_Azul-3.jpg\",\"contentUrl\":\"https:\/\/portaltela.pt\/s.01k8rhncp4jt1\/2026\/03\/tpUHdbIMAGENStypeJPGshare1oBarraFacebook_Azul-3.jpg\",\"width\":1200,\"height\":630,\"caption\":\"Central Termoel\u00e9trica de Boxberg, no estado alem\u00e3o da Sax\u00f3nia\"},{\"@type\":\"BreadcrumbList\",\"@id\":\"https:\/\/portaltela.pt\/noticias\/2026\/03\/25\/alemanha-lanca-plano-para-reduzir-combustiveis-fosseis-e-atingir-net-zero-em-2045\/#breadcrumb\",\"itemListElement\":[{\"@type\":\"ListItem\",\"position\":1,\"name\":\"In\u00edcio\",\"item\":\"https:\/\/portaltela.pt\/\"},{\"@type\":\"ListItem\",\"position\":2,\"name\":\"Alemanha lan\u00e7a plano para reduzir combust\u00edveis f\u00f3sseis e atingir net zero em 2045\"}]},{\"@type\":\"WebSite\",\"@id\":\"https:\/\/portaltela.pt\/#website\",\"url\":\"https:\/\/portaltela.pt\/\",\"name\":\"Portal Tela Portugal\",\"description\":\"\",\"potentialAction\":[{\"@type\":\"SearchAction\",\"target\":{\"@type\":\"EntryPoint\",\"urlTemplate\":\"https:\/\/portaltela.pt\/?s={search_term_string}\"},\"query-input\":{\"@type\":\"PropertyValueSpecification\",\"valueRequired\":true,\"valueName\":\"search_term_string\"}}],\"inLanguage\":\"pt-PT\"},{\"@type\":\"Person\",\"@id\":\"https:\/\/portaltela.pt\/#\/schema\/person\/c4278d4a6028830caff9ee44b42d32ed\",\"name\":\"Telinha\",\"image\":{\"@type\":\"ImageObject\",\"inLanguage\":\"pt-PT\",\"@id\":\"https:\/\/portaltela.pt\/s.01k8rhncp4jt1\/2025\/11\/talking-bot-125x125.png\",\"url\":\"https:\/\/portaltela.pt\/s.01k8rhncp4jt1\/2025\/11\/talking-bot-125x125.png\",\"contentUrl\":\"https:\/\/portaltela.pt\/s.01k8rhncp4jt1\/2025\/11\/talking-bot-125x125.png\",\"caption\":\"Telinha\"},\"sameAs\":[\"https:\/\/portaltela.pt\/\"],\"url\":\"https:\/\/portaltela.pt\/por\/367410592786\/\"}]}<\/script>\n<!-- \/ Yoast SEO plugin. -->","yoast_head_json":{"title":"Alemanha lan\u00e7a plano para reduzir combust\u00edveis f\u00f3sseis e atingir net zero em 2045 - Portal Tela Portugal","robots":{"index":"index","follow":"follow","max-snippet":"max-snippet:-1","max-image-preview":"max-image-preview:large","max-video-preview":"max-video-preview:-1"},"og_locale":"pt_PT","og_type":"article","og_title":"Alemanha lan\u00e7a plano para reduzir combust\u00edveis f\u00f3sseis e atingir net zero em 2045 - Portal Tela Portugal","og_description":"A Alemanha apresentou um plano de oito mil milh\u00f5es de euros para cumprir metas clim\u00e1ticas at\u00e9 2030 e reduzir a depend\u00eancia de combust\u00edveis f\u00f3sseis, num programa de 67 pontos. O objetivo \u00e9 reduzir as emiss\u00f5es de gases com efeito de estufa em pelo menos 65% face a 1990 at\u00e9 2030, com neutralidade clim\u00e1tica prevista para 2045, estando j\u00e1 em cerca de 48%. O pacote prev\u00ea expans\u00e3o da energia e\u00f3lica, incentivo \u00e0 venda de ve\u00edculos el\u00e9tricos, apoio \u00e0 transi\u00e7\u00e3o para tecnologias de baixo carbono na ind\u00fastria e conserva\u00e7\u00e3o de florestas e solos. O Minist\u00e9rio do Ambiente afirma que as medidas podem levar a poupan\u00e7a superior a 25 milh\u00f5es de toneladas de CO2 at\u00e9 ao final da d\u00e9cada, bem como redu\u00e7\u00f5es de quase sete mil milh\u00f5es de metros c\u00fabicos de g\u00e1s natural e quatro mil milh\u00f5es de litros de gasolina at\u00e9 2030. O ministro Carsten Schneider disse que o objetivo passa por modernizar a economia, tornar a sociedade mais resiliente e ajudar a natureza.","og_url":"https:\/\/portaltela.pt\/noticias\/2026\/03\/25\/alemanha-lanca-plano-para-reduzir-combustiveis-fosseis-e-atingir-net-zero-em-2045\/","og_site_name":"Portal Tela Portugal","article_published_time":"2026-03-25T12:21:00+00:00","author":"Telinha","twitter_card":"summary_large_image","twitter_misc":{"Escrito por":"Telinha","Tempo estimado de leitura":"2 minutos"},"schema":{"@context":"https:\/\/schema.org","@graph":[{"@type":"Article","@id":"https:\/\/portaltela.pt\/noticias\/2026\/03\/25\/alemanha-lanca-plano-para-reduzir-combustiveis-fosseis-e-atingir-net-zero-em-2045\/#article","isPartOf":{"@id":"https:\/\/portaltela.pt\/noticias\/2026\/03\/25\/alemanha-lanca-plano-para-reduzir-combustiveis-fosseis-e-atingir-net-zero-em-2045\/"},"author":{"name":"Telinha","@id":"https:\/\/portaltela.pt\/#\/schema\/person\/c4278d4a6028830caff9ee44b42d32ed"},"headline":"Alemanha lan\u00e7a plano para reduzir combust\u00edveis f\u00f3sseis e atingir net zero em 2045","datePublished":"2026-03-25T12:21:00+00:00","mainEntityOfPage":{"@id":"https:\/\/portaltela.pt\/noticias\/2026\/03\/25\/alemanha-lanca-plano-para-reduzir-combustiveis-fosseis-e-atingir-net-zero-em-2045\/"},"wordCount":331,"image":{"@id":"https:\/\/portaltela.pt\/noticias\/2026\/03\/25\/alemanha-lanca-plano-para-reduzir-combustiveis-fosseis-e-atingir-net-zero-em-2045\/#primaryimage"},"thumbnailUrl":"https:\/\/portaltela.pt\/s.01k8rhncp4jt1\/2026\/03\/tpUHdbIMAGENStypeJPGshare1oBarraFacebook_Azul-3.jpg","keywords":["Alemanha","descarboniza\u00e7\u00e3o","economia","energia","energias renov\u00e1veis","neutralidade carb\u00f3nica"],"articleSection":["Clima","Energia"],"inLanguage":"pt-PT"},{"@type":"WebPage","@id":"https:\/\/portaltela.pt\/noticias\/2026\/03\/25\/alemanha-lanca-plano-para-reduzir-combustiveis-fosseis-e-atingir-net-zero-em-2045\/","url":"https:\/\/portaltela.pt\/noticias\/2026\/03\/25\/alemanha-lanca-plano-para-reduzir-combustiveis-fosseis-e-atingir-net-zero-em-2045\/","name":"Alemanha lan\u00e7a plano para reduzir combust\u00edveis f\u00f3sseis e atingir net zero em 2045 - Portal Tela Portugal","isPartOf":{"@id":"https:\/\/portaltela.pt\/#website"},"primaryImageOfPage":{"@id":"https:\/\/portaltela.pt\/noticias\/2026\/03\/25\/alemanha-lanca-plano-para-reduzir-combustiveis-fosseis-e-atingir-net-zero-em-2045\/#primaryimage"},"image":{"@id":"https:\/\/portaltela.pt\/noticias\/2026\/03\/25\/alemanha-lanca-plano-para-reduzir-combustiveis-fosseis-e-atingir-net-zero-em-2045\/#primaryimage"},"thumbnailUrl":"https:\/\/portaltela.pt\/s.01k8rhncp4jt1\/2026\/03\/tpUHdbIMAGENStypeJPGshare1oBarraFacebook_Azul-3.jpg","datePublished":"2026-03-25T12:21:00+00:00","author":{"@id":"https:\/\/portaltela.pt\/#\/schema\/person\/c4278d4a6028830caff9ee44b42d32ed"},"breadcrumb":{"@id":"https:\/\/portaltela.pt\/noticias\/2026\/03\/25\/alemanha-lanca-plano-para-reduzir-combustiveis-fosseis-e-atingir-net-zero-em-2045\/#breadcrumb"},"inLanguage":"pt-PT","potentialAction":[{"@type":"ReadAction","target":["https:\/\/portaltela.pt\/noticias\/2026\/03\/25\/alemanha-lanca-plano-para-reduzir-combustiveis-fosseis-e-atingir-net-zero-em-2045\/"]}]},{"@type":"ImageObject","inLanguage":"pt-PT","@id":"https:\/\/portaltela.pt\/noticias\/2026\/03\/25\/alemanha-lanca-plano-para-reduzir-combustiveis-fosseis-e-atingir-net-zero-em-2045\/#primaryimage","url":"https:\/\/portaltela.pt\/s.01k8rhncp4jt1\/2026\/03\/tpUHdbIMAGENStypeJPGshare1oBarraFacebook_Azul-3.jpg","contentUrl":"https:\/\/portaltela.pt\/s.01k8rhncp4jt1\/2026\/03\/tpUHdbIMAGENStypeJPGshare1oBarraFacebook_Azul-3.jpg","width":1200,"height":630,"caption":"Central Termoel\u00e9trica de Boxberg, no estado alem\u00e3o da Sax\u00f3nia"},{"@type":"BreadcrumbList","@id":"https:\/\/portaltela.pt\/noticias\/2026\/03\/25\/alemanha-lanca-plano-para-reduzir-combustiveis-fosseis-e-atingir-net-zero-em-2045\/#breadcrumb","itemListElement":[{"@type":"ListItem","position":1,"name":"In\u00edcio","item":"https:\/\/portaltela.pt\/"},{"@type":"ListItem","position":2,"name":"Alemanha lan\u00e7a plano para reduzir combust\u00edveis f\u00f3sseis e atingir net zero em 2045"}]},{"@type":"WebSite","@id":"https:\/\/portaltela.pt\/#website","url":"https:\/\/portaltela.pt\/","name":"Portal Tela Portugal","description":"","potentialAction":[{"@type":"SearchAction","target":{"@type":"EntryPoint","urlTemplate":"https:\/\/portaltela.pt\/?s={search_term_string}"},"query-input":{"@type":"PropertyValueSpecification","valueRequired":true,"valueName":"search_term_string"}}],"inLanguage":"pt-PT"},{"@type":"Person","@id":"https:\/\/portaltela.pt\/#\/schema\/person\/c4278d4a6028830caff9ee44b42d32ed","name":"Telinha","image":{"@type":"ImageObject","inLanguage":"pt-PT","@id":"https:\/\/portaltela.pt\/s.01k8rhncp4jt1\/2025\/11\/talking-bot-125x125.png","url":"https:\/\/portaltela.pt\/s.01k8rhncp4jt1\/2025\/11\/talking-bot-125x125.png","contentUrl":"https:\/\/portaltela.pt\/s.01k8rhncp4jt1\/2025\/11\/talking-bot-125x125.png","caption":"Telinha"},"sameAs":["https:\/\/portaltela.pt\/"],"url":"https:\/\/portaltela.pt\/por\/367410592786\/"}]}},"_links":{"self":[{"href":"https:\/\/portaltela.pt\/api\/wp\/v2\/posts\/420795","targetHints":{"allow":["GET"]}}],"collection":[{"href":"https:\/\/portaltela.pt\/api\/wp\/v2\/posts"}],"about":[{"href":"https:\/\/portaltela.pt\/api\/wp\/v2\/types\/post"}],"author":[{"embeddable":true,"href":"https:\/\/portaltela.pt\/api\/wp\/v2\/users\/2"}],"replies":[{"embeddable":true,"href":"https:\/\/portaltela.pt\/api\/wp\/v2\/comments?post=420795"}],"version-history":[{"count":0,"href":"https:\/\/portaltela.pt\/api\/wp\/v2\/posts\/420795\/revisions"}],"wp:featuredmedia":[{"embeddable":true,"href":"https:\/\/portaltela.pt\/api\/wp\/v2\/media\/420799"}],"wp:attachment":[{"href":"https:\/\/portaltela.pt\/api\/wp\/v2\/media?parent=420795"}],"wp:term":[{"taxonomy":"category","embeddable":true,"href":"https:\/\/portaltela.pt\/api\/wp\/v2\/categories?post=420795"},{"taxonomy":"post_tag","embeddable":true,"href":"https:\/\/portaltela.pt\/api\/wp\/v2\/tags?post=420795"}],"curies":[{"name":"wp","href":"https:\/\/api.w.org\/{rel}","templated":true}]}}