{"id":420792,"date":"2026-03-25T09:29:04","date_gmt":"2026-03-25T12:29:04","guid":{"rendered":"https:\/\/portaltela.pt\/noticias\/2026\/03\/25\/camiao-de-pecas-automoveis-incendiado-na-en14\/"},"modified":"2026-03-25T09:29:04","modified_gmt":"2026-03-25T12:29:04","slug":"camiao-de-pecas-automoveis-incendiado-na-en14","status":"publish","type":"post","link":"https:\/\/portaltela.pt\/noticias\/2026\/03\/25\/camiao-de-pecas-automoveis-incendiado-na-en14\/","title":{"rendered":"Cami\u00e3o de pe\u00e7as autom\u00f3veis incendiado na EN14"},"content":{"rendered":"<p>Um cami\u00e3o de transporte de pe\u00e7as autom\u00f3veis ardeu na EN14. O inc\u00eandio ocorreu na manh\u00e3 de hoje, sem registo de feridos at\u00e9 ao momento.<\/p>\n<p>Segundo os bombeiros, o fogo atingiu o ve\u00edculo e parte da carga. As opera\u00e7\u00f5es deExtin\u00e7\u00e3o envolveram servi\u00e7os nacionais de prote\u00e7\u00e3o civil e de emerg\u00eancia rodovi\u00e1ria.<\/p>\n<p>As causas do inc\u00eandio ainda n\u00e3o est\u00e3o determinadas. N\u00e3o foram avan\u00e7ados detalhes sobre danos materiais ou impactos no tr\u00e2nsito na faixa da EN14.<\/p>\n","protected":false},"excerpt":{"rendered":"<ul>\n<li>Um cami\u00e3o que transportava pe\u00e7as autom\u00f3veis ardeu na EN14.<\/li>\n<li>N\u00e3o h\u00e1 feridos a registar.<\/li>\n<\/ul>\n","protected":false},"author":2,"featured_media":420798,"comment_status":"closed","ping_status":"closed","sticky":false,"template":"","format":"standard","meta":{"footnotes":""},"categories":[6849,1],"tags":[4169,3326,1083,1438,320,4971],"class_list":["post-420792","post","type-post","status-publish","format-standard","has-post-thumbnail","hentry","category-acidentes","category-noticias","tag-acidente-rodoviario","tag-camioes","tag-estradas","tag-incendio","tag-protecao-civil","tag-transporte-rodoviario"],"yoast_head":"<!-- This site is optimized with the Yoast SEO plugin v27.2 - https:\/\/yoast.com\/product\/yoast-seo-wordpress\/ -->\n<title>Cami\u00e3o de pe\u00e7as autom\u00f3veis incendiado na EN14 - Portal Tela Portugal<\/title>\n<meta name=\"robots\" content=\"index, follow, max-snippet:-1, max-image-preview:large, max-video-preview:-1\" \/>\n<meta property=\"og:locale\" content=\"pt_PT\" \/>\n<meta property=\"og:type\" content=\"article\" \/>\n<meta property=\"og:title\" content=\"Cami\u00e3o de pe\u00e7as autom\u00f3veis incendiado na EN14 - Portal Tela Portugal\" \/>\n<meta property=\"og:description\" content=\"Um cami\u00e3o que transportava pe\u00e7as autom\u00f3veis ardeu na EN14. N\u00e3o h\u00e1 feridos a registar.\" \/>\n<meta property=\"og:url\" content=\"https:\/\/portaltela.pt\/noticias\/2026\/03\/25\/camiao-de-pecas-automoveis-incendiado-na-en14\/\" \/>\n<meta property=\"og:site_name\" content=\"Portal Tela Portugal\" \/>\n<meta property=\"article:published_time\" content=\"2026-03-25T12:29:04+00:00\" \/>\n<meta name=\"author\" content=\"Telinha\" \/>\n<meta name=\"twitter:card\" content=\"summary_large_image\" \/>\n<meta name=\"twitter:label1\" content=\"Escrito por\" \/>\n\t<meta name=\"twitter:data1\" content=\"Telinha\" \/>\n<script type=\"application\/ld+json\" class=\"yoast-schema-graph\">{\"@context\":\"https:\/\/schema.org\",\"@graph\":[{\"@type\":\"Article\",\"@id\":\"https:\/\/portaltela.pt\/noticias\/2026\/03\/25\/camiao-de-pecas-automoveis-incendiado-na-en14\/#article\",\"isPartOf\":{\"@id\":\"https:\/\/portaltela.pt\/noticias\/2026\/03\/25\/camiao-de-pecas-automoveis-incendiado-na-en14\/\"},\"author\":{\"name\":\"Telinha\",\"@id\":\"https:\/\/portaltela.pt\/#\/schema\/person\/c4278d4a6028830caff9ee44b42d32ed\"},\"headline\":\"Cami\u00e3o de pe\u00e7as autom\u00f3veis incendiado na EN14\",\"datePublished\":\"2026-03-25T12:29:04+00:00\",\"mainEntityOfPage\":{\"@id\":\"https:\/\/portaltela.pt\/noticias\/2026\/03\/25\/camiao-de-pecas-automoveis-incendiado-na-en14\/\"},\"wordCount\":99,\"image\":{\"@id\":\"https:\/\/portaltela.pt\/noticias\/2026\/03\/25\/camiao-de-pecas-automoveis-incendiado-na-en14\/#primaryimage\"},\"thumbnailUrl\":\"https:\/\/portaltela.pt\/s.01k8rhncp4jt1\/2026\/03\/img_1280x722uu2026-03-24-13-45-00-2274507.jpg\",\"keywords\":[\"acidente rodovi\u00e1rio\",\"cami\u00f5es\",\"estradas\",\"inc\u00eandio\",\"prote\u00e7\u00e3o civil\",\"transporte rodovi\u00e1rio\"],\"articleSection\":[\"Acidentes\",\"Not\u00edcias\"],\"inLanguage\":\"pt-PT\"},{\"@type\":\"WebPage\",\"@id\":\"https:\/\/portaltela.pt\/noticias\/2026\/03\/25\/camiao-de-pecas-automoveis-incendiado-na-en14\/\",\"url\":\"https:\/\/portaltela.pt\/noticias\/2026\/03\/25\/camiao-de-pecas-automoveis-incendiado-na-en14\/\",\"name\":\"Cami\u00e3o de pe\u00e7as autom\u00f3veis incendiado na EN14 - Portal Tela Portugal\",\"isPartOf\":{\"@id\":\"https:\/\/portaltela.pt\/#website\"},\"primaryImageOfPage\":{\"@id\":\"https:\/\/portaltela.pt\/noticias\/2026\/03\/25\/camiao-de-pecas-automoveis-incendiado-na-en14\/#primaryimage\"},\"image\":{\"@id\":\"https:\/\/portaltela.pt\/noticias\/2026\/03\/25\/camiao-de-pecas-automoveis-incendiado-na-en14\/#primaryimage\"},\"thumbnailUrl\":\"https:\/\/portaltela.pt\/s.01k8rhncp4jt1\/2026\/03\/img_1280x722uu2026-03-24-13-45-00-2274507.jpg\",\"datePublished\":\"2026-03-25T12:29:04+00:00\",\"author\":{\"@id\":\"https:\/\/portaltela.pt\/#\/schema\/person\/c4278d4a6028830caff9ee44b42d32ed\"},\"breadcrumb\":{\"@id\":\"https:\/\/portaltela.pt\/noticias\/2026\/03\/25\/camiao-de-pecas-automoveis-incendiado-na-en14\/#breadcrumb\"},\"inLanguage\":\"pt-PT\",\"potentialAction\":[{\"@type\":\"ReadAction\",\"target\":[\"https:\/\/portaltela.pt\/noticias\/2026\/03\/25\/camiao-de-pecas-automoveis-incendiado-na-en14\/\"]}]},{\"@type\":\"ImageObject\",\"inLanguage\":\"pt-PT\",\"@id\":\"https:\/\/portaltela.pt\/noticias\/2026\/03\/25\/camiao-de-pecas-automoveis-incendiado-na-en14\/#primaryimage\",\"url\":\"https:\/\/portaltela.pt\/s.01k8rhncp4jt1\/2026\/03\/img_1280x722uu2026-03-24-13-45-00-2274507.jpg\",\"contentUrl\":\"https:\/\/portaltela.pt\/s.01k8rhncp4jt1\/2026\/03\/img_1280x722uu2026-03-24-13-45-00-2274507.jpg\",\"width\":796,\"height\":448,\"caption\":\"Cami\u00e3o de transporte de pe\u00e7as autom\u00f3veis arde na EN14\"},{\"@type\":\"BreadcrumbList\",\"@id\":\"https:\/\/portaltela.pt\/noticias\/2026\/03\/25\/camiao-de-pecas-automoveis-incendiado-na-en14\/#breadcrumb\",\"itemListElement\":[{\"@type\":\"ListItem\",\"position\":1,\"name\":\"In\u00edcio\",\"item\":\"https:\/\/portaltela.pt\/\"},{\"@type\":\"ListItem\",\"position\":2,\"name\":\"Cami\u00e3o de pe\u00e7as autom\u00f3veis incendiado na EN14\"}]},{\"@type\":\"WebSite\",\"@id\":\"https:\/\/portaltela.pt\/#website\",\"url\":\"https:\/\/portaltela.pt\/\",\"name\":\"Portal Tela Portugal\",\"description\":\"\",\"potentialAction\":[{\"@type\":\"SearchAction\",\"target\":{\"@type\":\"EntryPoint\",\"urlTemplate\":\"https:\/\/portaltela.pt\/?s={search_term_string}\"},\"query-input\":{\"@type\":\"PropertyValueSpecification\",\"valueRequired\":true,\"valueName\":\"search_term_string\"}}],\"inLanguage\":\"pt-PT\"},{\"@type\":\"Person\",\"@id\":\"https:\/\/portaltela.pt\/#\/schema\/person\/c4278d4a6028830caff9ee44b42d32ed\",\"name\":\"Telinha\",\"image\":{\"@type\":\"ImageObject\",\"inLanguage\":\"pt-PT\",\"@id\":\"https:\/\/portaltela.pt\/s.01k8rhncp4jt1\/2025\/11\/talking-bot-125x125.png\",\"url\":\"https:\/\/portaltela.pt\/s.01k8rhncp4jt1\/2025\/11\/talking-bot-125x125.png\",\"contentUrl\":\"https:\/\/portaltela.pt\/s.01k8rhncp4jt1\/2025\/11\/talking-bot-125x125.png\",\"caption\":\"Telinha\"},\"sameAs\":[\"https:\/\/portaltela.pt\/\"],\"url\":\"https:\/\/portaltela.pt\/por\/367410592786\/\"}]}<\/script>\n<!-- \/ Yoast SEO plugin. -->","yoast_head_json":{"title":"Cami\u00e3o de pe\u00e7as autom\u00f3veis incendiado na EN14 - Portal Tela Portugal","robots":{"index":"index","follow":"follow","max-snippet":"max-snippet:-1","max-image-preview":"max-image-preview:large","max-video-preview":"max-video-preview:-1"},"og_locale":"pt_PT","og_type":"article","og_title":"Cami\u00e3o de pe\u00e7as autom\u00f3veis incendiado na EN14 - Portal Tela Portugal","og_description":"Um cami\u00e3o que transportava pe\u00e7as autom\u00f3veis ardeu na EN14. N\u00e3o h\u00e1 feridos a registar.","og_url":"https:\/\/portaltela.pt\/noticias\/2026\/03\/25\/camiao-de-pecas-automoveis-incendiado-na-en14\/","og_site_name":"Portal Tela Portugal","article_published_time":"2026-03-25T12:29:04+00:00","author":"Telinha","twitter_card":"summary_large_image","twitter_misc":{"Escrito por":"Telinha"},"schema":{"@context":"https:\/\/schema.org","@graph":[{"@type":"Article","@id":"https:\/\/portaltela.pt\/noticias\/2026\/03\/25\/camiao-de-pecas-automoveis-incendiado-na-en14\/#article","isPartOf":{"@id":"https:\/\/portaltela.pt\/noticias\/2026\/03\/25\/camiao-de-pecas-automoveis-incendiado-na-en14\/"},"author":{"name":"Telinha","@id":"https:\/\/portaltela.pt\/#\/schema\/person\/c4278d4a6028830caff9ee44b42d32ed"},"headline":"Cami\u00e3o de pe\u00e7as autom\u00f3veis incendiado na EN14","datePublished":"2026-03-25T12:29:04+00:00","mainEntityOfPage":{"@id":"https:\/\/portaltela.pt\/noticias\/2026\/03\/25\/camiao-de-pecas-automoveis-incendiado-na-en14\/"},"wordCount":99,"image":{"@id":"https:\/\/portaltela.pt\/noticias\/2026\/03\/25\/camiao-de-pecas-automoveis-incendiado-na-en14\/#primaryimage"},"thumbnailUrl":"https:\/\/portaltela.pt\/s.01k8rhncp4jt1\/2026\/03\/img_1280x722uu2026-03-24-13-45-00-2274507.jpg","keywords":["acidente rodovi\u00e1rio","cami\u00f5es","estradas","inc\u00eandio","prote\u00e7\u00e3o civil","transporte rodovi\u00e1rio"],"articleSection":["Acidentes","Not\u00edcias"],"inLanguage":"pt-PT"},{"@type":"WebPage","@id":"https:\/\/portaltela.pt\/noticias\/2026\/03\/25\/camiao-de-pecas-automoveis-incendiado-na-en14\/","url":"https:\/\/portaltela.pt\/noticias\/2026\/03\/25\/camiao-de-pecas-automoveis-incendiado-na-en14\/","name":"Cami\u00e3o de pe\u00e7as autom\u00f3veis incendiado na EN14 - Portal Tela Portugal","isPartOf":{"@id":"https:\/\/portaltela.pt\/#website"},"primaryImageOfPage":{"@id":"https:\/\/portaltela.pt\/noticias\/2026\/03\/25\/camiao-de-pecas-automoveis-incendiado-na-en14\/#primaryimage"},"image":{"@id":"https:\/\/portaltela.pt\/noticias\/2026\/03\/25\/camiao-de-pecas-automoveis-incendiado-na-en14\/#primaryimage"},"thumbnailUrl":"https:\/\/portaltela.pt\/s.01k8rhncp4jt1\/2026\/03\/img_1280x722uu2026-03-24-13-45-00-2274507.jpg","datePublished":"2026-03-25T12:29:04+00:00","author":{"@id":"https:\/\/portaltela.pt\/#\/schema\/person\/c4278d4a6028830caff9ee44b42d32ed"},"breadcrumb":{"@id":"https:\/\/portaltela.pt\/noticias\/2026\/03\/25\/camiao-de-pecas-automoveis-incendiado-na-en14\/#breadcrumb"},"inLanguage":"pt-PT","potentialAction":[{"@type":"ReadAction","target":["https:\/\/portaltela.pt\/noticias\/2026\/03\/25\/camiao-de-pecas-automoveis-incendiado-na-en14\/"]}]},{"@type":"ImageObject","inLanguage":"pt-PT","@id":"https:\/\/portaltela.pt\/noticias\/2026\/03\/25\/camiao-de-pecas-automoveis-incendiado-na-en14\/#primaryimage","url":"https:\/\/portaltela.pt\/s.01k8rhncp4jt1\/2026\/03\/img_1280x722uu2026-03-24-13-45-00-2274507.jpg","contentUrl":"https:\/\/portaltela.pt\/s.01k8rhncp4jt1\/2026\/03\/img_1280x722uu2026-03-24-13-45-00-2274507.jpg","width":796,"height":448,"caption":"Cami\u00e3o de transporte de pe\u00e7as autom\u00f3veis arde na EN14"},{"@type":"BreadcrumbList","@id":"https:\/\/portaltela.pt\/noticias\/2026\/03\/25\/camiao-de-pecas-automoveis-incendiado-na-en14\/#breadcrumb","itemListElement":[{"@type":"ListItem","position":1,"name":"In\u00edcio","item":"https:\/\/portaltela.pt\/"},{"@type":"ListItem","position":2,"name":"Cami\u00e3o de pe\u00e7as autom\u00f3veis incendiado na EN14"}]},{"@type":"WebSite","@id":"https:\/\/portaltela.pt\/#website","url":"https:\/\/portaltela.pt\/","name":"Portal Tela Portugal","description":"","potentialAction":[{"@type":"SearchAction","target":{"@type":"EntryPoint","urlTemplate":"https:\/\/portaltela.pt\/?s={search_term_string}"},"query-input":{"@type":"PropertyValueSpecification","valueRequired":true,"valueName":"search_term_string"}}],"inLanguage":"pt-PT"},{"@type":"Person","@id":"https:\/\/portaltela.pt\/#\/schema\/person\/c4278d4a6028830caff9ee44b42d32ed","name":"Telinha","image":{"@type":"ImageObject","inLanguage":"pt-PT","@id":"https:\/\/portaltela.pt\/s.01k8rhncp4jt1\/2025\/11\/talking-bot-125x125.png","url":"https:\/\/portaltela.pt\/s.01k8rhncp4jt1\/2025\/11\/talking-bot-125x125.png","contentUrl":"https:\/\/portaltela.pt\/s.01k8rhncp4jt1\/2025\/11\/talking-bot-125x125.png","caption":"Telinha"},"sameAs":["https:\/\/portaltela.pt\/"],"url":"https:\/\/portaltela.pt\/por\/367410592786\/"}]}},"_links":{"self":[{"href":"https:\/\/portaltela.pt\/api\/wp\/v2\/posts\/420792","targetHints":{"allow":["GET"]}}],"collection":[{"href":"https:\/\/portaltela.pt\/api\/wp\/v2\/posts"}],"about":[{"href":"https:\/\/portaltela.pt\/api\/wp\/v2\/types\/post"}],"author":[{"embeddable":true,"href":"https:\/\/portaltela.pt\/api\/wp\/v2\/users\/2"}],"replies":[{"embeddable":true,"href":"https:\/\/portaltela.pt\/api\/wp\/v2\/comments?post=420792"}],"version-history":[{"count":0,"href":"https:\/\/portaltela.pt\/api\/wp\/v2\/posts\/420792\/revisions"}],"wp:featuredmedia":[{"embeddable":true,"href":"https:\/\/portaltela.pt\/api\/wp\/v2\/media\/420798"}],"wp:attachment":[{"href":"https:\/\/portaltela.pt\/api\/wp\/v2\/media?parent=420792"}],"wp:term":[{"taxonomy":"category","embeddable":true,"href":"https:\/\/portaltela.pt\/api\/wp\/v2\/categories?post=420792"},{"taxonomy":"post_tag","embeddable":true,"href":"https:\/\/portaltela.pt\/api\/wp\/v2\/tags?post=420792"}],"curies":[{"name":"wp","href":"https:\/\/api.w.org\/{rel}","templated":true}]}}