{"id":420786,"date":"2026-03-25T09:28:09","date_gmt":"2026-03-25T12:28:09","guid":{"rendered":"https:\/\/portaltela.pt\/noticias\/2026\/03\/25\/mp-deduz-acusacao-contra-auxiliar-que-fotografava-criancas-da-creche-nuas\/"},"modified":"2026-03-25T09:28:09","modified_gmt":"2026-03-25T12:28:09","slug":"mp-deduz-acusacao-contra-auxiliar-que-fotografava-criancas-da-creche-nuas","status":"publish","type":"post","link":"https:\/\/portaltela.pt\/noticias\/2026\/03\/25\/mp-deduz-acusacao-contra-auxiliar-que-fotografava-criancas-da-creche-nuas\/","title":{"rendered":"MP deduz acusa\u00e7\u00e3o contra auxiliar que fotografava crian\u00e7as da creche nuas"},"content":{"rendered":"<p>O Minist\u00e9rio P\u00fablico de Faro acusou formalmente um homem de 28 anos, atualmente em pris\u00e3o preventiva, por m\u00faltiplos crimes de pornografia de menores e um de fotografia il\u00edcita. O arguido exercia fun\u00e7\u00f5es de auxiliar de inf\u00e2ncia numa institui\u00e7\u00e3o com creche e jardim de inf\u00e2ncia.<\/p>\n<p>Segundo o comunicado da Procuradoria da Comarca de Faro, os factos ocorreram entre junho de 2023 e setembro de 2025. O homem ter\u00e1 utilizado o acesso privilegiado a menores para captar imagens de natureza \u00edntima.<\/p>\n<p>No mesmo per\u00edodo, o arguido ter\u00e1 partilhado, atrav\u00e9s de redes sociais, cerca de 1.637 ficheiros fotogr\u00e1ficos e de v\u00eddeo com menores em contextos de nudez e atos de natureza sexual expl\u00edcita. A investiga\u00e7\u00e3o foi dirigida pelo Minist\u00e9rio P\u00fablico e executada pela Pol\u00edcia Judici\u00e1ria, Diretoria do Sul.<\/p>\n<h3>Investiga\u00e7\u00e3o e acusa\u00e7\u00e3o<\/h3>\n<p>A Procuradoria da Rep\u00fablica informa que o arguido se encontra atualmente sujeito \u00e0 medida de coa\u00e7\u00e3o de pris\u00e3o preventiva.<\/p>\n","protected":false},"excerpt":{"rendered":"<ul>\n<li>O Minist\u00e9rio P\u00fablico de Faro acusou formalmente um homem de 28 anos, atualmente em pris\u00e3o preventiva, por pornografia de menores e fotografia il\u00edcita, quando era auxiliar de inf\u00e2ncia.<\/li>\n<li>Os factos teriam ocorrido entre junho de 2023 e setembro de 2025 numa institui\u00e7\u00e3o com creche e jardim de inf\u00e2ncia onde o arguido trabalhava.<\/li>\n<li>Segundo a nota, o arguido ter\u00e1 usado o acesso privilegiado a menores para captar imagens de natureza \u00edntima.<\/li>\n<li>No mesmo per\u00edodo, ter\u00e1 partilhado atrav\u00e9s de redes sociais cerca de 1.637 ficheiros fotogr\u00e1ficos e de v\u00eddeo com imagens de menores em nudez e atos sexuais expl\u00edcitos.<\/li>\n<li>A investiga\u00e7\u00e3o foi dirigida pelo Minist\u00e9rio P\u00fablico e executada pela Pol\u00edcia Judici\u00e1ria (Diretoria do Sul); o arguido permanece sujeito \u00e0 medida de coa\u00e7\u00e3o de pris\u00e3o preventiva.<\/li>\n<\/ul>\n","protected":false},"author":2,"featured_media":420789,"comment_status":"closed","ping_status":"closed","sticky":false,"template":"","format":"standard","meta":{"footnotes":""},"categories":[7386,1],"tags":[3990,5065,992,6056,2518,6651],"class_list":["post-420786","post","type-post","status-publish","format-standard","has-post-thumbnail","hentry","category-crimes-contra-a-pessoa","category-noticias","tag-crimes-sexuais","tag-crimes-sexuais-contra-menores","tag-faro","tag-menores","tag-pornografia-de-menor-dependente-ou-em-situacao-vulneravel","tag-pornografia-infantil"],"yoast_head":"<!-- This site is optimized with the Yoast SEO plugin v27.2 - https:\/\/yoast.com\/product\/yoast-seo-wordpress\/ -->\n<title>MP deduz acusa\u00e7\u00e3o contra auxiliar que fotografava crian\u00e7as da creche nuas - Portal Tela Portugal<\/title>\n<meta name=\"robots\" content=\"index, follow, max-snippet:-1, max-image-preview:large, max-video-preview:-1\" \/>\n<meta property=\"og:locale\" content=\"pt_PT\" \/>\n<meta property=\"og:type\" content=\"article\" \/>\n<meta property=\"og:title\" content=\"MP deduz acusa\u00e7\u00e3o contra auxiliar que fotografava crian\u00e7as da creche nuas - Portal Tela Portugal\" \/>\n<meta property=\"og:description\" content=\"O Minist\u00e9rio P\u00fablico de Faro acusou formalmente um homem de 28 anos, atualmente em pris\u00e3o preventiva, por pornografia de menores e fotografia il\u00edcita, quando era auxiliar de inf\u00e2ncia. Os factos teriam ocorrido entre junho de 2023 e setembro de 2025 numa institui\u00e7\u00e3o com creche e jardim de inf\u00e2ncia onde o arguido trabalhava. Segundo a nota, o arguido ter\u00e1 usado o acesso privilegiado a menores para captar imagens de natureza \u00edntima. No mesmo per\u00edodo, ter\u00e1 partilhado atrav\u00e9s de redes sociais cerca de 1.637 ficheiros fotogr\u00e1ficos e de v\u00eddeo com imagens de menores em nudez e atos sexuais expl\u00edcitos. A investiga\u00e7\u00e3o foi dirigida pelo Minist\u00e9rio P\u00fablico e executada pela Pol\u00edcia Judici\u00e1ria (Diretoria do Sul); o arguido permanece sujeito \u00e0 medida de coa\u00e7\u00e3o de pris\u00e3o preventiva.\" \/>\n<meta property=\"og:url\" content=\"https:\/\/portaltela.pt\/noticias\/2026\/03\/25\/mp-deduz-acusacao-contra-auxiliar-que-fotografava-criancas-da-creche-nuas\/\" \/>\n<meta property=\"og:site_name\" content=\"Portal Tela Portugal\" \/>\n<meta property=\"article:published_time\" content=\"2026-03-25T12:28:09+00:00\" \/>\n<meta name=\"author\" content=\"Telinha\" \/>\n<meta name=\"twitter:card\" content=\"summary_large_image\" \/>\n<meta name=\"twitter:label1\" content=\"Escrito por\" \/>\n\t<meta name=\"twitter:data1\" content=\"Telinha\" \/>\n\t<meta name=\"twitter:label2\" content=\"Tempo estimado de leitura\" \/>\n\t<meta name=\"twitter:data2\" content=\"1 minuto\" \/>\n<script type=\"application\/ld+json\" class=\"yoast-schema-graph\">{\"@context\":\"https:\/\/schema.org\",\"@graph\":[{\"@type\":\"Article\",\"@id\":\"https:\/\/portaltela.pt\/noticias\/2026\/03\/25\/mp-deduz-acusacao-contra-auxiliar-que-fotografava-criancas-da-creche-nuas\/#article\",\"isPartOf\":{\"@id\":\"https:\/\/portaltela.pt\/noticias\/2026\/03\/25\/mp-deduz-acusacao-contra-auxiliar-que-fotografava-criancas-da-creche-nuas\/\"},\"author\":{\"name\":\"Telinha\",\"@id\":\"https:\/\/portaltela.pt\/#\/schema\/person\/c4278d4a6028830caff9ee44b42d32ed\"},\"headline\":\"MP deduz acusa\u00e7\u00e3o contra auxiliar que fotografava crian\u00e7as da creche nuas\",\"datePublished\":\"2026-03-25T12:28:09+00:00\",\"mainEntityOfPage\":{\"@id\":\"https:\/\/portaltela.pt\/noticias\/2026\/03\/25\/mp-deduz-acusacao-contra-auxiliar-que-fotografava-criancas-da-creche-nuas\/\"},\"wordCount\":179,\"image\":{\"@id\":\"https:\/\/portaltela.pt\/noticias\/2026\/03\/25\/mp-deduz-acusacao-contra-auxiliar-que-fotografava-criancas-da-creche-nuas\/#primaryimage\"},\"thumbnailUrl\":\"https:\/\/portaltela.pt\/s.01k8rhncp4jt1\/2026\/03\/img_1280x721uu2026-03-19-08-59-45-2201792.jpg\",\"keywords\":[\"crimes sexuais\",\"crimes sexuais contra menores\",\"Faro\",\"menores\",\"pornografia de menor dependente ou em situa\u00e7\u00e3o vulner\u00e1vel\",\"pornografia infantil\"],\"articleSection\":[\"Crimes contra a pessoa\",\"Not\u00edcias\"],\"inLanguage\":\"pt-PT\"},{\"@type\":\"WebPage\",\"@id\":\"https:\/\/portaltela.pt\/noticias\/2026\/03\/25\/mp-deduz-acusacao-contra-auxiliar-que-fotografava-criancas-da-creche-nuas\/\",\"url\":\"https:\/\/portaltela.pt\/noticias\/2026\/03\/25\/mp-deduz-acusacao-contra-auxiliar-que-fotografava-criancas-da-creche-nuas\/\",\"name\":\"MP deduz acusa\u00e7\u00e3o contra auxiliar que fotografava crian\u00e7as da creche nuas - Portal Tela Portugal\",\"isPartOf\":{\"@id\":\"https:\/\/portaltela.pt\/#website\"},\"primaryImageOfPage\":{\"@id\":\"https:\/\/portaltela.pt\/noticias\/2026\/03\/25\/mp-deduz-acusacao-contra-auxiliar-que-fotografava-criancas-da-creche-nuas\/#primaryimage\"},\"image\":{\"@id\":\"https:\/\/portaltela.pt\/noticias\/2026\/03\/25\/mp-deduz-acusacao-contra-auxiliar-que-fotografava-criancas-da-creche-nuas\/#primaryimage\"},\"thumbnailUrl\":\"https:\/\/portaltela.pt\/s.01k8rhncp4jt1\/2026\/03\/img_1280x721uu2026-03-19-08-59-45-2201792.jpg\",\"datePublished\":\"2026-03-25T12:28:09+00:00\",\"author\":{\"@id\":\"https:\/\/portaltela.pt\/#\/schema\/person\/c4278d4a6028830caff9ee44b42d32ed\"},\"breadcrumb\":{\"@id\":\"https:\/\/portaltela.pt\/noticias\/2026\/03\/25\/mp-deduz-acusacao-contra-auxiliar-que-fotografava-criancas-da-creche-nuas\/#breadcrumb\"},\"inLanguage\":\"pt-PT\",\"potentialAction\":[{\"@type\":\"ReadAction\",\"target\":[\"https:\/\/portaltela.pt\/noticias\/2026\/03\/25\/mp-deduz-acusacao-contra-auxiliar-que-fotografava-criancas-da-creche-nuas\/\"]}]},{\"@type\":\"ImageObject\",\"inLanguage\":\"pt-PT\",\"@id\":\"https:\/\/portaltela.pt\/noticias\/2026\/03\/25\/mp-deduz-acusacao-contra-auxiliar-que-fotografava-criancas-da-creche-nuas\/#primaryimage\",\"url\":\"https:\/\/portaltela.pt\/s.01k8rhncp4jt1\/2026\/03\/img_1280x721uu2026-03-19-08-59-45-2201792.jpg\",\"contentUrl\":\"https:\/\/portaltela.pt\/s.01k8rhncp4jt1\/2026\/03\/img_1280x721uu2026-03-19-08-59-45-2201792.jpg\",\"width\":796,\"height\":448,\"caption\":\"Auxiliar fotografava e filmava as crian\u00e7as da creche\"},{\"@type\":\"BreadcrumbList\",\"@id\":\"https:\/\/portaltela.pt\/noticias\/2026\/03\/25\/mp-deduz-acusacao-contra-auxiliar-que-fotografava-criancas-da-creche-nuas\/#breadcrumb\",\"itemListElement\":[{\"@type\":\"ListItem\",\"position\":1,\"name\":\"In\u00edcio\",\"item\":\"https:\/\/portaltela.pt\/\"},{\"@type\":\"ListItem\",\"position\":2,\"name\":\"MP deduz acusa\u00e7\u00e3o contra auxiliar que fotografava crian\u00e7as da creche nuas\"}]},{\"@type\":\"WebSite\",\"@id\":\"https:\/\/portaltela.pt\/#website\",\"url\":\"https:\/\/portaltela.pt\/\",\"name\":\"Portal Tela Portugal\",\"description\":\"\",\"potentialAction\":[{\"@type\":\"SearchAction\",\"target\":{\"@type\":\"EntryPoint\",\"urlTemplate\":\"https:\/\/portaltela.pt\/?s={search_term_string}\"},\"query-input\":{\"@type\":\"PropertyValueSpecification\",\"valueRequired\":true,\"valueName\":\"search_term_string\"}}],\"inLanguage\":\"pt-PT\"},{\"@type\":\"Person\",\"@id\":\"https:\/\/portaltela.pt\/#\/schema\/person\/c4278d4a6028830caff9ee44b42d32ed\",\"name\":\"Telinha\",\"image\":{\"@type\":\"ImageObject\",\"inLanguage\":\"pt-PT\",\"@id\":\"https:\/\/portaltela.pt\/s.01k8rhncp4jt1\/2025\/11\/talking-bot-125x125.png\",\"url\":\"https:\/\/portaltela.pt\/s.01k8rhncp4jt1\/2025\/11\/talking-bot-125x125.png\",\"contentUrl\":\"https:\/\/portaltela.pt\/s.01k8rhncp4jt1\/2025\/11\/talking-bot-125x125.png\",\"caption\":\"Telinha\"},\"sameAs\":[\"https:\/\/portaltela.pt\/\"],\"url\":\"https:\/\/portaltela.pt\/por\/367410592786\/\"}]}<\/script>\n<!-- \/ Yoast SEO plugin. -->","yoast_head_json":{"title":"MP deduz acusa\u00e7\u00e3o contra auxiliar que fotografava crian\u00e7as da creche nuas - Portal Tela Portugal","robots":{"index":"index","follow":"follow","max-snippet":"max-snippet:-1","max-image-preview":"max-image-preview:large","max-video-preview":"max-video-preview:-1"},"og_locale":"pt_PT","og_type":"article","og_title":"MP deduz acusa\u00e7\u00e3o contra auxiliar que fotografava crian\u00e7as da creche nuas - Portal Tela Portugal","og_description":"O Minist\u00e9rio P\u00fablico de Faro acusou formalmente um homem de 28 anos, atualmente em pris\u00e3o preventiva, por pornografia de menores e fotografia il\u00edcita, quando era auxiliar de inf\u00e2ncia. Os factos teriam ocorrido entre junho de 2023 e setembro de 2025 numa institui\u00e7\u00e3o com creche e jardim de inf\u00e2ncia onde o arguido trabalhava. Segundo a nota, o arguido ter\u00e1 usado o acesso privilegiado a menores para captar imagens de natureza \u00edntima. No mesmo per\u00edodo, ter\u00e1 partilhado atrav\u00e9s de redes sociais cerca de 1.637 ficheiros fotogr\u00e1ficos e de v\u00eddeo com imagens de menores em nudez e atos sexuais expl\u00edcitos. A investiga\u00e7\u00e3o foi dirigida pelo Minist\u00e9rio P\u00fablico e executada pela Pol\u00edcia Judici\u00e1ria (Diretoria do Sul); o arguido permanece sujeito \u00e0 medida de coa\u00e7\u00e3o de pris\u00e3o preventiva.","og_url":"https:\/\/portaltela.pt\/noticias\/2026\/03\/25\/mp-deduz-acusacao-contra-auxiliar-que-fotografava-criancas-da-creche-nuas\/","og_site_name":"Portal Tela Portugal","article_published_time":"2026-03-25T12:28:09+00:00","author":"Telinha","twitter_card":"summary_large_image","twitter_misc":{"Escrito por":"Telinha","Tempo estimado de leitura":"1 minuto"},"schema":{"@context":"https:\/\/schema.org","@graph":[{"@type":"Article","@id":"https:\/\/portaltela.pt\/noticias\/2026\/03\/25\/mp-deduz-acusacao-contra-auxiliar-que-fotografava-criancas-da-creche-nuas\/#article","isPartOf":{"@id":"https:\/\/portaltela.pt\/noticias\/2026\/03\/25\/mp-deduz-acusacao-contra-auxiliar-que-fotografava-criancas-da-creche-nuas\/"},"author":{"name":"Telinha","@id":"https:\/\/portaltela.pt\/#\/schema\/person\/c4278d4a6028830caff9ee44b42d32ed"},"headline":"MP deduz acusa\u00e7\u00e3o contra auxiliar que fotografava crian\u00e7as da creche nuas","datePublished":"2026-03-25T12:28:09+00:00","mainEntityOfPage":{"@id":"https:\/\/portaltela.pt\/noticias\/2026\/03\/25\/mp-deduz-acusacao-contra-auxiliar-que-fotografava-criancas-da-creche-nuas\/"},"wordCount":179,"image":{"@id":"https:\/\/portaltela.pt\/noticias\/2026\/03\/25\/mp-deduz-acusacao-contra-auxiliar-que-fotografava-criancas-da-creche-nuas\/#primaryimage"},"thumbnailUrl":"https:\/\/portaltela.pt\/s.01k8rhncp4jt1\/2026\/03\/img_1280x721uu2026-03-19-08-59-45-2201792.jpg","keywords":["crimes sexuais","crimes sexuais contra menores","Faro","menores","pornografia de menor dependente ou em situa\u00e7\u00e3o vulner\u00e1vel","pornografia infantil"],"articleSection":["Crimes contra a pessoa","Not\u00edcias"],"inLanguage":"pt-PT"},{"@type":"WebPage","@id":"https:\/\/portaltela.pt\/noticias\/2026\/03\/25\/mp-deduz-acusacao-contra-auxiliar-que-fotografava-criancas-da-creche-nuas\/","url":"https:\/\/portaltela.pt\/noticias\/2026\/03\/25\/mp-deduz-acusacao-contra-auxiliar-que-fotografava-criancas-da-creche-nuas\/","name":"MP deduz acusa\u00e7\u00e3o contra auxiliar que fotografava crian\u00e7as da creche nuas - Portal Tela Portugal","isPartOf":{"@id":"https:\/\/portaltela.pt\/#website"},"primaryImageOfPage":{"@id":"https:\/\/portaltela.pt\/noticias\/2026\/03\/25\/mp-deduz-acusacao-contra-auxiliar-que-fotografava-criancas-da-creche-nuas\/#primaryimage"},"image":{"@id":"https:\/\/portaltela.pt\/noticias\/2026\/03\/25\/mp-deduz-acusacao-contra-auxiliar-que-fotografava-criancas-da-creche-nuas\/#primaryimage"},"thumbnailUrl":"https:\/\/portaltela.pt\/s.01k8rhncp4jt1\/2026\/03\/img_1280x721uu2026-03-19-08-59-45-2201792.jpg","datePublished":"2026-03-25T12:28:09+00:00","author":{"@id":"https:\/\/portaltela.pt\/#\/schema\/person\/c4278d4a6028830caff9ee44b42d32ed"},"breadcrumb":{"@id":"https:\/\/portaltela.pt\/noticias\/2026\/03\/25\/mp-deduz-acusacao-contra-auxiliar-que-fotografava-criancas-da-creche-nuas\/#breadcrumb"},"inLanguage":"pt-PT","potentialAction":[{"@type":"ReadAction","target":["https:\/\/portaltela.pt\/noticias\/2026\/03\/25\/mp-deduz-acusacao-contra-auxiliar-que-fotografava-criancas-da-creche-nuas\/"]}]},{"@type":"ImageObject","inLanguage":"pt-PT","@id":"https:\/\/portaltela.pt\/noticias\/2026\/03\/25\/mp-deduz-acusacao-contra-auxiliar-que-fotografava-criancas-da-creche-nuas\/#primaryimage","url":"https:\/\/portaltela.pt\/s.01k8rhncp4jt1\/2026\/03\/img_1280x721uu2026-03-19-08-59-45-2201792.jpg","contentUrl":"https:\/\/portaltela.pt\/s.01k8rhncp4jt1\/2026\/03\/img_1280x721uu2026-03-19-08-59-45-2201792.jpg","width":796,"height":448,"caption":"Auxiliar fotografava e filmava as crian\u00e7as da creche"},{"@type":"BreadcrumbList","@id":"https:\/\/portaltela.pt\/noticias\/2026\/03\/25\/mp-deduz-acusacao-contra-auxiliar-que-fotografava-criancas-da-creche-nuas\/#breadcrumb","itemListElement":[{"@type":"ListItem","position":1,"name":"In\u00edcio","item":"https:\/\/portaltela.pt\/"},{"@type":"ListItem","position":2,"name":"MP deduz acusa\u00e7\u00e3o contra auxiliar que fotografava crian\u00e7as da creche nuas"}]},{"@type":"WebSite","@id":"https:\/\/portaltela.pt\/#website","url":"https:\/\/portaltela.pt\/","name":"Portal Tela Portugal","description":"","potentialAction":[{"@type":"SearchAction","target":{"@type":"EntryPoint","urlTemplate":"https:\/\/portaltela.pt\/?s={search_term_string}"},"query-input":{"@type":"PropertyValueSpecification","valueRequired":true,"valueName":"search_term_string"}}],"inLanguage":"pt-PT"},{"@type":"Person","@id":"https:\/\/portaltela.pt\/#\/schema\/person\/c4278d4a6028830caff9ee44b42d32ed","name":"Telinha","image":{"@type":"ImageObject","inLanguage":"pt-PT","@id":"https:\/\/portaltela.pt\/s.01k8rhncp4jt1\/2025\/11\/talking-bot-125x125.png","url":"https:\/\/portaltela.pt\/s.01k8rhncp4jt1\/2025\/11\/talking-bot-125x125.png","contentUrl":"https:\/\/portaltela.pt\/s.01k8rhncp4jt1\/2025\/11\/talking-bot-125x125.png","caption":"Telinha"},"sameAs":["https:\/\/portaltela.pt\/"],"url":"https:\/\/portaltela.pt\/por\/367410592786\/"}]}},"_links":{"self":[{"href":"https:\/\/portaltela.pt\/api\/wp\/v2\/posts\/420786","targetHints":{"allow":["GET"]}}],"collection":[{"href":"https:\/\/portaltela.pt\/api\/wp\/v2\/posts"}],"about":[{"href":"https:\/\/portaltela.pt\/api\/wp\/v2\/types\/post"}],"author":[{"embeddable":true,"href":"https:\/\/portaltela.pt\/api\/wp\/v2\/users\/2"}],"replies":[{"embeddable":true,"href":"https:\/\/portaltela.pt\/api\/wp\/v2\/comments?post=420786"}],"version-history":[{"count":0,"href":"https:\/\/portaltela.pt\/api\/wp\/v2\/posts\/420786\/revisions"}],"wp:featuredmedia":[{"embeddable":true,"href":"https:\/\/portaltela.pt\/api\/wp\/v2\/media\/420789"}],"wp:attachment":[{"href":"https:\/\/portaltela.pt\/api\/wp\/v2\/media?parent=420786"}],"wp:term":[{"taxonomy":"category","embeddable":true,"href":"https:\/\/portaltela.pt\/api\/wp\/v2\/categories?post=420786"},{"taxonomy":"post_tag","embeddable":true,"href":"https:\/\/portaltela.pt\/api\/wp\/v2\/tags?post=420786"}],"curies":[{"name":"wp","href":"https:\/\/api.w.org\/{rel}","templated":true}]}}