{"id":420766,"date":"2026-03-25T09:12:54","date_gmt":"2026-03-25T12:12:54","guid":{"rendered":"https:\/\/portaltela.pt\/noticias\/2026\/03\/25\/mae-e-tres-filhas-em-risco-de-ficar-sem-casa-pedem-ajuda-a-camara-de-oeiras\/"},"modified":"2026-03-25T09:12:54","modified_gmt":"2026-03-25T12:12:54","slug":"mae-e-tres-filhas-em-risco-de-ficar-sem-casa-pedem-ajuda-a-camara-de-oeiras","status":"publish","type":"post","link":"https:\/\/portaltela.pt\/sociedade\/2026\/03\/25\/mae-e-tres-filhas-em-risco-de-ficar-sem-casa-pedem-ajuda-a-camara-de-oeiras\/","title":{"rendered":"M\u00e3e e tr\u00eas filhas em risco de ficar sem casa pedem ajuda \u00e0 C\u00e2mara de Oeiras"},"content":{"rendered":"<p>Em fevereiro de 2025, um inc\u00eandio destruiu o apartamento onde Marina vivia com as tr\u00eas filhas em Oeiras. A C\u00e2mara Municipal ofereceu uma casa provis\u00f3ria \u00e0 fam\u00edlia, ap\u00f3s o ocorrido. Agora, surge a ordem de despejo para o dia 31 de mar\u00e7o.<\/p>\n<p>Marina afirma que a situa\u00e7\u00e3o \u00e9 de grande vulnerabilidade. A fam\u00edlia j\u00e1 vivia numa \u00e1rea de refer\u00eancia, e a solu\u00e7\u00e3o tempor\u00e1ria n\u00e3o impede o risco de ficarem sem habita\u00e7\u00e3o. A press\u00e3o por uma solu\u00e7\u00e3o definitiva aumenta a cada dia.<\/p>\n<p>Segundo a moradora, n\u00e3o houve ainda uma decis\u00e3o clara sobre alternativeades de moradia. As filhas, j\u00e1 com a situa\u00e7\u00e3o de emerg\u00eancia, dependem de uma resposta r\u00e1pida para evitar o despejo.<\/p>\n<h3>Situa\u00e7\u00e3o atual<\/h3>\n<p>A C\u00e2mara Municipal de Oeiras n\u00e3o se pronunciou oficialmente sobre o caso at\u00e9 ao momento. A fam\u00edlia espera uma interven\u00e7\u00e3o que assegure a perman\u00eancia numa resid\u00eancia est\u00e1vel ou uma nova habita\u00e7\u00e3o digna.<\/p>\n<p>Marina descreve que, apesar do apoio inicial, a incerteza persiste. O objetivo \u00e9 obter uma solu\u00e7\u00e3o de longo prazo que acabe com a situa\u00e7\u00e3o de instabilidade habitacional para as filhas.<\/p>\n<p>Este caso ilustra os desafios de fam\u00edlias vulner\u00e1veis em contexto de emerg\u00eancia e crise habitacional em Portugal, e o apelo \u00e0 atua\u00e7\u00e3o das entidades locais.<\/p>\n","protected":false},"excerpt":{"rendered":"<ul>\n<li>Em fevereiro de 2025 houve um inc\u00eandio que destruiu o apartamento de Marina, em Oeiras, onde vivia com as tr\u00eas filhas.<\/li>\n<li>A C\u00e2mara Municipal de Oeiras arranjou uma casa provis\u00f3ria para a fam\u00edlia ap\u00f3s o fogo.<\/li>\n<li>A fam\u00edlia tem agora uma ordem de despejo para o dia 31 de mar\u00e7o.<\/li>\n<li>Marina e as filhas pedem ajuda para evitar o despejo e assegurar uma solu\u00e7\u00e3o habitacional est\u00e1vel.<\/li>\n<li>A C\u00e2mara Municipal de Oeiras ainda n\u00e3o se pronunciou oficialmente sobre o caso, que evidencia vulnerabilidade habitacional.<\/li>\n<\/ul>\n","protected":false},"author":2,"featured_media":420772,"comment_status":"closed","ping_status":"closed","sticky":false,"template":"","format":"standard","meta":{"footnotes":""},"categories":[1,6871],"tags":[2172,5449,6372,5928,150,1198],"class_list":["post-420766","post","type-post","status-publish","format-standard","has-post-thumbnail","hentry","category-noticias","category-sociedade","tag-assistencia-social","tag-camara-municipal","tag-despejos","tag-emergencia","tag-habitacao","tag-oeiras"],"yoast_head":"<!-- This site is optimized with the Yoast SEO plugin v27.2 - https:\/\/yoast.com\/product\/yoast-seo-wordpress\/ -->\n<title>M\u00e3e e tr\u00eas filhas em risco de ficar sem casa pedem ajuda \u00e0 C\u00e2mara de Oeiras - Portal Tela Portugal<\/title>\n<meta name=\"robots\" content=\"index, follow, max-snippet:-1, max-image-preview:large, max-video-preview:-1\" \/>\n<meta property=\"og:locale\" content=\"pt_PT\" \/>\n<meta property=\"og:type\" content=\"article\" \/>\n<meta property=\"og:title\" content=\"M\u00e3e e tr\u00eas filhas em risco de ficar sem casa pedem ajuda \u00e0 C\u00e2mara de Oeiras - Portal Tela Portugal\" \/>\n<meta property=\"og:description\" content=\"Em fevereiro de 2025 houve um inc\u00eandio que destruiu o apartamento de Marina, em Oeiras, onde vivia com as tr\u00eas filhas. A C\u00e2mara Municipal de Oeiras arranjou uma casa provis\u00f3ria para a fam\u00edlia ap\u00f3s o fogo. A fam\u00edlia tem agora uma ordem de despejo para o dia 31 de mar\u00e7o. Marina e as filhas pedem ajuda para evitar o despejo e assegurar uma solu\u00e7\u00e3o habitacional est\u00e1vel. A C\u00e2mara Municipal de Oeiras ainda n\u00e3o se pronunciou oficialmente sobre o caso, que evidencia vulnerabilidade habitacional.\" \/>\n<meta property=\"og:url\" content=\"https:\/\/portaltela.pt\/noticias\/2026\/03\/25\/mae-e-tres-filhas-em-risco-de-ficar-sem-casa-pedem-ajuda-a-camara-de-oeiras\/\" \/>\n<meta property=\"og:site_name\" content=\"Portal Tela Portugal\" \/>\n<meta property=\"article:published_time\" content=\"2026-03-25T12:12:54+00:00\" \/>\n<meta name=\"author\" content=\"Telinha\" \/>\n<meta name=\"twitter:card\" content=\"summary_large_image\" \/>\n<meta name=\"twitter:label1\" content=\"Escrito por\" \/>\n\t<meta name=\"twitter:data1\" content=\"Telinha\" \/>\n\t<meta name=\"twitter:label2\" content=\"Tempo estimado de leitura\" \/>\n\t<meta name=\"twitter:data2\" content=\"1 minuto\" \/>\n<script type=\"application\/ld+json\" class=\"yoast-schema-graph\">{\"@context\":\"https:\/\/schema.org\",\"@graph\":[{\"@type\":\"Article\",\"@id\":\"https:\/\/portaltela.pt\/noticias\/2026\/03\/25\/mae-e-tres-filhas-em-risco-de-ficar-sem-casa-pedem-ajuda-a-camara-de-oeiras\/#article\",\"isPartOf\":{\"@id\":\"https:\/\/portaltela.pt\/noticias\/2026\/03\/25\/mae-e-tres-filhas-em-risco-de-ficar-sem-casa-pedem-ajuda-a-camara-de-oeiras\/\"},\"author\":{\"name\":\"Telinha\",\"@id\":\"https:\/\/portaltela.pt\/#\/schema\/person\/c4278d4a6028830caff9ee44b42d32ed\"},\"headline\":\"M\u00e3e e tr\u00eas filhas em risco de ficar sem casa pedem ajuda \u00e0 C\u00e2mara de Oeiras\",\"datePublished\":\"2026-03-25T12:12:54+00:00\",\"mainEntityOfPage\":{\"@id\":\"https:\/\/portaltela.pt\/noticias\/2026\/03\/25\/mae-e-tres-filhas-em-risco-de-ficar-sem-casa-pedem-ajuda-a-camara-de-oeiras\/\"},\"wordCount\":248,\"image\":{\"@id\":\"https:\/\/portaltela.pt\/noticias\/2026\/03\/25\/mae-e-tres-filhas-em-risco-de-ficar-sem-casa-pedem-ajuda-a-camara-de-oeiras\/#primaryimage\"},\"thumbnailUrl\":\"https:\/\/portaltela.pt\/s.01k8rhncp4jt1\/2026\/03\/img_1280x722uu2026-03-25-12-12-06-2274723.jpg\",\"keywords\":[\"assist\u00eancia social\",\"C\u00e2mara Municipal\",\"despejos\",\"emerg\u00eancia\",\"habita\u00e7\u00e3o\",\"Oeiras\"],\"articleSection\":[\"Not\u00edcias\",\"Sociedade\"],\"inLanguage\":\"pt-PT\"},{\"@type\":\"WebPage\",\"@id\":\"https:\/\/portaltela.pt\/noticias\/2026\/03\/25\/mae-e-tres-filhas-em-risco-de-ficar-sem-casa-pedem-ajuda-a-camara-de-oeiras\/\",\"url\":\"https:\/\/portaltela.pt\/noticias\/2026\/03\/25\/mae-e-tres-filhas-em-risco-de-ficar-sem-casa-pedem-ajuda-a-camara-de-oeiras\/\",\"name\":\"M\u00e3e e tr\u00eas filhas em risco de ficar sem casa pedem ajuda \u00e0 C\u00e2mara de Oeiras - Portal Tela Portugal\",\"isPartOf\":{\"@id\":\"https:\/\/portaltela.pt\/#website\"},\"primaryImageOfPage\":{\"@id\":\"https:\/\/portaltela.pt\/noticias\/2026\/03\/25\/mae-e-tres-filhas-em-risco-de-ficar-sem-casa-pedem-ajuda-a-camara-de-oeiras\/#primaryimage\"},\"image\":{\"@id\":\"https:\/\/portaltela.pt\/noticias\/2026\/03\/25\/mae-e-tres-filhas-em-risco-de-ficar-sem-casa-pedem-ajuda-a-camara-de-oeiras\/#primaryimage\"},\"thumbnailUrl\":\"https:\/\/portaltela.pt\/s.01k8rhncp4jt1\/2026\/03\/img_1280x722uu2026-03-25-12-12-06-2274723.jpg\",\"datePublished\":\"2026-03-25T12:12:54+00:00\",\"author\":{\"@id\":\"https:\/\/portaltela.pt\/#\/schema\/person\/c4278d4a6028830caff9ee44b42d32ed\"},\"breadcrumb\":{\"@id\":\"https:\/\/portaltela.pt\/noticias\/2026\/03\/25\/mae-e-tres-filhas-em-risco-de-ficar-sem-casa-pedem-ajuda-a-camara-de-oeiras\/#breadcrumb\"},\"inLanguage\":\"pt-PT\",\"potentialAction\":[{\"@type\":\"ReadAction\",\"target\":[\"https:\/\/portaltela.pt\/noticias\/2026\/03\/25\/mae-e-tres-filhas-em-risco-de-ficar-sem-casa-pedem-ajuda-a-camara-de-oeiras\/\"]}]},{\"@type\":\"ImageObject\",\"inLanguage\":\"pt-PT\",\"@id\":\"https:\/\/portaltela.pt\/noticias\/2026\/03\/25\/mae-e-tres-filhas-em-risco-de-ficar-sem-casa-pedem-ajuda-a-camara-de-oeiras\/#primaryimage\",\"url\":\"https:\/\/portaltela.pt\/s.01k8rhncp4jt1\/2026\/03\/img_1280x722uu2026-03-25-12-12-06-2274723.jpg\",\"contentUrl\":\"https:\/\/portaltela.pt\/s.01k8rhncp4jt1\/2026\/03\/img_1280x722uu2026-03-25-12-12-06-2274723.jpg\",\"width\":796,\"height\":448,\"caption\":\"M\u00e3e e tr\u00eas filhas em risco de ficar sem casa. Fam\u00edlia est\u00e1 desesperada e pede ajuda \u00e0 C\u00e2mara Municipal de Oeiras\"},{\"@type\":\"BreadcrumbList\",\"@id\":\"https:\/\/portaltela.pt\/noticias\/2026\/03\/25\/mae-e-tres-filhas-em-risco-de-ficar-sem-casa-pedem-ajuda-a-camara-de-oeiras\/#breadcrumb\",\"itemListElement\":[{\"@type\":\"ListItem\",\"position\":1,\"name\":\"In\u00edcio\",\"item\":\"https:\/\/portaltela.pt\/\"},{\"@type\":\"ListItem\",\"position\":2,\"name\":\"M\u00e3e e tr\u00eas filhas em risco de ficar sem casa pedem ajuda \u00e0 C\u00e2mara de Oeiras\"}]},{\"@type\":\"WebSite\",\"@id\":\"https:\/\/portaltela.pt\/#website\",\"url\":\"https:\/\/portaltela.pt\/\",\"name\":\"Portal Tela Portugal\",\"description\":\"\",\"potentialAction\":[{\"@type\":\"SearchAction\",\"target\":{\"@type\":\"EntryPoint\",\"urlTemplate\":\"https:\/\/portaltela.pt\/?s={search_term_string}\"},\"query-input\":{\"@type\":\"PropertyValueSpecification\",\"valueRequired\":true,\"valueName\":\"search_term_string\"}}],\"inLanguage\":\"pt-PT\"},{\"@type\":\"Person\",\"@id\":\"https:\/\/portaltela.pt\/#\/schema\/person\/c4278d4a6028830caff9ee44b42d32ed\",\"name\":\"Telinha\",\"image\":{\"@type\":\"ImageObject\",\"inLanguage\":\"pt-PT\",\"@id\":\"https:\/\/portaltela.pt\/s.01k8rhncp4jt1\/2025\/11\/talking-bot-125x125.png\",\"url\":\"https:\/\/portaltela.pt\/s.01k8rhncp4jt1\/2025\/11\/talking-bot-125x125.png\",\"contentUrl\":\"https:\/\/portaltela.pt\/s.01k8rhncp4jt1\/2025\/11\/talking-bot-125x125.png\",\"caption\":\"Telinha\"},\"sameAs\":[\"https:\/\/portaltela.pt\/\"],\"url\":\"https:\/\/portaltela.pt\/por\/367410592786\/\"}]}<\/script>\n<!-- \/ Yoast SEO plugin. -->","yoast_head_json":{"title":"M\u00e3e e tr\u00eas filhas em risco de ficar sem casa pedem ajuda \u00e0 C\u00e2mara de Oeiras - Portal Tela Portugal","robots":{"index":"index","follow":"follow","max-snippet":"max-snippet:-1","max-image-preview":"max-image-preview:large","max-video-preview":"max-video-preview:-1"},"og_locale":"pt_PT","og_type":"article","og_title":"M\u00e3e e tr\u00eas filhas em risco de ficar sem casa pedem ajuda \u00e0 C\u00e2mara de Oeiras - Portal Tela Portugal","og_description":"Em fevereiro de 2025 houve um inc\u00eandio que destruiu o apartamento de Marina, em Oeiras, onde vivia com as tr\u00eas filhas. A C\u00e2mara Municipal de Oeiras arranjou uma casa provis\u00f3ria para a fam\u00edlia ap\u00f3s o fogo. A fam\u00edlia tem agora uma ordem de despejo para o dia 31 de mar\u00e7o. Marina e as filhas pedem ajuda para evitar o despejo e assegurar uma solu\u00e7\u00e3o habitacional est\u00e1vel. A C\u00e2mara Municipal de Oeiras ainda n\u00e3o se pronunciou oficialmente sobre o caso, que evidencia vulnerabilidade habitacional.","og_url":"https:\/\/portaltela.pt\/noticias\/2026\/03\/25\/mae-e-tres-filhas-em-risco-de-ficar-sem-casa-pedem-ajuda-a-camara-de-oeiras\/","og_site_name":"Portal Tela Portugal","article_published_time":"2026-03-25T12:12:54+00:00","author":"Telinha","twitter_card":"summary_large_image","twitter_misc":{"Escrito por":"Telinha","Tempo estimado de leitura":"1 minuto"},"schema":{"@context":"https:\/\/schema.org","@graph":[{"@type":"Article","@id":"https:\/\/portaltela.pt\/noticias\/2026\/03\/25\/mae-e-tres-filhas-em-risco-de-ficar-sem-casa-pedem-ajuda-a-camara-de-oeiras\/#article","isPartOf":{"@id":"https:\/\/portaltela.pt\/noticias\/2026\/03\/25\/mae-e-tres-filhas-em-risco-de-ficar-sem-casa-pedem-ajuda-a-camara-de-oeiras\/"},"author":{"name":"Telinha","@id":"https:\/\/portaltela.pt\/#\/schema\/person\/c4278d4a6028830caff9ee44b42d32ed"},"headline":"M\u00e3e e tr\u00eas filhas em risco de ficar sem casa pedem ajuda \u00e0 C\u00e2mara de Oeiras","datePublished":"2026-03-25T12:12:54+00:00","mainEntityOfPage":{"@id":"https:\/\/portaltela.pt\/noticias\/2026\/03\/25\/mae-e-tres-filhas-em-risco-de-ficar-sem-casa-pedem-ajuda-a-camara-de-oeiras\/"},"wordCount":248,"image":{"@id":"https:\/\/portaltela.pt\/noticias\/2026\/03\/25\/mae-e-tres-filhas-em-risco-de-ficar-sem-casa-pedem-ajuda-a-camara-de-oeiras\/#primaryimage"},"thumbnailUrl":"https:\/\/portaltela.pt\/s.01k8rhncp4jt1\/2026\/03\/img_1280x722uu2026-03-25-12-12-06-2274723.jpg","keywords":["assist\u00eancia social","C\u00e2mara Municipal","despejos","emerg\u00eancia","habita\u00e7\u00e3o","Oeiras"],"articleSection":["Not\u00edcias","Sociedade"],"inLanguage":"pt-PT"},{"@type":"WebPage","@id":"https:\/\/portaltela.pt\/noticias\/2026\/03\/25\/mae-e-tres-filhas-em-risco-de-ficar-sem-casa-pedem-ajuda-a-camara-de-oeiras\/","url":"https:\/\/portaltela.pt\/noticias\/2026\/03\/25\/mae-e-tres-filhas-em-risco-de-ficar-sem-casa-pedem-ajuda-a-camara-de-oeiras\/","name":"M\u00e3e e tr\u00eas filhas em risco de ficar sem casa pedem ajuda \u00e0 C\u00e2mara de Oeiras - Portal Tela Portugal","isPartOf":{"@id":"https:\/\/portaltela.pt\/#website"},"primaryImageOfPage":{"@id":"https:\/\/portaltela.pt\/noticias\/2026\/03\/25\/mae-e-tres-filhas-em-risco-de-ficar-sem-casa-pedem-ajuda-a-camara-de-oeiras\/#primaryimage"},"image":{"@id":"https:\/\/portaltela.pt\/noticias\/2026\/03\/25\/mae-e-tres-filhas-em-risco-de-ficar-sem-casa-pedem-ajuda-a-camara-de-oeiras\/#primaryimage"},"thumbnailUrl":"https:\/\/portaltela.pt\/s.01k8rhncp4jt1\/2026\/03\/img_1280x722uu2026-03-25-12-12-06-2274723.jpg","datePublished":"2026-03-25T12:12:54+00:00","author":{"@id":"https:\/\/portaltela.pt\/#\/schema\/person\/c4278d4a6028830caff9ee44b42d32ed"},"breadcrumb":{"@id":"https:\/\/portaltela.pt\/noticias\/2026\/03\/25\/mae-e-tres-filhas-em-risco-de-ficar-sem-casa-pedem-ajuda-a-camara-de-oeiras\/#breadcrumb"},"inLanguage":"pt-PT","potentialAction":[{"@type":"ReadAction","target":["https:\/\/portaltela.pt\/noticias\/2026\/03\/25\/mae-e-tres-filhas-em-risco-de-ficar-sem-casa-pedem-ajuda-a-camara-de-oeiras\/"]}]},{"@type":"ImageObject","inLanguage":"pt-PT","@id":"https:\/\/portaltela.pt\/noticias\/2026\/03\/25\/mae-e-tres-filhas-em-risco-de-ficar-sem-casa-pedem-ajuda-a-camara-de-oeiras\/#primaryimage","url":"https:\/\/portaltela.pt\/s.01k8rhncp4jt1\/2026\/03\/img_1280x722uu2026-03-25-12-12-06-2274723.jpg","contentUrl":"https:\/\/portaltela.pt\/s.01k8rhncp4jt1\/2026\/03\/img_1280x722uu2026-03-25-12-12-06-2274723.jpg","width":796,"height":448,"caption":"M\u00e3e e tr\u00eas filhas em risco de ficar sem casa. Fam\u00edlia est\u00e1 desesperada e pede ajuda \u00e0 C\u00e2mara Municipal de Oeiras"},{"@type":"BreadcrumbList","@id":"https:\/\/portaltela.pt\/noticias\/2026\/03\/25\/mae-e-tres-filhas-em-risco-de-ficar-sem-casa-pedem-ajuda-a-camara-de-oeiras\/#breadcrumb","itemListElement":[{"@type":"ListItem","position":1,"name":"In\u00edcio","item":"https:\/\/portaltela.pt\/"},{"@type":"ListItem","position":2,"name":"M\u00e3e e tr\u00eas filhas em risco de ficar sem casa pedem ajuda \u00e0 C\u00e2mara de Oeiras"}]},{"@type":"WebSite","@id":"https:\/\/portaltela.pt\/#website","url":"https:\/\/portaltela.pt\/","name":"Portal Tela Portugal","description":"","potentialAction":[{"@type":"SearchAction","target":{"@type":"EntryPoint","urlTemplate":"https:\/\/portaltela.pt\/?s={search_term_string}"},"query-input":{"@type":"PropertyValueSpecification","valueRequired":true,"valueName":"search_term_string"}}],"inLanguage":"pt-PT"},{"@type":"Person","@id":"https:\/\/portaltela.pt\/#\/schema\/person\/c4278d4a6028830caff9ee44b42d32ed","name":"Telinha","image":{"@type":"ImageObject","inLanguage":"pt-PT","@id":"https:\/\/portaltela.pt\/s.01k8rhncp4jt1\/2025\/11\/talking-bot-125x125.png","url":"https:\/\/portaltela.pt\/s.01k8rhncp4jt1\/2025\/11\/talking-bot-125x125.png","contentUrl":"https:\/\/portaltela.pt\/s.01k8rhncp4jt1\/2025\/11\/talking-bot-125x125.png","caption":"Telinha"},"sameAs":["https:\/\/portaltela.pt\/"],"url":"https:\/\/portaltela.pt\/por\/367410592786\/"}]}},"_links":{"self":[{"href":"https:\/\/portaltela.pt\/api\/wp\/v2\/posts\/420766","targetHints":{"allow":["GET"]}}],"collection":[{"href":"https:\/\/portaltela.pt\/api\/wp\/v2\/posts"}],"about":[{"href":"https:\/\/portaltela.pt\/api\/wp\/v2\/types\/post"}],"author":[{"embeddable":true,"href":"https:\/\/portaltela.pt\/api\/wp\/v2\/users\/2"}],"replies":[{"embeddable":true,"href":"https:\/\/portaltela.pt\/api\/wp\/v2\/comments?post=420766"}],"version-history":[{"count":0,"href":"https:\/\/portaltela.pt\/api\/wp\/v2\/posts\/420766\/revisions"}],"wp:featuredmedia":[{"embeddable":true,"href":"https:\/\/portaltela.pt\/api\/wp\/v2\/media\/420772"}],"wp:attachment":[{"href":"https:\/\/portaltela.pt\/api\/wp\/v2\/media?parent=420766"}],"wp:term":[{"taxonomy":"category","embeddable":true,"href":"https:\/\/portaltela.pt\/api\/wp\/v2\/categories?post=420766"},{"taxonomy":"post_tag","embeddable":true,"href":"https:\/\/portaltela.pt\/api\/wp\/v2\/tags?post=420766"}],"curies":[{"name":"wp","href":"https:\/\/api.w.org\/{rel}","templated":true}]}}