{"id":420758,"date":"2026-03-25T09:16:55","date_gmt":"2026-03-25T12:16:55","guid":{"rendered":"https:\/\/portaltela.pt\/noticias\/2026\/03\/25\/detidos-tres-suspeitos-de-planear-atentado-em-espanha\/"},"modified":"2026-03-25T09:16:55","modified_gmt":"2026-03-25T12:16:55","slug":"detidos-tres-suspeitos-de-planear-atentado-em-espanha","status":"publish","type":"post","link":"https:\/\/portaltela.pt\/seguranca\/2026\/03\/25\/detidos-tres-suspeitos-de-planear-atentado-em-espanha\/","title":{"rendered":"Detidos tr\u00eas suspeitos de planear atentado em Espanha"},"content":{"rendered":"<p>Duas deten\u00e7\u00f5es ocorreram em Tangier e Palma, numa opera\u00e7\u00e3o conjunta entre a Pol\u00edcia Nacional de Espanha e a DGST de Marrocos. Tr\u00eas suspeitos foram detidos por alegada filia\u00e7\u00e3o a uma c\u00e9lula jihadista que planeava um atentado em territ\u00f3rio espanhol.<\/p>\n<p>Segundo as autoridades, o l\u00edder da c\u00e9lula coordenava a planifica\u00e7\u00e3o do ataque, que seria levado a cabo por um indiv\u00edduo que atuaria como lobo solit\u00e1rio. Os outros dois detidos estariam envolvidos no financiamento e no apoio log\u00edstico a combatentes ligados ao Estado Isl\u00e2mico no Sahel e na Som\u00e1lia.<\/p>\n<p>A investiga\u00e7\u00e3o aponta liga\u00e7\u00f5es com redes jihadistas ativas na \u00c1frica subsariana, onde o ascendente poder dessas organiza\u00e7\u00f5es nas \u00faltimas d\u00e9cadas tem aumentado a instabilidade regional. A autoridade n\u00e3o divulgou detalhes sobre o alvo ou o andamento do inqu\u00e9rito.<\/p>\n","protected":false},"excerpt":{"rendered":"<ul>\n<li>A Pol\u00edcia Nacional de Espanha, em colabora\u00e7\u00e3o com a Dire\u00e7\u00e3o-Geral de Vigil\u00e2ncia Territorial de Marrocos, deteve tr\u00eas suspeitos de pertencer a uma c\u00e9lula jihadista.<\/li>\n<li>Dois deten\u00e7\u00f5es deram-se na cidade de T\u00e2nger, a terceira em Palma, segundo fontes policiais.<\/li>\n<li>O grupo seria liderado por um alegado cabecilha que planeava um atentado em Espanha, possivelmente com a figura de um \u201clobo solit\u00e1rio\u201d.<\/li>\n<li>Os restantes dois detidos estariam envolvidos no financiamento e apoio log\u00edstico a combatentes ligados ao Estado Isl\u00e2mico no Sahel e na Som\u00e1lia.<\/li>\n<li>A investiga\u00e7\u00e3o aponta para liga\u00e7\u00f5es com redes jihadistas ativas na \u00c1frica subsariana, regi\u00e3o onde estes grupos t\u00eam ganhado for\u00e7a e representam uma amea\u00e7a para a seguran\u00e7a europeia.<\/li>\n<\/ul>\n","protected":false},"author":2,"featured_media":420761,"comment_status":"closed","ping_status":"closed","sticky":false,"template":"","format":"standard","meta":{"footnotes":""},"categories":[1,6779],"tags":[5227,2189,3625,2417,7453,4989],"class_list":["post-420758","post","type-post","status-publish","format-standard","has-post-thumbnail","hentry","category-noticias","category-seguranca","tag-africa","tag-espana","tag-estado-islamico","tag-financiamento","tag-jihadismo","tag-terrorismo"],"yoast_head":"<!-- This site is optimized with the Yoast SEO plugin v27.2 - https:\/\/yoast.com\/product\/yoast-seo-wordpress\/ -->\n<title>Detidos tr\u00eas suspeitos de planear atentado em Espanha - Portal Tela Portugal<\/title>\n<meta name=\"robots\" content=\"index, follow, max-snippet:-1, max-image-preview:large, max-video-preview:-1\" \/>\n<meta property=\"og:locale\" content=\"pt_PT\" \/>\n<meta property=\"og:type\" content=\"article\" \/>\n<meta property=\"og:title\" content=\"Detidos tr\u00eas suspeitos de planear atentado em Espanha - Portal Tela Portugal\" \/>\n<meta property=\"og:description\" content=\"A Pol\u00edcia Nacional de Espanha, em colabora\u00e7\u00e3o com a Dire\u00e7\u00e3o-Geral de Vigil\u00e2ncia Territorial de Marrocos, deteve tr\u00eas suspeitos de pertencer a uma c\u00e9lula jihadista. Dois deten\u00e7\u00f5es deram-se na cidade de T\u00e2nger, a terceira em Palma, segundo fontes policiais. O grupo seria liderado por um alegado cabecilha que planeava um atentado em Espanha, possivelmente com a figura de um \u201clobo solit\u00e1rio\u201d. Os restantes dois detidos estariam envolvidos no financiamento e apoio log\u00edstico a combatentes ligados ao Estado Isl\u00e2mico no Sahel e na Som\u00e1lia. A investiga\u00e7\u00e3o aponta para liga\u00e7\u00f5es com redes jihadistas ativas na \u00c1frica subsariana, regi\u00e3o onde estes grupos t\u00eam ganhado for\u00e7a e representam uma amea\u00e7a para a seguran\u00e7a europeia.\" \/>\n<meta property=\"og:url\" content=\"https:\/\/portaltela.pt\/noticias\/2026\/03\/25\/detidos-tres-suspeitos-de-planear-atentado-em-espanha\/\" \/>\n<meta property=\"og:site_name\" content=\"Portal Tela Portugal\" \/>\n<meta property=\"article:published_time\" content=\"2026-03-25T12:16:55+00:00\" \/>\n<meta name=\"author\" content=\"Telinha\" \/>\n<meta name=\"twitter:card\" content=\"summary_large_image\" \/>\n<meta name=\"twitter:label1\" content=\"Escrito por\" \/>\n\t<meta name=\"twitter:data1\" content=\"Telinha\" \/>\n\t<meta name=\"twitter:label2\" content=\"Tempo estimado de leitura\" \/>\n\t<meta name=\"twitter:data2\" content=\"1 minuto\" \/>\n<script type=\"application\/ld+json\" class=\"yoast-schema-graph\">{\"@context\":\"https:\/\/schema.org\",\"@graph\":[{\"@type\":\"Article\",\"@id\":\"https:\/\/portaltela.pt\/noticias\/2026\/03\/25\/detidos-tres-suspeitos-de-planear-atentado-em-espanha\/#article\",\"isPartOf\":{\"@id\":\"https:\/\/portaltela.pt\/noticias\/2026\/03\/25\/detidos-tres-suspeitos-de-planear-atentado-em-espanha\/\"},\"author\":{\"name\":\"Telinha\",\"@id\":\"https:\/\/portaltela.pt\/#\/schema\/person\/c4278d4a6028830caff9ee44b42d32ed\"},\"headline\":\"Detidos tr\u00eas suspeitos de planear atentado em Espanha\",\"datePublished\":\"2026-03-25T12:16:55+00:00\",\"mainEntityOfPage\":{\"@id\":\"https:\/\/portaltela.pt\/noticias\/2026\/03\/25\/detidos-tres-suspeitos-de-planear-atentado-em-espanha\/\"},\"wordCount\":155,\"image\":{\"@id\":\"https:\/\/portaltela.pt\/noticias\/2026\/03\/25\/detidos-tres-suspeitos-de-planear-atentado-em-espanha\/#primaryimage\"},\"thumbnailUrl\":\"https:\/\/portaltela.pt\/s.01k8rhncp4jt1\/2026\/03\/1536x864_cmsv2_95cc274b-2926-59cf-bf0c-e733ec4f2697-9522348.jpg\",\"keywords\":[\"\u00c1frica\",\"Espa\u00f1a\",\"Estado Isl\u00e2mico\",\"financiamento\",\"jihadismo\",\"terrorismo\"],\"articleSection\":[\"Not\u00edcias\",\"Seguran\u00e7a\"],\"inLanguage\":\"pt-PT\"},{\"@type\":\"WebPage\",\"@id\":\"https:\/\/portaltela.pt\/noticias\/2026\/03\/25\/detidos-tres-suspeitos-de-planear-atentado-em-espanha\/\",\"url\":\"https:\/\/portaltela.pt\/noticias\/2026\/03\/25\/detidos-tres-suspeitos-de-planear-atentado-em-espanha\/\",\"name\":\"Detidos tr\u00eas suspeitos de planear atentado em Espanha - Portal Tela Portugal\",\"isPartOf\":{\"@id\":\"https:\/\/portaltela.pt\/#website\"},\"primaryImageOfPage\":{\"@id\":\"https:\/\/portaltela.pt\/noticias\/2026\/03\/25\/detidos-tres-suspeitos-de-planear-atentado-em-espanha\/#primaryimage\"},\"image\":{\"@id\":\"https:\/\/portaltela.pt\/noticias\/2026\/03\/25\/detidos-tres-suspeitos-de-planear-atentado-em-espanha\/#primaryimage\"},\"thumbnailUrl\":\"https:\/\/portaltela.pt\/s.01k8rhncp4jt1\/2026\/03\/1536x864_cmsv2_95cc274b-2926-59cf-bf0c-e733ec4f2697-9522348.jpg\",\"datePublished\":\"2026-03-25T12:16:55+00:00\",\"author\":{\"@id\":\"https:\/\/portaltela.pt\/#\/schema\/person\/c4278d4a6028830caff9ee44b42d32ed\"},\"breadcrumb\":{\"@id\":\"https:\/\/portaltela.pt\/noticias\/2026\/03\/25\/detidos-tres-suspeitos-de-planear-atentado-em-espanha\/#breadcrumb\"},\"inLanguage\":\"pt-PT\",\"potentialAction\":[{\"@type\":\"ReadAction\",\"target\":[\"https:\/\/portaltela.pt\/noticias\/2026\/03\/25\/detidos-tres-suspeitos-de-planear-atentado-em-espanha\/\"]}]},{\"@type\":\"ImageObject\",\"inLanguage\":\"pt-PT\",\"@id\":\"https:\/\/portaltela.pt\/noticias\/2026\/03\/25\/detidos-tres-suspeitos-de-planear-atentado-em-espanha\/#primaryimage\",\"url\":\"https:\/\/portaltela.pt\/s.01k8rhncp4jt1\/2026\/03\/1536x864_cmsv2_95cc274b-2926-59cf-bf0c-e733ec4f2697-9522348.jpg\",\"contentUrl\":\"https:\/\/portaltela.pt\/s.01k8rhncp4jt1\/2026\/03\/1536x864_cmsv2_95cc274b-2926-59cf-bf0c-e733ec4f2697-9522348.jpg\",\"width\":796,\"height\":448,\"caption\":\"Um carro da pol\u00edcia.\"},{\"@type\":\"BreadcrumbList\",\"@id\":\"https:\/\/portaltela.pt\/noticias\/2026\/03\/25\/detidos-tres-suspeitos-de-planear-atentado-em-espanha\/#breadcrumb\",\"itemListElement\":[{\"@type\":\"ListItem\",\"position\":1,\"name\":\"In\u00edcio\",\"item\":\"https:\/\/portaltela.pt\/\"},{\"@type\":\"ListItem\",\"position\":2,\"name\":\"Detidos tr\u00eas suspeitos de planear atentado em Espanha\"}]},{\"@type\":\"WebSite\",\"@id\":\"https:\/\/portaltela.pt\/#website\",\"url\":\"https:\/\/portaltela.pt\/\",\"name\":\"Portal Tela Portugal\",\"description\":\"\",\"potentialAction\":[{\"@type\":\"SearchAction\",\"target\":{\"@type\":\"EntryPoint\",\"urlTemplate\":\"https:\/\/portaltela.pt\/?s={search_term_string}\"},\"query-input\":{\"@type\":\"PropertyValueSpecification\",\"valueRequired\":true,\"valueName\":\"search_term_string\"}}],\"inLanguage\":\"pt-PT\"},{\"@type\":\"Person\",\"@id\":\"https:\/\/portaltela.pt\/#\/schema\/person\/c4278d4a6028830caff9ee44b42d32ed\",\"name\":\"Telinha\",\"image\":{\"@type\":\"ImageObject\",\"inLanguage\":\"pt-PT\",\"@id\":\"https:\/\/portaltela.pt\/s.01k8rhncp4jt1\/2025\/11\/talking-bot-125x125.png\",\"url\":\"https:\/\/portaltela.pt\/s.01k8rhncp4jt1\/2025\/11\/talking-bot-125x125.png\",\"contentUrl\":\"https:\/\/portaltela.pt\/s.01k8rhncp4jt1\/2025\/11\/talking-bot-125x125.png\",\"caption\":\"Telinha\"},\"sameAs\":[\"https:\/\/portaltela.pt\/\"],\"url\":\"https:\/\/portaltela.pt\/por\/367410592786\/\"}]}<\/script>\n<!-- \/ Yoast SEO plugin. -->","yoast_head_json":{"title":"Detidos tr\u00eas suspeitos de planear atentado em Espanha - Portal Tela Portugal","robots":{"index":"index","follow":"follow","max-snippet":"max-snippet:-1","max-image-preview":"max-image-preview:large","max-video-preview":"max-video-preview:-1"},"og_locale":"pt_PT","og_type":"article","og_title":"Detidos tr\u00eas suspeitos de planear atentado em Espanha - Portal Tela Portugal","og_description":"A Pol\u00edcia Nacional de Espanha, em colabora\u00e7\u00e3o com a Dire\u00e7\u00e3o-Geral de Vigil\u00e2ncia Territorial de Marrocos, deteve tr\u00eas suspeitos de pertencer a uma c\u00e9lula jihadista. Dois deten\u00e7\u00f5es deram-se na cidade de T\u00e2nger, a terceira em Palma, segundo fontes policiais. O grupo seria liderado por um alegado cabecilha que planeava um atentado em Espanha, possivelmente com a figura de um \u201clobo solit\u00e1rio\u201d. Os restantes dois detidos estariam envolvidos no financiamento e apoio log\u00edstico a combatentes ligados ao Estado Isl\u00e2mico no Sahel e na Som\u00e1lia. A investiga\u00e7\u00e3o aponta para liga\u00e7\u00f5es com redes jihadistas ativas na \u00c1frica subsariana, regi\u00e3o onde estes grupos t\u00eam ganhado for\u00e7a e representam uma amea\u00e7a para a seguran\u00e7a europeia.","og_url":"https:\/\/portaltela.pt\/noticias\/2026\/03\/25\/detidos-tres-suspeitos-de-planear-atentado-em-espanha\/","og_site_name":"Portal Tela Portugal","article_published_time":"2026-03-25T12:16:55+00:00","author":"Telinha","twitter_card":"summary_large_image","twitter_misc":{"Escrito por":"Telinha","Tempo estimado de leitura":"1 minuto"},"schema":{"@context":"https:\/\/schema.org","@graph":[{"@type":"Article","@id":"https:\/\/portaltela.pt\/noticias\/2026\/03\/25\/detidos-tres-suspeitos-de-planear-atentado-em-espanha\/#article","isPartOf":{"@id":"https:\/\/portaltela.pt\/noticias\/2026\/03\/25\/detidos-tres-suspeitos-de-planear-atentado-em-espanha\/"},"author":{"name":"Telinha","@id":"https:\/\/portaltela.pt\/#\/schema\/person\/c4278d4a6028830caff9ee44b42d32ed"},"headline":"Detidos tr\u00eas suspeitos de planear atentado em Espanha","datePublished":"2026-03-25T12:16:55+00:00","mainEntityOfPage":{"@id":"https:\/\/portaltela.pt\/noticias\/2026\/03\/25\/detidos-tres-suspeitos-de-planear-atentado-em-espanha\/"},"wordCount":155,"image":{"@id":"https:\/\/portaltela.pt\/noticias\/2026\/03\/25\/detidos-tres-suspeitos-de-planear-atentado-em-espanha\/#primaryimage"},"thumbnailUrl":"https:\/\/portaltela.pt\/s.01k8rhncp4jt1\/2026\/03\/1536x864_cmsv2_95cc274b-2926-59cf-bf0c-e733ec4f2697-9522348.jpg","keywords":["\u00c1frica","Espa\u00f1a","Estado Isl\u00e2mico","financiamento","jihadismo","terrorismo"],"articleSection":["Not\u00edcias","Seguran\u00e7a"],"inLanguage":"pt-PT"},{"@type":"WebPage","@id":"https:\/\/portaltela.pt\/noticias\/2026\/03\/25\/detidos-tres-suspeitos-de-planear-atentado-em-espanha\/","url":"https:\/\/portaltela.pt\/noticias\/2026\/03\/25\/detidos-tres-suspeitos-de-planear-atentado-em-espanha\/","name":"Detidos tr\u00eas suspeitos de planear atentado em Espanha - Portal Tela Portugal","isPartOf":{"@id":"https:\/\/portaltela.pt\/#website"},"primaryImageOfPage":{"@id":"https:\/\/portaltela.pt\/noticias\/2026\/03\/25\/detidos-tres-suspeitos-de-planear-atentado-em-espanha\/#primaryimage"},"image":{"@id":"https:\/\/portaltela.pt\/noticias\/2026\/03\/25\/detidos-tres-suspeitos-de-planear-atentado-em-espanha\/#primaryimage"},"thumbnailUrl":"https:\/\/portaltela.pt\/s.01k8rhncp4jt1\/2026\/03\/1536x864_cmsv2_95cc274b-2926-59cf-bf0c-e733ec4f2697-9522348.jpg","datePublished":"2026-03-25T12:16:55+00:00","author":{"@id":"https:\/\/portaltela.pt\/#\/schema\/person\/c4278d4a6028830caff9ee44b42d32ed"},"breadcrumb":{"@id":"https:\/\/portaltela.pt\/noticias\/2026\/03\/25\/detidos-tres-suspeitos-de-planear-atentado-em-espanha\/#breadcrumb"},"inLanguage":"pt-PT","potentialAction":[{"@type":"ReadAction","target":["https:\/\/portaltela.pt\/noticias\/2026\/03\/25\/detidos-tres-suspeitos-de-planear-atentado-em-espanha\/"]}]},{"@type":"ImageObject","inLanguage":"pt-PT","@id":"https:\/\/portaltela.pt\/noticias\/2026\/03\/25\/detidos-tres-suspeitos-de-planear-atentado-em-espanha\/#primaryimage","url":"https:\/\/portaltela.pt\/s.01k8rhncp4jt1\/2026\/03\/1536x864_cmsv2_95cc274b-2926-59cf-bf0c-e733ec4f2697-9522348.jpg","contentUrl":"https:\/\/portaltela.pt\/s.01k8rhncp4jt1\/2026\/03\/1536x864_cmsv2_95cc274b-2926-59cf-bf0c-e733ec4f2697-9522348.jpg","width":796,"height":448,"caption":"Um carro da pol\u00edcia."},{"@type":"BreadcrumbList","@id":"https:\/\/portaltela.pt\/noticias\/2026\/03\/25\/detidos-tres-suspeitos-de-planear-atentado-em-espanha\/#breadcrumb","itemListElement":[{"@type":"ListItem","position":1,"name":"In\u00edcio","item":"https:\/\/portaltela.pt\/"},{"@type":"ListItem","position":2,"name":"Detidos tr\u00eas suspeitos de planear atentado em Espanha"}]},{"@type":"WebSite","@id":"https:\/\/portaltela.pt\/#website","url":"https:\/\/portaltela.pt\/","name":"Portal Tela Portugal","description":"","potentialAction":[{"@type":"SearchAction","target":{"@type":"EntryPoint","urlTemplate":"https:\/\/portaltela.pt\/?s={search_term_string}"},"query-input":{"@type":"PropertyValueSpecification","valueRequired":true,"valueName":"search_term_string"}}],"inLanguage":"pt-PT"},{"@type":"Person","@id":"https:\/\/portaltela.pt\/#\/schema\/person\/c4278d4a6028830caff9ee44b42d32ed","name":"Telinha","image":{"@type":"ImageObject","inLanguage":"pt-PT","@id":"https:\/\/portaltela.pt\/s.01k8rhncp4jt1\/2025\/11\/talking-bot-125x125.png","url":"https:\/\/portaltela.pt\/s.01k8rhncp4jt1\/2025\/11\/talking-bot-125x125.png","contentUrl":"https:\/\/portaltela.pt\/s.01k8rhncp4jt1\/2025\/11\/talking-bot-125x125.png","caption":"Telinha"},"sameAs":["https:\/\/portaltela.pt\/"],"url":"https:\/\/portaltela.pt\/por\/367410592786\/"}]}},"_links":{"self":[{"href":"https:\/\/portaltela.pt\/api\/wp\/v2\/posts\/420758","targetHints":{"allow":["GET"]}}],"collection":[{"href":"https:\/\/portaltela.pt\/api\/wp\/v2\/posts"}],"about":[{"href":"https:\/\/portaltela.pt\/api\/wp\/v2\/types\/post"}],"author":[{"embeddable":true,"href":"https:\/\/portaltela.pt\/api\/wp\/v2\/users\/2"}],"replies":[{"embeddable":true,"href":"https:\/\/portaltela.pt\/api\/wp\/v2\/comments?post=420758"}],"version-history":[{"count":0,"href":"https:\/\/portaltela.pt\/api\/wp\/v2\/posts\/420758\/revisions"}],"wp:featuredmedia":[{"embeddable":true,"href":"https:\/\/portaltela.pt\/api\/wp\/v2\/media\/420761"}],"wp:attachment":[{"href":"https:\/\/portaltela.pt\/api\/wp\/v2\/media?parent=420758"}],"wp:term":[{"taxonomy":"category","embeddable":true,"href":"https:\/\/portaltela.pt\/api\/wp\/v2\/categories?post=420758"},{"taxonomy":"post_tag","embeddable":true,"href":"https:\/\/portaltela.pt\/api\/wp\/v2\/tags?post=420758"}],"curies":[{"name":"wp","href":"https:\/\/api.w.org\/{rel}","templated":true}]}}