{"id":420736,"date":"2026-03-25T09:02:32","date_gmt":"2026-03-25T12:02:32","guid":{"rendered":"https:\/\/portaltela.pt\/noticias\/2026\/03\/25\/vaticano-autoriza-transplantes-de-orgaos-de-animais-para-catolicos\/"},"modified":"2026-03-25T09:02:32","modified_gmt":"2026-03-25T12:02:32","slug":"vaticano-autoriza-transplantes-de-orgaos-de-animais-para-catolicos","status":"publish","type":"post","link":"https:\/\/portaltela.pt\/noticias\/2026\/03\/25\/vaticano-autoriza-transplantes-de-orgaos-de-animais-para-catolicos\/","title":{"rendered":"Vaticano autoriza transplantes de \u00f3rg\u00e3os de animais para cat\u00f3licos"},"content":{"rendered":"<p>O Vaticano publicou um novo documento da Pontif\u00edcia Academia para a Vida que define crit\u00e9rios m\u00e9dicos e \u00e9ticos sobre transplantes de \u00f3rg\u00e3os de animais para pessoas. A divulga\u00e7\u00e3o ocorreu na ter\u00e7a-feira, 24 de mar\u00e7o, em Vaticano City.<\/p>\n<p>As novas orienta\u00e7\u00f5es afirmam que a teologia cat\u00f3lica n\u00e3o impede o uso de animais como fonte de \u00f3rg\u00e3os, tecidos ou c\u00e9lulas para transplantes, desde que sejam aplicados os mesmos padr\u00f5es de bio\u00e9tica que orientam as demais interven\u00e7\u00f5es m\u00e9dicas.<\/p>\n<p>O documento destaca que as quest\u00f5es \u00e9ticas da xenotransplanta\u00e7\u00e3o n\u00e3o podem ser separadas da considera\u00e7\u00e3o da dignidade da pessoa humana nem do bem-estar dos animais que fornecem o material.<\/p>\n<p>As orienta\u00e7\u00f5es foram desenvolvidas com especialistas da \u00c1ustria, It\u00e1lia, Pa\u00edses Baixos e Estados Unidos, acompanhando o avan\u00e7o da biotecnologia e a aproxima\u00e7\u00e3o de aplica\u00e7\u00f5es cl\u00ednicas dessas pr\u00e1ticas.<\/p>\n<p>Apesar da progress\u00e3o, o Vaticano lembra que o transplante de \u00f3rg\u00e3os continua limitado pela escassez de material humano, apontando que estudos indicam que apenas entre 5% e 10% da demanda global \u00e9 atendida.<\/p>\n<p>A xenotransplanta\u00e7\u00e3o \u00e9 apresentada como possibilidade a longo prazo para ampliar o fornecimento de \u00f3rg\u00e3os, tecidos e c\u00e9lulas, reduzindo a car\u00eancia cr\u00f4nica de dadores humanos.<\/p>\n<p>Entre as condi\u00e7\u00f5es impostas, o documento orienta que os procedimentos devem ocorrer apenas quando necess\u00e1rios e proporcionados, sem modifica\u00e7\u00f5es gen\u00e9ticas que possam afetar a biodiversidade, e com prote\u00e7\u00e3o contra sofrimento animal desnecess\u00e1rio.<\/p>\n<p>O texto tamb\u00e9m enfatiza a necessidade de evitar altera\u00e7\u00f5es intencionais no genoma do recetor, para n\u00e3o comprometer a identidade pessoal do paciente.<\/p>\n<p>Como exce\u00e7\u00e3o, o documento admite que tratamentos celulares no c\u00e9rebro, usados para corrigir defici\u00eancias fisiol\u00f3gicas, podem ser eticamente aceit\u00e1veis, desde que n\u00e3o haja riscos relevantes \u00e0 identidade do doente.<\/p>\n","protected":false},"excerpt":{"rendered":"<ul>\n<li>O Vaticano publicou um documento da Pontif\u00edcia Academia para a Vida sobre xenotransplanta\u00e7\u00e3o, definindo crit\u00e9rios m\u00e9dicos e \u00e9ticos para transplantes de \u00f3rg\u00e3os de animais para humanos.<\/li>\n<li>A Igreja afirma que n\u00e3o h\u00e1 obje\u00e7\u00f5es religiosas ao uso de animais como fonte de \u00f3rg\u00e3os, tecidos ou c\u00e9lulas, desde que se apliquem os mesmos padr\u00f5es de bio\u00e9tica das interven\u00e7\u00f5es m\u00e9dicas.<\/li>\n<li>As orienta\u00e7\u00f5es destacam que as quest\u00f5es \u00e9ticas devem considerar a dignidade da pessoa humana e o bem-estar dos animais que fornecem o material.<\/li>\n<li>Embora os transplantes comecem a ganhar express\u00e3o, a escassez de \u00f3rg\u00e3os humanos continua a limitar as interven\u00e7\u00f5es; a xenotransplanta\u00e7\u00e3o poderia ampliar o fornecimento.<\/li>\n<li>O documento estabelece condi\u00e7\u00f5es: utiliza\u00e7\u00e3o apenas quando necess\u00e1ria, evitar modifica\u00e7\u00f5es gen\u00e9ticas que alterem a biodiversidade e impedir sofrimento animal desnecess\u00e1rio; n\u00e3o se pode transferir genes que afetem a identidade do recetor em casos sens\u00edveis, como c\u00e9rebro, exceto em terapias celulares cerebrais associadas a d\u00e9ficits fisiol\u00f3gicos que possam ser eticamente admiss\u00edveis.<\/li>\n<\/ul>\n","protected":false},"author":2,"featured_media":420742,"comment_status":"closed","ping_status":"closed","sticky":false,"template":"","format":"standard","meta":{"footnotes":""},"categories":[7371,1],"tags":[3091,1992,7211,172,271,5128],"class_list":["post-420736","post","type-post","status-publish","format-standard","has-post-thumbnail","hentry","category-medicina","category-noticias","tag-animais","tag-ciencia","tag-medicina","tag-saude","tag-saude-publica","tag-transplantes"],"yoast_head":"<!-- This site is optimized with the Yoast SEO plugin v27.2 - https:\/\/yoast.com\/product\/yoast-seo-wordpress\/ -->\n<title>Vaticano autoriza transplantes de \u00f3rg\u00e3os de animais para cat\u00f3licos - Portal Tela Portugal<\/title>\n<meta name=\"robots\" content=\"index, follow, max-snippet:-1, max-image-preview:large, max-video-preview:-1\" \/>\n<meta property=\"og:locale\" content=\"pt_PT\" \/>\n<meta property=\"og:type\" content=\"article\" \/>\n<meta property=\"og:title\" content=\"Vaticano autoriza transplantes de \u00f3rg\u00e3os de animais para cat\u00f3licos - Portal Tela Portugal\" \/>\n<meta property=\"og:description\" content=\"O Vaticano publicou um documento da Pontif\u00edcia Academia para a Vida sobre xenotransplanta\u00e7\u00e3o, definindo crit\u00e9rios m\u00e9dicos e \u00e9ticos para transplantes de \u00f3rg\u00e3os de animais para humanos. A Igreja afirma que n\u00e3o h\u00e1 obje\u00e7\u00f5es religiosas ao uso de animais como fonte de \u00f3rg\u00e3os, tecidos ou c\u00e9lulas, desde que se apliquem os mesmos padr\u00f5es de bio\u00e9tica das interven\u00e7\u00f5es m\u00e9dicas. As orienta\u00e7\u00f5es destacam que as quest\u00f5es \u00e9ticas devem considerar a dignidade da pessoa humana e o bem-estar dos animais que fornecem o material. Embora os transplantes comecem a ganhar express\u00e3o, a escassez de \u00f3rg\u00e3os humanos continua a limitar as interven\u00e7\u00f5es; a xenotransplanta\u00e7\u00e3o poderia ampliar o fornecimento. O documento estabelece condi\u00e7\u00f5es: utiliza\u00e7\u00e3o apenas quando necess\u00e1ria, evitar modifica\u00e7\u00f5es gen\u00e9ticas que alterem a biodiversidade e impedir sofrimento animal desnecess\u00e1rio; n\u00e3o se pode transferir genes que afetem a identidade do recetor em casos sens\u00edveis, como c\u00e9rebro, exceto em terapias celulares cerebrais associadas a d\u00e9ficits fisiol\u00f3gicos que possam ser eticamente admiss\u00edveis.\" \/>\n<meta property=\"og:url\" content=\"https:\/\/portaltela.pt\/noticias\/2026\/03\/25\/vaticano-autoriza-transplantes-de-orgaos-de-animais-para-catolicos\/\" \/>\n<meta property=\"og:site_name\" content=\"Portal Tela Portugal\" \/>\n<meta property=\"article:published_time\" content=\"2026-03-25T12:02:32+00:00\" \/>\n<meta name=\"author\" content=\"Telinha\" \/>\n<meta name=\"twitter:card\" content=\"summary_large_image\" \/>\n<meta name=\"twitter:label1\" content=\"Escrito por\" \/>\n\t<meta name=\"twitter:data1\" content=\"Telinha\" \/>\n\t<meta name=\"twitter:label2\" content=\"Tempo estimado de leitura\" \/>\n\t<meta name=\"twitter:data2\" content=\"2 minutos\" \/>\n<script type=\"application\/ld+json\" class=\"yoast-schema-graph\">{\"@context\":\"https:\/\/schema.org\",\"@graph\":[{\"@type\":\"Article\",\"@id\":\"https:\/\/portaltela.pt\/noticias\/2026\/03\/25\/vaticano-autoriza-transplantes-de-orgaos-de-animais-para-catolicos\/#article\",\"isPartOf\":{\"@id\":\"https:\/\/portaltela.pt\/noticias\/2026\/03\/25\/vaticano-autoriza-transplantes-de-orgaos-de-animais-para-catolicos\/\"},\"author\":{\"name\":\"Telinha\",\"@id\":\"https:\/\/portaltela.pt\/#\/schema\/person\/c4278d4a6028830caff9ee44b42d32ed\"},\"headline\":\"Vaticano autoriza transplantes de \u00f3rg\u00e3os de animais para cat\u00f3licos\",\"datePublished\":\"2026-03-25T12:02:32+00:00\",\"mainEntityOfPage\":{\"@id\":\"https:\/\/portaltela.pt\/noticias\/2026\/03\/25\/vaticano-autoriza-transplantes-de-orgaos-de-animais-para-catolicos\/\"},\"wordCount\":327,\"image\":{\"@id\":\"https:\/\/portaltela.pt\/noticias\/2026\/03\/25\/vaticano-autoriza-transplantes-de-orgaos-de-animais-para-catolicos\/#primaryimage\"},\"thumbnailUrl\":\"https:\/\/portaltela.pt\/s.01k8rhncp4jt1\/2026\/03\/1536x864_cmsv2_c384fdbd-f43f-57ce-b7e9-7e50136e1e29-9697733.jpg\",\"keywords\":[\"animais\",\"ci\u00eancia\",\"medicina\",\"sa\u00fade\",\"sa\u00fade p\u00fablica\",\"transplantes\"],\"articleSection\":[\"Medicina\",\"Not\u00edcias\"],\"inLanguage\":\"pt-PT\"},{\"@type\":\"WebPage\",\"@id\":\"https:\/\/portaltela.pt\/noticias\/2026\/03\/25\/vaticano-autoriza-transplantes-de-orgaos-de-animais-para-catolicos\/\",\"url\":\"https:\/\/portaltela.pt\/noticias\/2026\/03\/25\/vaticano-autoriza-transplantes-de-orgaos-de-animais-para-catolicos\/\",\"name\":\"Vaticano autoriza transplantes de \u00f3rg\u00e3os de animais para cat\u00f3licos - Portal Tela Portugal\",\"isPartOf\":{\"@id\":\"https:\/\/portaltela.pt\/#website\"},\"primaryImageOfPage\":{\"@id\":\"https:\/\/portaltela.pt\/noticias\/2026\/03\/25\/vaticano-autoriza-transplantes-de-orgaos-de-animais-para-catolicos\/#primaryimage\"},\"image\":{\"@id\":\"https:\/\/portaltela.pt\/noticias\/2026\/03\/25\/vaticano-autoriza-transplantes-de-orgaos-de-animais-para-catolicos\/#primaryimage\"},\"thumbnailUrl\":\"https:\/\/portaltela.pt\/s.01k8rhncp4jt1\/2026\/03\/1536x864_cmsv2_c384fdbd-f43f-57ce-b7e9-7e50136e1e29-9697733.jpg\",\"datePublished\":\"2026-03-25T12:02:32+00:00\",\"author\":{\"@id\":\"https:\/\/portaltela.pt\/#\/schema\/person\/c4278d4a6028830caff9ee44b42d32ed\"},\"breadcrumb\":{\"@id\":\"https:\/\/portaltela.pt\/noticias\/2026\/03\/25\/vaticano-autoriza-transplantes-de-orgaos-de-animais-para-catolicos\/#breadcrumb\"},\"inLanguage\":\"pt-PT\",\"potentialAction\":[{\"@type\":\"ReadAction\",\"target\":[\"https:\/\/portaltela.pt\/noticias\/2026\/03\/25\/vaticano-autoriza-transplantes-de-orgaos-de-animais-para-catolicos\/\"]}]},{\"@type\":\"ImageObject\",\"inLanguage\":\"pt-PT\",\"@id\":\"https:\/\/portaltela.pt\/noticias\/2026\/03\/25\/vaticano-autoriza-transplantes-de-orgaos-de-animais-para-catolicos\/#primaryimage\",\"url\":\"https:\/\/portaltela.pt\/s.01k8rhncp4jt1\/2026\/03\/1536x864_cmsv2_c384fdbd-f43f-57ce-b7e9-7e50136e1e29-9697733.jpg\",\"contentUrl\":\"https:\/\/portaltela.pt\/s.01k8rhncp4jt1\/2026\/03\/1536x864_cmsv2_c384fdbd-f43f-57ce-b7e9-7e50136e1e29-9697733.jpg\",\"width\":796,\"height\":448,\"caption\":\"Papa Le\u00e3o XIV cumprimenta fi\u00e9is \u00e0 chegada \u00e0 Pra\u00e7a de S\u00e3o Pedro para a audi\u00eancia geral semanal, no Vaticano, quarta-feira, 25 de mar\u00e7o de 2026.\"},{\"@type\":\"BreadcrumbList\",\"@id\":\"https:\/\/portaltela.pt\/noticias\/2026\/03\/25\/vaticano-autoriza-transplantes-de-orgaos-de-animais-para-catolicos\/#breadcrumb\",\"itemListElement\":[{\"@type\":\"ListItem\",\"position\":1,\"name\":\"In\u00edcio\",\"item\":\"https:\/\/portaltela.pt\/\"},{\"@type\":\"ListItem\",\"position\":2,\"name\":\"Vaticano autoriza transplantes de \u00f3rg\u00e3os de animais para cat\u00f3licos\"}]},{\"@type\":\"WebSite\",\"@id\":\"https:\/\/portaltela.pt\/#website\",\"url\":\"https:\/\/portaltela.pt\/\",\"name\":\"Portal Tela Portugal\",\"description\":\"\",\"potentialAction\":[{\"@type\":\"SearchAction\",\"target\":{\"@type\":\"EntryPoint\",\"urlTemplate\":\"https:\/\/portaltela.pt\/?s={search_term_string}\"},\"query-input\":{\"@type\":\"PropertyValueSpecification\",\"valueRequired\":true,\"valueName\":\"search_term_string\"}}],\"inLanguage\":\"pt-PT\"},{\"@type\":\"Person\",\"@id\":\"https:\/\/portaltela.pt\/#\/schema\/person\/c4278d4a6028830caff9ee44b42d32ed\",\"name\":\"Telinha\",\"image\":{\"@type\":\"ImageObject\",\"inLanguage\":\"pt-PT\",\"@id\":\"https:\/\/portaltela.pt\/s.01k8rhncp4jt1\/2025\/11\/talking-bot-125x125.png\",\"url\":\"https:\/\/portaltela.pt\/s.01k8rhncp4jt1\/2025\/11\/talking-bot-125x125.png\",\"contentUrl\":\"https:\/\/portaltela.pt\/s.01k8rhncp4jt1\/2025\/11\/talking-bot-125x125.png\",\"caption\":\"Telinha\"},\"sameAs\":[\"https:\/\/portaltela.pt\/\"],\"url\":\"https:\/\/portaltela.pt\/por\/367410592786\/\"}]}<\/script>\n<!-- \/ Yoast SEO plugin. -->","yoast_head_json":{"title":"Vaticano autoriza transplantes de \u00f3rg\u00e3os de animais para cat\u00f3licos - Portal Tela Portugal","robots":{"index":"index","follow":"follow","max-snippet":"max-snippet:-1","max-image-preview":"max-image-preview:large","max-video-preview":"max-video-preview:-1"},"og_locale":"pt_PT","og_type":"article","og_title":"Vaticano autoriza transplantes de \u00f3rg\u00e3os de animais para cat\u00f3licos - Portal Tela Portugal","og_description":"O Vaticano publicou um documento da Pontif\u00edcia Academia para a Vida sobre xenotransplanta\u00e7\u00e3o, definindo crit\u00e9rios m\u00e9dicos e \u00e9ticos para transplantes de \u00f3rg\u00e3os de animais para humanos. A Igreja afirma que n\u00e3o h\u00e1 obje\u00e7\u00f5es religiosas ao uso de animais como fonte de \u00f3rg\u00e3os, tecidos ou c\u00e9lulas, desde que se apliquem os mesmos padr\u00f5es de bio\u00e9tica das interven\u00e7\u00f5es m\u00e9dicas. As orienta\u00e7\u00f5es destacam que as quest\u00f5es \u00e9ticas devem considerar a dignidade da pessoa humana e o bem-estar dos animais que fornecem o material. Embora os transplantes comecem a ganhar express\u00e3o, a escassez de \u00f3rg\u00e3os humanos continua a limitar as interven\u00e7\u00f5es; a xenotransplanta\u00e7\u00e3o poderia ampliar o fornecimento. O documento estabelece condi\u00e7\u00f5es: utiliza\u00e7\u00e3o apenas quando necess\u00e1ria, evitar modifica\u00e7\u00f5es gen\u00e9ticas que alterem a biodiversidade e impedir sofrimento animal desnecess\u00e1rio; n\u00e3o se pode transferir genes que afetem a identidade do recetor em casos sens\u00edveis, como c\u00e9rebro, exceto em terapias celulares cerebrais associadas a d\u00e9ficits fisiol\u00f3gicos que possam ser eticamente admiss\u00edveis.","og_url":"https:\/\/portaltela.pt\/noticias\/2026\/03\/25\/vaticano-autoriza-transplantes-de-orgaos-de-animais-para-catolicos\/","og_site_name":"Portal Tela Portugal","article_published_time":"2026-03-25T12:02:32+00:00","author":"Telinha","twitter_card":"summary_large_image","twitter_misc":{"Escrito por":"Telinha","Tempo estimado de leitura":"2 minutos"},"schema":{"@context":"https:\/\/schema.org","@graph":[{"@type":"Article","@id":"https:\/\/portaltela.pt\/noticias\/2026\/03\/25\/vaticano-autoriza-transplantes-de-orgaos-de-animais-para-catolicos\/#article","isPartOf":{"@id":"https:\/\/portaltela.pt\/noticias\/2026\/03\/25\/vaticano-autoriza-transplantes-de-orgaos-de-animais-para-catolicos\/"},"author":{"name":"Telinha","@id":"https:\/\/portaltela.pt\/#\/schema\/person\/c4278d4a6028830caff9ee44b42d32ed"},"headline":"Vaticano autoriza transplantes de \u00f3rg\u00e3os de animais para cat\u00f3licos","datePublished":"2026-03-25T12:02:32+00:00","mainEntityOfPage":{"@id":"https:\/\/portaltela.pt\/noticias\/2026\/03\/25\/vaticano-autoriza-transplantes-de-orgaos-de-animais-para-catolicos\/"},"wordCount":327,"image":{"@id":"https:\/\/portaltela.pt\/noticias\/2026\/03\/25\/vaticano-autoriza-transplantes-de-orgaos-de-animais-para-catolicos\/#primaryimage"},"thumbnailUrl":"https:\/\/portaltela.pt\/s.01k8rhncp4jt1\/2026\/03\/1536x864_cmsv2_c384fdbd-f43f-57ce-b7e9-7e50136e1e29-9697733.jpg","keywords":["animais","ci\u00eancia","medicina","sa\u00fade","sa\u00fade p\u00fablica","transplantes"],"articleSection":["Medicina","Not\u00edcias"],"inLanguage":"pt-PT"},{"@type":"WebPage","@id":"https:\/\/portaltela.pt\/noticias\/2026\/03\/25\/vaticano-autoriza-transplantes-de-orgaos-de-animais-para-catolicos\/","url":"https:\/\/portaltela.pt\/noticias\/2026\/03\/25\/vaticano-autoriza-transplantes-de-orgaos-de-animais-para-catolicos\/","name":"Vaticano autoriza transplantes de \u00f3rg\u00e3os de animais para cat\u00f3licos - Portal Tela Portugal","isPartOf":{"@id":"https:\/\/portaltela.pt\/#website"},"primaryImageOfPage":{"@id":"https:\/\/portaltela.pt\/noticias\/2026\/03\/25\/vaticano-autoriza-transplantes-de-orgaos-de-animais-para-catolicos\/#primaryimage"},"image":{"@id":"https:\/\/portaltela.pt\/noticias\/2026\/03\/25\/vaticano-autoriza-transplantes-de-orgaos-de-animais-para-catolicos\/#primaryimage"},"thumbnailUrl":"https:\/\/portaltela.pt\/s.01k8rhncp4jt1\/2026\/03\/1536x864_cmsv2_c384fdbd-f43f-57ce-b7e9-7e50136e1e29-9697733.jpg","datePublished":"2026-03-25T12:02:32+00:00","author":{"@id":"https:\/\/portaltela.pt\/#\/schema\/person\/c4278d4a6028830caff9ee44b42d32ed"},"breadcrumb":{"@id":"https:\/\/portaltela.pt\/noticias\/2026\/03\/25\/vaticano-autoriza-transplantes-de-orgaos-de-animais-para-catolicos\/#breadcrumb"},"inLanguage":"pt-PT","potentialAction":[{"@type":"ReadAction","target":["https:\/\/portaltela.pt\/noticias\/2026\/03\/25\/vaticano-autoriza-transplantes-de-orgaos-de-animais-para-catolicos\/"]}]},{"@type":"ImageObject","inLanguage":"pt-PT","@id":"https:\/\/portaltela.pt\/noticias\/2026\/03\/25\/vaticano-autoriza-transplantes-de-orgaos-de-animais-para-catolicos\/#primaryimage","url":"https:\/\/portaltela.pt\/s.01k8rhncp4jt1\/2026\/03\/1536x864_cmsv2_c384fdbd-f43f-57ce-b7e9-7e50136e1e29-9697733.jpg","contentUrl":"https:\/\/portaltela.pt\/s.01k8rhncp4jt1\/2026\/03\/1536x864_cmsv2_c384fdbd-f43f-57ce-b7e9-7e50136e1e29-9697733.jpg","width":796,"height":448,"caption":"Papa Le\u00e3o XIV cumprimenta fi\u00e9is \u00e0 chegada \u00e0 Pra\u00e7a de S\u00e3o Pedro para a audi\u00eancia geral semanal, no Vaticano, quarta-feira, 25 de mar\u00e7o de 2026."},{"@type":"BreadcrumbList","@id":"https:\/\/portaltela.pt\/noticias\/2026\/03\/25\/vaticano-autoriza-transplantes-de-orgaos-de-animais-para-catolicos\/#breadcrumb","itemListElement":[{"@type":"ListItem","position":1,"name":"In\u00edcio","item":"https:\/\/portaltela.pt\/"},{"@type":"ListItem","position":2,"name":"Vaticano autoriza transplantes de \u00f3rg\u00e3os de animais para cat\u00f3licos"}]},{"@type":"WebSite","@id":"https:\/\/portaltela.pt\/#website","url":"https:\/\/portaltela.pt\/","name":"Portal Tela Portugal","description":"","potentialAction":[{"@type":"SearchAction","target":{"@type":"EntryPoint","urlTemplate":"https:\/\/portaltela.pt\/?s={search_term_string}"},"query-input":{"@type":"PropertyValueSpecification","valueRequired":true,"valueName":"search_term_string"}}],"inLanguage":"pt-PT"},{"@type":"Person","@id":"https:\/\/portaltela.pt\/#\/schema\/person\/c4278d4a6028830caff9ee44b42d32ed","name":"Telinha","image":{"@type":"ImageObject","inLanguage":"pt-PT","@id":"https:\/\/portaltela.pt\/s.01k8rhncp4jt1\/2025\/11\/talking-bot-125x125.png","url":"https:\/\/portaltela.pt\/s.01k8rhncp4jt1\/2025\/11\/talking-bot-125x125.png","contentUrl":"https:\/\/portaltela.pt\/s.01k8rhncp4jt1\/2025\/11\/talking-bot-125x125.png","caption":"Telinha"},"sameAs":["https:\/\/portaltela.pt\/"],"url":"https:\/\/portaltela.pt\/por\/367410592786\/"}]}},"_links":{"self":[{"href":"https:\/\/portaltela.pt\/api\/wp\/v2\/posts\/420736","targetHints":{"allow":["GET"]}}],"collection":[{"href":"https:\/\/portaltela.pt\/api\/wp\/v2\/posts"}],"about":[{"href":"https:\/\/portaltela.pt\/api\/wp\/v2\/types\/post"}],"author":[{"embeddable":true,"href":"https:\/\/portaltela.pt\/api\/wp\/v2\/users\/2"}],"replies":[{"embeddable":true,"href":"https:\/\/portaltela.pt\/api\/wp\/v2\/comments?post=420736"}],"version-history":[{"count":0,"href":"https:\/\/portaltela.pt\/api\/wp\/v2\/posts\/420736\/revisions"}],"wp:featuredmedia":[{"embeddable":true,"href":"https:\/\/portaltela.pt\/api\/wp\/v2\/media\/420742"}],"wp:attachment":[{"href":"https:\/\/portaltela.pt\/api\/wp\/v2\/media?parent=420736"}],"wp:term":[{"taxonomy":"category","embeddable":true,"href":"https:\/\/portaltela.pt\/api\/wp\/v2\/categories?post=420736"},{"taxonomy":"post_tag","embeddable":true,"href":"https:\/\/portaltela.pt\/api\/wp\/v2\/tags?post=420736"}],"curies":[{"name":"wp","href":"https:\/\/api.w.org\/{rel}","templated":true}]}}