{"id":420735,"date":"2026-03-25T08:55:00","date_gmt":"2026-03-25T11:55:00","guid":{"rendered":"https:\/\/portaltela.pt\/noticias\/2026\/03\/25\/menina-nasce-dentro-de-carro-num-parque-empresarial-junto-a-en125-em-loule\/"},"modified":"2026-03-25T08:55:00","modified_gmt":"2026-03-25T11:55:00","slug":"menina-nasce-dentro-de-carro-num-parque-empresarial-junto-a-en125-em-loule","status":"publish","type":"post","link":"https:\/\/portaltela.pt\/sociedade\/2026\/03\/25\/menina-nasce-dentro-de-carro-num-parque-empresarial-junto-a-en125-em-loule\/","title":{"rendered":"Menina nasce dentro de carro num parque empresarial junto \u00e0 EN125 em Loul\u00e9"},"content":{"rendered":"<p>Em 25 de mar\u00e7o de 2026, \u00e0s 11:55, uma menina nasceu dentro de um carro estacionado num parque de uma empresa, junto \u00e0 EN125, em Loul\u00e9. Os pais seguiam numa viatura pr\u00f3pria em direc\u00e7\u00e3o ao hospital de Faro, por indica\u00e7\u00e3o do CODU, ap\u00f3s as \u00e1guas terem rebentado.<\/p>\n<p>A m\u00e3e e a rec\u00e9m-nascida receberam assist\u00eancia de funcion\u00e1rios da empresa e de equipas da Cruz Vermelha Portuguesa e do INEM, que chegaram ao local para prestar os primeiros cuidados.<\/p>\n<p>As autoridades confirmam que as equipas estiveram no terreno para garantir o atendimento imediato e o encaminhamento adequado. N\u00e3o foram divulgadas informa\u00e7\u00f5es adicionais sobre o estado de sa\u00fade da crian\u00e7a no momento.<\/p>\n<h3>Assist\u00eancia no local<\/h3>\n<p>A opera\u00e7\u00e3o envolveu a coordena\u00e7\u00e3o entre elementos da empresa, da Cruz Vermelha e do INEM, com foco na estabiliza\u00e7\u00e3o r\u00e1pida da m\u00e3e e da beb\u00e9. O incidente ocorreu antes da viagem para Faro. A atua\u00e7\u00e3o r\u00e1pida foi determinante para o desfecho inicial.<\/p>\n","protected":false},"excerpt":{"rendered":"<ul>\n<li>A menina nasceu dentro de um carro no parque de uma empresa junto \u00e0 EN125, em Loul\u00e9.<\/li>\n<li>Os pais seguiam numa viatura pr\u00f3pria para o hospital de Faro, por indica\u00e7\u00e3o do CODU (Centro de Opera\u00e7\u00f5es de Emerg\u00eancia M\u00e9dica), ap\u00f3s as \u00e1guas terem rebentado.<\/li>\n<li>M\u00e3e e beb\u00e9 receberam assist\u00eancia de funcion\u00e1rios da empresa, da Cruz Vermelha e do INEM.<\/li>\n<li>O parto ocorreu a 25 de mar\u00e7o de 2026, cerca das 11h55.<\/li>\n<li>N\u00e3o foram anunciadas condi\u00e7\u00f5es de sa\u00fade adicionais; a situa\u00e7\u00e3o foi tratada pelas equipas presentes.<\/li>\n<\/ul>\n","protected":false},"author":2,"featured_media":420740,"comment_status":"closed","ping_status":"closed","sticky":false,"template":"","format":"standard","meta":{"footnotes":""},"categories":[6745,6871],"tags":[928,2319,2599,960,1922,2302],"class_list":["post-420735","post","type-post","status-publish","format-standard","has-post-thumbnail","hentry","category-saude","category-sociedade","tag-algarve","tag-codu","tag-cruz-vermelha-portuguesa","tag-emergencia-pre-hospitalar","tag-inem","tag-loule"],"yoast_head":"<!-- This site is optimized with the Yoast SEO plugin v27.2 - https:\/\/yoast.com\/product\/yoast-seo-wordpress\/ -->\n<title>Menina nasce dentro de carro num parque empresarial junto \u00e0 EN125 em Loul\u00e9 - Portal Tela Portugal<\/title>\n<meta name=\"robots\" content=\"index, follow, max-snippet:-1, max-image-preview:large, max-video-preview:-1\" \/>\n<meta property=\"og:locale\" content=\"pt_PT\" \/>\n<meta property=\"og:type\" content=\"article\" \/>\n<meta property=\"og:title\" content=\"Menina nasce dentro de carro num parque empresarial junto \u00e0 EN125 em Loul\u00e9 - Portal Tela Portugal\" \/>\n<meta property=\"og:description\" content=\"A menina nasceu dentro de um carro no parque de uma empresa junto \u00e0 EN125, em Loul\u00e9. Os pais seguiam numa viatura pr\u00f3pria para o hospital de Faro, por indica\u00e7\u00e3o do CODU (Centro de Opera\u00e7\u00f5es de Emerg\u00eancia M\u00e9dica), ap\u00f3s as \u00e1guas terem rebentado. M\u00e3e e beb\u00e9 receberam assist\u00eancia de funcion\u00e1rios da empresa, da Cruz Vermelha e do INEM. O parto ocorreu a 25 de mar\u00e7o de 2026, cerca das 11h55. N\u00e3o foram anunciadas condi\u00e7\u00f5es de sa\u00fade adicionais; a situa\u00e7\u00e3o foi tratada pelas equipas presentes.\" \/>\n<meta property=\"og:url\" content=\"https:\/\/portaltela.pt\/noticias\/2026\/03\/25\/menina-nasce-dentro-de-carro-num-parque-empresarial-junto-a-en125-em-loule\/\" \/>\n<meta property=\"og:site_name\" content=\"Portal Tela Portugal\" \/>\n<meta property=\"article:published_time\" content=\"2026-03-25T11:55:00+00:00\" \/>\n<meta name=\"author\" content=\"Telinha\" \/>\n<meta name=\"twitter:card\" content=\"summary_large_image\" \/>\n<meta name=\"twitter:label1\" content=\"Escrito por\" \/>\n\t<meta name=\"twitter:data1\" content=\"Telinha\" \/>\n\t<meta name=\"twitter:label2\" content=\"Tempo estimado de leitura\" \/>\n\t<meta name=\"twitter:data2\" content=\"1 minuto\" \/>\n<script type=\"application\/ld+json\" class=\"yoast-schema-graph\">{\"@context\":\"https:\/\/schema.org\",\"@graph\":[{\"@type\":\"Article\",\"@id\":\"https:\/\/portaltela.pt\/noticias\/2026\/03\/25\/menina-nasce-dentro-de-carro-num-parque-empresarial-junto-a-en125-em-loule\/#article\",\"isPartOf\":{\"@id\":\"https:\/\/portaltela.pt\/noticias\/2026\/03\/25\/menina-nasce-dentro-de-carro-num-parque-empresarial-junto-a-en125-em-loule\/\"},\"author\":{\"name\":\"Telinha\",\"@id\":\"https:\/\/portaltela.pt\/#\/schema\/person\/c4278d4a6028830caff9ee44b42d32ed\"},\"headline\":\"Menina nasce dentro de carro num parque empresarial junto \u00e0 EN125 em Loul\u00e9\",\"datePublished\":\"2026-03-25T11:55:00+00:00\",\"mainEntityOfPage\":{\"@id\":\"https:\/\/portaltela.pt\/noticias\/2026\/03\/25\/menina-nasce-dentro-de-carro-num-parque-empresarial-junto-a-en125-em-loule\/\"},\"wordCount\":183,\"image\":{\"@id\":\"https:\/\/portaltela.pt\/noticias\/2026\/03\/25\/menina-nasce-dentro-de-carro-num-parque-empresarial-junto-a-en125-em-loule\/#primaryimage\"},\"thumbnailUrl\":\"https:\/\/portaltela.pt\/s.01k8rhncp4jt1\/2026\/03\/img_1280x722uu2026-03-24-17-53-17-2274588.jpg\",\"keywords\":[\"Algarve\",\"CODU\",\"Cruz Vermelha Portuguesa\",\"emerg\u00eancia pr\u00e9-hospitalar\",\"INEM\",\"Loul\u00e9\"],\"articleSection\":[\"Sa\u00fade\",\"Sociedade\"],\"inLanguage\":\"pt-PT\"},{\"@type\":\"WebPage\",\"@id\":\"https:\/\/portaltela.pt\/noticias\/2026\/03\/25\/menina-nasce-dentro-de-carro-num-parque-empresarial-junto-a-en125-em-loule\/\",\"url\":\"https:\/\/portaltela.pt\/noticias\/2026\/03\/25\/menina-nasce-dentro-de-carro-num-parque-empresarial-junto-a-en125-em-loule\/\",\"name\":\"Menina nasce dentro de carro num parque empresarial junto \u00e0 EN125 em Loul\u00e9 - Portal Tela Portugal\",\"isPartOf\":{\"@id\":\"https:\/\/portaltela.pt\/#website\"},\"primaryImageOfPage\":{\"@id\":\"https:\/\/portaltela.pt\/noticias\/2026\/03\/25\/menina-nasce-dentro-de-carro-num-parque-empresarial-junto-a-en125-em-loule\/#primaryimage\"},\"image\":{\"@id\":\"https:\/\/portaltela.pt\/noticias\/2026\/03\/25\/menina-nasce-dentro-de-carro-num-parque-empresarial-junto-a-en125-em-loule\/#primaryimage\"},\"thumbnailUrl\":\"https:\/\/portaltela.pt\/s.01k8rhncp4jt1\/2026\/03\/img_1280x722uu2026-03-24-17-53-17-2274588.jpg\",\"datePublished\":\"2026-03-25T11:55:00+00:00\",\"author\":{\"@id\":\"https:\/\/portaltela.pt\/#\/schema\/person\/c4278d4a6028830caff9ee44b42d32ed\"},\"breadcrumb\":{\"@id\":\"https:\/\/portaltela.pt\/noticias\/2026\/03\/25\/menina-nasce-dentro-de-carro-num-parque-empresarial-junto-a-en125-em-loule\/#breadcrumb\"},\"inLanguage\":\"pt-PT\",\"potentialAction\":[{\"@type\":\"ReadAction\",\"target\":[\"https:\/\/portaltela.pt\/noticias\/2026\/03\/25\/menina-nasce-dentro-de-carro-num-parque-empresarial-junto-a-en125-em-loule\/\"]}]},{\"@type\":\"ImageObject\",\"inLanguage\":\"pt-PT\",\"@id\":\"https:\/\/portaltela.pt\/noticias\/2026\/03\/25\/menina-nasce-dentro-de-carro-num-parque-empresarial-junto-a-en125-em-loule\/#primaryimage\",\"url\":\"https:\/\/portaltela.pt\/s.01k8rhncp4jt1\/2026\/03\/img_1280x722uu2026-03-24-17-53-17-2274588.jpg\",\"contentUrl\":\"https:\/\/portaltela.pt\/s.01k8rhncp4jt1\/2026\/03\/img_1280x722uu2026-03-24-17-53-17-2274588.jpg\",\"width\":1280,\"height\":722,\"caption\":\"Photo\"},{\"@type\":\"BreadcrumbList\",\"@id\":\"https:\/\/portaltela.pt\/noticias\/2026\/03\/25\/menina-nasce-dentro-de-carro-num-parque-empresarial-junto-a-en125-em-loule\/#breadcrumb\",\"itemListElement\":[{\"@type\":\"ListItem\",\"position\":1,\"name\":\"In\u00edcio\",\"item\":\"https:\/\/portaltela.pt\/\"},{\"@type\":\"ListItem\",\"position\":2,\"name\":\"Menina nasce dentro de carro num parque empresarial junto \u00e0 EN125 em Loul\u00e9\"}]},{\"@type\":\"WebSite\",\"@id\":\"https:\/\/portaltela.pt\/#website\",\"url\":\"https:\/\/portaltela.pt\/\",\"name\":\"Portal Tela Portugal\",\"description\":\"\",\"potentialAction\":[{\"@type\":\"SearchAction\",\"target\":{\"@type\":\"EntryPoint\",\"urlTemplate\":\"https:\/\/portaltela.pt\/?s={search_term_string}\"},\"query-input\":{\"@type\":\"PropertyValueSpecification\",\"valueRequired\":true,\"valueName\":\"search_term_string\"}}],\"inLanguage\":\"pt-PT\"},{\"@type\":\"Person\",\"@id\":\"https:\/\/portaltela.pt\/#\/schema\/person\/c4278d4a6028830caff9ee44b42d32ed\",\"name\":\"Telinha\",\"image\":{\"@type\":\"ImageObject\",\"inLanguage\":\"pt-PT\",\"@id\":\"https:\/\/portaltela.pt\/s.01k8rhncp4jt1\/2025\/11\/talking-bot-125x125.png\",\"url\":\"https:\/\/portaltela.pt\/s.01k8rhncp4jt1\/2025\/11\/talking-bot-125x125.png\",\"contentUrl\":\"https:\/\/portaltela.pt\/s.01k8rhncp4jt1\/2025\/11\/talking-bot-125x125.png\",\"caption\":\"Telinha\"},\"sameAs\":[\"https:\/\/portaltela.pt\/\"],\"url\":\"https:\/\/portaltela.pt\/por\/367410592786\/\"}]}<\/script>\n<!-- \/ Yoast SEO plugin. -->","yoast_head_json":{"title":"Menina nasce dentro de carro num parque empresarial junto \u00e0 EN125 em Loul\u00e9 - Portal Tela Portugal","robots":{"index":"index","follow":"follow","max-snippet":"max-snippet:-1","max-image-preview":"max-image-preview:large","max-video-preview":"max-video-preview:-1"},"og_locale":"pt_PT","og_type":"article","og_title":"Menina nasce dentro de carro num parque empresarial junto \u00e0 EN125 em Loul\u00e9 - Portal Tela Portugal","og_description":"A menina nasceu dentro de um carro no parque de uma empresa junto \u00e0 EN125, em Loul\u00e9. Os pais seguiam numa viatura pr\u00f3pria para o hospital de Faro, por indica\u00e7\u00e3o do CODU (Centro de Opera\u00e7\u00f5es de Emerg\u00eancia M\u00e9dica), ap\u00f3s as \u00e1guas terem rebentado. M\u00e3e e beb\u00e9 receberam assist\u00eancia de funcion\u00e1rios da empresa, da Cruz Vermelha e do INEM. O parto ocorreu a 25 de mar\u00e7o de 2026, cerca das 11h55. N\u00e3o foram anunciadas condi\u00e7\u00f5es de sa\u00fade adicionais; a situa\u00e7\u00e3o foi tratada pelas equipas presentes.","og_url":"https:\/\/portaltela.pt\/noticias\/2026\/03\/25\/menina-nasce-dentro-de-carro-num-parque-empresarial-junto-a-en125-em-loule\/","og_site_name":"Portal Tela Portugal","article_published_time":"2026-03-25T11:55:00+00:00","author":"Telinha","twitter_card":"summary_large_image","twitter_misc":{"Escrito por":"Telinha","Tempo estimado de leitura":"1 minuto"},"schema":{"@context":"https:\/\/schema.org","@graph":[{"@type":"Article","@id":"https:\/\/portaltela.pt\/noticias\/2026\/03\/25\/menina-nasce-dentro-de-carro-num-parque-empresarial-junto-a-en125-em-loule\/#article","isPartOf":{"@id":"https:\/\/portaltela.pt\/noticias\/2026\/03\/25\/menina-nasce-dentro-de-carro-num-parque-empresarial-junto-a-en125-em-loule\/"},"author":{"name":"Telinha","@id":"https:\/\/portaltela.pt\/#\/schema\/person\/c4278d4a6028830caff9ee44b42d32ed"},"headline":"Menina nasce dentro de carro num parque empresarial junto \u00e0 EN125 em Loul\u00e9","datePublished":"2026-03-25T11:55:00+00:00","mainEntityOfPage":{"@id":"https:\/\/portaltela.pt\/noticias\/2026\/03\/25\/menina-nasce-dentro-de-carro-num-parque-empresarial-junto-a-en125-em-loule\/"},"wordCount":183,"image":{"@id":"https:\/\/portaltela.pt\/noticias\/2026\/03\/25\/menina-nasce-dentro-de-carro-num-parque-empresarial-junto-a-en125-em-loule\/#primaryimage"},"thumbnailUrl":"https:\/\/portaltela.pt\/s.01k8rhncp4jt1\/2026\/03\/img_1280x722uu2026-03-24-17-53-17-2274588.jpg","keywords":["Algarve","CODU","Cruz Vermelha Portuguesa","emerg\u00eancia pr\u00e9-hospitalar","INEM","Loul\u00e9"],"articleSection":["Sa\u00fade","Sociedade"],"inLanguage":"pt-PT"},{"@type":"WebPage","@id":"https:\/\/portaltela.pt\/noticias\/2026\/03\/25\/menina-nasce-dentro-de-carro-num-parque-empresarial-junto-a-en125-em-loule\/","url":"https:\/\/portaltela.pt\/noticias\/2026\/03\/25\/menina-nasce-dentro-de-carro-num-parque-empresarial-junto-a-en125-em-loule\/","name":"Menina nasce dentro de carro num parque empresarial junto \u00e0 EN125 em Loul\u00e9 - Portal Tela Portugal","isPartOf":{"@id":"https:\/\/portaltela.pt\/#website"},"primaryImageOfPage":{"@id":"https:\/\/portaltela.pt\/noticias\/2026\/03\/25\/menina-nasce-dentro-de-carro-num-parque-empresarial-junto-a-en125-em-loule\/#primaryimage"},"image":{"@id":"https:\/\/portaltela.pt\/noticias\/2026\/03\/25\/menina-nasce-dentro-de-carro-num-parque-empresarial-junto-a-en125-em-loule\/#primaryimage"},"thumbnailUrl":"https:\/\/portaltela.pt\/s.01k8rhncp4jt1\/2026\/03\/img_1280x722uu2026-03-24-17-53-17-2274588.jpg","datePublished":"2026-03-25T11:55:00+00:00","author":{"@id":"https:\/\/portaltela.pt\/#\/schema\/person\/c4278d4a6028830caff9ee44b42d32ed"},"breadcrumb":{"@id":"https:\/\/portaltela.pt\/noticias\/2026\/03\/25\/menina-nasce-dentro-de-carro-num-parque-empresarial-junto-a-en125-em-loule\/#breadcrumb"},"inLanguage":"pt-PT","potentialAction":[{"@type":"ReadAction","target":["https:\/\/portaltela.pt\/noticias\/2026\/03\/25\/menina-nasce-dentro-de-carro-num-parque-empresarial-junto-a-en125-em-loule\/"]}]},{"@type":"ImageObject","inLanguage":"pt-PT","@id":"https:\/\/portaltela.pt\/noticias\/2026\/03\/25\/menina-nasce-dentro-de-carro-num-parque-empresarial-junto-a-en125-em-loule\/#primaryimage","url":"https:\/\/portaltela.pt\/s.01k8rhncp4jt1\/2026\/03\/img_1280x722uu2026-03-24-17-53-17-2274588.jpg","contentUrl":"https:\/\/portaltela.pt\/s.01k8rhncp4jt1\/2026\/03\/img_1280x722uu2026-03-24-17-53-17-2274588.jpg","width":1280,"height":722,"caption":"Photo"},{"@type":"BreadcrumbList","@id":"https:\/\/portaltela.pt\/noticias\/2026\/03\/25\/menina-nasce-dentro-de-carro-num-parque-empresarial-junto-a-en125-em-loule\/#breadcrumb","itemListElement":[{"@type":"ListItem","position":1,"name":"In\u00edcio","item":"https:\/\/portaltela.pt\/"},{"@type":"ListItem","position":2,"name":"Menina nasce dentro de carro num parque empresarial junto \u00e0 EN125 em Loul\u00e9"}]},{"@type":"WebSite","@id":"https:\/\/portaltela.pt\/#website","url":"https:\/\/portaltela.pt\/","name":"Portal Tela Portugal","description":"","potentialAction":[{"@type":"SearchAction","target":{"@type":"EntryPoint","urlTemplate":"https:\/\/portaltela.pt\/?s={search_term_string}"},"query-input":{"@type":"PropertyValueSpecification","valueRequired":true,"valueName":"search_term_string"}}],"inLanguage":"pt-PT"},{"@type":"Person","@id":"https:\/\/portaltela.pt\/#\/schema\/person\/c4278d4a6028830caff9ee44b42d32ed","name":"Telinha","image":{"@type":"ImageObject","inLanguage":"pt-PT","@id":"https:\/\/portaltela.pt\/s.01k8rhncp4jt1\/2025\/11\/talking-bot-125x125.png","url":"https:\/\/portaltela.pt\/s.01k8rhncp4jt1\/2025\/11\/talking-bot-125x125.png","contentUrl":"https:\/\/portaltela.pt\/s.01k8rhncp4jt1\/2025\/11\/talking-bot-125x125.png","caption":"Telinha"},"sameAs":["https:\/\/portaltela.pt\/"],"url":"https:\/\/portaltela.pt\/por\/367410592786\/"}]}},"_links":{"self":[{"href":"https:\/\/portaltela.pt\/api\/wp\/v2\/posts\/420735","targetHints":{"allow":["GET"]}}],"collection":[{"href":"https:\/\/portaltela.pt\/api\/wp\/v2\/posts"}],"about":[{"href":"https:\/\/portaltela.pt\/api\/wp\/v2\/types\/post"}],"author":[{"embeddable":true,"href":"https:\/\/portaltela.pt\/api\/wp\/v2\/users\/2"}],"replies":[{"embeddable":true,"href":"https:\/\/portaltela.pt\/api\/wp\/v2\/comments?post=420735"}],"version-history":[{"count":0,"href":"https:\/\/portaltela.pt\/api\/wp\/v2\/posts\/420735\/revisions"}],"wp:featuredmedia":[{"embeddable":true,"href":"https:\/\/portaltela.pt\/api\/wp\/v2\/media\/420740"}],"wp:attachment":[{"href":"https:\/\/portaltela.pt\/api\/wp\/v2\/media?parent=420735"}],"wp:term":[{"taxonomy":"category","embeddable":true,"href":"https:\/\/portaltela.pt\/api\/wp\/v2\/categories?post=420735"},{"taxonomy":"post_tag","embeddable":true,"href":"https:\/\/portaltela.pt\/api\/wp\/v2\/tags?post=420735"}],"curies":[{"name":"wp","href":"https:\/\/api.w.org\/{rel}","templated":true}]}}