{"id":420734,"date":"2026-03-25T08:39:33","date_gmt":"2026-03-25T11:39:33","guid":{"rendered":"https:\/\/portaltela.pt\/noticias\/2026\/03\/25\/isaltino-morais-acusado-de-peculato-moedas-arrisca-vereadora\/"},"modified":"2026-03-25T08:39:33","modified_gmt":"2026-03-25T11:39:33","slug":"isaltino-morais-acusado-de-peculato-moedas-arrisca-vereadora","status":"publish","type":"post","link":"https:\/\/portaltela.pt\/noticias\/2026\/03\/25\/isaltino-morais-acusado-de-peculato-moedas-arrisca-vereadora\/","title":{"rendered":"Isaltino Morais acusado de peculato; Moedas arrisca vereadora"},"content":{"rendered":"<p>Isaltino Morais \u00e9 acusado de peculato relacionado com refei\u00e7\u00f5es em Oeiras, numa informa\u00e7\u00e3o apresentada pelo Minist\u00e9rio P\u00fablico. A acusa\u00e7\u00e3o envolve gastos supostamente indevidos com almo\u00e7os que teriam ocorrido no \u00e2mbito de cargos pol\u00edticos. A investiga\u00e7\u00e3o foca-se na eventual utiliza\u00e7\u00e3o de recursos p\u00fablicos para fins privados.<\/p>\n<p>O caso envolve tamb\u00e9m Carlos Moedas, que, segundo a den\u00fancia, arrisca perder a posi\u00e7\u00e3o de vereadora de Lisboa, Joana Batista. O MP solicita a perda de mandato para os cargos que os acusados exercem ou exerciam, conforme o processo em curso. Todas as informa\u00e7\u00f5es apontam para uma atua\u00e7\u00e3o no \u00e2mbito de fun\u00e7\u00f5es p\u00fablicas.<\/p>\n<p>25 de mar\u00e7o de 2026, pela manh\u00e3, o Minist\u00e9rio P\u00fablico divulgou o pedido de afastamento tempor\u00e1rio ou definitivo dos mandatos, dependendo da fase processual. A fundamenta\u00e7\u00e3o baseia-se na necessidade de apurar irregularidades associadas aos almo\u00e7os em Oeiras, bem como a eventual conluio entre as partes. A defesa pode apresentar respostas judiciais nos pr\u00f3ximos dias.<\/p>\n<h3>Processo e pedidos do MP<\/h3>\n<p>O MP requere a perda de mandato para os cargos pol\u00edticos que os acusados ocupam, enquanto decorre o processo. A audi\u00eancia e os argumentos legais est\u00e3o agora em fase de prepara\u00e7\u00e3o pelas partes envolvidas. A defesa pode contestar as qualifica\u00e7\u00f5es de peculato ou a extens\u00e3o dos cargos abrangidos.<\/p>\n<p>As informa\u00e7\u00f5es dispon\u00edveis indicam uma liga\u00e7\u00e3o entre as atividades municipais e os gastos atribu\u00eddos aos almo\u00e7os. O objetivo do MP \u00e9 assegurar que eventuais irregularidades n\u00e3o afetem a fun\u00e7\u00e3o p\u00fablica nem o funcionamento das c\u00e2maras envolvidas. O caso est\u00e1 a desenvolver-se nos tribunais competentes.<\/p>\n<h3>Contexto p\u00fablico<\/h3>\n<p>Joana Batista, vereadora de Lisboa, figura entre os casos sinalizados pelo MP para perda de mandato. A situa\u00e7\u00e3o envolve ainda decis\u00f5es administrativas ligadas \u00e0s despesas da C\u00e2mara e a eventual responsabiliza\u00e7\u00e3o de outros elementos do \u00f3rg\u00e3o. O p\u00fablico fica informado sobre o desenrolar do processo conforme avan\u00e7am as dilig\u00eancias judiciais.<\/p>\n","protected":false},"excerpt":{"rendered":"<ul>\n<li>Minist\u00e9rio P\u00fablico pediu a perda de mandato para os cargos pol\u00edticos que os acusados estejam a desempenhar; a vereadora de Lisboa Joana Batista \u00e9 um desses casos.<\/li>\n<li>Isaltino Morais \u00e9 acusado de peculato relacionado com almo\u00e7os em Oeiras.<\/li>\n<li>Carlos Moedas arrisca perder uma vereadora no \u00e2mbito dos mesmos processos.<\/li>\n<li>O MP argumenta que as a\u00e7\u00f5es questionadas \u201cfazem parte da atividade normal da C\u00e2mara\u201d, enquanto Morais sustenta a legalidade dos gastos com refei\u00e7\u00f5es.<\/li>\n<li>Data da publica\u00e7\u00e3o: 25 de mar\u00e7o de 2026, \u00e0s 11:39.<\/li>\n<\/ul>\n","protected":false},"author":2,"featured_media":420738,"comment_status":"closed","ping_status":"closed","sticky":false,"template":"","format":"standard","meta":{"footnotes":""},"categories":[6815,1],"tags":[5449,3948,83,981,259,2832],"class_list":["post-420734","post","type-post","status-publish","format-standard","has-post-thumbnail","hentry","category-justica","category-noticias","tag-camara-municipal","tag-carlos-moedas","tag-corrupcao","tag-lisboa","tag-peculato","tag-politica"],"yoast_head":"<!-- This site is optimized with the Yoast SEO plugin v27.2 - https:\/\/yoast.com\/product\/yoast-seo-wordpress\/ -->\n<title>Isaltino Morais acusado de peculato; Moedas arrisca vereadora - Portal Tela Portugal<\/title>\n<meta name=\"robots\" content=\"index, follow, max-snippet:-1, max-image-preview:large, max-video-preview:-1\" \/>\n<meta property=\"og:locale\" content=\"pt_PT\" \/>\n<meta property=\"og:type\" content=\"article\" \/>\n<meta property=\"og:title\" content=\"Isaltino Morais acusado de peculato; Moedas arrisca vereadora - Portal Tela Portugal\" \/>\n<meta property=\"og:description\" content=\"Minist\u00e9rio P\u00fablico pediu a perda de mandato para os cargos pol\u00edticos que os acusados estejam a desempenhar; a vereadora de Lisboa Joana Batista \u00e9 um desses casos. Isaltino Morais \u00e9 acusado de peculato relacionado com almo\u00e7os em Oeiras. Carlos Moedas arrisca perder uma vereadora no \u00e2mbito dos mesmos processos. O MP argumenta que as a\u00e7\u00f5es questionadas \u201cfazem parte da atividade normal da C\u00e2mara\u201d, enquanto Morais sustenta a legalidade dos gastos com refei\u00e7\u00f5es. Data da publica\u00e7\u00e3o: 25 de mar\u00e7o de 2026, \u00e0s 11:39.\" \/>\n<meta property=\"og:url\" content=\"https:\/\/portaltela.pt\/noticias\/2026\/03\/25\/isaltino-morais-acusado-de-peculato-moedas-arrisca-vereadora\/\" \/>\n<meta property=\"og:site_name\" content=\"Portal Tela Portugal\" \/>\n<meta property=\"article:published_time\" content=\"2026-03-25T11:39:33+00:00\" \/>\n<meta name=\"author\" content=\"Telinha\" \/>\n<meta name=\"twitter:card\" content=\"summary_large_image\" \/>\n<meta name=\"twitter:label1\" content=\"Escrito por\" \/>\n\t<meta name=\"twitter:data1\" content=\"Telinha\" \/>\n\t<meta name=\"twitter:label2\" content=\"Tempo estimado de leitura\" \/>\n\t<meta name=\"twitter:data2\" content=\"2 minutos\" \/>\n<script type=\"application\/ld+json\" class=\"yoast-schema-graph\">{\"@context\":\"https:\/\/schema.org\",\"@graph\":[{\"@type\":\"Article\",\"@id\":\"https:\/\/portaltela.pt\/noticias\/2026\/03\/25\/isaltino-morais-acusado-de-peculato-moedas-arrisca-vereadora\/#article\",\"isPartOf\":{\"@id\":\"https:\/\/portaltela.pt\/noticias\/2026\/03\/25\/isaltino-morais-acusado-de-peculato-moedas-arrisca-vereadora\/\"},\"author\":{\"name\":\"Telinha\",\"@id\":\"https:\/\/portaltela.pt\/#\/schema\/person\/c4278d4a6028830caff9ee44b42d32ed\"},\"headline\":\"Isaltino Morais acusado de peculato; Moedas arrisca vereadora\",\"datePublished\":\"2026-03-25T11:39:33+00:00\",\"mainEntityOfPage\":{\"@id\":\"https:\/\/portaltela.pt\/noticias\/2026\/03\/25\/isaltino-morais-acusado-de-peculato-moedas-arrisca-vereadora\/\"},\"wordCount\":353,\"image\":{\"@id\":\"https:\/\/portaltela.pt\/noticias\/2026\/03\/25\/isaltino-morais-acusado-de-peculato-moedas-arrisca-vereadora\/#primaryimage\"},\"thumbnailUrl\":\"https:\/\/portaltela.pt\/s.01k8rhncp4jt1\/2026\/03\/img_400x516uu2026-03-25-01-30-00-2274659.jpg\",\"keywords\":[\"C\u00e2mara Municipal\",\"Carlos Moedas\",\"corrup\u00e7\u00e3o\",\"Lisboa\",\"peculato\",\"pol\u00edtica\"],\"articleSection\":[\"Justi\u00e7a\",\"Not\u00edcias\"],\"inLanguage\":\"pt-PT\"},{\"@type\":\"WebPage\",\"@id\":\"https:\/\/portaltela.pt\/noticias\/2026\/03\/25\/isaltino-morais-acusado-de-peculato-moedas-arrisca-vereadora\/\",\"url\":\"https:\/\/portaltela.pt\/noticias\/2026\/03\/25\/isaltino-morais-acusado-de-peculato-moedas-arrisca-vereadora\/\",\"name\":\"Isaltino Morais acusado de peculato; Moedas arrisca vereadora - Portal Tela Portugal\",\"isPartOf\":{\"@id\":\"https:\/\/portaltela.pt\/#website\"},\"primaryImageOfPage\":{\"@id\":\"https:\/\/portaltela.pt\/noticias\/2026\/03\/25\/isaltino-morais-acusado-de-peculato-moedas-arrisca-vereadora\/#primaryimage\"},\"image\":{\"@id\":\"https:\/\/portaltela.pt\/noticias\/2026\/03\/25\/isaltino-morais-acusado-de-peculato-moedas-arrisca-vereadora\/#primaryimage\"},\"thumbnailUrl\":\"https:\/\/portaltela.pt\/s.01k8rhncp4jt1\/2026\/03\/img_400x516uu2026-03-25-01-30-00-2274659.jpg\",\"datePublished\":\"2026-03-25T11:39:33+00:00\",\"author\":{\"@id\":\"https:\/\/portaltela.pt\/#\/schema\/person\/c4278d4a6028830caff9ee44b42d32ed\"},\"breadcrumb\":{\"@id\":\"https:\/\/portaltela.pt\/noticias\/2026\/03\/25\/isaltino-morais-acusado-de-peculato-moedas-arrisca-vereadora\/#breadcrumb\"},\"inLanguage\":\"pt-PT\",\"potentialAction\":[{\"@type\":\"ReadAction\",\"target\":[\"https:\/\/portaltela.pt\/noticias\/2026\/03\/25\/isaltino-morais-acusado-de-peculato-moedas-arrisca-vereadora\/\"]}]},{\"@type\":\"ImageObject\",\"inLanguage\":\"pt-PT\",\"@id\":\"https:\/\/portaltela.pt\/noticias\/2026\/03\/25\/isaltino-morais-acusado-de-peculato-moedas-arrisca-vereadora\/#primaryimage\",\"url\":\"https:\/\/portaltela.pt\/s.01k8rhncp4jt1\/2026\/03\/img_400x516uu2026-03-25-01-30-00-2274659.jpg\",\"contentUrl\":\"https:\/\/portaltela.pt\/s.01k8rhncp4jt1\/2026\/03\/img_400x516uu2026-03-25-01-30-00-2274659.jpg\",\"width\":796,\"height\":448,\"caption\":\"Photo\"},{\"@type\":\"BreadcrumbList\",\"@id\":\"https:\/\/portaltela.pt\/noticias\/2026\/03\/25\/isaltino-morais-acusado-de-peculato-moedas-arrisca-vereadora\/#breadcrumb\",\"itemListElement\":[{\"@type\":\"ListItem\",\"position\":1,\"name\":\"In\u00edcio\",\"item\":\"https:\/\/portaltela.pt\/\"},{\"@type\":\"ListItem\",\"position\":2,\"name\":\"Isaltino Morais acusado de peculato; Moedas arrisca vereadora\"}]},{\"@type\":\"WebSite\",\"@id\":\"https:\/\/portaltela.pt\/#website\",\"url\":\"https:\/\/portaltela.pt\/\",\"name\":\"Portal Tela Portugal\",\"description\":\"\",\"potentialAction\":[{\"@type\":\"SearchAction\",\"target\":{\"@type\":\"EntryPoint\",\"urlTemplate\":\"https:\/\/portaltela.pt\/?s={search_term_string}\"},\"query-input\":{\"@type\":\"PropertyValueSpecification\",\"valueRequired\":true,\"valueName\":\"search_term_string\"}}],\"inLanguage\":\"pt-PT\"},{\"@type\":\"Person\",\"@id\":\"https:\/\/portaltela.pt\/#\/schema\/person\/c4278d4a6028830caff9ee44b42d32ed\",\"name\":\"Telinha\",\"image\":{\"@type\":\"ImageObject\",\"inLanguage\":\"pt-PT\",\"@id\":\"https:\/\/portaltela.pt\/s.01k8rhncp4jt1\/2025\/11\/talking-bot-125x125.png\",\"url\":\"https:\/\/portaltela.pt\/s.01k8rhncp4jt1\/2025\/11\/talking-bot-125x125.png\",\"contentUrl\":\"https:\/\/portaltela.pt\/s.01k8rhncp4jt1\/2025\/11\/talking-bot-125x125.png\",\"caption\":\"Telinha\"},\"sameAs\":[\"https:\/\/portaltela.pt\/\"],\"url\":\"https:\/\/portaltela.pt\/por\/367410592786\/\"}]}<\/script>\n<!-- \/ Yoast SEO plugin. -->","yoast_head_json":{"title":"Isaltino Morais acusado de peculato; Moedas arrisca vereadora - Portal Tela Portugal","robots":{"index":"index","follow":"follow","max-snippet":"max-snippet:-1","max-image-preview":"max-image-preview:large","max-video-preview":"max-video-preview:-1"},"og_locale":"pt_PT","og_type":"article","og_title":"Isaltino Morais acusado de peculato; Moedas arrisca vereadora - Portal Tela Portugal","og_description":"Minist\u00e9rio P\u00fablico pediu a perda de mandato para os cargos pol\u00edticos que os acusados estejam a desempenhar; a vereadora de Lisboa Joana Batista \u00e9 um desses casos. Isaltino Morais \u00e9 acusado de peculato relacionado com almo\u00e7os em Oeiras. Carlos Moedas arrisca perder uma vereadora no \u00e2mbito dos mesmos processos. O MP argumenta que as a\u00e7\u00f5es questionadas \u201cfazem parte da atividade normal da C\u00e2mara\u201d, enquanto Morais sustenta a legalidade dos gastos com refei\u00e7\u00f5es. Data da publica\u00e7\u00e3o: 25 de mar\u00e7o de 2026, \u00e0s 11:39.","og_url":"https:\/\/portaltela.pt\/noticias\/2026\/03\/25\/isaltino-morais-acusado-de-peculato-moedas-arrisca-vereadora\/","og_site_name":"Portal Tela Portugal","article_published_time":"2026-03-25T11:39:33+00:00","author":"Telinha","twitter_card":"summary_large_image","twitter_misc":{"Escrito por":"Telinha","Tempo estimado de leitura":"2 minutos"},"schema":{"@context":"https:\/\/schema.org","@graph":[{"@type":"Article","@id":"https:\/\/portaltela.pt\/noticias\/2026\/03\/25\/isaltino-morais-acusado-de-peculato-moedas-arrisca-vereadora\/#article","isPartOf":{"@id":"https:\/\/portaltela.pt\/noticias\/2026\/03\/25\/isaltino-morais-acusado-de-peculato-moedas-arrisca-vereadora\/"},"author":{"name":"Telinha","@id":"https:\/\/portaltela.pt\/#\/schema\/person\/c4278d4a6028830caff9ee44b42d32ed"},"headline":"Isaltino Morais acusado de peculato; Moedas arrisca vereadora","datePublished":"2026-03-25T11:39:33+00:00","mainEntityOfPage":{"@id":"https:\/\/portaltela.pt\/noticias\/2026\/03\/25\/isaltino-morais-acusado-de-peculato-moedas-arrisca-vereadora\/"},"wordCount":353,"image":{"@id":"https:\/\/portaltela.pt\/noticias\/2026\/03\/25\/isaltino-morais-acusado-de-peculato-moedas-arrisca-vereadora\/#primaryimage"},"thumbnailUrl":"https:\/\/portaltela.pt\/s.01k8rhncp4jt1\/2026\/03\/img_400x516uu2026-03-25-01-30-00-2274659.jpg","keywords":["C\u00e2mara Municipal","Carlos Moedas","corrup\u00e7\u00e3o","Lisboa","peculato","pol\u00edtica"],"articleSection":["Justi\u00e7a","Not\u00edcias"],"inLanguage":"pt-PT"},{"@type":"WebPage","@id":"https:\/\/portaltela.pt\/noticias\/2026\/03\/25\/isaltino-morais-acusado-de-peculato-moedas-arrisca-vereadora\/","url":"https:\/\/portaltela.pt\/noticias\/2026\/03\/25\/isaltino-morais-acusado-de-peculato-moedas-arrisca-vereadora\/","name":"Isaltino Morais acusado de peculato; Moedas arrisca vereadora - Portal Tela Portugal","isPartOf":{"@id":"https:\/\/portaltela.pt\/#website"},"primaryImageOfPage":{"@id":"https:\/\/portaltela.pt\/noticias\/2026\/03\/25\/isaltino-morais-acusado-de-peculato-moedas-arrisca-vereadora\/#primaryimage"},"image":{"@id":"https:\/\/portaltela.pt\/noticias\/2026\/03\/25\/isaltino-morais-acusado-de-peculato-moedas-arrisca-vereadora\/#primaryimage"},"thumbnailUrl":"https:\/\/portaltela.pt\/s.01k8rhncp4jt1\/2026\/03\/img_400x516uu2026-03-25-01-30-00-2274659.jpg","datePublished":"2026-03-25T11:39:33+00:00","author":{"@id":"https:\/\/portaltela.pt\/#\/schema\/person\/c4278d4a6028830caff9ee44b42d32ed"},"breadcrumb":{"@id":"https:\/\/portaltela.pt\/noticias\/2026\/03\/25\/isaltino-morais-acusado-de-peculato-moedas-arrisca-vereadora\/#breadcrumb"},"inLanguage":"pt-PT","potentialAction":[{"@type":"ReadAction","target":["https:\/\/portaltela.pt\/noticias\/2026\/03\/25\/isaltino-morais-acusado-de-peculato-moedas-arrisca-vereadora\/"]}]},{"@type":"ImageObject","inLanguage":"pt-PT","@id":"https:\/\/portaltela.pt\/noticias\/2026\/03\/25\/isaltino-morais-acusado-de-peculato-moedas-arrisca-vereadora\/#primaryimage","url":"https:\/\/portaltela.pt\/s.01k8rhncp4jt1\/2026\/03\/img_400x516uu2026-03-25-01-30-00-2274659.jpg","contentUrl":"https:\/\/portaltela.pt\/s.01k8rhncp4jt1\/2026\/03\/img_400x516uu2026-03-25-01-30-00-2274659.jpg","width":796,"height":448,"caption":"Photo"},{"@type":"BreadcrumbList","@id":"https:\/\/portaltela.pt\/noticias\/2026\/03\/25\/isaltino-morais-acusado-de-peculato-moedas-arrisca-vereadora\/#breadcrumb","itemListElement":[{"@type":"ListItem","position":1,"name":"In\u00edcio","item":"https:\/\/portaltela.pt\/"},{"@type":"ListItem","position":2,"name":"Isaltino Morais acusado de peculato; Moedas arrisca vereadora"}]},{"@type":"WebSite","@id":"https:\/\/portaltela.pt\/#website","url":"https:\/\/portaltela.pt\/","name":"Portal Tela Portugal","description":"","potentialAction":[{"@type":"SearchAction","target":{"@type":"EntryPoint","urlTemplate":"https:\/\/portaltela.pt\/?s={search_term_string}"},"query-input":{"@type":"PropertyValueSpecification","valueRequired":true,"valueName":"search_term_string"}}],"inLanguage":"pt-PT"},{"@type":"Person","@id":"https:\/\/portaltela.pt\/#\/schema\/person\/c4278d4a6028830caff9ee44b42d32ed","name":"Telinha","image":{"@type":"ImageObject","inLanguage":"pt-PT","@id":"https:\/\/portaltela.pt\/s.01k8rhncp4jt1\/2025\/11\/talking-bot-125x125.png","url":"https:\/\/portaltela.pt\/s.01k8rhncp4jt1\/2025\/11\/talking-bot-125x125.png","contentUrl":"https:\/\/portaltela.pt\/s.01k8rhncp4jt1\/2025\/11\/talking-bot-125x125.png","caption":"Telinha"},"sameAs":["https:\/\/portaltela.pt\/"],"url":"https:\/\/portaltela.pt\/por\/367410592786\/"}]}},"_links":{"self":[{"href":"https:\/\/portaltela.pt\/api\/wp\/v2\/posts\/420734","targetHints":{"allow":["GET"]}}],"collection":[{"href":"https:\/\/portaltela.pt\/api\/wp\/v2\/posts"}],"about":[{"href":"https:\/\/portaltela.pt\/api\/wp\/v2\/types\/post"}],"author":[{"embeddable":true,"href":"https:\/\/portaltela.pt\/api\/wp\/v2\/users\/2"}],"replies":[{"embeddable":true,"href":"https:\/\/portaltela.pt\/api\/wp\/v2\/comments?post=420734"}],"version-history":[{"count":0,"href":"https:\/\/portaltela.pt\/api\/wp\/v2\/posts\/420734\/revisions"}],"wp:featuredmedia":[{"embeddable":true,"href":"https:\/\/portaltela.pt\/api\/wp\/v2\/media\/420738"}],"wp:attachment":[{"href":"https:\/\/portaltela.pt\/api\/wp\/v2\/media?parent=420734"}],"wp:term":[{"taxonomy":"category","embeddable":true,"href":"https:\/\/portaltela.pt\/api\/wp\/v2\/categories?post=420734"},{"taxonomy":"post_tag","embeddable":true,"href":"https:\/\/portaltela.pt\/api\/wp\/v2\/tags?post=420734"}],"curies":[{"name":"wp","href":"https:\/\/api.w.org\/{rel}","templated":true}]}}