{"id":420721,"date":"2026-03-25T08:33:00","date_gmt":"2026-03-25T11:33:00","guid":{"rendered":"https:\/\/portaltela.pt\/noticias\/2026\/03\/25\/direcao-do-boavista-rejeita-tentativa-de-deslegitimar-o-mandato\/"},"modified":"2026-03-25T08:33:00","modified_gmt":"2026-03-25T11:33:00","slug":"direcao-do-boavista-rejeita-tentativa-de-deslegitimar-o-mandato","status":"publish","type":"post","link":"https:\/\/portaltela.pt\/desporto\/futebol\/2026\/03\/25\/direcao-do-boavista-rejeita-tentativa-de-deslegitimar-o-mandato\/","title":{"rendered":"Dire\u00e7\u00e3o do Boavista rejeita tentativa de deslegitimar o mandato"},"content":{"rendered":"<p>A dire\u00e7\u00e3o do Boavista, liderada por Rui Garrido Pereira, rejeita qualquer tentativa de deslegitimar o seu mandato. A confirma\u00e7\u00e3o ocorre um m\u00eas ap\u00f3s a administradora de insolv\u00eancia, Maria Clarisse Barros, deixar de coadjuvar a gest\u00e3o do clube. O requerimento foi enviado ao Tribunal de Com\u00e9rcio de Vila Nova de Gaia.<\/p>\n<p>Segundo o documento, a dire\u00e7\u00e3o mant\u00e9m-se em fun\u00e7\u00f5es e procura assegurar a continuidade do Boavista, apesar das dificuldades agravadas por entraves processuais. A administra\u00e7\u00e3o alega ter herdado um cen\u00e1rio de elevada press\u00e3o financeira e jur\u00eddica em janeiro de 2025.<\/p>\n<p>A equipa de gest\u00e3o detalha contactos com mais de 30 potenciais investidores, negocia\u00e7\u00f5es com credores e propostas de recupera\u00e7\u00e3o, que n\u00e3o avan\u00e7aram devido fatores externos. O Boavista tamb\u00e9m acusa a SAD de incumprimento do protocolo e de falta de transpar\u00eancia.<\/p>\n<p>A dire\u00e7\u00e3o sustenta que n\u00e3o tem capacidade de intervir nas decis\u00f5es da SAD, respons\u00e1vel por 10% do capital social, e que n\u00e3o disp\u00f4s de fontes pr\u00f3prias de financiamento. Alega ainda aus\u00eancia de contrapresta\u00e7\u00e3o pelas obriga\u00e7\u00f5es pactuadas.<\/p>\n<p>O clube descreve o colapso econ\u00f3mico da sociedade desportiva e refere que a recupera\u00e7\u00e3o ficou sem progressos, mesmo ap\u00f3s uma proposta de redu\u00e7\u00e3o transit\u00f3ria do protocolo, rejeitada pela SAD. O documento critica o processo de insolv\u00eancia de setembro de 2025.<\/p>\n<p>Na assembleia de credores, segundo a dire\u00e7\u00e3o, foi veto pelos credores a apresenta\u00e7\u00e3o de um plano de recupera\u00e7\u00e3o. A gest\u00e3o aponta que, por isso, a insolv\u00eancia avan\u00e7ou sem um caminho claro de viabiliza\u00e7\u00e3o da atividade.<\/p>\n","protected":false},"excerpt":{"rendered":"<ul>\n<li>A Dire\u00e7\u00e3o do Boavista, liderada por Rui Garrido Pereira, rejeita qualquer deslegitima\u00e7\u00e3o do seu mandato e mant\u00e9m-se em fun\u00e7\u00f5es para assegurar a continuidade do clube.<\/li>\n<li>A administra\u00e7\u00e3o contesta que a SAD incumpriu o protocolo com o clube, acumulando d\u00edvidas acima de nove milh\u00f5es de euros e faltas de transpar\u00eancia e coopera\u00e7\u00e3o institucional.<\/li>\n<li>Foram contactados mais de 30 potenciais investidores e houve negocia\u00e7\u00f5es com os principais credores, mas as solu\u00e7\u00f5es de recupera\u00e7\u00e3o n\u00e3o avan\u00e7aram por fatores externos e pela liquidez do clube.<\/li>\n<li>A insolv\u00eancia do Boavista foi aprovada em setembro de 2025, com d\u00edvidas superiores a 150 ME, mantendo a gest\u00e3o sob a administradora de insolv\u00eancia e coadjuva\u00e7\u00e3o da dire\u00e7\u00e3o.<\/li>\n<li>O clube encerrou a participa\u00e7\u00e3o nas competi\u00e7\u00f5es da quarta divis\u00e3o distrital e cancelou partidas em 2025\/26, enfrentando limita\u00e7\u00f5es de receitas e de contratos com os parceiros.<\/li>\n<\/ul>\n","protected":false},"author":2,"featured_media":420724,"comment_status":"closed","ping_status":"closed","sticky":false,"template":"","format":"standard","meta":{"footnotes":""},"categories":[21,24],"tags":[6115,3796,32,2415,4014,6208],"class_list":["post-420721","post","type-post","status-publish","format-standard","has-post-thumbnail","hentry","category-desporto","category-futebol","tag-_economia","tag-assembleias","tag-futebol","tag-gestao","tag-sad","tag-tribunais"],"yoast_head":"<!-- This site is optimized with the Yoast SEO plugin v27.2 - https:\/\/yoast.com\/product\/yoast-seo-wordpress\/ -->\n<title>Dire\u00e7\u00e3o do Boavista rejeita tentativa de deslegitimar o mandato - Portal Tela Portugal<\/title>\n<meta name=\"robots\" content=\"index, follow, max-snippet:-1, max-image-preview:large, max-video-preview:-1\" \/>\n<meta property=\"og:locale\" content=\"pt_PT\" \/>\n<meta property=\"og:type\" content=\"article\" \/>\n<meta property=\"og:title\" content=\"Dire\u00e7\u00e3o do Boavista rejeita tentativa de deslegitimar o mandato - Portal Tela Portugal\" \/>\n<meta property=\"og:description\" content=\"A Dire\u00e7\u00e3o do Boavista, liderada por Rui Garrido Pereira, rejeita qualquer deslegitima\u00e7\u00e3o do seu mandato e mant\u00e9m-se em fun\u00e7\u00f5es para assegurar a continuidade do clube. A administra\u00e7\u00e3o contesta que a SAD incumpriu o protocolo com o clube, acumulando d\u00edvidas acima de nove milh\u00f5es de euros e faltas de transpar\u00eancia e coopera\u00e7\u00e3o institucional. Foram contactados mais de 30 potenciais investidores e houve negocia\u00e7\u00f5es com os principais credores, mas as solu\u00e7\u00f5es de recupera\u00e7\u00e3o n\u00e3o avan\u00e7aram por fatores externos e pela liquidez do clube. A insolv\u00eancia do Boavista foi aprovada em setembro de 2025, com d\u00edvidas superiores a 150 ME, mantendo a gest\u00e3o sob a administradora de insolv\u00eancia e coadjuva\u00e7\u00e3o da dire\u00e7\u00e3o. O clube encerrou a participa\u00e7\u00e3o nas competi\u00e7\u00f5es da quarta divis\u00e3o distrital e cancelou partidas em 2025\/26, enfrentando limita\u00e7\u00f5es de receitas e de contratos com os parceiros.\" \/>\n<meta property=\"og:url\" content=\"https:\/\/portaltela.pt\/noticias\/2026\/03\/25\/direcao-do-boavista-rejeita-tentativa-de-deslegitimar-o-mandato\/\" \/>\n<meta property=\"og:site_name\" content=\"Portal Tela Portugal\" \/>\n<meta property=\"article:published_time\" content=\"2026-03-25T11:33:00+00:00\" \/>\n<meta name=\"author\" content=\"Telinha\" \/>\n<meta name=\"twitter:card\" content=\"summary_large_image\" \/>\n<meta name=\"twitter:label1\" content=\"Escrito por\" \/>\n\t<meta name=\"twitter:data1\" content=\"Telinha\" \/>\n\t<meta name=\"twitter:label2\" content=\"Tempo estimado de leitura\" \/>\n\t<meta name=\"twitter:data2\" content=\"1 minuto\" \/>\n<script type=\"application\/ld+json\" class=\"yoast-schema-graph\">{\"@context\":\"https:\/\/schema.org\",\"@graph\":[{\"@type\":\"Article\",\"@id\":\"https:\/\/portaltela.pt\/noticias\/2026\/03\/25\/direcao-do-boavista-rejeita-tentativa-de-deslegitimar-o-mandato\/#article\",\"isPartOf\":{\"@id\":\"https:\/\/portaltela.pt\/noticias\/2026\/03\/25\/direcao-do-boavista-rejeita-tentativa-de-deslegitimar-o-mandato\/\"},\"author\":{\"name\":\"Telinha\",\"@id\":\"https:\/\/portaltela.pt\/#\/schema\/person\/c4278d4a6028830caff9ee44b42d32ed\"},\"headline\":\"Dire\u00e7\u00e3o do Boavista rejeita tentativa de deslegitimar o mandato\",\"datePublished\":\"2026-03-25T11:33:00+00:00\",\"mainEntityOfPage\":{\"@id\":\"https:\/\/portaltela.pt\/noticias\/2026\/03\/25\/direcao-do-boavista-rejeita-tentativa-de-deslegitimar-o-mandato\/\"},\"wordCount\":290,\"image\":{\"@id\":\"https:\/\/portaltela.pt\/noticias\/2026\/03\/25\/direcao-do-boavista-rejeita-tentativa-de-deslegitimar-o-mandato\/#primaryimage\"},\"thumbnailUrl\":\"https:\/\/portaltela.pt\/s.01k8rhncp4jt1\/2026\/03\/image-1492.jpg\",\"keywords\":[\"_economia\",\"assembleias\",\"futebol\",\"gest\u00e3o\",\"SAD\",\"Tribunais\"],\"articleSection\":[\"Desporto\",\"Futebol\"],\"inLanguage\":\"pt-PT\"},{\"@type\":\"WebPage\",\"@id\":\"https:\/\/portaltela.pt\/noticias\/2026\/03\/25\/direcao-do-boavista-rejeita-tentativa-de-deslegitimar-o-mandato\/\",\"url\":\"https:\/\/portaltela.pt\/noticias\/2026\/03\/25\/direcao-do-boavista-rejeita-tentativa-de-deslegitimar-o-mandato\/\",\"name\":\"Dire\u00e7\u00e3o do Boavista rejeita tentativa de deslegitimar o mandato - Portal Tela Portugal\",\"isPartOf\":{\"@id\":\"https:\/\/portaltela.pt\/#website\"},\"primaryImageOfPage\":{\"@id\":\"https:\/\/portaltela.pt\/noticias\/2026\/03\/25\/direcao-do-boavista-rejeita-tentativa-de-deslegitimar-o-mandato\/#primaryimage\"},\"image\":{\"@id\":\"https:\/\/portaltela.pt\/noticias\/2026\/03\/25\/direcao-do-boavista-rejeita-tentativa-de-deslegitimar-o-mandato\/#primaryimage\"},\"thumbnailUrl\":\"https:\/\/portaltela.pt\/s.01k8rhncp4jt1\/2026\/03\/image-1492.jpg\",\"datePublished\":\"2026-03-25T11:33:00+00:00\",\"author\":{\"@id\":\"https:\/\/portaltela.pt\/#\/schema\/person\/c4278d4a6028830caff9ee44b42d32ed\"},\"breadcrumb\":{\"@id\":\"https:\/\/portaltela.pt\/noticias\/2026\/03\/25\/direcao-do-boavista-rejeita-tentativa-de-deslegitimar-o-mandato\/#breadcrumb\"},\"inLanguage\":\"pt-PT\",\"potentialAction\":[{\"@type\":\"ReadAction\",\"target\":[\"https:\/\/portaltela.pt\/noticias\/2026\/03\/25\/direcao-do-boavista-rejeita-tentativa-de-deslegitimar-o-mandato\/\"]}]},{\"@type\":\"ImageObject\",\"inLanguage\":\"pt-PT\",\"@id\":\"https:\/\/portaltela.pt\/noticias\/2026\/03\/25\/direcao-do-boavista-rejeita-tentativa-de-deslegitimar-o-mandato\/#primaryimage\",\"url\":\"https:\/\/portaltela.pt\/s.01k8rhncp4jt1\/2026\/03\/image-1492.jpg\",\"contentUrl\":\"https:\/\/portaltela.pt\/s.01k8rhncp4jt1\/2026\/03\/image-1492.jpg\",\"width\":796,\"height\":448,\"caption\":\"O Boavista est\u00e1 sem competir em 2025\/26 devido a problemas financeiros e administrativos\"},{\"@type\":\"BreadcrumbList\",\"@id\":\"https:\/\/portaltela.pt\/noticias\/2026\/03\/25\/direcao-do-boavista-rejeita-tentativa-de-deslegitimar-o-mandato\/#breadcrumb\",\"itemListElement\":[{\"@type\":\"ListItem\",\"position\":1,\"name\":\"In\u00edcio\",\"item\":\"https:\/\/portaltela.pt\/\"},{\"@type\":\"ListItem\",\"position\":2,\"name\":\"Dire\u00e7\u00e3o do Boavista rejeita tentativa de deslegitimar o mandato\"}]},{\"@type\":\"WebSite\",\"@id\":\"https:\/\/portaltela.pt\/#website\",\"url\":\"https:\/\/portaltela.pt\/\",\"name\":\"Portal Tela Portugal\",\"description\":\"\",\"potentialAction\":[{\"@type\":\"SearchAction\",\"target\":{\"@type\":\"EntryPoint\",\"urlTemplate\":\"https:\/\/portaltela.pt\/?s={search_term_string}\"},\"query-input\":{\"@type\":\"PropertyValueSpecification\",\"valueRequired\":true,\"valueName\":\"search_term_string\"}}],\"inLanguage\":\"pt-PT\"},{\"@type\":\"Person\",\"@id\":\"https:\/\/portaltela.pt\/#\/schema\/person\/c4278d4a6028830caff9ee44b42d32ed\",\"name\":\"Telinha\",\"image\":{\"@type\":\"ImageObject\",\"inLanguage\":\"pt-PT\",\"@id\":\"https:\/\/portaltela.pt\/s.01k8rhncp4jt1\/2025\/11\/talking-bot-125x125.png\",\"url\":\"https:\/\/portaltela.pt\/s.01k8rhncp4jt1\/2025\/11\/talking-bot-125x125.png\",\"contentUrl\":\"https:\/\/portaltela.pt\/s.01k8rhncp4jt1\/2025\/11\/talking-bot-125x125.png\",\"caption\":\"Telinha\"},\"sameAs\":[\"https:\/\/portaltela.pt\/\"],\"url\":\"https:\/\/portaltela.pt\/por\/367410592786\/\"}]}<\/script>\n<!-- \/ Yoast SEO plugin. -->","yoast_head_json":{"title":"Dire\u00e7\u00e3o do Boavista rejeita tentativa de deslegitimar o mandato - Portal Tela Portugal","robots":{"index":"index","follow":"follow","max-snippet":"max-snippet:-1","max-image-preview":"max-image-preview:large","max-video-preview":"max-video-preview:-1"},"og_locale":"pt_PT","og_type":"article","og_title":"Dire\u00e7\u00e3o do Boavista rejeita tentativa de deslegitimar o mandato - Portal Tela Portugal","og_description":"A Dire\u00e7\u00e3o do Boavista, liderada por Rui Garrido Pereira, rejeita qualquer deslegitima\u00e7\u00e3o do seu mandato e mant\u00e9m-se em fun\u00e7\u00f5es para assegurar a continuidade do clube. A administra\u00e7\u00e3o contesta que a SAD incumpriu o protocolo com o clube, acumulando d\u00edvidas acima de nove milh\u00f5es de euros e faltas de transpar\u00eancia e coopera\u00e7\u00e3o institucional. Foram contactados mais de 30 potenciais investidores e houve negocia\u00e7\u00f5es com os principais credores, mas as solu\u00e7\u00f5es de recupera\u00e7\u00e3o n\u00e3o avan\u00e7aram por fatores externos e pela liquidez do clube. A insolv\u00eancia do Boavista foi aprovada em setembro de 2025, com d\u00edvidas superiores a 150 ME, mantendo a gest\u00e3o sob a administradora de insolv\u00eancia e coadjuva\u00e7\u00e3o da dire\u00e7\u00e3o. O clube encerrou a participa\u00e7\u00e3o nas competi\u00e7\u00f5es da quarta divis\u00e3o distrital e cancelou partidas em 2025\/26, enfrentando limita\u00e7\u00f5es de receitas e de contratos com os parceiros.","og_url":"https:\/\/portaltela.pt\/noticias\/2026\/03\/25\/direcao-do-boavista-rejeita-tentativa-de-deslegitimar-o-mandato\/","og_site_name":"Portal Tela Portugal","article_published_time":"2026-03-25T11:33:00+00:00","author":"Telinha","twitter_card":"summary_large_image","twitter_misc":{"Escrito por":"Telinha","Tempo estimado de leitura":"1 minuto"},"schema":{"@context":"https:\/\/schema.org","@graph":[{"@type":"Article","@id":"https:\/\/portaltela.pt\/noticias\/2026\/03\/25\/direcao-do-boavista-rejeita-tentativa-de-deslegitimar-o-mandato\/#article","isPartOf":{"@id":"https:\/\/portaltela.pt\/noticias\/2026\/03\/25\/direcao-do-boavista-rejeita-tentativa-de-deslegitimar-o-mandato\/"},"author":{"name":"Telinha","@id":"https:\/\/portaltela.pt\/#\/schema\/person\/c4278d4a6028830caff9ee44b42d32ed"},"headline":"Dire\u00e7\u00e3o do Boavista rejeita tentativa de deslegitimar o mandato","datePublished":"2026-03-25T11:33:00+00:00","mainEntityOfPage":{"@id":"https:\/\/portaltela.pt\/noticias\/2026\/03\/25\/direcao-do-boavista-rejeita-tentativa-de-deslegitimar-o-mandato\/"},"wordCount":290,"image":{"@id":"https:\/\/portaltela.pt\/noticias\/2026\/03\/25\/direcao-do-boavista-rejeita-tentativa-de-deslegitimar-o-mandato\/#primaryimage"},"thumbnailUrl":"https:\/\/portaltela.pt\/s.01k8rhncp4jt1\/2026\/03\/image-1492.jpg","keywords":["_economia","assembleias","futebol","gest\u00e3o","SAD","Tribunais"],"articleSection":["Desporto","Futebol"],"inLanguage":"pt-PT"},{"@type":"WebPage","@id":"https:\/\/portaltela.pt\/noticias\/2026\/03\/25\/direcao-do-boavista-rejeita-tentativa-de-deslegitimar-o-mandato\/","url":"https:\/\/portaltela.pt\/noticias\/2026\/03\/25\/direcao-do-boavista-rejeita-tentativa-de-deslegitimar-o-mandato\/","name":"Dire\u00e7\u00e3o do Boavista rejeita tentativa de deslegitimar o mandato - Portal Tela Portugal","isPartOf":{"@id":"https:\/\/portaltela.pt\/#website"},"primaryImageOfPage":{"@id":"https:\/\/portaltela.pt\/noticias\/2026\/03\/25\/direcao-do-boavista-rejeita-tentativa-de-deslegitimar-o-mandato\/#primaryimage"},"image":{"@id":"https:\/\/portaltela.pt\/noticias\/2026\/03\/25\/direcao-do-boavista-rejeita-tentativa-de-deslegitimar-o-mandato\/#primaryimage"},"thumbnailUrl":"https:\/\/portaltela.pt\/s.01k8rhncp4jt1\/2026\/03\/image-1492.jpg","datePublished":"2026-03-25T11:33:00+00:00","author":{"@id":"https:\/\/portaltela.pt\/#\/schema\/person\/c4278d4a6028830caff9ee44b42d32ed"},"breadcrumb":{"@id":"https:\/\/portaltela.pt\/noticias\/2026\/03\/25\/direcao-do-boavista-rejeita-tentativa-de-deslegitimar-o-mandato\/#breadcrumb"},"inLanguage":"pt-PT","potentialAction":[{"@type":"ReadAction","target":["https:\/\/portaltela.pt\/noticias\/2026\/03\/25\/direcao-do-boavista-rejeita-tentativa-de-deslegitimar-o-mandato\/"]}]},{"@type":"ImageObject","inLanguage":"pt-PT","@id":"https:\/\/portaltela.pt\/noticias\/2026\/03\/25\/direcao-do-boavista-rejeita-tentativa-de-deslegitimar-o-mandato\/#primaryimage","url":"https:\/\/portaltela.pt\/s.01k8rhncp4jt1\/2026\/03\/image-1492.jpg","contentUrl":"https:\/\/portaltela.pt\/s.01k8rhncp4jt1\/2026\/03\/image-1492.jpg","width":796,"height":448,"caption":"O Boavista est\u00e1 sem competir em 2025\/26 devido a problemas financeiros e administrativos"},{"@type":"BreadcrumbList","@id":"https:\/\/portaltela.pt\/noticias\/2026\/03\/25\/direcao-do-boavista-rejeita-tentativa-de-deslegitimar-o-mandato\/#breadcrumb","itemListElement":[{"@type":"ListItem","position":1,"name":"In\u00edcio","item":"https:\/\/portaltela.pt\/"},{"@type":"ListItem","position":2,"name":"Dire\u00e7\u00e3o do Boavista rejeita tentativa de deslegitimar o mandato"}]},{"@type":"WebSite","@id":"https:\/\/portaltela.pt\/#website","url":"https:\/\/portaltela.pt\/","name":"Portal Tela Portugal","description":"","potentialAction":[{"@type":"SearchAction","target":{"@type":"EntryPoint","urlTemplate":"https:\/\/portaltela.pt\/?s={search_term_string}"},"query-input":{"@type":"PropertyValueSpecification","valueRequired":true,"valueName":"search_term_string"}}],"inLanguage":"pt-PT"},{"@type":"Person","@id":"https:\/\/portaltela.pt\/#\/schema\/person\/c4278d4a6028830caff9ee44b42d32ed","name":"Telinha","image":{"@type":"ImageObject","inLanguage":"pt-PT","@id":"https:\/\/portaltela.pt\/s.01k8rhncp4jt1\/2025\/11\/talking-bot-125x125.png","url":"https:\/\/portaltela.pt\/s.01k8rhncp4jt1\/2025\/11\/talking-bot-125x125.png","contentUrl":"https:\/\/portaltela.pt\/s.01k8rhncp4jt1\/2025\/11\/talking-bot-125x125.png","caption":"Telinha"},"sameAs":["https:\/\/portaltela.pt\/"],"url":"https:\/\/portaltela.pt\/por\/367410592786\/"}]}},"_links":{"self":[{"href":"https:\/\/portaltela.pt\/api\/wp\/v2\/posts\/420721","targetHints":{"allow":["GET"]}}],"collection":[{"href":"https:\/\/portaltela.pt\/api\/wp\/v2\/posts"}],"about":[{"href":"https:\/\/portaltela.pt\/api\/wp\/v2\/types\/post"}],"author":[{"embeddable":true,"href":"https:\/\/portaltela.pt\/api\/wp\/v2\/users\/2"}],"replies":[{"embeddable":true,"href":"https:\/\/portaltela.pt\/api\/wp\/v2\/comments?post=420721"}],"version-history":[{"count":0,"href":"https:\/\/portaltela.pt\/api\/wp\/v2\/posts\/420721\/revisions"}],"wp:featuredmedia":[{"embeddable":true,"href":"https:\/\/portaltela.pt\/api\/wp\/v2\/media\/420724"}],"wp:attachment":[{"href":"https:\/\/portaltela.pt\/api\/wp\/v2\/media?parent=420721"}],"wp:term":[{"taxonomy":"category","embeddable":true,"href":"https:\/\/portaltela.pt\/api\/wp\/v2\/categories?post=420721"},{"taxonomy":"post_tag","embeddable":true,"href":"https:\/\/portaltela.pt\/api\/wp\/v2\/tags?post=420721"}],"curies":[{"name":"wp","href":"https:\/\/api.w.org\/{rel}","templated":true}]}}