{"id":420705,"date":"2026-03-25T08:20:00","date_gmt":"2026-03-25T11:20:00","guid":{"rendered":"https:\/\/portaltela.pt\/noticias\/2026\/03\/25\/joao-diogo-manteigas-ja-alertava-para-a-seguranca-no-estadio-da-luz\/"},"modified":"2026-03-25T08:20:00","modified_gmt":"2026-03-25T11:20:00","slug":"joao-diogo-manteigas-ja-alertava-para-a-seguranca-no-estadio-da-luz","status":"publish","type":"post","link":"https:\/\/portaltela.pt\/desporto\/futebol\/2026\/03\/25\/joao-diogo-manteigas-ja-alertava-para-a-seguranca-no-estadio-da-luz\/","title":{"rendered":"Jo\u00e3o Diogo Manteigas j\u00e1 alertava para a seguran\u00e7a no Est\u00e1dio da Luz"},"content":{"rendered":"<p>O Benfica District foi aprovado em janeiro numa Assembleia Geral com 28.338 s\u00f3cios. A maioria (59,24%) apoiou o projeto apresentado pela Dire\u00e7\u00e3o, mas ficaram d\u00favidas sobre a seguran\u00e7a. Jo\u00e3o Diogo Manteigas questionou se o Est\u00e1dio da Luz tem licenciamento da ANPC em caso de aumento de recinto.<\/p>\n<p>O advogado, que j\u00e1 foi candidato \u00e0 presid\u00eancia das \u00e1guias, questionou, durante a reuni\u00e3o magna no pavilh\u00e3o 2, se o atual est\u00e1dio est\u00e1 devidamente licenciado pela Autoridade Nacional de Emerg\u00eancia e Prote\u00e7\u00e3o Civil. Perguntou como o Benfica District iria resolver eventual falta de licenciamento.<\/p>\n<h3>Seguran\u00e7a no Est\u00e1dio da Luz<\/h3>\n<p>Segundo o Correio da Manh\u00e3, a Prote\u00e7\u00e3o Civil identificou um problema numa vistoria a infraestruturas desportivas. A vistoria foi realizada por t\u00e9cnicos especializados em grandes recintos. A verifica\u00e7\u00e3o insere-se numa opera\u00e7\u00e3o de inspe\u00e7\u00e3o a est\u00e1dios das equipas profissionais de futebol.<\/p>\n<h3>Inspe\u00e7\u00f5es da Liga de Clubes<\/h3>\n<p>A Liga de Clubes agenda, para meados de abril, as inspe\u00e7\u00f5es habituais aos est\u00e1dios das equipas profissionais. Nessas dilig\u00eancias, os clubes devem apresentar documenta\u00e7\u00e3o variada, incluindo o aval da Prote\u00e7\u00e3o Civil de que o recinto cumpre as regras de seguran\u00e7a.<\/p>\n<h3>Prazo para corre\u00e7\u00f5es<\/h3>\n<p>Habitualmente, quando s\u00e3o detetadas falhas n\u00e3o graves, a Prote\u00e7\u00e3o Civil pode atribuir um prazo para corrigir o deficit. Os mec\u00e2nicos do processo de avalia\u00e7\u00e3o visam assegurar conformidade antes de inspe\u00e7\u00f5es finais.<\/p>\n","protected":false},"excerpt":{"rendered":"<ul>\n<li>O Benfica District foi aprovado em janeiro numa Assembleia Geral com 28.338 s\u00f3cios, sendo 59,24% a favor.<\/li>\n<li>O candidato \u00e0 presid\u00eancia do Benfica, Jo\u00e3o Diogo Manteigas, questionou se o Est\u00e1dio da Luz tem aval da Prote\u00e7\u00e3o Civil (ANPC) para a amplia\u00e7\u00e3o.<\/li>\n<li>A Prote\u00e7\u00e3o Civil identificou uma falha durante uma vistoria a grandes infraestruturas, segundo o Correio da Manh\u00e3.<\/li>\n<li>A Liga de Clubes faz inspe\u00e7\u00f5es aos est\u00e1dios das equipas profissionais em meados de abril, com os clubes a entregar documenta\u00e7\u00e3o, incluindo o aval da Prote\u00e7\u00e3o Civil.<\/li>\n<li>Normalmente, se a falha n\u00e3o for grave, a Prote\u00e7\u00e3o Civil pode atribuir um prazo para a corre\u00e7\u00e3o.<\/li>\n<\/ul>\n","protected":false},"author":2,"featured_media":420713,"comment_status":"closed","ping_status":"closed","sticky":false,"template":"","format":"standard","meta":{"footnotes":""},"categories":[21,24],"tags":[1946,32,5852,320,4536],"class_list":["post-420705","post","type-post","status-publish","format-standard","has-post-thumbnail","hentry","category-desporto","category-futebol","tag-benfica","tag-futebol","tag-inspecao-de-danos","tag-protecao-civil","tag-seguranca"],"yoast_head":"<!-- This site is optimized with the Yoast SEO plugin v27.2 - https:\/\/yoast.com\/product\/yoast-seo-wordpress\/ -->\n<title>Jo\u00e3o Diogo Manteigas j\u00e1 alertava para a seguran\u00e7a no Est\u00e1dio da Luz - Portal Tela Portugal<\/title>\n<meta name=\"robots\" content=\"index, follow, max-snippet:-1, max-image-preview:large, max-video-preview:-1\" \/>\n<meta property=\"og:locale\" content=\"pt_PT\" \/>\n<meta property=\"og:type\" content=\"article\" \/>\n<meta property=\"og:title\" content=\"Jo\u00e3o Diogo Manteigas j\u00e1 alertava para a seguran\u00e7a no Est\u00e1dio da Luz - Portal Tela Portugal\" \/>\n<meta property=\"og:description\" content=\"O Benfica District foi aprovado em janeiro numa Assembleia Geral com 28.338 s\u00f3cios, sendo 59,24% a favor. O candidato \u00e0 presid\u00eancia do Benfica, Jo\u00e3o Diogo Manteigas, questionou se o Est\u00e1dio da Luz tem aval da Prote\u00e7\u00e3o Civil (ANPC) para a amplia\u00e7\u00e3o. A Prote\u00e7\u00e3o Civil identificou uma falha durante uma vistoria a grandes infraestruturas, segundo o Correio da Manh\u00e3. A Liga de Clubes faz inspe\u00e7\u00f5es aos est\u00e1dios das equipas profissionais em meados de abril, com os clubes a entregar documenta\u00e7\u00e3o, incluindo o aval da Prote\u00e7\u00e3o Civil. Normalmente, se a falha n\u00e3o for grave, a Prote\u00e7\u00e3o Civil pode atribuir um prazo para a corre\u00e7\u00e3o.\" \/>\n<meta property=\"og:url\" content=\"https:\/\/portaltela.pt\/noticias\/2026\/03\/25\/joao-diogo-manteigas-ja-alertava-para-a-seguranca-no-estadio-da-luz\/\" \/>\n<meta property=\"og:site_name\" content=\"Portal Tela Portugal\" \/>\n<meta property=\"article:published_time\" content=\"2026-03-25T11:20:00+00:00\" \/>\n<meta name=\"author\" content=\"Telinha\" \/>\n<meta name=\"twitter:card\" content=\"summary_large_image\" \/>\n<meta name=\"twitter:label1\" content=\"Escrito por\" \/>\n\t<meta name=\"twitter:data1\" content=\"Telinha\" \/>\n\t<meta name=\"twitter:label2\" content=\"Tempo estimado de leitura\" \/>\n\t<meta name=\"twitter:data2\" content=\"1 minuto\" \/>\n<script type=\"application\/ld+json\" class=\"yoast-schema-graph\">{\"@context\":\"https:\/\/schema.org\",\"@graph\":[{\"@type\":\"Article\",\"@id\":\"https:\/\/portaltela.pt\/noticias\/2026\/03\/25\/joao-diogo-manteigas-ja-alertava-para-a-seguranca-no-estadio-da-luz\/#article\",\"isPartOf\":{\"@id\":\"https:\/\/portaltela.pt\/noticias\/2026\/03\/25\/joao-diogo-manteigas-ja-alertava-para-a-seguranca-no-estadio-da-luz\/\"},\"author\":{\"name\":\"Telinha\",\"@id\":\"https:\/\/portaltela.pt\/#\/schema\/person\/c4278d4a6028830caff9ee44b42d32ed\"},\"headline\":\"Jo\u00e3o Diogo Manteigas j\u00e1 alertava para a seguran\u00e7a no Est\u00e1dio da Luz\",\"datePublished\":\"2026-03-25T11:20:00+00:00\",\"mainEntityOfPage\":{\"@id\":\"https:\/\/portaltela.pt\/noticias\/2026\/03\/25\/joao-diogo-manteigas-ja-alertava-para-a-seguranca-no-estadio-da-luz\/\"},\"wordCount\":260,\"image\":{\"@id\":\"https:\/\/portaltela.pt\/noticias\/2026\/03\/25\/joao-diogo-manteigas-ja-alertava-para-a-seguranca-no-estadio-da-luz\/#primaryimage\"},\"thumbnailUrl\":\"https:\/\/portaltela.pt\/s.01k8rhncp4jt1\/2026\/03\/img_920x518uu2025-10-24-18-00-00-2398208-im-639100343281371758.jpg\",\"keywords\":[\"Benfica\",\"futebol\",\"inspe\u00e7\u00e3o de danos\",\"prote\u00e7\u00e3o civil\",\"seguran\u00e7a\"],\"articleSection\":[\"Desporto\",\"Futebol\"],\"inLanguage\":\"pt-PT\"},{\"@type\":\"WebPage\",\"@id\":\"https:\/\/portaltela.pt\/noticias\/2026\/03\/25\/joao-diogo-manteigas-ja-alertava-para-a-seguranca-no-estadio-da-luz\/\",\"url\":\"https:\/\/portaltela.pt\/noticias\/2026\/03\/25\/joao-diogo-manteigas-ja-alertava-para-a-seguranca-no-estadio-da-luz\/\",\"name\":\"Jo\u00e3o Diogo Manteigas j\u00e1 alertava para a seguran\u00e7a no Est\u00e1dio da Luz - Portal Tela Portugal\",\"isPartOf\":{\"@id\":\"https:\/\/portaltela.pt\/#website\"},\"primaryImageOfPage\":{\"@id\":\"https:\/\/portaltela.pt\/noticias\/2026\/03\/25\/joao-diogo-manteigas-ja-alertava-para-a-seguranca-no-estadio-da-luz\/#primaryimage\"},\"image\":{\"@id\":\"https:\/\/portaltela.pt\/noticias\/2026\/03\/25\/joao-diogo-manteigas-ja-alertava-para-a-seguranca-no-estadio-da-luz\/#primaryimage\"},\"thumbnailUrl\":\"https:\/\/portaltela.pt\/s.01k8rhncp4jt1\/2026\/03\/img_920x518uu2025-10-24-18-00-00-2398208-im-639100343281371758.jpg\",\"datePublished\":\"2026-03-25T11:20:00+00:00\",\"author\":{\"@id\":\"https:\/\/portaltela.pt\/#\/schema\/person\/c4278d4a6028830caff9ee44b42d32ed\"},\"breadcrumb\":{\"@id\":\"https:\/\/portaltela.pt\/noticias\/2026\/03\/25\/joao-diogo-manteigas-ja-alertava-para-a-seguranca-no-estadio-da-luz\/#breadcrumb\"},\"inLanguage\":\"pt-PT\",\"potentialAction\":[{\"@type\":\"ReadAction\",\"target\":[\"https:\/\/portaltela.pt\/noticias\/2026\/03\/25\/joao-diogo-manteigas-ja-alertava-para-a-seguranca-no-estadio-da-luz\/\"]}]},{\"@type\":\"ImageObject\",\"inLanguage\":\"pt-PT\",\"@id\":\"https:\/\/portaltela.pt\/noticias\/2026\/03\/25\/joao-diogo-manteigas-ja-alertava-para-a-seguranca-no-estadio-da-luz\/#primaryimage\",\"url\":\"https:\/\/portaltela.pt\/s.01k8rhncp4jt1\/2026\/03\/img_920x518uu2025-10-24-18-00-00-2398208-im-639100343281371758.jpg\",\"contentUrl\":\"https:\/\/portaltela.pt\/s.01k8rhncp4jt1\/2026\/03\/img_920x518uu2025-10-24-18-00-00-2398208-im-639100343281371758.jpg\",\"width\":796,\"height\":448,\"caption\":\"Jo\u00e3o Diogo Manteigas, ex-candidato \u00e0 presid\u00eancia do Benfica\"},{\"@type\":\"BreadcrumbList\",\"@id\":\"https:\/\/portaltela.pt\/noticias\/2026\/03\/25\/joao-diogo-manteigas-ja-alertava-para-a-seguranca-no-estadio-da-luz\/#breadcrumb\",\"itemListElement\":[{\"@type\":\"ListItem\",\"position\":1,\"name\":\"In\u00edcio\",\"item\":\"https:\/\/portaltela.pt\/\"},{\"@type\":\"ListItem\",\"position\":2,\"name\":\"Jo\u00e3o Diogo Manteigas j\u00e1 alertava para a seguran\u00e7a no Est\u00e1dio da Luz\"}]},{\"@type\":\"WebSite\",\"@id\":\"https:\/\/portaltela.pt\/#website\",\"url\":\"https:\/\/portaltela.pt\/\",\"name\":\"Portal Tela Portugal\",\"description\":\"\",\"potentialAction\":[{\"@type\":\"SearchAction\",\"target\":{\"@type\":\"EntryPoint\",\"urlTemplate\":\"https:\/\/portaltela.pt\/?s={search_term_string}\"},\"query-input\":{\"@type\":\"PropertyValueSpecification\",\"valueRequired\":true,\"valueName\":\"search_term_string\"}}],\"inLanguage\":\"pt-PT\"},{\"@type\":\"Person\",\"@id\":\"https:\/\/portaltela.pt\/#\/schema\/person\/c4278d4a6028830caff9ee44b42d32ed\",\"name\":\"Telinha\",\"image\":{\"@type\":\"ImageObject\",\"inLanguage\":\"pt-PT\",\"@id\":\"https:\/\/portaltela.pt\/s.01k8rhncp4jt1\/2025\/11\/talking-bot-125x125.png\",\"url\":\"https:\/\/portaltela.pt\/s.01k8rhncp4jt1\/2025\/11\/talking-bot-125x125.png\",\"contentUrl\":\"https:\/\/portaltela.pt\/s.01k8rhncp4jt1\/2025\/11\/talking-bot-125x125.png\",\"caption\":\"Telinha\"},\"sameAs\":[\"https:\/\/portaltela.pt\/\"],\"url\":\"https:\/\/portaltela.pt\/por\/367410592786\/\"}]}<\/script>\n<!-- \/ Yoast SEO plugin. -->","yoast_head_json":{"title":"Jo\u00e3o Diogo Manteigas j\u00e1 alertava para a seguran\u00e7a no Est\u00e1dio da Luz - Portal Tela Portugal","robots":{"index":"index","follow":"follow","max-snippet":"max-snippet:-1","max-image-preview":"max-image-preview:large","max-video-preview":"max-video-preview:-1"},"og_locale":"pt_PT","og_type":"article","og_title":"Jo\u00e3o Diogo Manteigas j\u00e1 alertava para a seguran\u00e7a no Est\u00e1dio da Luz - Portal Tela Portugal","og_description":"O Benfica District foi aprovado em janeiro numa Assembleia Geral com 28.338 s\u00f3cios, sendo 59,24% a favor. O candidato \u00e0 presid\u00eancia do Benfica, Jo\u00e3o Diogo Manteigas, questionou se o Est\u00e1dio da Luz tem aval da Prote\u00e7\u00e3o Civil (ANPC) para a amplia\u00e7\u00e3o. A Prote\u00e7\u00e3o Civil identificou uma falha durante uma vistoria a grandes infraestruturas, segundo o Correio da Manh\u00e3. A Liga de Clubes faz inspe\u00e7\u00f5es aos est\u00e1dios das equipas profissionais em meados de abril, com os clubes a entregar documenta\u00e7\u00e3o, incluindo o aval da Prote\u00e7\u00e3o Civil. Normalmente, se a falha n\u00e3o for grave, a Prote\u00e7\u00e3o Civil pode atribuir um prazo para a corre\u00e7\u00e3o.","og_url":"https:\/\/portaltela.pt\/noticias\/2026\/03\/25\/joao-diogo-manteigas-ja-alertava-para-a-seguranca-no-estadio-da-luz\/","og_site_name":"Portal Tela Portugal","article_published_time":"2026-03-25T11:20:00+00:00","author":"Telinha","twitter_card":"summary_large_image","twitter_misc":{"Escrito por":"Telinha","Tempo estimado de leitura":"1 minuto"},"schema":{"@context":"https:\/\/schema.org","@graph":[{"@type":"Article","@id":"https:\/\/portaltela.pt\/noticias\/2026\/03\/25\/joao-diogo-manteigas-ja-alertava-para-a-seguranca-no-estadio-da-luz\/#article","isPartOf":{"@id":"https:\/\/portaltela.pt\/noticias\/2026\/03\/25\/joao-diogo-manteigas-ja-alertava-para-a-seguranca-no-estadio-da-luz\/"},"author":{"name":"Telinha","@id":"https:\/\/portaltela.pt\/#\/schema\/person\/c4278d4a6028830caff9ee44b42d32ed"},"headline":"Jo\u00e3o Diogo Manteigas j\u00e1 alertava para a seguran\u00e7a no Est\u00e1dio da Luz","datePublished":"2026-03-25T11:20:00+00:00","mainEntityOfPage":{"@id":"https:\/\/portaltela.pt\/noticias\/2026\/03\/25\/joao-diogo-manteigas-ja-alertava-para-a-seguranca-no-estadio-da-luz\/"},"wordCount":260,"image":{"@id":"https:\/\/portaltela.pt\/noticias\/2026\/03\/25\/joao-diogo-manteigas-ja-alertava-para-a-seguranca-no-estadio-da-luz\/#primaryimage"},"thumbnailUrl":"https:\/\/portaltela.pt\/s.01k8rhncp4jt1\/2026\/03\/img_920x518uu2025-10-24-18-00-00-2398208-im-639100343281371758.jpg","keywords":["Benfica","futebol","inspe\u00e7\u00e3o de danos","prote\u00e7\u00e3o civil","seguran\u00e7a"],"articleSection":["Desporto","Futebol"],"inLanguage":"pt-PT"},{"@type":"WebPage","@id":"https:\/\/portaltela.pt\/noticias\/2026\/03\/25\/joao-diogo-manteigas-ja-alertava-para-a-seguranca-no-estadio-da-luz\/","url":"https:\/\/portaltela.pt\/noticias\/2026\/03\/25\/joao-diogo-manteigas-ja-alertava-para-a-seguranca-no-estadio-da-luz\/","name":"Jo\u00e3o Diogo Manteigas j\u00e1 alertava para a seguran\u00e7a no Est\u00e1dio da Luz - Portal Tela Portugal","isPartOf":{"@id":"https:\/\/portaltela.pt\/#website"},"primaryImageOfPage":{"@id":"https:\/\/portaltela.pt\/noticias\/2026\/03\/25\/joao-diogo-manteigas-ja-alertava-para-a-seguranca-no-estadio-da-luz\/#primaryimage"},"image":{"@id":"https:\/\/portaltela.pt\/noticias\/2026\/03\/25\/joao-diogo-manteigas-ja-alertava-para-a-seguranca-no-estadio-da-luz\/#primaryimage"},"thumbnailUrl":"https:\/\/portaltela.pt\/s.01k8rhncp4jt1\/2026\/03\/img_920x518uu2025-10-24-18-00-00-2398208-im-639100343281371758.jpg","datePublished":"2026-03-25T11:20:00+00:00","author":{"@id":"https:\/\/portaltela.pt\/#\/schema\/person\/c4278d4a6028830caff9ee44b42d32ed"},"breadcrumb":{"@id":"https:\/\/portaltela.pt\/noticias\/2026\/03\/25\/joao-diogo-manteigas-ja-alertava-para-a-seguranca-no-estadio-da-luz\/#breadcrumb"},"inLanguage":"pt-PT","potentialAction":[{"@type":"ReadAction","target":["https:\/\/portaltela.pt\/noticias\/2026\/03\/25\/joao-diogo-manteigas-ja-alertava-para-a-seguranca-no-estadio-da-luz\/"]}]},{"@type":"ImageObject","inLanguage":"pt-PT","@id":"https:\/\/portaltela.pt\/noticias\/2026\/03\/25\/joao-diogo-manteigas-ja-alertava-para-a-seguranca-no-estadio-da-luz\/#primaryimage","url":"https:\/\/portaltela.pt\/s.01k8rhncp4jt1\/2026\/03\/img_920x518uu2025-10-24-18-00-00-2398208-im-639100343281371758.jpg","contentUrl":"https:\/\/portaltela.pt\/s.01k8rhncp4jt1\/2026\/03\/img_920x518uu2025-10-24-18-00-00-2398208-im-639100343281371758.jpg","width":796,"height":448,"caption":"Jo\u00e3o Diogo Manteigas, ex-candidato \u00e0 presid\u00eancia do Benfica"},{"@type":"BreadcrumbList","@id":"https:\/\/portaltela.pt\/noticias\/2026\/03\/25\/joao-diogo-manteigas-ja-alertava-para-a-seguranca-no-estadio-da-luz\/#breadcrumb","itemListElement":[{"@type":"ListItem","position":1,"name":"In\u00edcio","item":"https:\/\/portaltela.pt\/"},{"@type":"ListItem","position":2,"name":"Jo\u00e3o Diogo Manteigas j\u00e1 alertava para a seguran\u00e7a no Est\u00e1dio da Luz"}]},{"@type":"WebSite","@id":"https:\/\/portaltela.pt\/#website","url":"https:\/\/portaltela.pt\/","name":"Portal Tela Portugal","description":"","potentialAction":[{"@type":"SearchAction","target":{"@type":"EntryPoint","urlTemplate":"https:\/\/portaltela.pt\/?s={search_term_string}"},"query-input":{"@type":"PropertyValueSpecification","valueRequired":true,"valueName":"search_term_string"}}],"inLanguage":"pt-PT"},{"@type":"Person","@id":"https:\/\/portaltela.pt\/#\/schema\/person\/c4278d4a6028830caff9ee44b42d32ed","name":"Telinha","image":{"@type":"ImageObject","inLanguage":"pt-PT","@id":"https:\/\/portaltela.pt\/s.01k8rhncp4jt1\/2025\/11\/talking-bot-125x125.png","url":"https:\/\/portaltela.pt\/s.01k8rhncp4jt1\/2025\/11\/talking-bot-125x125.png","contentUrl":"https:\/\/portaltela.pt\/s.01k8rhncp4jt1\/2025\/11\/talking-bot-125x125.png","caption":"Telinha"},"sameAs":["https:\/\/portaltela.pt\/"],"url":"https:\/\/portaltela.pt\/por\/367410592786\/"}]}},"_links":{"self":[{"href":"https:\/\/portaltela.pt\/api\/wp\/v2\/posts\/420705","targetHints":{"allow":["GET"]}}],"collection":[{"href":"https:\/\/portaltela.pt\/api\/wp\/v2\/posts"}],"about":[{"href":"https:\/\/portaltela.pt\/api\/wp\/v2\/types\/post"}],"author":[{"embeddable":true,"href":"https:\/\/portaltela.pt\/api\/wp\/v2\/users\/2"}],"replies":[{"embeddable":true,"href":"https:\/\/portaltela.pt\/api\/wp\/v2\/comments?post=420705"}],"version-history":[{"count":0,"href":"https:\/\/portaltela.pt\/api\/wp\/v2\/posts\/420705\/revisions"}],"wp:featuredmedia":[{"embeddable":true,"href":"https:\/\/portaltela.pt\/api\/wp\/v2\/media\/420713"}],"wp:attachment":[{"href":"https:\/\/portaltela.pt\/api\/wp\/v2\/media?parent=420705"}],"wp:term":[{"taxonomy":"category","embeddable":true,"href":"https:\/\/portaltela.pt\/api\/wp\/v2\/categories?post=420705"},{"taxonomy":"post_tag","embeddable":true,"href":"https:\/\/portaltela.pt\/api\/wp\/v2\/tags?post=420705"}],"curies":[{"name":"wp","href":"https:\/\/api.w.org\/{rel}","templated":true}]}}