{"id":420703,"date":"2026-03-25T08:02:00","date_gmt":"2026-03-25T11:02:00","guid":{"rendered":"https:\/\/portaltela.pt\/noticias\/2026\/03\/25\/memorias-do-teatro-da-cornucopia-revelam-dor-e-gloria\/"},"modified":"2026-03-25T08:02:00","modified_gmt":"2026-03-25T11:02:00","slug":"memorias-do-teatro-da-cornucopia-revelam-dor-e-gloria","status":"publish","type":"post","link":"https:\/\/portaltela.pt\/noticias\/2026\/03\/25\/memorias-do-teatro-da-cornucopia-revelam-dor-e-gloria\/","title":{"rendered":"Mem\u00f3rias do Teatro da Cornuc\u00f3pia revelam dor e gl\u00f3ria"},"content":{"rendered":"<p>Mem\u00f3rias do Teatro da Cornuc\u00f3pia \u00e9 um filme-arquivo que re\u00fane documentos, muitos deles raros, ligados \u00e0 hist\u00f3ria da companhia lisboeta surgida ap\u00f3s o 25 de Abril de 1974. A obra organiza o material para preservar o legado dessa que \u00e9 considerada uma das refer\u00eancias do teatro em Portugal.<\/p>\n<p>O filme pretende mapear a trajet\u00f3ria da Cornuc\u00f3p\u00eda ao longo das d\u00e9cadas seguintes ao golpe, oferecendo um olhar sobre o impacto cultural da companhia na cidade de Lisboa. A sele\u00e7\u00e3o documental inclui evid\u00eancias de bastidores, programas, correspond\u00eancia e registros de arquivo.<\/p>\n<p>A produ\u00e7\u00e3o re\u00fane materiais que revelam o percurso art\u00edstico, profissional e institucional da companhia, discutindo o papel do teatro independente no cen\u00e1rio portugu\u00eas. O objetivo \u00e9 apresentar uma vis\u00e3o factual do funcionamento do grupo ao longo dos anos.<\/p>\n<h3>Conte\u00fado do filme<\/h3>\n<p>Entre os itens reunidos, destacam-se documentos hist\u00f3ricos e pe\u00e7as de arquivo que ajudam a entender a evolu\u00e7\u00e3o da Cornuc\u00f3p\u00eda. O filme aponta para a import\u00e2ncia da preserva\u00e7\u00e3o do patrim\u00f3nio teatral nacional.<\/p>\n","protected":false},"excerpt":{"rendered":"<ul>\n<li>Um filme-arquivo aut\u00eantico que compila e organiza documentos sobre a hist\u00f3ria do Teatro da Cornuc\u00f3pia.<\/li>\n<li>Muitos dos documentos reunidos s\u00e3o raros e preciosos.<\/li>\n<li>A obra recolhe material da hist\u00f3ria da companhia, considerada pela sua import\u00e2ncia.<\/li>\n<li>A Cornuc\u00f3pia \u00e9 apresentada como determinante no panorama teatral lisboeta nas d\u00e9cadas ap\u00f3s o 25 de abril de 1974.<\/li>\n<\/ul>\n","protected":false},"author":2,"featured_media":420712,"comment_status":"closed","ping_status":"closed","sticky":false,"template":"","format":"standard","meta":{"footnotes":""},"categories":[7375,1],"tags":[1868,145,196,981,814,119],"class_list":["post-420703","post","type-post","status-publish","format-standard","has-post-thumbnail","hentry","category-cultura","category-noticias","tag-arquivos","tag-cultura","tag-documentarios","tag-lisboa","tag-patrimonio","tag-teatro"],"yoast_head":"<!-- This site is optimized with the Yoast SEO plugin v27.2 - https:\/\/yoast.com\/product\/yoast-seo-wordpress\/ -->\n<title>Mem\u00f3rias do Teatro da Cornuc\u00f3pia revelam dor e gl\u00f3ria - Portal Tela Portugal<\/title>\n<meta name=\"robots\" content=\"index, follow, max-snippet:-1, max-image-preview:large, max-video-preview:-1\" \/>\n<meta property=\"og:locale\" content=\"pt_PT\" \/>\n<meta property=\"og:type\" content=\"article\" \/>\n<meta property=\"og:title\" content=\"Mem\u00f3rias do Teatro da Cornuc\u00f3pia revelam dor e gl\u00f3ria - Portal Tela Portugal\" \/>\n<meta property=\"og:description\" content=\"Um filme-arquivo aut\u00eantico que compila e organiza documentos sobre a hist\u00f3ria do Teatro da Cornuc\u00f3pia. Muitos dos documentos reunidos s\u00e3o raros e preciosos. A obra recolhe material da hist\u00f3ria da companhia, considerada pela sua import\u00e2ncia. A Cornuc\u00f3pia \u00e9 apresentada como determinante no panorama teatral lisboeta nas d\u00e9cadas ap\u00f3s o 25 de abril de 1974.\" \/>\n<meta property=\"og:url\" content=\"https:\/\/portaltela.pt\/noticias\/2026\/03\/25\/memorias-do-teatro-da-cornucopia-revelam-dor-e-gloria\/\" \/>\n<meta property=\"og:site_name\" content=\"Portal Tela Portugal\" \/>\n<meta property=\"article:published_time\" content=\"2026-03-25T11:02:00+00:00\" \/>\n<meta name=\"author\" content=\"Telinha\" \/>\n<meta name=\"twitter:card\" content=\"summary_large_image\" \/>\n<meta name=\"twitter:label1\" content=\"Escrito por\" \/>\n\t<meta name=\"twitter:data1\" content=\"Telinha\" \/>\n\t<meta name=\"twitter:label2\" content=\"Tempo estimado de leitura\" \/>\n\t<meta name=\"twitter:data2\" content=\"1 minuto\" \/>\n<script type=\"application\/ld+json\" class=\"yoast-schema-graph\">{\"@context\":\"https:\/\/schema.org\",\"@graph\":[{\"@type\":\"Article\",\"@id\":\"https:\/\/portaltela.pt\/noticias\/2026\/03\/25\/memorias-do-teatro-da-cornucopia-revelam-dor-e-gloria\/#article\",\"isPartOf\":{\"@id\":\"https:\/\/portaltela.pt\/noticias\/2026\/03\/25\/memorias-do-teatro-da-cornucopia-revelam-dor-e-gloria\/\"},\"author\":{\"name\":\"Telinha\",\"@id\":\"https:\/\/portaltela.pt\/#\/schema\/person\/c4278d4a6028830caff9ee44b42d32ed\"},\"headline\":\"Mem\u00f3rias do Teatro da Cornuc\u00f3pia revelam dor e gl\u00f3ria\",\"datePublished\":\"2026-03-25T11:02:00+00:00\",\"mainEntityOfPage\":{\"@id\":\"https:\/\/portaltela.pt\/noticias\/2026\/03\/25\/memorias-do-teatro-da-cornucopia-revelam-dor-e-gloria\/\"},\"wordCount\":195,\"image\":{\"@id\":\"https:\/\/portaltela.pt\/noticias\/2026\/03\/25\/memorias-do-teatro-da-cornucopia-revelam-dor-e-gloria\/#primaryimage\"},\"thumbnailUrl\":\"https:\/\/portaltela.pt\/s.01k8rhncp4jt1\/2026\/03\/2076652.jpg\",\"keywords\":[\"arquivos\",\"cultura\",\"document\u00e1rios\",\"Lisboa\",\"patrim\u00f3nio\",\"teatro\"],\"articleSection\":[\"Cultura\",\"Not\u00edcias\"],\"inLanguage\":\"pt-PT\"},{\"@type\":\"WebPage\",\"@id\":\"https:\/\/portaltela.pt\/noticias\/2026\/03\/25\/memorias-do-teatro-da-cornucopia-revelam-dor-e-gloria\/\",\"url\":\"https:\/\/portaltela.pt\/noticias\/2026\/03\/25\/memorias-do-teatro-da-cornucopia-revelam-dor-e-gloria\/\",\"name\":\"Mem\u00f3rias do Teatro da Cornuc\u00f3pia revelam dor e gl\u00f3ria - Portal Tela Portugal\",\"isPartOf\":{\"@id\":\"https:\/\/portaltela.pt\/#website\"},\"primaryImageOfPage\":{\"@id\":\"https:\/\/portaltela.pt\/noticias\/2026\/03\/25\/memorias-do-teatro-da-cornucopia-revelam-dor-e-gloria\/#primaryimage\"},\"image\":{\"@id\":\"https:\/\/portaltela.pt\/noticias\/2026\/03\/25\/memorias-do-teatro-da-cornucopia-revelam-dor-e-gloria\/#primaryimage\"},\"thumbnailUrl\":\"https:\/\/portaltela.pt\/s.01k8rhncp4jt1\/2026\/03\/2076652.jpg\",\"datePublished\":\"2026-03-25T11:02:00+00:00\",\"author\":{\"@id\":\"https:\/\/portaltela.pt\/#\/schema\/person\/c4278d4a6028830caff9ee44b42d32ed\"},\"breadcrumb\":{\"@id\":\"https:\/\/portaltela.pt\/noticias\/2026\/03\/25\/memorias-do-teatro-da-cornucopia-revelam-dor-e-gloria\/#breadcrumb\"},\"inLanguage\":\"pt-PT\",\"potentialAction\":[{\"@type\":\"ReadAction\",\"target\":[\"https:\/\/portaltela.pt\/noticias\/2026\/03\/25\/memorias-do-teatro-da-cornucopia-revelam-dor-e-gloria\/\"]}]},{\"@type\":\"ImageObject\",\"inLanguage\":\"pt-PT\",\"@id\":\"https:\/\/portaltela.pt\/noticias\/2026\/03\/25\/memorias-do-teatro-da-cornucopia-revelam-dor-e-gloria\/#primaryimage\",\"url\":\"https:\/\/portaltela.pt\/s.01k8rhncp4jt1\/2026\/03\/2076652.jpg\",\"contentUrl\":\"https:\/\/portaltela.pt\/s.01k8rhncp4jt1\/2026\/03\/2076652.jpg\",\"width\":796,\"height\":448,\"caption\":\"Um verdadeiro filme-arquivo: *Mem\u00f3rias do Teatro da Cornuc\u00f3pia*\"},{\"@type\":\"BreadcrumbList\",\"@id\":\"https:\/\/portaltela.pt\/noticias\/2026\/03\/25\/memorias-do-teatro-da-cornucopia-revelam-dor-e-gloria\/#breadcrumb\",\"itemListElement\":[{\"@type\":\"ListItem\",\"position\":1,\"name\":\"In\u00edcio\",\"item\":\"https:\/\/portaltela.pt\/\"},{\"@type\":\"ListItem\",\"position\":2,\"name\":\"Mem\u00f3rias do Teatro da Cornuc\u00f3pia revelam dor e gl\u00f3ria\"}]},{\"@type\":\"WebSite\",\"@id\":\"https:\/\/portaltela.pt\/#website\",\"url\":\"https:\/\/portaltela.pt\/\",\"name\":\"Portal Tela Portugal\",\"description\":\"\",\"potentialAction\":[{\"@type\":\"SearchAction\",\"target\":{\"@type\":\"EntryPoint\",\"urlTemplate\":\"https:\/\/portaltela.pt\/?s={search_term_string}\"},\"query-input\":{\"@type\":\"PropertyValueSpecification\",\"valueRequired\":true,\"valueName\":\"search_term_string\"}}],\"inLanguage\":\"pt-PT\"},{\"@type\":\"Person\",\"@id\":\"https:\/\/portaltela.pt\/#\/schema\/person\/c4278d4a6028830caff9ee44b42d32ed\",\"name\":\"Telinha\",\"image\":{\"@type\":\"ImageObject\",\"inLanguage\":\"pt-PT\",\"@id\":\"https:\/\/portaltela.pt\/s.01k8rhncp4jt1\/2025\/11\/talking-bot-125x125.png\",\"url\":\"https:\/\/portaltela.pt\/s.01k8rhncp4jt1\/2025\/11\/talking-bot-125x125.png\",\"contentUrl\":\"https:\/\/portaltela.pt\/s.01k8rhncp4jt1\/2025\/11\/talking-bot-125x125.png\",\"caption\":\"Telinha\"},\"sameAs\":[\"https:\/\/portaltela.pt\/\"],\"url\":\"https:\/\/portaltela.pt\/por\/367410592786\/\"}]}<\/script>\n<!-- \/ Yoast SEO plugin. -->","yoast_head_json":{"title":"Mem\u00f3rias do Teatro da Cornuc\u00f3pia revelam dor e gl\u00f3ria - Portal Tela Portugal","robots":{"index":"index","follow":"follow","max-snippet":"max-snippet:-1","max-image-preview":"max-image-preview:large","max-video-preview":"max-video-preview:-1"},"og_locale":"pt_PT","og_type":"article","og_title":"Mem\u00f3rias do Teatro da Cornuc\u00f3pia revelam dor e gl\u00f3ria - Portal Tela Portugal","og_description":"Um filme-arquivo aut\u00eantico que compila e organiza documentos sobre a hist\u00f3ria do Teatro da Cornuc\u00f3pia. Muitos dos documentos reunidos s\u00e3o raros e preciosos. A obra recolhe material da hist\u00f3ria da companhia, considerada pela sua import\u00e2ncia. A Cornuc\u00f3pia \u00e9 apresentada como determinante no panorama teatral lisboeta nas d\u00e9cadas ap\u00f3s o 25 de abril de 1974.","og_url":"https:\/\/portaltela.pt\/noticias\/2026\/03\/25\/memorias-do-teatro-da-cornucopia-revelam-dor-e-gloria\/","og_site_name":"Portal Tela Portugal","article_published_time":"2026-03-25T11:02:00+00:00","author":"Telinha","twitter_card":"summary_large_image","twitter_misc":{"Escrito por":"Telinha","Tempo estimado de leitura":"1 minuto"},"schema":{"@context":"https:\/\/schema.org","@graph":[{"@type":"Article","@id":"https:\/\/portaltela.pt\/noticias\/2026\/03\/25\/memorias-do-teatro-da-cornucopia-revelam-dor-e-gloria\/#article","isPartOf":{"@id":"https:\/\/portaltela.pt\/noticias\/2026\/03\/25\/memorias-do-teatro-da-cornucopia-revelam-dor-e-gloria\/"},"author":{"name":"Telinha","@id":"https:\/\/portaltela.pt\/#\/schema\/person\/c4278d4a6028830caff9ee44b42d32ed"},"headline":"Mem\u00f3rias do Teatro da Cornuc\u00f3pia revelam dor e gl\u00f3ria","datePublished":"2026-03-25T11:02:00+00:00","mainEntityOfPage":{"@id":"https:\/\/portaltela.pt\/noticias\/2026\/03\/25\/memorias-do-teatro-da-cornucopia-revelam-dor-e-gloria\/"},"wordCount":195,"image":{"@id":"https:\/\/portaltela.pt\/noticias\/2026\/03\/25\/memorias-do-teatro-da-cornucopia-revelam-dor-e-gloria\/#primaryimage"},"thumbnailUrl":"https:\/\/portaltela.pt\/s.01k8rhncp4jt1\/2026\/03\/2076652.jpg","keywords":["arquivos","cultura","document\u00e1rios","Lisboa","patrim\u00f3nio","teatro"],"articleSection":["Cultura","Not\u00edcias"],"inLanguage":"pt-PT"},{"@type":"WebPage","@id":"https:\/\/portaltela.pt\/noticias\/2026\/03\/25\/memorias-do-teatro-da-cornucopia-revelam-dor-e-gloria\/","url":"https:\/\/portaltela.pt\/noticias\/2026\/03\/25\/memorias-do-teatro-da-cornucopia-revelam-dor-e-gloria\/","name":"Mem\u00f3rias do Teatro da Cornuc\u00f3pia revelam dor e gl\u00f3ria - Portal Tela Portugal","isPartOf":{"@id":"https:\/\/portaltela.pt\/#website"},"primaryImageOfPage":{"@id":"https:\/\/portaltela.pt\/noticias\/2026\/03\/25\/memorias-do-teatro-da-cornucopia-revelam-dor-e-gloria\/#primaryimage"},"image":{"@id":"https:\/\/portaltela.pt\/noticias\/2026\/03\/25\/memorias-do-teatro-da-cornucopia-revelam-dor-e-gloria\/#primaryimage"},"thumbnailUrl":"https:\/\/portaltela.pt\/s.01k8rhncp4jt1\/2026\/03\/2076652.jpg","datePublished":"2026-03-25T11:02:00+00:00","author":{"@id":"https:\/\/portaltela.pt\/#\/schema\/person\/c4278d4a6028830caff9ee44b42d32ed"},"breadcrumb":{"@id":"https:\/\/portaltela.pt\/noticias\/2026\/03\/25\/memorias-do-teatro-da-cornucopia-revelam-dor-e-gloria\/#breadcrumb"},"inLanguage":"pt-PT","potentialAction":[{"@type":"ReadAction","target":["https:\/\/portaltela.pt\/noticias\/2026\/03\/25\/memorias-do-teatro-da-cornucopia-revelam-dor-e-gloria\/"]}]},{"@type":"ImageObject","inLanguage":"pt-PT","@id":"https:\/\/portaltela.pt\/noticias\/2026\/03\/25\/memorias-do-teatro-da-cornucopia-revelam-dor-e-gloria\/#primaryimage","url":"https:\/\/portaltela.pt\/s.01k8rhncp4jt1\/2026\/03\/2076652.jpg","contentUrl":"https:\/\/portaltela.pt\/s.01k8rhncp4jt1\/2026\/03\/2076652.jpg","width":796,"height":448,"caption":"Um verdadeiro filme-arquivo: *Mem\u00f3rias do Teatro da Cornuc\u00f3pia*"},{"@type":"BreadcrumbList","@id":"https:\/\/portaltela.pt\/noticias\/2026\/03\/25\/memorias-do-teatro-da-cornucopia-revelam-dor-e-gloria\/#breadcrumb","itemListElement":[{"@type":"ListItem","position":1,"name":"In\u00edcio","item":"https:\/\/portaltela.pt\/"},{"@type":"ListItem","position":2,"name":"Mem\u00f3rias do Teatro da Cornuc\u00f3pia revelam dor e gl\u00f3ria"}]},{"@type":"WebSite","@id":"https:\/\/portaltela.pt\/#website","url":"https:\/\/portaltela.pt\/","name":"Portal Tela Portugal","description":"","potentialAction":[{"@type":"SearchAction","target":{"@type":"EntryPoint","urlTemplate":"https:\/\/portaltela.pt\/?s={search_term_string}"},"query-input":{"@type":"PropertyValueSpecification","valueRequired":true,"valueName":"search_term_string"}}],"inLanguage":"pt-PT"},{"@type":"Person","@id":"https:\/\/portaltela.pt\/#\/schema\/person\/c4278d4a6028830caff9ee44b42d32ed","name":"Telinha","image":{"@type":"ImageObject","inLanguage":"pt-PT","@id":"https:\/\/portaltela.pt\/s.01k8rhncp4jt1\/2025\/11\/talking-bot-125x125.png","url":"https:\/\/portaltela.pt\/s.01k8rhncp4jt1\/2025\/11\/talking-bot-125x125.png","contentUrl":"https:\/\/portaltela.pt\/s.01k8rhncp4jt1\/2025\/11\/talking-bot-125x125.png","caption":"Telinha"},"sameAs":["https:\/\/portaltela.pt\/"],"url":"https:\/\/portaltela.pt\/por\/367410592786\/"}]}},"_links":{"self":[{"href":"https:\/\/portaltela.pt\/api\/wp\/v2\/posts\/420703","targetHints":{"allow":["GET"]}}],"collection":[{"href":"https:\/\/portaltela.pt\/api\/wp\/v2\/posts"}],"about":[{"href":"https:\/\/portaltela.pt\/api\/wp\/v2\/types\/post"}],"author":[{"embeddable":true,"href":"https:\/\/portaltela.pt\/api\/wp\/v2\/users\/2"}],"replies":[{"embeddable":true,"href":"https:\/\/portaltela.pt\/api\/wp\/v2\/comments?post=420703"}],"version-history":[{"count":0,"href":"https:\/\/portaltela.pt\/api\/wp\/v2\/posts\/420703\/revisions"}],"wp:featuredmedia":[{"embeddable":true,"href":"https:\/\/portaltela.pt\/api\/wp\/v2\/media\/420712"}],"wp:attachment":[{"href":"https:\/\/portaltela.pt\/api\/wp\/v2\/media?parent=420703"}],"wp:term":[{"taxonomy":"category","embeddable":true,"href":"https:\/\/portaltela.pt\/api\/wp\/v2\/categories?post=420703"},{"taxonomy":"post_tag","embeddable":true,"href":"https:\/\/portaltela.pt\/api\/wp\/v2\/tags?post=420703"}],"curies":[{"name":"wp","href":"https:\/\/api.w.org\/{rel}","templated":true}]}}