{"id":420669,"date":"2026-03-25T08:15:14","date_gmt":"2026-03-25T11:15:14","guid":{"rendered":"https:\/\/portaltela.pt\/noticias\/2026\/03\/25\/aviao-de-jd-vance-no-francisco-sa-carneiro-parte-as-13h00-para-macedonia\/"},"modified":"2026-03-25T08:15:14","modified_gmt":"2026-03-25T11:15:14","slug":"aviao-de-jd-vance-no-francisco-sa-carneiro-parte-as-13h00-para-macedonia","status":"publish","type":"post","link":"https:\/\/portaltela.pt\/noticias\/politica\/2026\/03\/25\/aviao-de-jd-vance-no-francisco-sa-carneiro-parte-as-13h00-para-macedonia\/","title":{"rendered":"Avi\u00e3o de JD Vance no Francisco S\u00e1 Carneiro parte \u00e0s 13h00 para Maced\u00f3nia"},"content":{"rendered":"<p>O Air Force Two, avi\u00e3o do vice\u2011presidente dos EUA JD Vance, chegou a Portugal e ficou estacionado no aeroporto Francisco S\u00e1 Carneiro, no Porto. Segundo o JN, seguiu depois para a Maced\u00f3nia, com sa\u00edda prevista \u00e0s 13h00 desta quarta\u2011feira.<\/p>\n<p>A paragem em solo portugu\u00eas ocorreu antes de partir rumo a Skopje, destino final da viagem oficial. Vance n\u00e3o fez declara\u00e7\u00f5es \u00e0 imprensa durante a escala.<\/p>\n<p>O governo norte\u2011americano n\u00e3o confirmou detalhes adicionais da escala nem da agenda de Vance em territ\u00f3rio portugu\u00eas.<\/p>\n<h3>Detalhes da Viagem<\/h3>\n<p>O avi\u00e3o transporta a comitiva associada ao vice\u2011presidente, com opera\u00e7\u00f5es log\u00edsticas asseguradas por autoridades norte\u2011americanas e pelo servi\u00e7o de prote\u00e7\u00e3o. A aeronave permaneceu em solo at\u00e9 \u00e0 sa\u00edda marcada para a Maced\u00f3nia.<\/p>\n<p>Fonte: JN<\/p>\n","protected":false},"excerpt":{"rendered":"<ul>\n<li>O Air Force Two, o avi\u00e3o do vice-presidente dos EUA, JD Vance, est\u00e1 em Portugal, no aeroporto Francisco S\u00e1 Carneiro, no Porto.<\/li>\n<li>A paragem ocorreu antes de seguir, \u00e0s 13h00, para a Maced\u00f3nia.<\/li>\n<li>Vance \u00e9 esperado na Maced\u00f3nia nesta quarta-feira.<\/li>\n<li>A informa\u00e7\u00e3o \u00e9 avan\u00e7ada pelo Jornal de Not\u00edcias (JN).<\/li>\n<\/ul>\n","protected":false},"author":2,"featured_media":420674,"comment_status":"closed","ping_status":"closed","sticky":false,"template":"","format":"standard","meta":{"footnotes":""},"categories":[6912,5],"tags":[6789,1600,3005,982,1014,6037],"class_list":["post-420669","post","type-post","status-publish","format-standard","has-post-thumbnail","hentry","category-internacionais","category-politica","tag-avioes","tag-estados-unidos","tag-macedonia-do-norte","tag-porto","tag-portugal","tag-viagens-internacionais"],"yoast_head":"<!-- This site is optimized with the Yoast SEO plugin v27.2 - https:\/\/yoast.com\/product\/yoast-seo-wordpress\/ -->\n<title>Avi\u00e3o de JD Vance no Francisco S\u00e1 Carneiro parte \u00e0s 13h00 para Maced\u00f3nia - Portal Tela Portugal<\/title>\n<meta name=\"robots\" content=\"index, follow, max-snippet:-1, max-image-preview:large, max-video-preview:-1\" \/>\n<meta property=\"og:locale\" content=\"pt_PT\" \/>\n<meta property=\"og:type\" content=\"article\" \/>\n<meta property=\"og:title\" content=\"Avi\u00e3o de JD Vance no Francisco S\u00e1 Carneiro parte \u00e0s 13h00 para Maced\u00f3nia - Portal Tela Portugal\" \/>\n<meta property=\"og:description\" content=\"O Air Force Two, o avi\u00e3o do vice-presidente dos EUA, JD Vance, est\u00e1 em Portugal, no aeroporto Francisco S\u00e1 Carneiro, no Porto. A paragem ocorreu antes de seguir, \u00e0s 13h00, para a Maced\u00f3nia. Vance \u00e9 esperado na Maced\u00f3nia nesta quarta-feira. A informa\u00e7\u00e3o \u00e9 avan\u00e7ada pelo Jornal de Not\u00edcias (JN).\" \/>\n<meta property=\"og:url\" content=\"https:\/\/portaltela.pt\/noticias\/2026\/03\/25\/aviao-de-jd-vance-no-francisco-sa-carneiro-parte-as-13h00-para-macedonia\/\" \/>\n<meta property=\"og:site_name\" content=\"Portal Tela Portugal\" \/>\n<meta property=\"article:published_time\" content=\"2026-03-25T11:15:14+00:00\" \/>\n<meta name=\"author\" content=\"Telinha\" \/>\n<meta name=\"twitter:card\" content=\"summary_large_image\" \/>\n<meta name=\"twitter:label1\" content=\"Escrito por\" \/>\n\t<meta name=\"twitter:data1\" content=\"Telinha\" \/>\n\t<meta name=\"twitter:label2\" content=\"Tempo estimado de leitura\" \/>\n\t<meta name=\"twitter:data2\" content=\"1 minuto\" \/>\n<script type=\"application\/ld+json\" class=\"yoast-schema-graph\">{\"@context\":\"https:\/\/schema.org\",\"@graph\":[{\"@type\":\"Article\",\"@id\":\"https:\/\/portaltela.pt\/noticias\/2026\/03\/25\/aviao-de-jd-vance-no-francisco-sa-carneiro-parte-as-13h00-para-macedonia\/#article\",\"isPartOf\":{\"@id\":\"https:\/\/portaltela.pt\/noticias\/2026\/03\/25\/aviao-de-jd-vance-no-francisco-sa-carneiro-parte-as-13h00-para-macedonia\/\"},\"author\":{\"name\":\"Telinha\",\"@id\":\"https:\/\/portaltela.pt\/#\/schema\/person\/c4278d4a6028830caff9ee44b42d32ed\"},\"headline\":\"Avi\u00e3o de JD Vance no Francisco S\u00e1 Carneiro parte \u00e0s 13h00 para Maced\u00f3nia\",\"datePublished\":\"2026-03-25T11:15:14+00:00\",\"mainEntityOfPage\":{\"@id\":\"https:\/\/portaltela.pt\/noticias\/2026\/03\/25\/aviao-de-jd-vance-no-francisco-sa-carneiro-parte-as-13h00-para-macedonia\/\"},\"wordCount\":153,\"image\":{\"@id\":\"https:\/\/portaltela.pt\/noticias\/2026\/03\/25\/aviao-de-jd-vance-no-francisco-sa-carneiro-parte-as-13h00-para-macedonia\/#primaryimage\"},\"thumbnailUrl\":\"https:\/\/portaltela.pt\/s.01k8rhncp4jt1\/2026\/03\/img_920x518uu2026-03-25-11-14-48-2429279.jpg\",\"keywords\":[\"avi\u00f5es\",\"Estados Unidos\",\"Maced\u00f3nia do Norte\",\"Porto\",\"Portugal\",\"viagens internacionais\"],\"articleSection\":[\"Internacionais\",\"Pol\u00edtica\"],\"inLanguage\":\"pt-PT\"},{\"@type\":\"WebPage\",\"@id\":\"https:\/\/portaltela.pt\/noticias\/2026\/03\/25\/aviao-de-jd-vance-no-francisco-sa-carneiro-parte-as-13h00-para-macedonia\/\",\"url\":\"https:\/\/portaltela.pt\/noticias\/2026\/03\/25\/aviao-de-jd-vance-no-francisco-sa-carneiro-parte-as-13h00-para-macedonia\/\",\"name\":\"Avi\u00e3o de JD Vance no Francisco S\u00e1 Carneiro parte \u00e0s 13h00 para Maced\u00f3nia - Portal Tela Portugal\",\"isPartOf\":{\"@id\":\"https:\/\/portaltela.pt\/#website\"},\"primaryImageOfPage\":{\"@id\":\"https:\/\/portaltela.pt\/noticias\/2026\/03\/25\/aviao-de-jd-vance-no-francisco-sa-carneiro-parte-as-13h00-para-macedonia\/#primaryimage\"},\"image\":{\"@id\":\"https:\/\/portaltela.pt\/noticias\/2026\/03\/25\/aviao-de-jd-vance-no-francisco-sa-carneiro-parte-as-13h00-para-macedonia\/#primaryimage\"},\"thumbnailUrl\":\"https:\/\/portaltela.pt\/s.01k8rhncp4jt1\/2026\/03\/img_920x518uu2026-03-25-11-14-48-2429279.jpg\",\"datePublished\":\"2026-03-25T11:15:14+00:00\",\"author\":{\"@id\":\"https:\/\/portaltela.pt\/#\/schema\/person\/c4278d4a6028830caff9ee44b42d32ed\"},\"breadcrumb\":{\"@id\":\"https:\/\/portaltela.pt\/noticias\/2026\/03\/25\/aviao-de-jd-vance-no-francisco-sa-carneiro-parte-as-13h00-para-macedonia\/#breadcrumb\"},\"inLanguage\":\"pt-PT\",\"potentialAction\":[{\"@type\":\"ReadAction\",\"target\":[\"https:\/\/portaltela.pt\/noticias\/2026\/03\/25\/aviao-de-jd-vance-no-francisco-sa-carneiro-parte-as-13h00-para-macedonia\/\"]}]},{\"@type\":\"ImageObject\",\"inLanguage\":\"pt-PT\",\"@id\":\"https:\/\/portaltela.pt\/noticias\/2026\/03\/25\/aviao-de-jd-vance-no-francisco-sa-carneiro-parte-as-13h00-para-macedonia\/#primaryimage\",\"url\":\"https:\/\/portaltela.pt\/s.01k8rhncp4jt1\/2026\/03\/img_920x518uu2026-03-25-11-14-48-2429279.jpg\",\"contentUrl\":\"https:\/\/portaltela.pt\/s.01k8rhncp4jt1\/2026\/03\/img_920x518uu2026-03-25-11-14-48-2429279.jpg\",\"width\":796,\"height\":448,\"caption\":\"JD Vance\"},{\"@type\":\"BreadcrumbList\",\"@id\":\"https:\/\/portaltela.pt\/noticias\/2026\/03\/25\/aviao-de-jd-vance-no-francisco-sa-carneiro-parte-as-13h00-para-macedonia\/#breadcrumb\",\"itemListElement\":[{\"@type\":\"ListItem\",\"position\":1,\"name\":\"In\u00edcio\",\"item\":\"https:\/\/portaltela.pt\/\"},{\"@type\":\"ListItem\",\"position\":2,\"name\":\"Avi\u00e3o de JD Vance no Francisco S\u00e1 Carneiro parte \u00e0s 13h00 para Maced\u00f3nia\"}]},{\"@type\":\"WebSite\",\"@id\":\"https:\/\/portaltela.pt\/#website\",\"url\":\"https:\/\/portaltela.pt\/\",\"name\":\"Portal Tela Portugal\",\"description\":\"\",\"potentialAction\":[{\"@type\":\"SearchAction\",\"target\":{\"@type\":\"EntryPoint\",\"urlTemplate\":\"https:\/\/portaltela.pt\/?s={search_term_string}\"},\"query-input\":{\"@type\":\"PropertyValueSpecification\",\"valueRequired\":true,\"valueName\":\"search_term_string\"}}],\"inLanguage\":\"pt-PT\"},{\"@type\":\"Person\",\"@id\":\"https:\/\/portaltela.pt\/#\/schema\/person\/c4278d4a6028830caff9ee44b42d32ed\",\"name\":\"Telinha\",\"image\":{\"@type\":\"ImageObject\",\"inLanguage\":\"pt-PT\",\"@id\":\"https:\/\/portaltela.pt\/s.01k8rhncp4jt1\/2025\/11\/talking-bot-125x125.png\",\"url\":\"https:\/\/portaltela.pt\/s.01k8rhncp4jt1\/2025\/11\/talking-bot-125x125.png\",\"contentUrl\":\"https:\/\/portaltela.pt\/s.01k8rhncp4jt1\/2025\/11\/talking-bot-125x125.png\",\"caption\":\"Telinha\"},\"sameAs\":[\"https:\/\/portaltela.pt\/\"],\"url\":\"https:\/\/portaltela.pt\/por\/367410592786\/\"}]}<\/script>\n<!-- \/ Yoast SEO plugin. -->","yoast_head_json":{"title":"Avi\u00e3o de JD Vance no Francisco S\u00e1 Carneiro parte \u00e0s 13h00 para Maced\u00f3nia - Portal Tela Portugal","robots":{"index":"index","follow":"follow","max-snippet":"max-snippet:-1","max-image-preview":"max-image-preview:large","max-video-preview":"max-video-preview:-1"},"og_locale":"pt_PT","og_type":"article","og_title":"Avi\u00e3o de JD Vance no Francisco S\u00e1 Carneiro parte \u00e0s 13h00 para Maced\u00f3nia - Portal Tela Portugal","og_description":"O Air Force Two, o avi\u00e3o do vice-presidente dos EUA, JD Vance, est\u00e1 em Portugal, no aeroporto Francisco S\u00e1 Carneiro, no Porto. A paragem ocorreu antes de seguir, \u00e0s 13h00, para a Maced\u00f3nia. Vance \u00e9 esperado na Maced\u00f3nia nesta quarta-feira. A informa\u00e7\u00e3o \u00e9 avan\u00e7ada pelo Jornal de Not\u00edcias (JN).","og_url":"https:\/\/portaltela.pt\/noticias\/2026\/03\/25\/aviao-de-jd-vance-no-francisco-sa-carneiro-parte-as-13h00-para-macedonia\/","og_site_name":"Portal Tela Portugal","article_published_time":"2026-03-25T11:15:14+00:00","author":"Telinha","twitter_card":"summary_large_image","twitter_misc":{"Escrito por":"Telinha","Tempo estimado de leitura":"1 minuto"},"schema":{"@context":"https:\/\/schema.org","@graph":[{"@type":"Article","@id":"https:\/\/portaltela.pt\/noticias\/2026\/03\/25\/aviao-de-jd-vance-no-francisco-sa-carneiro-parte-as-13h00-para-macedonia\/#article","isPartOf":{"@id":"https:\/\/portaltela.pt\/noticias\/2026\/03\/25\/aviao-de-jd-vance-no-francisco-sa-carneiro-parte-as-13h00-para-macedonia\/"},"author":{"name":"Telinha","@id":"https:\/\/portaltela.pt\/#\/schema\/person\/c4278d4a6028830caff9ee44b42d32ed"},"headline":"Avi\u00e3o de JD Vance no Francisco S\u00e1 Carneiro parte \u00e0s 13h00 para Maced\u00f3nia","datePublished":"2026-03-25T11:15:14+00:00","mainEntityOfPage":{"@id":"https:\/\/portaltela.pt\/noticias\/2026\/03\/25\/aviao-de-jd-vance-no-francisco-sa-carneiro-parte-as-13h00-para-macedonia\/"},"wordCount":153,"image":{"@id":"https:\/\/portaltela.pt\/noticias\/2026\/03\/25\/aviao-de-jd-vance-no-francisco-sa-carneiro-parte-as-13h00-para-macedonia\/#primaryimage"},"thumbnailUrl":"https:\/\/portaltela.pt\/s.01k8rhncp4jt1\/2026\/03\/img_920x518uu2026-03-25-11-14-48-2429279.jpg","keywords":["avi\u00f5es","Estados Unidos","Maced\u00f3nia do Norte","Porto","Portugal","viagens internacionais"],"articleSection":["Internacionais","Pol\u00edtica"],"inLanguage":"pt-PT"},{"@type":"WebPage","@id":"https:\/\/portaltela.pt\/noticias\/2026\/03\/25\/aviao-de-jd-vance-no-francisco-sa-carneiro-parte-as-13h00-para-macedonia\/","url":"https:\/\/portaltela.pt\/noticias\/2026\/03\/25\/aviao-de-jd-vance-no-francisco-sa-carneiro-parte-as-13h00-para-macedonia\/","name":"Avi\u00e3o de JD Vance no Francisco S\u00e1 Carneiro parte \u00e0s 13h00 para Maced\u00f3nia - Portal Tela Portugal","isPartOf":{"@id":"https:\/\/portaltela.pt\/#website"},"primaryImageOfPage":{"@id":"https:\/\/portaltela.pt\/noticias\/2026\/03\/25\/aviao-de-jd-vance-no-francisco-sa-carneiro-parte-as-13h00-para-macedonia\/#primaryimage"},"image":{"@id":"https:\/\/portaltela.pt\/noticias\/2026\/03\/25\/aviao-de-jd-vance-no-francisco-sa-carneiro-parte-as-13h00-para-macedonia\/#primaryimage"},"thumbnailUrl":"https:\/\/portaltela.pt\/s.01k8rhncp4jt1\/2026\/03\/img_920x518uu2026-03-25-11-14-48-2429279.jpg","datePublished":"2026-03-25T11:15:14+00:00","author":{"@id":"https:\/\/portaltela.pt\/#\/schema\/person\/c4278d4a6028830caff9ee44b42d32ed"},"breadcrumb":{"@id":"https:\/\/portaltela.pt\/noticias\/2026\/03\/25\/aviao-de-jd-vance-no-francisco-sa-carneiro-parte-as-13h00-para-macedonia\/#breadcrumb"},"inLanguage":"pt-PT","potentialAction":[{"@type":"ReadAction","target":["https:\/\/portaltela.pt\/noticias\/2026\/03\/25\/aviao-de-jd-vance-no-francisco-sa-carneiro-parte-as-13h00-para-macedonia\/"]}]},{"@type":"ImageObject","inLanguage":"pt-PT","@id":"https:\/\/portaltela.pt\/noticias\/2026\/03\/25\/aviao-de-jd-vance-no-francisco-sa-carneiro-parte-as-13h00-para-macedonia\/#primaryimage","url":"https:\/\/portaltela.pt\/s.01k8rhncp4jt1\/2026\/03\/img_920x518uu2026-03-25-11-14-48-2429279.jpg","contentUrl":"https:\/\/portaltela.pt\/s.01k8rhncp4jt1\/2026\/03\/img_920x518uu2026-03-25-11-14-48-2429279.jpg","width":796,"height":448,"caption":"JD Vance"},{"@type":"BreadcrumbList","@id":"https:\/\/portaltela.pt\/noticias\/2026\/03\/25\/aviao-de-jd-vance-no-francisco-sa-carneiro-parte-as-13h00-para-macedonia\/#breadcrumb","itemListElement":[{"@type":"ListItem","position":1,"name":"In\u00edcio","item":"https:\/\/portaltela.pt\/"},{"@type":"ListItem","position":2,"name":"Avi\u00e3o de JD Vance no Francisco S\u00e1 Carneiro parte \u00e0s 13h00 para Maced\u00f3nia"}]},{"@type":"WebSite","@id":"https:\/\/portaltela.pt\/#website","url":"https:\/\/portaltela.pt\/","name":"Portal Tela Portugal","description":"","potentialAction":[{"@type":"SearchAction","target":{"@type":"EntryPoint","urlTemplate":"https:\/\/portaltela.pt\/?s={search_term_string}"},"query-input":{"@type":"PropertyValueSpecification","valueRequired":true,"valueName":"search_term_string"}}],"inLanguage":"pt-PT"},{"@type":"Person","@id":"https:\/\/portaltela.pt\/#\/schema\/person\/c4278d4a6028830caff9ee44b42d32ed","name":"Telinha","image":{"@type":"ImageObject","inLanguage":"pt-PT","@id":"https:\/\/portaltela.pt\/s.01k8rhncp4jt1\/2025\/11\/talking-bot-125x125.png","url":"https:\/\/portaltela.pt\/s.01k8rhncp4jt1\/2025\/11\/talking-bot-125x125.png","contentUrl":"https:\/\/portaltela.pt\/s.01k8rhncp4jt1\/2025\/11\/talking-bot-125x125.png","caption":"Telinha"},"sameAs":["https:\/\/portaltela.pt\/"],"url":"https:\/\/portaltela.pt\/por\/367410592786\/"}]}},"_links":{"self":[{"href":"https:\/\/portaltela.pt\/api\/wp\/v2\/posts\/420669","targetHints":{"allow":["GET"]}}],"collection":[{"href":"https:\/\/portaltela.pt\/api\/wp\/v2\/posts"}],"about":[{"href":"https:\/\/portaltela.pt\/api\/wp\/v2\/types\/post"}],"author":[{"embeddable":true,"href":"https:\/\/portaltela.pt\/api\/wp\/v2\/users\/2"}],"replies":[{"embeddable":true,"href":"https:\/\/portaltela.pt\/api\/wp\/v2\/comments?post=420669"}],"version-history":[{"count":0,"href":"https:\/\/portaltela.pt\/api\/wp\/v2\/posts\/420669\/revisions"}],"wp:featuredmedia":[{"embeddable":true,"href":"https:\/\/portaltela.pt\/api\/wp\/v2\/media\/420674"}],"wp:attachment":[{"href":"https:\/\/portaltela.pt\/api\/wp\/v2\/media?parent=420669"}],"wp:term":[{"taxonomy":"category","embeddable":true,"href":"https:\/\/portaltela.pt\/api\/wp\/v2\/categories?post=420669"},{"taxonomy":"post_tag","embeddable":true,"href":"https:\/\/portaltela.pt\/api\/wp\/v2\/tags?post=420669"}],"curies":[{"name":"wp","href":"https:\/\/api.w.org\/{rel}","templated":true}]}}