{"id":420647,"date":"2026-03-25T07:49:00","date_gmt":"2026-03-25T10:49:00","guid":{"rendered":"https:\/\/portaltela.pt\/noticias\/2026\/03\/25\/bruxelas-pede-a-portugal-uso-de-ptrr-em-comunidades-de-energia-e-zonas-humidas\/"},"modified":"2026-03-25T07:49:00","modified_gmt":"2026-03-25T10:49:00","slug":"bruxelas-pede-a-portugal-uso-de-ptrr-em-comunidades-de-energia-e-zonas-humidas","status":"publish","type":"post","link":"https:\/\/portaltela.pt\/noticias\/2026\/03\/25\/bruxelas-pede-a-portugal-uso-de-ptrr-em-comunidades-de-energia-e-zonas-humidas\/","title":{"rendered":"Bruxelas pede a Portugal uso de PTRR em comunidades de energia e zonas h\u00famidas"},"content":{"rendered":"<p>O governo de Portugal foi chamado pela sess\u00e3o de embaixadores do Pacto Clim\u00e1tico Europeu, em Bruxelas, a utilizar o PTRR na promo\u00e7\u00e3o de comunidades de energia e na recupera\u00e7\u00e3o de zonas h\u00famidas. A recomenda\u00e7\u00e3o surge no \u00e2mbito do plano Portugal Transforma\u00e7\u00e3o, Recupera\u00e7\u00e3o e Resili\u00eancia, criado para responder aos danos das tempestades de janeiro e fevereiro.<\/p>\n<p>Para os representantes do Pacto Clim\u00e1tico Europeu, o PTRR representa uma oportunidade de aumentar a resili\u00eancia clim\u00e1tica. Prop\u00f5em incluir financiamento para solu\u00e7\u00f5es de engenharia baseadas na natureza e para a cria\u00e7\u00e3o de estruturas intermunicipais que envolvam comunidades locais na preven\u00e7\u00e3o de cat\u00e1strofes.<\/p>\n<p>Pedro Macedo, investigador e embaixador da iniciativa, aponta que programas de financiamento de comunidades de energia renov\u00e1vel e de renaturaliza\u00e7\u00e3o urbanos, inspirados em modelos de cidades como Paris, s\u00e3o exemplos relevantes de investimento p\u00fablico. O objetivo \u00e9 reduzir riscos atrav\u00e9s de a\u00e7\u00f5es proativas.<\/p>\n<p>Ant\u00f3nio Gon\u00e7alves Pereira, coordenador da Ecomood\/Climate Alliance Portugal e embaixador do Pacto, assinala o desperd\u00edcio de reconstruir zonas afetadas nos mesmos locais, defendendo abordagens preventivas e a utiliza\u00e7\u00e3o de solu\u00e7\u00f5es de natureza para refor\u00e7ar margens ribeirinhas e regenerar solos.<\/p>\n<h3>Estrutura\u00e7\u00e3o de governo local e defesa civil<\/h3>\n<p>O documento recomenda a cria\u00e7\u00e3o de estruturas intermunicipais de a\u00e7\u00e3o clim\u00e1tica que envolvam autarquias, ci\u00eancia e sociedade civil para coordenar respostas em territ\u00f3rios partilhados por bacias hidrogr\u00e1ficas ou zonas costeiras vulner\u00e1veis. O objetivo \u00e9 melhorar a gest\u00e3o integrada do territ\u00f3rio.<\/p>\n<p>Alguns dos pontos destacados incluem a promo\u00e7\u00e3o de infraestruturas naturais de reten\u00e7\u00e3o de \u00e1gua em solos agr\u00edcolas e urbanos, como hortas comunit\u00e1rias e telhados verdes, bem como a produ\u00e7\u00e3o descentralizada de energia renov\u00e1vel. A participa\u00e7\u00e3o cidad\u00e3 \u00e9 apresentada como uma defesa adicional contra potenciais apag\u00f5es.<\/p>\n<p>Os embaixadores reiteram que a abordagem deve evitar apenas reconstru\u00e7\u00e3o de infraestruturas em \u00e1reas de risco e sublinham a import\u00e2ncia de a\u00e7\u00f5es que fortalecem a resili\u00eancia a longo prazo. O Pacto Clim\u00e1tico Europeu continua a incentivar medidas que integrem ci\u00eancia, comunidades locais e governos regionais.<\/p>\n","protected":false},"excerpt":{"rendered":"<ul>\n<li>Bruxelas pediu a Portugal que utilize o Plano de Transforma\u00e7\u00e3o, Recupera\u00e7\u00e3o e Resili\u00eancia (PTRR) para apoiar comunidades de energia e a recupera\u00e7\u00e3o de zonas h\u00famidas, fortalecendo a resili\u00eancia face \u00e0s altera\u00e7\u00f5es clim\u00e1ticas.<\/li>\n<li>Os embaixadores do Pacto Clim\u00e1tico Europeu recomendam investir em solu\u00e7\u00f5es de engenharia baseadas na natureza e em estruturas intermunicipais que envolvam comunidades na preven\u00e7\u00e3o de cat\u00e1strofes.<\/li>\n<li>O plano \u00e9 visto como uma oportunidade para tornar Portugal mais resistente ao clima; criticam tamb\u00e9m a repeti\u00e7\u00e3o de reconstru\u00e7\u00f5es em \u00e1reas de risco, sem medidas de preven\u00e7\u00e3o.<\/li>\n<li>Prop\u00f5em ainda fortalecer margens ribeirinhas, regenerar solos e promover reten\u00e7\u00e3o natural de \u00e1gua em solos agr\u00edcolas e zonas urbanas, incluindo hortas urbanas e telhados verdes.<\/li>\n<li>Outras a\u00e7\u00f5es incluem produ\u00e7\u00e3o descentralizada de energia renov\u00e1vel e maior participa\u00e7\u00e3o cidad\u00e3, como forma de evitar cortes de fornecimento, com a Uni\u00e3o Europeia a perseguir a neutralidade clim\u00e1tica at\u00e9 2050; Portugal conta cerca de setenta embaixadores do Pacto Clim\u00e1tico Europeu.<\/li>\n<\/ul>\n","protected":false},"author":2,"featured_media":420649,"comment_status":"closed","ping_status":"closed","sticky":false,"template":"","format":"standard","meta":{"footnotes":""},"categories":[7380,1],"tags":[2053,903,3603,3147,258,2949],"class_list":["post-420647","post","type-post","status-publish","format-standard","has-post-thumbnail","hentry","category-clima","category-noticias","tag-acao-climatica","tag-comunidades","tag-energias-renovaveis","tag-gestao-de-recursos-hidricos","tag-infraestruturas","tag-renaturalizacao"],"yoast_head":"<!-- This site is optimized with the Yoast SEO plugin v27.2 - https:\/\/yoast.com\/product\/yoast-seo-wordpress\/ -->\n<title>Bruxelas pede a Portugal uso de PTRR em comunidades de energia e zonas h\u00famidas - Portal Tela Portugal<\/title>\n<meta name=\"robots\" content=\"index, follow, max-snippet:-1, max-image-preview:large, max-video-preview:-1\" \/>\n<meta property=\"og:locale\" content=\"pt_PT\" \/>\n<meta property=\"og:type\" content=\"article\" \/>\n<meta property=\"og:title\" content=\"Bruxelas pede a Portugal uso de PTRR em comunidades de energia e zonas h\u00famidas - Portal Tela Portugal\" \/>\n<meta property=\"og:description\" content=\"Bruxelas pediu a Portugal que utilize o Plano de Transforma\u00e7\u00e3o, Recupera\u00e7\u00e3o e Resili\u00eancia (PTRR) para apoiar comunidades de energia e a recupera\u00e7\u00e3o de zonas h\u00famidas, fortalecendo a resili\u00eancia face \u00e0s altera\u00e7\u00f5es clim\u00e1ticas. Os embaixadores do Pacto Clim\u00e1tico Europeu recomendam investir em solu\u00e7\u00f5es de engenharia baseadas na natureza e em estruturas intermunicipais que envolvam comunidades na preven\u00e7\u00e3o de cat\u00e1strofes. O plano \u00e9 visto como uma oportunidade para tornar Portugal mais resistente ao clima; criticam tamb\u00e9m a repeti\u00e7\u00e3o de reconstru\u00e7\u00f5es em \u00e1reas de risco, sem medidas de preven\u00e7\u00e3o. Prop\u00f5em ainda fortalecer margens ribeirinhas, regenerar solos e promover reten\u00e7\u00e3o natural de \u00e1gua em solos agr\u00edcolas e zonas urbanas, incluindo hortas urbanas e telhados verdes. Outras a\u00e7\u00f5es incluem produ\u00e7\u00e3o descentralizada de energia renov\u00e1vel e maior participa\u00e7\u00e3o cidad\u00e3, como forma de evitar cortes de fornecimento, com a Uni\u00e3o Europeia a perseguir a neutralidade clim\u00e1tica at\u00e9 2050; Portugal conta cerca de setenta embaixadores do Pacto Clim\u00e1tico Europeu.\" \/>\n<meta property=\"og:url\" content=\"https:\/\/portaltela.pt\/noticias\/2026\/03\/25\/bruxelas-pede-a-portugal-uso-de-ptrr-em-comunidades-de-energia-e-zonas-humidas\/\" \/>\n<meta property=\"og:site_name\" content=\"Portal Tela Portugal\" \/>\n<meta property=\"article:published_time\" content=\"2026-03-25T10:49:00+00:00\" \/>\n<meta name=\"author\" content=\"Telinha\" \/>\n<meta name=\"twitter:card\" content=\"summary_large_image\" \/>\n<meta name=\"twitter:label1\" content=\"Escrito por\" \/>\n\t<meta name=\"twitter:data1\" content=\"Telinha\" \/>\n\t<meta name=\"twitter:label2\" content=\"Tempo estimado de leitura\" \/>\n\t<meta name=\"twitter:data2\" content=\"2 minutos\" \/>\n<script type=\"application\/ld+json\" class=\"yoast-schema-graph\">{\"@context\":\"https:\/\/schema.org\",\"@graph\":[{\"@type\":\"Article\",\"@id\":\"https:\/\/portaltela.pt\/noticias\/2026\/03\/25\/bruxelas-pede-a-portugal-uso-de-ptrr-em-comunidades-de-energia-e-zonas-humidas\/#article\",\"isPartOf\":{\"@id\":\"https:\/\/portaltela.pt\/noticias\/2026\/03\/25\/bruxelas-pede-a-portugal-uso-de-ptrr-em-comunidades-de-energia-e-zonas-humidas\/\"},\"author\":{\"name\":\"Telinha\",\"@id\":\"https:\/\/portaltela.pt\/#\/schema\/person\/c4278d4a6028830caff9ee44b42d32ed\"},\"headline\":\"Bruxelas pede a Portugal uso de PTRR em comunidades de energia e zonas h\u00famidas\",\"datePublished\":\"2026-03-25T10:49:00+00:00\",\"mainEntityOfPage\":{\"@id\":\"https:\/\/portaltela.pt\/noticias\/2026\/03\/25\/bruxelas-pede-a-portugal-uso-de-ptrr-em-comunidades-de-energia-e-zonas-humidas\/\"},\"wordCount\":382,\"image\":{\"@id\":\"https:\/\/portaltela.pt\/noticias\/2026\/03\/25\/bruxelas-pede-a-portugal-uso-de-ptrr-em-comunidades-de-energia-e-zonas-humidas\/#primaryimage\"},\"thumbnailUrl\":\"https:\/\/portaltela.pt\/s.01k8rhncp4jt1\/2026\/03\/image-106.webp\",\"keywords\":[\"A\u00e7\u00e3o Clim\u00e1tica\",\"comunidades\",\"energias renov\u00e1veis\",\"Gest\u00e3o de Recursos H\u00eddricos\",\"infraestruturas\",\"renaturaliza\u00e7\u00e3o\"],\"articleSection\":[\"Clima\",\"Not\u00edcias\"],\"inLanguage\":\"pt-PT\"},{\"@type\":\"WebPage\",\"@id\":\"https:\/\/portaltela.pt\/noticias\/2026\/03\/25\/bruxelas-pede-a-portugal-uso-de-ptrr-em-comunidades-de-energia-e-zonas-humidas\/\",\"url\":\"https:\/\/portaltela.pt\/noticias\/2026\/03\/25\/bruxelas-pede-a-portugal-uso-de-ptrr-em-comunidades-de-energia-e-zonas-humidas\/\",\"name\":\"Bruxelas pede a Portugal uso de PTRR em comunidades de energia e zonas h\u00famidas - Portal Tela Portugal\",\"isPartOf\":{\"@id\":\"https:\/\/portaltela.pt\/#website\"},\"primaryImageOfPage\":{\"@id\":\"https:\/\/portaltela.pt\/noticias\/2026\/03\/25\/bruxelas-pede-a-portugal-uso-de-ptrr-em-comunidades-de-energia-e-zonas-humidas\/#primaryimage\"},\"image\":{\"@id\":\"https:\/\/portaltela.pt\/noticias\/2026\/03\/25\/bruxelas-pede-a-portugal-uso-de-ptrr-em-comunidades-de-energia-e-zonas-humidas\/#primaryimage\"},\"thumbnailUrl\":\"https:\/\/portaltela.pt\/s.01k8rhncp4jt1\/2026\/03\/image-106.webp\",\"datePublished\":\"2026-03-25T10:49:00+00:00\",\"author\":{\"@id\":\"https:\/\/portaltela.pt\/#\/schema\/person\/c4278d4a6028830caff9ee44b42d32ed\"},\"breadcrumb\":{\"@id\":\"https:\/\/portaltela.pt\/noticias\/2026\/03\/25\/bruxelas-pede-a-portugal-uso-de-ptrr-em-comunidades-de-energia-e-zonas-humidas\/#breadcrumb\"},\"inLanguage\":\"pt-PT\",\"potentialAction\":[{\"@type\":\"ReadAction\",\"target\":[\"https:\/\/portaltela.pt\/noticias\/2026\/03\/25\/bruxelas-pede-a-portugal-uso-de-ptrr-em-comunidades-de-energia-e-zonas-humidas\/\"]}]},{\"@type\":\"ImageObject\",\"inLanguage\":\"pt-PT\",\"@id\":\"https:\/\/portaltela.pt\/noticias\/2026\/03\/25\/bruxelas-pede-a-portugal-uso-de-ptrr-em-comunidades-de-energia-e-zonas-humidas\/#primaryimage\",\"url\":\"https:\/\/portaltela.pt\/s.01k8rhncp4jt1\/2026\/03\/image-106.webp\",\"contentUrl\":\"https:\/\/portaltela.pt\/s.01k8rhncp4jt1\/2026\/03\/image-106.webp\",\"width\":1200,\"height\":800,\"caption\":\"Embaixadores notam ainda que n\u00e3o se devem reconstruir infraestruturas e habita\u00e7\u00f5es em zonas de risco\"},{\"@type\":\"BreadcrumbList\",\"@id\":\"https:\/\/portaltela.pt\/noticias\/2026\/03\/25\/bruxelas-pede-a-portugal-uso-de-ptrr-em-comunidades-de-energia-e-zonas-humidas\/#breadcrumb\",\"itemListElement\":[{\"@type\":\"ListItem\",\"position\":1,\"name\":\"In\u00edcio\",\"item\":\"https:\/\/portaltela.pt\/\"},{\"@type\":\"ListItem\",\"position\":2,\"name\":\"Bruxelas pede a Portugal uso de PTRR em comunidades de energia e zonas h\u00famidas\"}]},{\"@type\":\"WebSite\",\"@id\":\"https:\/\/portaltela.pt\/#website\",\"url\":\"https:\/\/portaltela.pt\/\",\"name\":\"Portal Tela Portugal\",\"description\":\"\",\"potentialAction\":[{\"@type\":\"SearchAction\",\"target\":{\"@type\":\"EntryPoint\",\"urlTemplate\":\"https:\/\/portaltela.pt\/?s={search_term_string}\"},\"query-input\":{\"@type\":\"PropertyValueSpecification\",\"valueRequired\":true,\"valueName\":\"search_term_string\"}}],\"inLanguage\":\"pt-PT\"},{\"@type\":\"Person\",\"@id\":\"https:\/\/portaltela.pt\/#\/schema\/person\/c4278d4a6028830caff9ee44b42d32ed\",\"name\":\"Telinha\",\"image\":{\"@type\":\"ImageObject\",\"inLanguage\":\"pt-PT\",\"@id\":\"https:\/\/portaltela.pt\/s.01k8rhncp4jt1\/2025\/11\/talking-bot-125x125.png\",\"url\":\"https:\/\/portaltela.pt\/s.01k8rhncp4jt1\/2025\/11\/talking-bot-125x125.png\",\"contentUrl\":\"https:\/\/portaltela.pt\/s.01k8rhncp4jt1\/2025\/11\/talking-bot-125x125.png\",\"caption\":\"Telinha\"},\"sameAs\":[\"https:\/\/portaltela.pt\/\"],\"url\":\"https:\/\/portaltela.pt\/por\/367410592786\/\"}]}<\/script>\n<!-- \/ Yoast SEO plugin. -->","yoast_head_json":{"title":"Bruxelas pede a Portugal uso de PTRR em comunidades de energia e zonas h\u00famidas - Portal Tela Portugal","robots":{"index":"index","follow":"follow","max-snippet":"max-snippet:-1","max-image-preview":"max-image-preview:large","max-video-preview":"max-video-preview:-1"},"og_locale":"pt_PT","og_type":"article","og_title":"Bruxelas pede a Portugal uso de PTRR em comunidades de energia e zonas h\u00famidas - Portal Tela Portugal","og_description":"Bruxelas pediu a Portugal que utilize o Plano de Transforma\u00e7\u00e3o, Recupera\u00e7\u00e3o e Resili\u00eancia (PTRR) para apoiar comunidades de energia e a recupera\u00e7\u00e3o de zonas h\u00famidas, fortalecendo a resili\u00eancia face \u00e0s altera\u00e7\u00f5es clim\u00e1ticas. Os embaixadores do Pacto Clim\u00e1tico Europeu recomendam investir em solu\u00e7\u00f5es de engenharia baseadas na natureza e em estruturas intermunicipais que envolvam comunidades na preven\u00e7\u00e3o de cat\u00e1strofes. O plano \u00e9 visto como uma oportunidade para tornar Portugal mais resistente ao clima; criticam tamb\u00e9m a repeti\u00e7\u00e3o de reconstru\u00e7\u00f5es em \u00e1reas de risco, sem medidas de preven\u00e7\u00e3o. Prop\u00f5em ainda fortalecer margens ribeirinhas, regenerar solos e promover reten\u00e7\u00e3o natural de \u00e1gua em solos agr\u00edcolas e zonas urbanas, incluindo hortas urbanas e telhados verdes. Outras a\u00e7\u00f5es incluem produ\u00e7\u00e3o descentralizada de energia renov\u00e1vel e maior participa\u00e7\u00e3o cidad\u00e3, como forma de evitar cortes de fornecimento, com a Uni\u00e3o Europeia a perseguir a neutralidade clim\u00e1tica at\u00e9 2050; Portugal conta cerca de setenta embaixadores do Pacto Clim\u00e1tico Europeu.","og_url":"https:\/\/portaltela.pt\/noticias\/2026\/03\/25\/bruxelas-pede-a-portugal-uso-de-ptrr-em-comunidades-de-energia-e-zonas-humidas\/","og_site_name":"Portal Tela Portugal","article_published_time":"2026-03-25T10:49:00+00:00","author":"Telinha","twitter_card":"summary_large_image","twitter_misc":{"Escrito por":"Telinha","Tempo estimado de leitura":"2 minutos"},"schema":{"@context":"https:\/\/schema.org","@graph":[{"@type":"Article","@id":"https:\/\/portaltela.pt\/noticias\/2026\/03\/25\/bruxelas-pede-a-portugal-uso-de-ptrr-em-comunidades-de-energia-e-zonas-humidas\/#article","isPartOf":{"@id":"https:\/\/portaltela.pt\/noticias\/2026\/03\/25\/bruxelas-pede-a-portugal-uso-de-ptrr-em-comunidades-de-energia-e-zonas-humidas\/"},"author":{"name":"Telinha","@id":"https:\/\/portaltela.pt\/#\/schema\/person\/c4278d4a6028830caff9ee44b42d32ed"},"headline":"Bruxelas pede a Portugal uso de PTRR em comunidades de energia e zonas h\u00famidas","datePublished":"2026-03-25T10:49:00+00:00","mainEntityOfPage":{"@id":"https:\/\/portaltela.pt\/noticias\/2026\/03\/25\/bruxelas-pede-a-portugal-uso-de-ptrr-em-comunidades-de-energia-e-zonas-humidas\/"},"wordCount":382,"image":{"@id":"https:\/\/portaltela.pt\/noticias\/2026\/03\/25\/bruxelas-pede-a-portugal-uso-de-ptrr-em-comunidades-de-energia-e-zonas-humidas\/#primaryimage"},"thumbnailUrl":"https:\/\/portaltela.pt\/s.01k8rhncp4jt1\/2026\/03\/image-106.webp","keywords":["A\u00e7\u00e3o Clim\u00e1tica","comunidades","energias renov\u00e1veis","Gest\u00e3o de Recursos H\u00eddricos","infraestruturas","renaturaliza\u00e7\u00e3o"],"articleSection":["Clima","Not\u00edcias"],"inLanguage":"pt-PT"},{"@type":"WebPage","@id":"https:\/\/portaltela.pt\/noticias\/2026\/03\/25\/bruxelas-pede-a-portugal-uso-de-ptrr-em-comunidades-de-energia-e-zonas-humidas\/","url":"https:\/\/portaltela.pt\/noticias\/2026\/03\/25\/bruxelas-pede-a-portugal-uso-de-ptrr-em-comunidades-de-energia-e-zonas-humidas\/","name":"Bruxelas pede a Portugal uso de PTRR em comunidades de energia e zonas h\u00famidas - Portal Tela Portugal","isPartOf":{"@id":"https:\/\/portaltela.pt\/#website"},"primaryImageOfPage":{"@id":"https:\/\/portaltela.pt\/noticias\/2026\/03\/25\/bruxelas-pede-a-portugal-uso-de-ptrr-em-comunidades-de-energia-e-zonas-humidas\/#primaryimage"},"image":{"@id":"https:\/\/portaltela.pt\/noticias\/2026\/03\/25\/bruxelas-pede-a-portugal-uso-de-ptrr-em-comunidades-de-energia-e-zonas-humidas\/#primaryimage"},"thumbnailUrl":"https:\/\/portaltela.pt\/s.01k8rhncp4jt1\/2026\/03\/image-106.webp","datePublished":"2026-03-25T10:49:00+00:00","author":{"@id":"https:\/\/portaltela.pt\/#\/schema\/person\/c4278d4a6028830caff9ee44b42d32ed"},"breadcrumb":{"@id":"https:\/\/portaltela.pt\/noticias\/2026\/03\/25\/bruxelas-pede-a-portugal-uso-de-ptrr-em-comunidades-de-energia-e-zonas-humidas\/#breadcrumb"},"inLanguage":"pt-PT","potentialAction":[{"@type":"ReadAction","target":["https:\/\/portaltela.pt\/noticias\/2026\/03\/25\/bruxelas-pede-a-portugal-uso-de-ptrr-em-comunidades-de-energia-e-zonas-humidas\/"]}]},{"@type":"ImageObject","inLanguage":"pt-PT","@id":"https:\/\/portaltela.pt\/noticias\/2026\/03\/25\/bruxelas-pede-a-portugal-uso-de-ptrr-em-comunidades-de-energia-e-zonas-humidas\/#primaryimage","url":"https:\/\/portaltela.pt\/s.01k8rhncp4jt1\/2026\/03\/image-106.webp","contentUrl":"https:\/\/portaltela.pt\/s.01k8rhncp4jt1\/2026\/03\/image-106.webp","width":1200,"height":800,"caption":"Embaixadores notam ainda que n\u00e3o se devem reconstruir infraestruturas e habita\u00e7\u00f5es em zonas de risco"},{"@type":"BreadcrumbList","@id":"https:\/\/portaltela.pt\/noticias\/2026\/03\/25\/bruxelas-pede-a-portugal-uso-de-ptrr-em-comunidades-de-energia-e-zonas-humidas\/#breadcrumb","itemListElement":[{"@type":"ListItem","position":1,"name":"In\u00edcio","item":"https:\/\/portaltela.pt\/"},{"@type":"ListItem","position":2,"name":"Bruxelas pede a Portugal uso de PTRR em comunidades de energia e zonas h\u00famidas"}]},{"@type":"WebSite","@id":"https:\/\/portaltela.pt\/#website","url":"https:\/\/portaltela.pt\/","name":"Portal Tela Portugal","description":"","potentialAction":[{"@type":"SearchAction","target":{"@type":"EntryPoint","urlTemplate":"https:\/\/portaltela.pt\/?s={search_term_string}"},"query-input":{"@type":"PropertyValueSpecification","valueRequired":true,"valueName":"search_term_string"}}],"inLanguage":"pt-PT"},{"@type":"Person","@id":"https:\/\/portaltela.pt\/#\/schema\/person\/c4278d4a6028830caff9ee44b42d32ed","name":"Telinha","image":{"@type":"ImageObject","inLanguage":"pt-PT","@id":"https:\/\/portaltela.pt\/s.01k8rhncp4jt1\/2025\/11\/talking-bot-125x125.png","url":"https:\/\/portaltela.pt\/s.01k8rhncp4jt1\/2025\/11\/talking-bot-125x125.png","contentUrl":"https:\/\/portaltela.pt\/s.01k8rhncp4jt1\/2025\/11\/talking-bot-125x125.png","caption":"Telinha"},"sameAs":["https:\/\/portaltela.pt\/"],"url":"https:\/\/portaltela.pt\/por\/367410592786\/"}]}},"_links":{"self":[{"href":"https:\/\/portaltela.pt\/api\/wp\/v2\/posts\/420647","targetHints":{"allow":["GET"]}}],"collection":[{"href":"https:\/\/portaltela.pt\/api\/wp\/v2\/posts"}],"about":[{"href":"https:\/\/portaltela.pt\/api\/wp\/v2\/types\/post"}],"author":[{"embeddable":true,"href":"https:\/\/portaltela.pt\/api\/wp\/v2\/users\/2"}],"replies":[{"embeddable":true,"href":"https:\/\/portaltela.pt\/api\/wp\/v2\/comments?post=420647"}],"version-history":[{"count":0,"href":"https:\/\/portaltela.pt\/api\/wp\/v2\/posts\/420647\/revisions"}],"wp:featuredmedia":[{"embeddable":true,"href":"https:\/\/portaltela.pt\/api\/wp\/v2\/media\/420649"}],"wp:attachment":[{"href":"https:\/\/portaltela.pt\/api\/wp\/v2\/media?parent=420647"}],"wp:term":[{"taxonomy":"category","embeddable":true,"href":"https:\/\/portaltela.pt\/api\/wp\/v2\/categories?post=420647"},{"taxonomy":"post_tag","embeddable":true,"href":"https:\/\/portaltela.pt\/api\/wp\/v2\/tags?post=420647"}],"curies":[{"name":"wp","href":"https:\/\/api.w.org\/{rel}","templated":true}]}}