{"id":420634,"date":"2026-03-25T07:59:00","date_gmt":"2026-03-25T10:59:00","guid":{"rendered":"https:\/\/portaltela.pt\/noticias\/2026\/03\/25\/incendiario-reincidente-nega-ter-ateado-incendio-intencionalmente-em-agueda\/"},"modified":"2026-03-25T07:59:00","modified_gmt":"2026-03-25T10:59:00","slug":"incendiario-reincidente-nega-ter-ateado-incendio-intencionalmente-em-agueda","status":"publish","type":"post","link":"https:\/\/portaltela.pt\/noticias\/2026\/03\/25\/incendiario-reincidente-nega-ter-ateado-incendio-intencionalmente-em-agueda\/","title":{"rendered":"Incendi\u00e1rio reincidente nega ter ateado inc\u00eandio intencionalmente em \u00c1gueda"},"content":{"rendered":"<p>Um homem de 37 anos, reincidente por inc\u00eandio florestal, negou nesta quarta-feira ter ateado fogo de forma intencional em \u00c1gueda, em agosto de 2025. O arguido est\u00e1 em pris\u00e3o preventiva e \u00e9 julgado no Tribunal de Aveiro.<\/p>\n<p>Durante o interrogat\u00f3rio, afirmou ter ido a um terreno da m\u00e3e para verificar lenha e ter feito uma pausa para necessidades. Admitiu fumar um cigarro que, segundo disse, caiu no mato, mas negou ter sido intencional.<\/p>\n<p>O MP sustenta que, em 3 de agosto de 2025, por volta das 15:00, o arguido se deslocou a um terreno florestal em Belazaima do Ch\u00e3o e ateou fogo com o cigarro aceso, atingindo 1.500 metros quadrados de mato rasteiro. Habita\u00e7\u00f5es pr\u00f3ximas estavam em risco.<\/p>\n<p>O fogo destruiu parte da mancha florestal e houve alerta para a proximidade de edifica\u00e7\u00e3o. A deten\u00e7\u00e3o ocorreu ap\u00f3s a PJ analisar um poss\u00edvel quadro de alcoolismo e impulsividade criminosa, dado o historial de antecedentes do arguido.<\/p>\n<p>A PJ destacou ainda que o suspeito j\u00e1 cumpriu duas penas efetivas por crimes de inc\u00eandio florestal, refor\u00e7ando o contexto de reincid\u00eancia. O julgamento continua com a apresenta\u00e7\u00e3o de testemunhos e per\u00edcias.<\/p>\n","protected":false},"excerpt":{"rendered":"<ul>\n<li>O arguido, um homem de 37 anos reincidente por inc\u00eandio florestal, negou ter ateado fogo intencionalmente em agosto de 2025, em \u00c1gueda, e est\u00e1 em pris\u00e3o preventiva a aguardar julgamento no Tribunal de Aveiro.<\/li>\n<li>A acusa\u00e7\u00e3o refere que, em belazaima do ch\u00e3, o arguido se deslocou a um terreno florestal com um cigarro aceso e ateou fogo ao mato rasteiro.<\/li>\n<li>O inc\u00eandio consumiu cerca de 1.500 metros quadrados numa mancha florestal com habita\u00e7\u00f5es nas imedia\u00e7\u00f5es.<\/li>\n<li>O arguido disse ter ido ver se havia lenha, que o cigarro caiu no mato e que n\u00e3o houve inten\u00e7\u00e3o; afirmou ter regressado a casa sem qualquer preocupa\u00e7\u00e3o.<\/li>\n<li>A Pol\u00edcia Judici\u00e1ria aponta poss\u00edvel quadro de alcoolismo e de compulsividade para incendiar, recordando antecedentes criminais com duas pris\u00f5es efetivas pelo mesmo crime.<\/li>\n<\/ul>\n","protected":false},"author":2,"featured_media":420643,"comment_status":"closed","ping_status":"closed","sticky":false,"template":"","format":"standard","meta":{"footnotes":""},"categories":[6815,1],"tags":[1062,1438,2617,45,6208],"class_list":["post-420634","post","type-post","status-publish","format-standard","has-post-thumbnail","hentry","category-justica","category-noticias","tag-agueda","tag-incendio","tag-incendios","tag-meio-ambiente","tag-tribunais"],"yoast_head":"<!-- This site is optimized with the Yoast SEO plugin v27.2 - https:\/\/yoast.com\/product\/yoast-seo-wordpress\/ -->\n<title>Incendi\u00e1rio reincidente nega ter ateado inc\u00eandio intencionalmente em \u00c1gueda - Portal Tela Portugal<\/title>\n<meta name=\"robots\" content=\"index, follow, max-snippet:-1, max-image-preview:large, max-video-preview:-1\" \/>\n<meta property=\"og:locale\" content=\"pt_PT\" \/>\n<meta property=\"og:type\" content=\"article\" \/>\n<meta property=\"og:title\" content=\"Incendi\u00e1rio reincidente nega ter ateado inc\u00eandio intencionalmente em \u00c1gueda - Portal Tela Portugal\" \/>\n<meta property=\"og:description\" content=\"O arguido, um homem de 37 anos reincidente por inc\u00eandio florestal, negou ter ateado fogo intencionalmente em agosto de 2025, em \u00c1gueda, e est\u00e1 em pris\u00e3o preventiva a aguardar julgamento no Tribunal de Aveiro. A acusa\u00e7\u00e3o refere que, em belazaima do ch\u00e3, o arguido se deslocou a um terreno florestal com um cigarro aceso e ateou fogo ao mato rasteiro. O inc\u00eandio consumiu cerca de 1.500 metros quadrados numa mancha florestal com habita\u00e7\u00f5es nas imedia\u00e7\u00f5es. O arguido disse ter ido ver se havia lenha, que o cigarro caiu no mato e que n\u00e3o houve inten\u00e7\u00e3o; afirmou ter regressado a casa sem qualquer preocupa\u00e7\u00e3o. A Pol\u00edcia Judici\u00e1ria aponta poss\u00edvel quadro de alcoolismo e de compulsividade para incendiar, recordando antecedentes criminais com duas pris\u00f5es efetivas pelo mesmo crime.\" \/>\n<meta property=\"og:url\" content=\"https:\/\/portaltela.pt\/noticias\/2026\/03\/25\/incendiario-reincidente-nega-ter-ateado-incendio-intencionalmente-em-agueda\/\" \/>\n<meta property=\"og:site_name\" content=\"Portal Tela Portugal\" \/>\n<meta property=\"article:published_time\" content=\"2026-03-25T10:59:00+00:00\" \/>\n<meta name=\"author\" content=\"Telinha\" \/>\n<meta name=\"twitter:card\" content=\"summary_large_image\" \/>\n<meta name=\"twitter:label1\" content=\"Escrito por\" \/>\n\t<meta name=\"twitter:data1\" content=\"Telinha\" \/>\n\t<meta name=\"twitter:label2\" content=\"Tempo estimado de leitura\" \/>\n\t<meta name=\"twitter:data2\" content=\"1 minuto\" \/>\n<script type=\"application\/ld+json\" class=\"yoast-schema-graph\">{\"@context\":\"https:\/\/schema.org\",\"@graph\":[{\"@type\":\"Article\",\"@id\":\"https:\/\/portaltela.pt\/noticias\/2026\/03\/25\/incendiario-reincidente-nega-ter-ateado-incendio-intencionalmente-em-agueda\/#article\",\"isPartOf\":{\"@id\":\"https:\/\/portaltela.pt\/noticias\/2026\/03\/25\/incendiario-reincidente-nega-ter-ateado-incendio-intencionalmente-em-agueda\/\"},\"author\":{\"name\":\"Telinha\",\"@id\":\"https:\/\/portaltela.pt\/#\/schema\/person\/c4278d4a6028830caff9ee44b42d32ed\"},\"headline\":\"Incendi\u00e1rio reincidente nega ter ateado inc\u00eandio intencionalmente em \u00c1gueda\",\"datePublished\":\"2026-03-25T10:59:00+00:00\",\"mainEntityOfPage\":{\"@id\":\"https:\/\/portaltela.pt\/noticias\/2026\/03\/25\/incendiario-reincidente-nega-ter-ateado-incendio-intencionalmente-em-agueda\/\"},\"wordCount\":207,\"image\":{\"@id\":\"https:\/\/portaltela.pt\/noticias\/2026\/03\/25\/incendiario-reincidente-nega-ter-ateado-incendio-intencionalmente-em-agueda\/#primaryimage\"},\"thumbnailUrl\":\"https:\/\/portaltela.pt\/s.01k8rhncp4jt1\/2026\/03\/img_1500x1000uu2026-03-25-10-59-37-2232069.jpg\",\"keywords\":[\"\u00c1gueda\",\"inc\u00eandio\",\"inc\u00eandios\",\"meio-ambiente\",\"Tribunais\"],\"articleSection\":[\"Justi\u00e7a\",\"Not\u00edcias\"],\"inLanguage\":\"pt-PT\"},{\"@type\":\"WebPage\",\"@id\":\"https:\/\/portaltela.pt\/noticias\/2026\/03\/25\/incendiario-reincidente-nega-ter-ateado-incendio-intencionalmente-em-agueda\/\",\"url\":\"https:\/\/portaltela.pt\/noticias\/2026\/03\/25\/incendiario-reincidente-nega-ter-ateado-incendio-intencionalmente-em-agueda\/\",\"name\":\"Incendi\u00e1rio reincidente nega ter ateado inc\u00eandio intencionalmente em \u00c1gueda - Portal Tela Portugal\",\"isPartOf\":{\"@id\":\"https:\/\/portaltela.pt\/#website\"},\"primaryImageOfPage\":{\"@id\":\"https:\/\/portaltela.pt\/noticias\/2026\/03\/25\/incendiario-reincidente-nega-ter-ateado-incendio-intencionalmente-em-agueda\/#primaryimage\"},\"image\":{\"@id\":\"https:\/\/portaltela.pt\/noticias\/2026\/03\/25\/incendiario-reincidente-nega-ter-ateado-incendio-intencionalmente-em-agueda\/#primaryimage\"},\"thumbnailUrl\":\"https:\/\/portaltela.pt\/s.01k8rhncp4jt1\/2026\/03\/img_1500x1000uu2026-03-25-10-59-37-2232069.jpg\",\"datePublished\":\"2026-03-25T10:59:00+00:00\",\"author\":{\"@id\":\"https:\/\/portaltela.pt\/#\/schema\/person\/c4278d4a6028830caff9ee44b42d32ed\"},\"breadcrumb\":{\"@id\":\"https:\/\/portaltela.pt\/noticias\/2026\/03\/25\/incendiario-reincidente-nega-ter-ateado-incendio-intencionalmente-em-agueda\/#breadcrumb\"},\"inLanguage\":\"pt-PT\",\"potentialAction\":[{\"@type\":\"ReadAction\",\"target\":[\"https:\/\/portaltela.pt\/noticias\/2026\/03\/25\/incendiario-reincidente-nega-ter-ateado-incendio-intencionalmente-em-agueda\/\"]}]},{\"@type\":\"ImageObject\",\"inLanguage\":\"pt-PT\",\"@id\":\"https:\/\/portaltela.pt\/noticias\/2026\/03\/25\/incendiario-reincidente-nega-ter-ateado-incendio-intencionalmente-em-agueda\/#primaryimage\",\"url\":\"https:\/\/portaltela.pt\/s.01k8rhncp4jt1\/2026\/03\/img_1500x1000uu2026-03-25-10-59-37-2232069.jpg\",\"contentUrl\":\"https:\/\/portaltela.pt\/s.01k8rhncp4jt1\/2026\/03\/img_1500x1000uu2026-03-25-10-59-37-2232069.jpg\",\"width\":796,\"height\":448,\"caption\":\"Incendi\u00e1rio reincidente nega ter ateado inc\u00eandio de forma intencional em \u00c1gueda\"},{\"@type\":\"BreadcrumbList\",\"@id\":\"https:\/\/portaltela.pt\/noticias\/2026\/03\/25\/incendiario-reincidente-nega-ter-ateado-incendio-intencionalmente-em-agueda\/#breadcrumb\",\"itemListElement\":[{\"@type\":\"ListItem\",\"position\":1,\"name\":\"In\u00edcio\",\"item\":\"https:\/\/portaltela.pt\/\"},{\"@type\":\"ListItem\",\"position\":2,\"name\":\"Incendi\u00e1rio reincidente nega ter ateado inc\u00eandio intencionalmente em \u00c1gueda\"}]},{\"@type\":\"WebSite\",\"@id\":\"https:\/\/portaltela.pt\/#website\",\"url\":\"https:\/\/portaltela.pt\/\",\"name\":\"Portal Tela Portugal\",\"description\":\"\",\"potentialAction\":[{\"@type\":\"SearchAction\",\"target\":{\"@type\":\"EntryPoint\",\"urlTemplate\":\"https:\/\/portaltela.pt\/?s={search_term_string}\"},\"query-input\":{\"@type\":\"PropertyValueSpecification\",\"valueRequired\":true,\"valueName\":\"search_term_string\"}}],\"inLanguage\":\"pt-PT\"},{\"@type\":\"Person\",\"@id\":\"https:\/\/portaltela.pt\/#\/schema\/person\/c4278d4a6028830caff9ee44b42d32ed\",\"name\":\"Telinha\",\"image\":{\"@type\":\"ImageObject\",\"inLanguage\":\"pt-PT\",\"@id\":\"https:\/\/portaltela.pt\/s.01k8rhncp4jt1\/2025\/11\/talking-bot-125x125.png\",\"url\":\"https:\/\/portaltela.pt\/s.01k8rhncp4jt1\/2025\/11\/talking-bot-125x125.png\",\"contentUrl\":\"https:\/\/portaltela.pt\/s.01k8rhncp4jt1\/2025\/11\/talking-bot-125x125.png\",\"caption\":\"Telinha\"},\"sameAs\":[\"https:\/\/portaltela.pt\/\"],\"url\":\"https:\/\/portaltela.pt\/por\/367410592786\/\"}]}<\/script>\n<!-- \/ Yoast SEO plugin. -->","yoast_head_json":{"title":"Incendi\u00e1rio reincidente nega ter ateado inc\u00eandio intencionalmente em \u00c1gueda - Portal Tela Portugal","robots":{"index":"index","follow":"follow","max-snippet":"max-snippet:-1","max-image-preview":"max-image-preview:large","max-video-preview":"max-video-preview:-1"},"og_locale":"pt_PT","og_type":"article","og_title":"Incendi\u00e1rio reincidente nega ter ateado inc\u00eandio intencionalmente em \u00c1gueda - Portal Tela Portugal","og_description":"O arguido, um homem de 37 anos reincidente por inc\u00eandio florestal, negou ter ateado fogo intencionalmente em agosto de 2025, em \u00c1gueda, e est\u00e1 em pris\u00e3o preventiva a aguardar julgamento no Tribunal de Aveiro. A acusa\u00e7\u00e3o refere que, em belazaima do ch\u00e3, o arguido se deslocou a um terreno florestal com um cigarro aceso e ateou fogo ao mato rasteiro. O inc\u00eandio consumiu cerca de 1.500 metros quadrados numa mancha florestal com habita\u00e7\u00f5es nas imedia\u00e7\u00f5es. O arguido disse ter ido ver se havia lenha, que o cigarro caiu no mato e que n\u00e3o houve inten\u00e7\u00e3o; afirmou ter regressado a casa sem qualquer preocupa\u00e7\u00e3o. A Pol\u00edcia Judici\u00e1ria aponta poss\u00edvel quadro de alcoolismo e de compulsividade para incendiar, recordando antecedentes criminais com duas pris\u00f5es efetivas pelo mesmo crime.","og_url":"https:\/\/portaltela.pt\/noticias\/2026\/03\/25\/incendiario-reincidente-nega-ter-ateado-incendio-intencionalmente-em-agueda\/","og_site_name":"Portal Tela Portugal","article_published_time":"2026-03-25T10:59:00+00:00","author":"Telinha","twitter_card":"summary_large_image","twitter_misc":{"Escrito por":"Telinha","Tempo estimado de leitura":"1 minuto"},"schema":{"@context":"https:\/\/schema.org","@graph":[{"@type":"Article","@id":"https:\/\/portaltela.pt\/noticias\/2026\/03\/25\/incendiario-reincidente-nega-ter-ateado-incendio-intencionalmente-em-agueda\/#article","isPartOf":{"@id":"https:\/\/portaltela.pt\/noticias\/2026\/03\/25\/incendiario-reincidente-nega-ter-ateado-incendio-intencionalmente-em-agueda\/"},"author":{"name":"Telinha","@id":"https:\/\/portaltela.pt\/#\/schema\/person\/c4278d4a6028830caff9ee44b42d32ed"},"headline":"Incendi\u00e1rio reincidente nega ter ateado inc\u00eandio intencionalmente em \u00c1gueda","datePublished":"2026-03-25T10:59:00+00:00","mainEntityOfPage":{"@id":"https:\/\/portaltela.pt\/noticias\/2026\/03\/25\/incendiario-reincidente-nega-ter-ateado-incendio-intencionalmente-em-agueda\/"},"wordCount":207,"image":{"@id":"https:\/\/portaltela.pt\/noticias\/2026\/03\/25\/incendiario-reincidente-nega-ter-ateado-incendio-intencionalmente-em-agueda\/#primaryimage"},"thumbnailUrl":"https:\/\/portaltela.pt\/s.01k8rhncp4jt1\/2026\/03\/img_1500x1000uu2026-03-25-10-59-37-2232069.jpg","keywords":["\u00c1gueda","inc\u00eandio","inc\u00eandios","meio-ambiente","Tribunais"],"articleSection":["Justi\u00e7a","Not\u00edcias"],"inLanguage":"pt-PT"},{"@type":"WebPage","@id":"https:\/\/portaltela.pt\/noticias\/2026\/03\/25\/incendiario-reincidente-nega-ter-ateado-incendio-intencionalmente-em-agueda\/","url":"https:\/\/portaltela.pt\/noticias\/2026\/03\/25\/incendiario-reincidente-nega-ter-ateado-incendio-intencionalmente-em-agueda\/","name":"Incendi\u00e1rio reincidente nega ter ateado inc\u00eandio intencionalmente em \u00c1gueda - Portal Tela Portugal","isPartOf":{"@id":"https:\/\/portaltela.pt\/#website"},"primaryImageOfPage":{"@id":"https:\/\/portaltela.pt\/noticias\/2026\/03\/25\/incendiario-reincidente-nega-ter-ateado-incendio-intencionalmente-em-agueda\/#primaryimage"},"image":{"@id":"https:\/\/portaltela.pt\/noticias\/2026\/03\/25\/incendiario-reincidente-nega-ter-ateado-incendio-intencionalmente-em-agueda\/#primaryimage"},"thumbnailUrl":"https:\/\/portaltela.pt\/s.01k8rhncp4jt1\/2026\/03\/img_1500x1000uu2026-03-25-10-59-37-2232069.jpg","datePublished":"2026-03-25T10:59:00+00:00","author":{"@id":"https:\/\/portaltela.pt\/#\/schema\/person\/c4278d4a6028830caff9ee44b42d32ed"},"breadcrumb":{"@id":"https:\/\/portaltela.pt\/noticias\/2026\/03\/25\/incendiario-reincidente-nega-ter-ateado-incendio-intencionalmente-em-agueda\/#breadcrumb"},"inLanguage":"pt-PT","potentialAction":[{"@type":"ReadAction","target":["https:\/\/portaltela.pt\/noticias\/2026\/03\/25\/incendiario-reincidente-nega-ter-ateado-incendio-intencionalmente-em-agueda\/"]}]},{"@type":"ImageObject","inLanguage":"pt-PT","@id":"https:\/\/portaltela.pt\/noticias\/2026\/03\/25\/incendiario-reincidente-nega-ter-ateado-incendio-intencionalmente-em-agueda\/#primaryimage","url":"https:\/\/portaltela.pt\/s.01k8rhncp4jt1\/2026\/03\/img_1500x1000uu2026-03-25-10-59-37-2232069.jpg","contentUrl":"https:\/\/portaltela.pt\/s.01k8rhncp4jt1\/2026\/03\/img_1500x1000uu2026-03-25-10-59-37-2232069.jpg","width":796,"height":448,"caption":"Incendi\u00e1rio reincidente nega ter ateado inc\u00eandio de forma intencional em \u00c1gueda"},{"@type":"BreadcrumbList","@id":"https:\/\/portaltela.pt\/noticias\/2026\/03\/25\/incendiario-reincidente-nega-ter-ateado-incendio-intencionalmente-em-agueda\/#breadcrumb","itemListElement":[{"@type":"ListItem","position":1,"name":"In\u00edcio","item":"https:\/\/portaltela.pt\/"},{"@type":"ListItem","position":2,"name":"Incendi\u00e1rio reincidente nega ter ateado inc\u00eandio intencionalmente em \u00c1gueda"}]},{"@type":"WebSite","@id":"https:\/\/portaltela.pt\/#website","url":"https:\/\/portaltela.pt\/","name":"Portal Tela Portugal","description":"","potentialAction":[{"@type":"SearchAction","target":{"@type":"EntryPoint","urlTemplate":"https:\/\/portaltela.pt\/?s={search_term_string}"},"query-input":{"@type":"PropertyValueSpecification","valueRequired":true,"valueName":"search_term_string"}}],"inLanguage":"pt-PT"},{"@type":"Person","@id":"https:\/\/portaltela.pt\/#\/schema\/person\/c4278d4a6028830caff9ee44b42d32ed","name":"Telinha","image":{"@type":"ImageObject","inLanguage":"pt-PT","@id":"https:\/\/portaltela.pt\/s.01k8rhncp4jt1\/2025\/11\/talking-bot-125x125.png","url":"https:\/\/portaltela.pt\/s.01k8rhncp4jt1\/2025\/11\/talking-bot-125x125.png","contentUrl":"https:\/\/portaltela.pt\/s.01k8rhncp4jt1\/2025\/11\/talking-bot-125x125.png","caption":"Telinha"},"sameAs":["https:\/\/portaltela.pt\/"],"url":"https:\/\/portaltela.pt\/por\/367410592786\/"}]}},"_links":{"self":[{"href":"https:\/\/portaltela.pt\/api\/wp\/v2\/posts\/420634","targetHints":{"allow":["GET"]}}],"collection":[{"href":"https:\/\/portaltela.pt\/api\/wp\/v2\/posts"}],"about":[{"href":"https:\/\/portaltela.pt\/api\/wp\/v2\/types\/post"}],"author":[{"embeddable":true,"href":"https:\/\/portaltela.pt\/api\/wp\/v2\/users\/2"}],"replies":[{"embeddable":true,"href":"https:\/\/portaltela.pt\/api\/wp\/v2\/comments?post=420634"}],"version-history":[{"count":0,"href":"https:\/\/portaltela.pt\/api\/wp\/v2\/posts\/420634\/revisions"}],"wp:featuredmedia":[{"embeddable":true,"href":"https:\/\/portaltela.pt\/api\/wp\/v2\/media\/420643"}],"wp:attachment":[{"href":"https:\/\/portaltela.pt\/api\/wp\/v2\/media?parent=420634"}],"wp:term":[{"taxonomy":"category","embeddable":true,"href":"https:\/\/portaltela.pt\/api\/wp\/v2\/categories?post=420634"},{"taxonomy":"post_tag","embeddable":true,"href":"https:\/\/portaltela.pt\/api\/wp\/v2\/tags?post=420634"}],"curies":[{"name":"wp","href":"https:\/\/api.w.org\/{rel}","templated":true}]}}