{"id":420630,"date":"2026-03-25T07:51:00","date_gmt":"2026-03-25T10:51:00","guid":{"rendered":"https:\/\/portaltela.pt\/noticias\/2026\/03\/25\/aviao-de-jd-vance-no-porto-parte-hoje-para-a-macedonia\/"},"modified":"2026-03-25T07:51:00","modified_gmt":"2026-03-25T10:51:00","slug":"aviao-de-jd-vance-no-porto-parte-hoje-para-a-macedonia","status":"publish","type":"post","link":"https:\/\/portaltela.pt\/noticias\/politica\/2026\/03\/25\/aviao-de-jd-vance-no-porto-parte-hoje-para-a-macedonia\/","title":{"rendered":"Avi\u00e3o de JD Vance no Porto parte hoje para a Maced\u00f3nia"},"content":{"rendered":"<p>O avi\u00e3o do vice-presidente dos EUA, JD Vance, est\u00e1 estacionado no Aeroporto Francisco S\u00e1 Carneiro e dever\u00e1 descolar esta tarde, por volta das 13h, rumo a Skopje, Maced\u00f3nia. Trata-se de um Boeing C-32A, vers\u00e3o militar do Boeing 757-200, utilizado pela For\u00e7a A\u00e9rea para transporte de altas autoridades do governo norte-americano, incluindo o VP e o secret\u00e1rio de Estado.<\/p>\n<p>Conhecido como Air Force Two, o jacto chegou ao Porto ontem ao final da tarde, proveniente da base de Andrews, perto de Washington DC. A chegada foi observada por entusiastas de avia\u00e7\u00e3o que costumam acompanhar os movimentos na zona.<\/p>\n<p>No aeroporto, o avi\u00e3o est\u00e1 numa posi\u00e7\u00e3o remota, mas numa das plataformas principais, sendo regularmente patrulhado por viaturas da PSP. Est\u00e1 rodeado por v\u00e1rias carrinhas, num per\u00edmetro vis\u00edvel aos presentes.<\/p>\n","protected":false},"excerpt":{"rendered":"<ul>\n<li>O avi\u00e3o do vice-presidente dos EUA, JD Vance, encontra-se estacionado no Aeroporto Francisco S\u00e1 Carneiro, no Porto, sem receber carregamentos.<\/li>\n<li>Partida prevista para esta quarta-feira, perto das 13h, com destino a Skopje, na Maced\u00f3nia.<\/li>\n<li>Trata-se de um Boeing C-32A, vers\u00e3o militar do Boeing 757-200, utilizado pela For\u00e7a A\u00e9rea dos Estados Unidos para transportar altas entidades do governo, incluindo o vice-presidente e o secret\u00e1rio de Estado.<\/li>\n<li>O aparelho, conhecido como Air Force Two, aterrara ontem ao final da tarde, vindo da base de Andrews, nos arredores de Washington.<\/li>\n<li>O avi\u00e3o encontra-se numa posi\u00e7\u00e3o remota, na plataforma principal, rodeado por carrinhas e vigiado por viaturas da Pol\u00edcia de Seguran\u00e7a P\u00fablica (PSP).<\/li>\n<\/ul>\n","protected":false},"author":2,"featured_media":420636,"comment_status":"closed","ping_status":"closed","sticky":false,"template":"","format":"standard","meta":{"footnotes":""},"categories":[6912,5],"tags":[3302,6789,4299,3005,982,1381],"class_list":["post-420630","post","type-post","status-publish","format-standard","has-post-thumbnail","hentry","category-internacionais","category-politica","tag-aeroportos","tag-avioes","tag-forca-aerea","tag-macedonia-do-norte","tag-porto","tag-psp"],"yoast_head":"<!-- This site is optimized with the Yoast SEO plugin v27.2 - https:\/\/yoast.com\/product\/yoast-seo-wordpress\/ -->\n<title>Avi\u00e3o de JD Vance no Porto parte hoje para a Maced\u00f3nia - Portal Tela Portugal<\/title>\n<meta name=\"robots\" content=\"index, follow, max-snippet:-1, max-image-preview:large, max-video-preview:-1\" \/>\n<meta property=\"og:locale\" content=\"pt_PT\" \/>\n<meta property=\"og:type\" content=\"article\" \/>\n<meta property=\"og:title\" content=\"Avi\u00e3o de JD Vance no Porto parte hoje para a Maced\u00f3nia - Portal Tela Portugal\" \/>\n<meta property=\"og:description\" content=\"O avi\u00e3o do vice-presidente dos EUA, JD Vance, encontra-se estacionado no Aeroporto Francisco S\u00e1 Carneiro, no Porto, sem receber carregamentos. Partida prevista para esta quarta-feira, perto das 13h, com destino a Skopje, na Maced\u00f3nia. Trata-se de um Boeing C-32A, vers\u00e3o militar do Boeing 757-200, utilizado pela For\u00e7a A\u00e9rea dos Estados Unidos para transportar altas entidades do governo, incluindo o vice-presidente e o secret\u00e1rio de Estado. O aparelho, conhecido como Air Force Two, aterrara ontem ao final da tarde, vindo da base de Andrews, nos arredores de Washington. O avi\u00e3o encontra-se numa posi\u00e7\u00e3o remota, na plataforma principal, rodeado por carrinhas e vigiado por viaturas da Pol\u00edcia de Seguran\u00e7a P\u00fablica (PSP).\" \/>\n<meta property=\"og:url\" content=\"https:\/\/portaltela.pt\/noticias\/2026\/03\/25\/aviao-de-jd-vance-no-porto-parte-hoje-para-a-macedonia\/\" \/>\n<meta property=\"og:site_name\" content=\"Portal Tela Portugal\" \/>\n<meta property=\"article:published_time\" content=\"2026-03-25T10:51:00+00:00\" \/>\n<meta name=\"author\" content=\"Telinha\" \/>\n<meta name=\"twitter:card\" content=\"summary_large_image\" \/>\n<meta name=\"twitter:label1\" content=\"Escrito por\" \/>\n\t<meta name=\"twitter:data1\" content=\"Telinha\" \/>\n\t<meta name=\"twitter:label2\" content=\"Tempo estimado de leitura\" \/>\n\t<meta name=\"twitter:data2\" content=\"1 minuto\" \/>\n<script type=\"application\/ld+json\" class=\"yoast-schema-graph\">{\"@context\":\"https:\/\/schema.org\",\"@graph\":[{\"@type\":\"Article\",\"@id\":\"https:\/\/portaltela.pt\/noticias\/2026\/03\/25\/aviao-de-jd-vance-no-porto-parte-hoje-para-a-macedonia\/#article\",\"isPartOf\":{\"@id\":\"https:\/\/portaltela.pt\/noticias\/2026\/03\/25\/aviao-de-jd-vance-no-porto-parte-hoje-para-a-macedonia\/\"},\"author\":{\"name\":\"Telinha\",\"@id\":\"https:\/\/portaltela.pt\/#\/schema\/person\/c4278d4a6028830caff9ee44b42d32ed\"},\"headline\":\"Avi\u00e3o de JD Vance no Porto parte hoje para a Maced\u00f3nia\",\"datePublished\":\"2026-03-25T10:51:00+00:00\",\"mainEntityOfPage\":{\"@id\":\"https:\/\/portaltela.pt\/noticias\/2026\/03\/25\/aviao-de-jd-vance-no-porto-parte-hoje-para-a-macedonia\/\"},\"wordCount\":153,\"image\":{\"@id\":\"https:\/\/portaltela.pt\/noticias\/2026\/03\/25\/aviao-de-jd-vance-no-porto-parte-hoje-para-a-macedonia\/#primaryimage\"},\"thumbnailUrl\":\"https:\/\/portaltela.pt\/s.01k8rhncp4jt1\/2026\/03\/image-1487.jpg\",\"keywords\":[\"aeroportos\",\"avi\u00f5es\",\"For\u00e7a A\u00e9rea\",\"Maced\u00f3nia do Norte\",\"Porto\",\"PSP\"],\"articleSection\":[\"Internacionais\",\"Pol\u00edtica\"],\"inLanguage\":\"pt-PT\"},{\"@type\":\"WebPage\",\"@id\":\"https:\/\/portaltela.pt\/noticias\/2026\/03\/25\/aviao-de-jd-vance-no-porto-parte-hoje-para-a-macedonia\/\",\"url\":\"https:\/\/portaltela.pt\/noticias\/2026\/03\/25\/aviao-de-jd-vance-no-porto-parte-hoje-para-a-macedonia\/\",\"name\":\"Avi\u00e3o de JD Vance no Porto parte hoje para a Maced\u00f3nia - Portal Tela Portugal\",\"isPartOf\":{\"@id\":\"https:\/\/portaltela.pt\/#website\"},\"primaryImageOfPage\":{\"@id\":\"https:\/\/portaltela.pt\/noticias\/2026\/03\/25\/aviao-de-jd-vance-no-porto-parte-hoje-para-a-macedonia\/#primaryimage\"},\"image\":{\"@id\":\"https:\/\/portaltela.pt\/noticias\/2026\/03\/25\/aviao-de-jd-vance-no-porto-parte-hoje-para-a-macedonia\/#primaryimage\"},\"thumbnailUrl\":\"https:\/\/portaltela.pt\/s.01k8rhncp4jt1\/2026\/03\/image-1487.jpg\",\"datePublished\":\"2026-03-25T10:51:00+00:00\",\"author\":{\"@id\":\"https:\/\/portaltela.pt\/#\/schema\/person\/c4278d4a6028830caff9ee44b42d32ed\"},\"breadcrumb\":{\"@id\":\"https:\/\/portaltela.pt\/noticias\/2026\/03\/25\/aviao-de-jd-vance-no-porto-parte-hoje-para-a-macedonia\/#breadcrumb\"},\"inLanguage\":\"pt-PT\",\"potentialAction\":[{\"@type\":\"ReadAction\",\"target\":[\"https:\/\/portaltela.pt\/noticias\/2026\/03\/25\/aviao-de-jd-vance-no-porto-parte-hoje-para-a-macedonia\/\"]}]},{\"@type\":\"ImageObject\",\"inLanguage\":\"pt-PT\",\"@id\":\"https:\/\/portaltela.pt\/noticias\/2026\/03\/25\/aviao-de-jd-vance-no-porto-parte-hoje-para-a-macedonia\/#primaryimage\",\"url\":\"https:\/\/portaltela.pt\/s.01k8rhncp4jt1\/2026\/03\/image-1487.jpg\",\"contentUrl\":\"https:\/\/portaltela.pt\/s.01k8rhncp4jt1\/2026\/03\/image-1487.jpg\",\"width\":796,\"height\":448,\"caption\":\"Air Force Two no Aeroporto Francisco S\u00e1 Carneiro, na Maia\"},{\"@type\":\"BreadcrumbList\",\"@id\":\"https:\/\/portaltela.pt\/noticias\/2026\/03\/25\/aviao-de-jd-vance-no-porto-parte-hoje-para-a-macedonia\/#breadcrumb\",\"itemListElement\":[{\"@type\":\"ListItem\",\"position\":1,\"name\":\"In\u00edcio\",\"item\":\"https:\/\/portaltela.pt\/\"},{\"@type\":\"ListItem\",\"position\":2,\"name\":\"Avi\u00e3o de JD Vance no Porto parte hoje para a Maced\u00f3nia\"}]},{\"@type\":\"WebSite\",\"@id\":\"https:\/\/portaltela.pt\/#website\",\"url\":\"https:\/\/portaltela.pt\/\",\"name\":\"Portal Tela Portugal\",\"description\":\"\",\"potentialAction\":[{\"@type\":\"SearchAction\",\"target\":{\"@type\":\"EntryPoint\",\"urlTemplate\":\"https:\/\/portaltela.pt\/?s={search_term_string}\"},\"query-input\":{\"@type\":\"PropertyValueSpecification\",\"valueRequired\":true,\"valueName\":\"search_term_string\"}}],\"inLanguage\":\"pt-PT\"},{\"@type\":\"Person\",\"@id\":\"https:\/\/portaltela.pt\/#\/schema\/person\/c4278d4a6028830caff9ee44b42d32ed\",\"name\":\"Telinha\",\"image\":{\"@type\":\"ImageObject\",\"inLanguage\":\"pt-PT\",\"@id\":\"https:\/\/portaltela.pt\/s.01k8rhncp4jt1\/2025\/11\/talking-bot-125x125.png\",\"url\":\"https:\/\/portaltela.pt\/s.01k8rhncp4jt1\/2025\/11\/talking-bot-125x125.png\",\"contentUrl\":\"https:\/\/portaltela.pt\/s.01k8rhncp4jt1\/2025\/11\/talking-bot-125x125.png\",\"caption\":\"Telinha\"},\"sameAs\":[\"https:\/\/portaltela.pt\/\"],\"url\":\"https:\/\/portaltela.pt\/por\/367410592786\/\"}]}<\/script>\n<!-- \/ Yoast SEO plugin. -->","yoast_head_json":{"title":"Avi\u00e3o de JD Vance no Porto parte hoje para a Maced\u00f3nia - Portal Tela Portugal","robots":{"index":"index","follow":"follow","max-snippet":"max-snippet:-1","max-image-preview":"max-image-preview:large","max-video-preview":"max-video-preview:-1"},"og_locale":"pt_PT","og_type":"article","og_title":"Avi\u00e3o de JD Vance no Porto parte hoje para a Maced\u00f3nia - Portal Tela Portugal","og_description":"O avi\u00e3o do vice-presidente dos EUA, JD Vance, encontra-se estacionado no Aeroporto Francisco S\u00e1 Carneiro, no Porto, sem receber carregamentos. Partida prevista para esta quarta-feira, perto das 13h, com destino a Skopje, na Maced\u00f3nia. Trata-se de um Boeing C-32A, vers\u00e3o militar do Boeing 757-200, utilizado pela For\u00e7a A\u00e9rea dos Estados Unidos para transportar altas entidades do governo, incluindo o vice-presidente e o secret\u00e1rio de Estado. O aparelho, conhecido como Air Force Two, aterrara ontem ao final da tarde, vindo da base de Andrews, nos arredores de Washington. O avi\u00e3o encontra-se numa posi\u00e7\u00e3o remota, na plataforma principal, rodeado por carrinhas e vigiado por viaturas da Pol\u00edcia de Seguran\u00e7a P\u00fablica (PSP).","og_url":"https:\/\/portaltela.pt\/noticias\/2026\/03\/25\/aviao-de-jd-vance-no-porto-parte-hoje-para-a-macedonia\/","og_site_name":"Portal Tela Portugal","article_published_time":"2026-03-25T10:51:00+00:00","author":"Telinha","twitter_card":"summary_large_image","twitter_misc":{"Escrito por":"Telinha","Tempo estimado de leitura":"1 minuto"},"schema":{"@context":"https:\/\/schema.org","@graph":[{"@type":"Article","@id":"https:\/\/portaltela.pt\/noticias\/2026\/03\/25\/aviao-de-jd-vance-no-porto-parte-hoje-para-a-macedonia\/#article","isPartOf":{"@id":"https:\/\/portaltela.pt\/noticias\/2026\/03\/25\/aviao-de-jd-vance-no-porto-parte-hoje-para-a-macedonia\/"},"author":{"name":"Telinha","@id":"https:\/\/portaltela.pt\/#\/schema\/person\/c4278d4a6028830caff9ee44b42d32ed"},"headline":"Avi\u00e3o de JD Vance no Porto parte hoje para a Maced\u00f3nia","datePublished":"2026-03-25T10:51:00+00:00","mainEntityOfPage":{"@id":"https:\/\/portaltela.pt\/noticias\/2026\/03\/25\/aviao-de-jd-vance-no-porto-parte-hoje-para-a-macedonia\/"},"wordCount":153,"image":{"@id":"https:\/\/portaltela.pt\/noticias\/2026\/03\/25\/aviao-de-jd-vance-no-porto-parte-hoje-para-a-macedonia\/#primaryimage"},"thumbnailUrl":"https:\/\/portaltela.pt\/s.01k8rhncp4jt1\/2026\/03\/image-1487.jpg","keywords":["aeroportos","avi\u00f5es","For\u00e7a A\u00e9rea","Maced\u00f3nia do Norte","Porto","PSP"],"articleSection":["Internacionais","Pol\u00edtica"],"inLanguage":"pt-PT"},{"@type":"WebPage","@id":"https:\/\/portaltela.pt\/noticias\/2026\/03\/25\/aviao-de-jd-vance-no-porto-parte-hoje-para-a-macedonia\/","url":"https:\/\/portaltela.pt\/noticias\/2026\/03\/25\/aviao-de-jd-vance-no-porto-parte-hoje-para-a-macedonia\/","name":"Avi\u00e3o de JD Vance no Porto parte hoje para a Maced\u00f3nia - Portal Tela Portugal","isPartOf":{"@id":"https:\/\/portaltela.pt\/#website"},"primaryImageOfPage":{"@id":"https:\/\/portaltela.pt\/noticias\/2026\/03\/25\/aviao-de-jd-vance-no-porto-parte-hoje-para-a-macedonia\/#primaryimage"},"image":{"@id":"https:\/\/portaltela.pt\/noticias\/2026\/03\/25\/aviao-de-jd-vance-no-porto-parte-hoje-para-a-macedonia\/#primaryimage"},"thumbnailUrl":"https:\/\/portaltela.pt\/s.01k8rhncp4jt1\/2026\/03\/image-1487.jpg","datePublished":"2026-03-25T10:51:00+00:00","author":{"@id":"https:\/\/portaltela.pt\/#\/schema\/person\/c4278d4a6028830caff9ee44b42d32ed"},"breadcrumb":{"@id":"https:\/\/portaltela.pt\/noticias\/2026\/03\/25\/aviao-de-jd-vance-no-porto-parte-hoje-para-a-macedonia\/#breadcrumb"},"inLanguage":"pt-PT","potentialAction":[{"@type":"ReadAction","target":["https:\/\/portaltela.pt\/noticias\/2026\/03\/25\/aviao-de-jd-vance-no-porto-parte-hoje-para-a-macedonia\/"]}]},{"@type":"ImageObject","inLanguage":"pt-PT","@id":"https:\/\/portaltela.pt\/noticias\/2026\/03\/25\/aviao-de-jd-vance-no-porto-parte-hoje-para-a-macedonia\/#primaryimage","url":"https:\/\/portaltela.pt\/s.01k8rhncp4jt1\/2026\/03\/image-1487.jpg","contentUrl":"https:\/\/portaltela.pt\/s.01k8rhncp4jt1\/2026\/03\/image-1487.jpg","width":796,"height":448,"caption":"Air Force Two no Aeroporto Francisco S\u00e1 Carneiro, na Maia"},{"@type":"BreadcrumbList","@id":"https:\/\/portaltela.pt\/noticias\/2026\/03\/25\/aviao-de-jd-vance-no-porto-parte-hoje-para-a-macedonia\/#breadcrumb","itemListElement":[{"@type":"ListItem","position":1,"name":"In\u00edcio","item":"https:\/\/portaltela.pt\/"},{"@type":"ListItem","position":2,"name":"Avi\u00e3o de JD Vance no Porto parte hoje para a Maced\u00f3nia"}]},{"@type":"WebSite","@id":"https:\/\/portaltela.pt\/#website","url":"https:\/\/portaltela.pt\/","name":"Portal Tela Portugal","description":"","potentialAction":[{"@type":"SearchAction","target":{"@type":"EntryPoint","urlTemplate":"https:\/\/portaltela.pt\/?s={search_term_string}"},"query-input":{"@type":"PropertyValueSpecification","valueRequired":true,"valueName":"search_term_string"}}],"inLanguage":"pt-PT"},{"@type":"Person","@id":"https:\/\/portaltela.pt\/#\/schema\/person\/c4278d4a6028830caff9ee44b42d32ed","name":"Telinha","image":{"@type":"ImageObject","inLanguage":"pt-PT","@id":"https:\/\/portaltela.pt\/s.01k8rhncp4jt1\/2025\/11\/talking-bot-125x125.png","url":"https:\/\/portaltela.pt\/s.01k8rhncp4jt1\/2025\/11\/talking-bot-125x125.png","contentUrl":"https:\/\/portaltela.pt\/s.01k8rhncp4jt1\/2025\/11\/talking-bot-125x125.png","caption":"Telinha"},"sameAs":["https:\/\/portaltela.pt\/"],"url":"https:\/\/portaltela.pt\/por\/367410592786\/"}]}},"_links":{"self":[{"href":"https:\/\/portaltela.pt\/api\/wp\/v2\/posts\/420630","targetHints":{"allow":["GET"]}}],"collection":[{"href":"https:\/\/portaltela.pt\/api\/wp\/v2\/posts"}],"about":[{"href":"https:\/\/portaltela.pt\/api\/wp\/v2\/types\/post"}],"author":[{"embeddable":true,"href":"https:\/\/portaltela.pt\/api\/wp\/v2\/users\/2"}],"replies":[{"embeddable":true,"href":"https:\/\/portaltela.pt\/api\/wp\/v2\/comments?post=420630"}],"version-history":[{"count":0,"href":"https:\/\/portaltela.pt\/api\/wp\/v2\/posts\/420630\/revisions"}],"wp:featuredmedia":[{"embeddable":true,"href":"https:\/\/portaltela.pt\/api\/wp\/v2\/media\/420636"}],"wp:attachment":[{"href":"https:\/\/portaltela.pt\/api\/wp\/v2\/media?parent=420630"}],"wp:term":[{"taxonomy":"category","embeddable":true,"href":"https:\/\/portaltela.pt\/api\/wp\/v2\/categories?post=420630"},{"taxonomy":"post_tag","embeddable":true,"href":"https:\/\/portaltela.pt\/api\/wp\/v2\/tags?post=420630"}],"curies":[{"name":"wp","href":"https:\/\/api.w.org\/{rel}","templated":true}]}}