{"id":420613,"date":"2026-03-25T07:31:36","date_gmt":"2026-03-25T10:31:36","guid":{"rendered":"https:\/\/portaltela.pt\/noticias\/2026\/03\/25\/envelope-com-ameacas-a-israel-na-embaixada-em-lisboa-acende-alerta-psp\/"},"modified":"2026-03-25T07:31:36","modified_gmt":"2026-03-25T10:31:36","slug":"envelope-com-ameacas-a-israel-na-embaixada-em-lisboa-acende-alerta-psp","status":"publish","type":"post","link":"https:\/\/portaltela.pt\/policia\/2026\/03\/25\/envelope-com-ameacas-a-israel-na-embaixada-em-lisboa-acende-alerta-psp\/","title":{"rendered":"Envelope com amea\u00e7as a Israel na embaixada em Lisboa acende alerta PSP"},"content":{"rendered":"<p>Um envelope contendo amea\u00e7as a Israel foi encontrado no correio da embaixada em Lisboa, provocando um alerta da PSP. A mensagem chegou ao servi\u00e7o de correio sem que se conhecesse, de imediato, o destinat\u00e1rio.<\/p>\n<p>A situa\u00e7\u00e3o levou \u00e0 evacua\u00e7\u00e3o da esta\u00e7\u00e3o dos CTT da Rua Filipe Folque, em Lisboa, por precau\u00e7\u00e3o. A PSP iniciou dilig\u00eancias para identificar o autor ou autores da pe\u00e7a.<\/p>\n<p>O envelope continha um documento cuja reda\u00e7\u00e3o foi criada com letras recortadas de jornais e revistas, com frases ofensivas a Israel. N\u00e3o h\u00e1 registo de feridos at\u00e9 ao momento; as autoridades continuam a investigar a origem e a inten\u00e7\u00e3o da correspond\u00eancia.<\/p>\n<h3>Interven\u00e7\u00e3o policial<\/h3>\n<p>A PSP est\u00e1 a coordenar as visitas aos locais envolvidos e a recolha de sinais materiais para an\u00e1lise forense. O objetivo \u00e9 determinar o autor do envio e esclarecer o motivo da amea\u00e7a.<\/p>\n<p>As autoridades pedem \u00e0 popula\u00e7\u00e3o que permane\u00e7a calma e evite partilhar informa\u00e7\u00f5es n\u00e3o confirmadas sobre o incidente. O caso est\u00e1 a ser tratado com prioridade pela pol\u00edcia portuguesa.<\/p>\n","protected":false},"excerpt":{"rendered":"<ul>\n<li>A esta\u00e7\u00e3o dos CTT da rua Filipe Folque, em Lisboa, foi evacuada depois de ter sido enviado um envelope com amea\u00e7as a Israel.<\/li>\n<li>O envelope continha um documento com frases montadas a partir de letras de jornais e revistas, contendo ofensas a Israel.<\/li>\n<li>A situa\u00e7\u00e3o levou a um alerta da Pol\u00edcia de Seguran\u00e7a P\u00fablica (PSP).<\/li>\n<li>O incidente ocorreu a 25 de mar\u00e7o de 2026, \u00e0s 10:31.<\/li>\n<li>As autoridades est\u00e3o a investigar o envio do envelope para apurar a origem e o respons\u00e1vel.<\/li>\n<\/ul>\n","protected":false},"author":2,"featured_media":420615,"comment_status":"closed","ping_status":"closed","sticky":false,"template":"","format":"standard","meta":{"footnotes":""},"categories":[6907,6781],"tags":[5744,3205,2938,3708,3418],"class_list":["post-420613","post","type-post","status-publish","format-standard","has-post-thumbnail","hentry","category-crime","category-policia","tag-ameacas","tag-embaixadas","tag-evacuacao","tag-israel","tag-policia-de-seguranca-publica"],"yoast_head":"<!-- This site is optimized with the Yoast SEO plugin v27.2 - https:\/\/yoast.com\/product\/yoast-seo-wordpress\/ -->\n<title>Envelope com amea\u00e7as a Israel na embaixada em Lisboa acende alerta PSP - Portal Tela Portugal<\/title>\n<meta name=\"robots\" content=\"index, follow, max-snippet:-1, max-image-preview:large, max-video-preview:-1\" \/>\n<meta property=\"og:locale\" content=\"pt_PT\" \/>\n<meta property=\"og:type\" content=\"article\" \/>\n<meta property=\"og:title\" content=\"Envelope com amea\u00e7as a Israel na embaixada em Lisboa acende alerta PSP - Portal Tela Portugal\" \/>\n<meta property=\"og:description\" content=\"A esta\u00e7\u00e3o dos CTT da rua Filipe Folque, em Lisboa, foi evacuada depois de ter sido enviado um envelope com amea\u00e7as a Israel. O envelope continha um documento com frases montadas a partir de letras de jornais e revistas, contendo ofensas a Israel. A situa\u00e7\u00e3o levou a um alerta da Pol\u00edcia de Seguran\u00e7a P\u00fablica (PSP). O incidente ocorreu a 25 de mar\u00e7o de 2026, \u00e0s 10:31. As autoridades est\u00e3o a investigar o envio do envelope para apurar a origem e o respons\u00e1vel.\" \/>\n<meta property=\"og:url\" content=\"https:\/\/portaltela.pt\/noticias\/2026\/03\/25\/envelope-com-ameacas-a-israel-na-embaixada-em-lisboa-acende-alerta-psp\/\" \/>\n<meta property=\"og:site_name\" content=\"Portal Tela Portugal\" \/>\n<meta property=\"article:published_time\" content=\"2026-03-25T10:31:36+00:00\" \/>\n<meta name=\"author\" content=\"Telinha\" \/>\n<meta name=\"twitter:card\" content=\"summary_large_image\" \/>\n<meta name=\"twitter:label1\" content=\"Escrito por\" \/>\n\t<meta name=\"twitter:data1\" content=\"Telinha\" \/>\n\t<meta name=\"twitter:label2\" content=\"Tempo estimado de leitura\" \/>\n\t<meta name=\"twitter:data2\" content=\"1 minuto\" \/>\n<script type=\"application\/ld+json\" class=\"yoast-schema-graph\">{\"@context\":\"https:\/\/schema.org\",\"@graph\":[{\"@type\":\"Article\",\"@id\":\"https:\/\/portaltela.pt\/noticias\/2026\/03\/25\/envelope-com-ameacas-a-israel-na-embaixada-em-lisboa-acende-alerta-psp\/#article\",\"isPartOf\":{\"@id\":\"https:\/\/portaltela.pt\/noticias\/2026\/03\/25\/envelope-com-ameacas-a-israel-na-embaixada-em-lisboa-acende-alerta-psp\/\"},\"author\":{\"name\":\"Telinha\",\"@id\":\"https:\/\/portaltela.pt\/#\/schema\/person\/c4278d4a6028830caff9ee44b42d32ed\"},\"headline\":\"Envelope com amea\u00e7as a Israel na embaixada em Lisboa acende alerta PSP\",\"datePublished\":\"2026-03-25T10:31:36+00:00\",\"mainEntityOfPage\":{\"@id\":\"https:\/\/portaltela.pt\/noticias\/2026\/03\/25\/envelope-com-ameacas-a-israel-na-embaixada-em-lisboa-acende-alerta-psp\/\"},\"wordCount\":198,\"image\":{\"@id\":\"https:\/\/portaltela.pt\/noticias\/2026\/03\/25\/envelope-com-ameacas-a-israel-na-embaixada-em-lisboa-acende-alerta-psp\/#primaryimage\"},\"thumbnailUrl\":\"https:\/\/portaltela.pt\/s.01k8rhncp4jt1\/2026\/03\/img_1280x722uu2025-03-27-13-50-40-2200554-im-638793720628384779.jpg\",\"keywords\":[\"amea\u00e7as\",\"embaixadas\",\"evacua\u00e7\u00e3o\",\"Israel\",\"Pol\u00edcia de Seguran\u00e7a P\u00fablica\"],\"articleSection\":[\"Crime\",\"Pol\u00edcia\"],\"inLanguage\":\"pt-PT\"},{\"@type\":\"WebPage\",\"@id\":\"https:\/\/portaltela.pt\/noticias\/2026\/03\/25\/envelope-com-ameacas-a-israel-na-embaixada-em-lisboa-acende-alerta-psp\/\",\"url\":\"https:\/\/portaltela.pt\/noticias\/2026\/03\/25\/envelope-com-ameacas-a-israel-na-embaixada-em-lisboa-acende-alerta-psp\/\",\"name\":\"Envelope com amea\u00e7as a Israel na embaixada em Lisboa acende alerta PSP - Portal Tela Portugal\",\"isPartOf\":{\"@id\":\"https:\/\/portaltela.pt\/#website\"},\"primaryImageOfPage\":{\"@id\":\"https:\/\/portaltela.pt\/noticias\/2026\/03\/25\/envelope-com-ameacas-a-israel-na-embaixada-em-lisboa-acende-alerta-psp\/#primaryimage\"},\"image\":{\"@id\":\"https:\/\/portaltela.pt\/noticias\/2026\/03\/25\/envelope-com-ameacas-a-israel-na-embaixada-em-lisboa-acende-alerta-psp\/#primaryimage\"},\"thumbnailUrl\":\"https:\/\/portaltela.pt\/s.01k8rhncp4jt1\/2026\/03\/img_1280x722uu2025-03-27-13-50-40-2200554-im-638793720628384779.jpg\",\"datePublished\":\"2026-03-25T10:31:36+00:00\",\"author\":{\"@id\":\"https:\/\/portaltela.pt\/#\/schema\/person\/c4278d4a6028830caff9ee44b42d32ed\"},\"breadcrumb\":{\"@id\":\"https:\/\/portaltela.pt\/noticias\/2026\/03\/25\/envelope-com-ameacas-a-israel-na-embaixada-em-lisboa-acende-alerta-psp\/#breadcrumb\"},\"inLanguage\":\"pt-PT\",\"potentialAction\":[{\"@type\":\"ReadAction\",\"target\":[\"https:\/\/portaltela.pt\/noticias\/2026\/03\/25\/envelope-com-ameacas-a-israel-na-embaixada-em-lisboa-acende-alerta-psp\/\"]}]},{\"@type\":\"ImageObject\",\"inLanguage\":\"pt-PT\",\"@id\":\"https:\/\/portaltela.pt\/noticias\/2026\/03\/25\/envelope-com-ameacas-a-israel-na-embaixada-em-lisboa-acende-alerta-psp\/#primaryimage\",\"url\":\"https:\/\/portaltela.pt\/s.01k8rhncp4jt1\/2026\/03\/img_1280x722uu2025-03-27-13-50-40-2200554-im-638793720628384779.jpg\",\"contentUrl\":\"https:\/\/portaltela.pt\/s.01k8rhncp4jt1\/2026\/03\/img_1280x722uu2025-03-27-13-50-40-2200554-im-638793720628384779.jpg\",\"width\":1280,\"height\":722,\"caption\":\"Envelope com amea\u00e7as a Israel no correio da embaixada em Lisboa leva a alerta da PSP\"},{\"@type\":\"BreadcrumbList\",\"@id\":\"https:\/\/portaltela.pt\/noticias\/2026\/03\/25\/envelope-com-ameacas-a-israel-na-embaixada-em-lisboa-acende-alerta-psp\/#breadcrumb\",\"itemListElement\":[{\"@type\":\"ListItem\",\"position\":1,\"name\":\"In\u00edcio\",\"item\":\"https:\/\/portaltela.pt\/\"},{\"@type\":\"ListItem\",\"position\":2,\"name\":\"Envelope com amea\u00e7as a Israel na embaixada em Lisboa acende alerta PSP\"}]},{\"@type\":\"WebSite\",\"@id\":\"https:\/\/portaltela.pt\/#website\",\"url\":\"https:\/\/portaltela.pt\/\",\"name\":\"Portal Tela Portugal\",\"description\":\"\",\"potentialAction\":[{\"@type\":\"SearchAction\",\"target\":{\"@type\":\"EntryPoint\",\"urlTemplate\":\"https:\/\/portaltela.pt\/?s={search_term_string}\"},\"query-input\":{\"@type\":\"PropertyValueSpecification\",\"valueRequired\":true,\"valueName\":\"search_term_string\"}}],\"inLanguage\":\"pt-PT\"},{\"@type\":\"Person\",\"@id\":\"https:\/\/portaltela.pt\/#\/schema\/person\/c4278d4a6028830caff9ee44b42d32ed\",\"name\":\"Telinha\",\"image\":{\"@type\":\"ImageObject\",\"inLanguage\":\"pt-PT\",\"@id\":\"https:\/\/portaltela.pt\/s.01k8rhncp4jt1\/2025\/11\/talking-bot-125x125.png\",\"url\":\"https:\/\/portaltela.pt\/s.01k8rhncp4jt1\/2025\/11\/talking-bot-125x125.png\",\"contentUrl\":\"https:\/\/portaltela.pt\/s.01k8rhncp4jt1\/2025\/11\/talking-bot-125x125.png\",\"caption\":\"Telinha\"},\"sameAs\":[\"https:\/\/portaltela.pt\/\"],\"url\":\"https:\/\/portaltela.pt\/por\/367410592786\/\"}]}<\/script>\n<!-- \/ Yoast SEO plugin. -->","yoast_head_json":{"title":"Envelope com amea\u00e7as a Israel na embaixada em Lisboa acende alerta PSP - Portal Tela Portugal","robots":{"index":"index","follow":"follow","max-snippet":"max-snippet:-1","max-image-preview":"max-image-preview:large","max-video-preview":"max-video-preview:-1"},"og_locale":"pt_PT","og_type":"article","og_title":"Envelope com amea\u00e7as a Israel na embaixada em Lisboa acende alerta PSP - Portal Tela Portugal","og_description":"A esta\u00e7\u00e3o dos CTT da rua Filipe Folque, em Lisboa, foi evacuada depois de ter sido enviado um envelope com amea\u00e7as a Israel. O envelope continha um documento com frases montadas a partir de letras de jornais e revistas, contendo ofensas a Israel. A situa\u00e7\u00e3o levou a um alerta da Pol\u00edcia de Seguran\u00e7a P\u00fablica (PSP). O incidente ocorreu a 25 de mar\u00e7o de 2026, \u00e0s 10:31. As autoridades est\u00e3o a investigar o envio do envelope para apurar a origem e o respons\u00e1vel.","og_url":"https:\/\/portaltela.pt\/noticias\/2026\/03\/25\/envelope-com-ameacas-a-israel-na-embaixada-em-lisboa-acende-alerta-psp\/","og_site_name":"Portal Tela Portugal","article_published_time":"2026-03-25T10:31:36+00:00","author":"Telinha","twitter_card":"summary_large_image","twitter_misc":{"Escrito por":"Telinha","Tempo estimado de leitura":"1 minuto"},"schema":{"@context":"https:\/\/schema.org","@graph":[{"@type":"Article","@id":"https:\/\/portaltela.pt\/noticias\/2026\/03\/25\/envelope-com-ameacas-a-israel-na-embaixada-em-lisboa-acende-alerta-psp\/#article","isPartOf":{"@id":"https:\/\/portaltela.pt\/noticias\/2026\/03\/25\/envelope-com-ameacas-a-israel-na-embaixada-em-lisboa-acende-alerta-psp\/"},"author":{"name":"Telinha","@id":"https:\/\/portaltela.pt\/#\/schema\/person\/c4278d4a6028830caff9ee44b42d32ed"},"headline":"Envelope com amea\u00e7as a Israel na embaixada em Lisboa acende alerta PSP","datePublished":"2026-03-25T10:31:36+00:00","mainEntityOfPage":{"@id":"https:\/\/portaltela.pt\/noticias\/2026\/03\/25\/envelope-com-ameacas-a-israel-na-embaixada-em-lisboa-acende-alerta-psp\/"},"wordCount":198,"image":{"@id":"https:\/\/portaltela.pt\/noticias\/2026\/03\/25\/envelope-com-ameacas-a-israel-na-embaixada-em-lisboa-acende-alerta-psp\/#primaryimage"},"thumbnailUrl":"https:\/\/portaltela.pt\/s.01k8rhncp4jt1\/2026\/03\/img_1280x722uu2025-03-27-13-50-40-2200554-im-638793720628384779.jpg","keywords":["amea\u00e7as","embaixadas","evacua\u00e7\u00e3o","Israel","Pol\u00edcia de Seguran\u00e7a P\u00fablica"],"articleSection":["Crime","Pol\u00edcia"],"inLanguage":"pt-PT"},{"@type":"WebPage","@id":"https:\/\/portaltela.pt\/noticias\/2026\/03\/25\/envelope-com-ameacas-a-israel-na-embaixada-em-lisboa-acende-alerta-psp\/","url":"https:\/\/portaltela.pt\/noticias\/2026\/03\/25\/envelope-com-ameacas-a-israel-na-embaixada-em-lisboa-acende-alerta-psp\/","name":"Envelope com amea\u00e7as a Israel na embaixada em Lisboa acende alerta PSP - Portal Tela Portugal","isPartOf":{"@id":"https:\/\/portaltela.pt\/#website"},"primaryImageOfPage":{"@id":"https:\/\/portaltela.pt\/noticias\/2026\/03\/25\/envelope-com-ameacas-a-israel-na-embaixada-em-lisboa-acende-alerta-psp\/#primaryimage"},"image":{"@id":"https:\/\/portaltela.pt\/noticias\/2026\/03\/25\/envelope-com-ameacas-a-israel-na-embaixada-em-lisboa-acende-alerta-psp\/#primaryimage"},"thumbnailUrl":"https:\/\/portaltela.pt\/s.01k8rhncp4jt1\/2026\/03\/img_1280x722uu2025-03-27-13-50-40-2200554-im-638793720628384779.jpg","datePublished":"2026-03-25T10:31:36+00:00","author":{"@id":"https:\/\/portaltela.pt\/#\/schema\/person\/c4278d4a6028830caff9ee44b42d32ed"},"breadcrumb":{"@id":"https:\/\/portaltela.pt\/noticias\/2026\/03\/25\/envelope-com-ameacas-a-israel-na-embaixada-em-lisboa-acende-alerta-psp\/#breadcrumb"},"inLanguage":"pt-PT","potentialAction":[{"@type":"ReadAction","target":["https:\/\/portaltela.pt\/noticias\/2026\/03\/25\/envelope-com-ameacas-a-israel-na-embaixada-em-lisboa-acende-alerta-psp\/"]}]},{"@type":"ImageObject","inLanguage":"pt-PT","@id":"https:\/\/portaltela.pt\/noticias\/2026\/03\/25\/envelope-com-ameacas-a-israel-na-embaixada-em-lisboa-acende-alerta-psp\/#primaryimage","url":"https:\/\/portaltela.pt\/s.01k8rhncp4jt1\/2026\/03\/img_1280x722uu2025-03-27-13-50-40-2200554-im-638793720628384779.jpg","contentUrl":"https:\/\/portaltela.pt\/s.01k8rhncp4jt1\/2026\/03\/img_1280x722uu2025-03-27-13-50-40-2200554-im-638793720628384779.jpg","width":1280,"height":722,"caption":"Envelope com amea\u00e7as a Israel no correio da embaixada em Lisboa leva a alerta da PSP"},{"@type":"BreadcrumbList","@id":"https:\/\/portaltela.pt\/noticias\/2026\/03\/25\/envelope-com-ameacas-a-israel-na-embaixada-em-lisboa-acende-alerta-psp\/#breadcrumb","itemListElement":[{"@type":"ListItem","position":1,"name":"In\u00edcio","item":"https:\/\/portaltela.pt\/"},{"@type":"ListItem","position":2,"name":"Envelope com amea\u00e7as a Israel na embaixada em Lisboa acende alerta PSP"}]},{"@type":"WebSite","@id":"https:\/\/portaltela.pt\/#website","url":"https:\/\/portaltela.pt\/","name":"Portal Tela Portugal","description":"","potentialAction":[{"@type":"SearchAction","target":{"@type":"EntryPoint","urlTemplate":"https:\/\/portaltela.pt\/?s={search_term_string}"},"query-input":{"@type":"PropertyValueSpecification","valueRequired":true,"valueName":"search_term_string"}}],"inLanguage":"pt-PT"},{"@type":"Person","@id":"https:\/\/portaltela.pt\/#\/schema\/person\/c4278d4a6028830caff9ee44b42d32ed","name":"Telinha","image":{"@type":"ImageObject","inLanguage":"pt-PT","@id":"https:\/\/portaltela.pt\/s.01k8rhncp4jt1\/2025\/11\/talking-bot-125x125.png","url":"https:\/\/portaltela.pt\/s.01k8rhncp4jt1\/2025\/11\/talking-bot-125x125.png","contentUrl":"https:\/\/portaltela.pt\/s.01k8rhncp4jt1\/2025\/11\/talking-bot-125x125.png","caption":"Telinha"},"sameAs":["https:\/\/portaltela.pt\/"],"url":"https:\/\/portaltela.pt\/por\/367410592786\/"}]}},"_links":{"self":[{"href":"https:\/\/portaltela.pt\/api\/wp\/v2\/posts\/420613","targetHints":{"allow":["GET"]}}],"collection":[{"href":"https:\/\/portaltela.pt\/api\/wp\/v2\/posts"}],"about":[{"href":"https:\/\/portaltela.pt\/api\/wp\/v2\/types\/post"}],"author":[{"embeddable":true,"href":"https:\/\/portaltela.pt\/api\/wp\/v2\/users\/2"}],"replies":[{"embeddable":true,"href":"https:\/\/portaltela.pt\/api\/wp\/v2\/comments?post=420613"}],"version-history":[{"count":0,"href":"https:\/\/portaltela.pt\/api\/wp\/v2\/posts\/420613\/revisions"}],"wp:featuredmedia":[{"embeddable":true,"href":"https:\/\/portaltela.pt\/api\/wp\/v2\/media\/420615"}],"wp:attachment":[{"href":"https:\/\/portaltela.pt\/api\/wp\/v2\/media?parent=420613"}],"wp:term":[{"taxonomy":"category","embeddable":true,"href":"https:\/\/portaltela.pt\/api\/wp\/v2\/categories?post=420613"},{"taxonomy":"post_tag","embeddable":true,"href":"https:\/\/portaltela.pt\/api\/wp\/v2\/tags?post=420613"}],"curies":[{"name":"wp","href":"https:\/\/api.w.org\/{rel}","templated":true}]}}