{"id":420610,"date":"2026-03-25T07:28:00","date_gmt":"2026-03-25T10:28:00","guid":{"rendered":"https:\/\/portaltela.pt\/noticias\/2026\/03\/25\/vitoria-agridoce-do-centro-esquerda-na-dinamarca-apos-pior-resultado-100-anos\/"},"modified":"2026-03-25T07:28:00","modified_gmt":"2026-03-25T10:28:00","slug":"vitoria-agridoce-do-centro-esquerda-na-dinamarca-apos-pior-resultado-100-anos","status":"publish","type":"post","link":"https:\/\/portaltela.pt\/noticias\/politica\/2026\/03\/25\/vitoria-agridoce-do-centro-esquerda-na-dinamarca-apos-pior-resultado-100-anos\/","title":{"rendered":"Vit\u00f3ria agridoce do centro-esquerda na Dinamarca ap\u00f3s pior resultado 100 anos"},"content":{"rendered":"<p>A vit\u00f3ria foi considerada agridoce para o centro-esquerda na Dinamarca, ap\u00f3s as elei\u00e7\u00f5es antecipadas de ter\u00e7a-feira. O Partido Social Democrata (SD) manteve-se como o mais votado, mas com 21,9% dos votos, o pior resultado desde 1903.<\/p>\n<p>A primeira-ministra Mette Frederiksen liderou a campanha centrada em temas internacionais, destacando a seguran\u00e7a europeia e as amea\u00e7as de Donald Trump \u00e0 Gronel\u00e2ndia. O objetivo era fortalecer a posi\u00e7\u00e3o do governo no parlamento.<\/p>\n<p>Nestas elei\u00e7\u00f5es, nenhum dos blocos atingiu a maioria parlamentar, o que implica uma likely complexa negocia\u00e7\u00e3o para formar governo. A contagem final e o desfecho das negocia\u00e7\u00f5es devem ditar a composi\u00e7\u00e3o oficial do executivo nos pr\u00f3ximos dias.<\/p>\n","protected":false},"excerpt":{"rendered":"<ul>\n<li>Na Dinamarca, nenhuma for\u00e7a pol\u00edtica alcan\u00e7ou a maioria no parlamento nas elei\u00e7\u00f5es antecipadas de ter\u00e7a-feira.<\/li>\n<li>O Partido Social Democrata (SD) foi o mais votado, com 21,9% dos votos, mantendo-se \u00e0 frente das restantes forma\u00e7\u00f5es.<\/li>\n<li>O resultado do SD representa o pior desde 1903 para um partido de centro-esquerda.<\/li>\n<li>A primeira-ministra Mette Frederiksen centrou a campanha na seguran\u00e7a europeia e nas amea\u00e7as de Donald Trump \u00e0 Gronel\u00e2ndia.<\/li>\n<li>A vit\u00f3ria n\u00e3o garantiu maioria parlamentar para o SD, mantendo o pa\u00eds sem assimetrias claras entre os blocos ideol\u00f3gicos.<\/li>\n<\/ul>\n","protected":false},"author":2,"featured_media":420611,"comment_status":"closed","ping_status":"closed","sticky":false,"template":"","format":"standard","meta":{"footnotes":""},"categories":[1,5],"tags":[2503,68,2487,3783,5698,3536],"class_list":["post-420610","post","type-post","status-publish","format-standard","has-post-thumbnail","hentry","category-noticias","category-politica","tag-dinamarca","tag-eleicoes","tag-europa","tag-groenlandia","tag-politica-internacional","tag-social-democracia"],"yoast_head":"<!-- This site is optimized with the Yoast SEO plugin v27.2 - https:\/\/yoast.com\/product\/yoast-seo-wordpress\/ -->\n<title>Vit\u00f3ria agridoce do centro-esquerda na Dinamarca ap\u00f3s pior resultado 100 anos - Portal Tela Portugal<\/title>\n<meta name=\"robots\" content=\"index, follow, max-snippet:-1, max-image-preview:large, max-video-preview:-1\" \/>\n<meta property=\"og:locale\" content=\"pt_PT\" \/>\n<meta property=\"og:type\" content=\"article\" \/>\n<meta property=\"og:title\" content=\"Vit\u00f3ria agridoce do centro-esquerda na Dinamarca ap\u00f3s pior resultado 100 anos - Portal Tela Portugal\" \/>\n<meta property=\"og:description\" content=\"Na Dinamarca, nenhuma for\u00e7a pol\u00edtica alcan\u00e7ou a maioria no parlamento nas elei\u00e7\u00f5es antecipadas de ter\u00e7a-feira. O Partido Social Democrata (SD) foi o mais votado, com 21,9% dos votos, mantendo-se \u00e0 frente das restantes forma\u00e7\u00f5es. O resultado do SD representa o pior desde 1903 para um partido de centro-esquerda. A primeira-ministra Mette Frederiksen centrou a campanha na seguran\u00e7a europeia e nas amea\u00e7as de Donald Trump \u00e0 Gronel\u00e2ndia. A vit\u00f3ria n\u00e3o garantiu maioria parlamentar para o SD, mantendo o pa\u00eds sem assimetrias claras entre os blocos ideol\u00f3gicos.\" \/>\n<meta property=\"og:url\" content=\"https:\/\/portaltela.pt\/noticias\/2026\/03\/25\/vitoria-agridoce-do-centro-esquerda-na-dinamarca-apos-pior-resultado-100-anos\/\" \/>\n<meta property=\"og:site_name\" content=\"Portal Tela Portugal\" \/>\n<meta property=\"article:published_time\" content=\"2026-03-25T10:28:00+00:00\" \/>\n<meta name=\"author\" content=\"Telinha\" \/>\n<meta name=\"twitter:card\" content=\"summary_large_image\" \/>\n<meta name=\"twitter:label1\" content=\"Escrito por\" \/>\n\t<meta name=\"twitter:data1\" content=\"Telinha\" \/>\n\t<meta name=\"twitter:label2\" content=\"Tempo estimado de leitura\" \/>\n\t<meta name=\"twitter:data2\" content=\"1 minuto\" \/>\n<script type=\"application\/ld+json\" class=\"yoast-schema-graph\">{\"@context\":\"https:\/\/schema.org\",\"@graph\":[{\"@type\":\"Article\",\"@id\":\"https:\/\/portaltela.pt\/noticias\/2026\/03\/25\/vitoria-agridoce-do-centro-esquerda-na-dinamarca-apos-pior-resultado-100-anos\/#article\",\"isPartOf\":{\"@id\":\"https:\/\/portaltela.pt\/noticias\/2026\/03\/25\/vitoria-agridoce-do-centro-esquerda-na-dinamarca-apos-pior-resultado-100-anos\/\"},\"author\":{\"name\":\"Telinha\",\"@id\":\"https:\/\/portaltela.pt\/#\/schema\/person\/c4278d4a6028830caff9ee44b42d32ed\"},\"headline\":\"Vit\u00f3ria agridoce do centro-esquerda na Dinamarca ap\u00f3s pior resultado 100 anos\",\"datePublished\":\"2026-03-25T10:28:00+00:00\",\"mainEntityOfPage\":{\"@id\":\"https:\/\/portaltela.pt\/noticias\/2026\/03\/25\/vitoria-agridoce-do-centro-esquerda-na-dinamarca-apos-pior-resultado-100-anos\/\"},\"wordCount\":128,\"image\":{\"@id\":\"https:\/\/portaltela.pt\/noticias\/2026\/03\/25\/vitoria-agridoce-do-centro-esquerda-na-dinamarca-apos-pior-resultado-100-anos\/#primaryimage\"},\"thumbnailUrl\":\"https:\/\/portaltela.pt\/s.01k8rhncp4jt1\/2026\/03\/2076697.jpg\",\"keywords\":[\"Dinamarca\",\"elei\u00e7\u00f5es\",\"Europa\",\"Groenl\u00e2ndia\",\"pol\u00edtica internacional\",\"Social Democracia\"],\"articleSection\":[\"Not\u00edcias\",\"Pol\u00edtica\"],\"inLanguage\":\"pt-PT\"},{\"@type\":\"WebPage\",\"@id\":\"https:\/\/portaltela.pt\/noticias\/2026\/03\/25\/vitoria-agridoce-do-centro-esquerda-na-dinamarca-apos-pior-resultado-100-anos\/\",\"url\":\"https:\/\/portaltela.pt\/noticias\/2026\/03\/25\/vitoria-agridoce-do-centro-esquerda-na-dinamarca-apos-pior-resultado-100-anos\/\",\"name\":\"Vit\u00f3ria agridoce do centro-esquerda na Dinamarca ap\u00f3s pior resultado 100 anos - Portal Tela Portugal\",\"isPartOf\":{\"@id\":\"https:\/\/portaltela.pt\/#website\"},\"primaryImageOfPage\":{\"@id\":\"https:\/\/portaltela.pt\/noticias\/2026\/03\/25\/vitoria-agridoce-do-centro-esquerda-na-dinamarca-apos-pior-resultado-100-anos\/#primaryimage\"},\"image\":{\"@id\":\"https:\/\/portaltela.pt\/noticias\/2026\/03\/25\/vitoria-agridoce-do-centro-esquerda-na-dinamarca-apos-pior-resultado-100-anos\/#primaryimage\"},\"thumbnailUrl\":\"https:\/\/portaltela.pt\/s.01k8rhncp4jt1\/2026\/03\/2076697.jpg\",\"datePublished\":\"2026-03-25T10:28:00+00:00\",\"author\":{\"@id\":\"https:\/\/portaltela.pt\/#\/schema\/person\/c4278d4a6028830caff9ee44b42d32ed\"},\"breadcrumb\":{\"@id\":\"https:\/\/portaltela.pt\/noticias\/2026\/03\/25\/vitoria-agridoce-do-centro-esquerda-na-dinamarca-apos-pior-resultado-100-anos\/#breadcrumb\"},\"inLanguage\":\"pt-PT\",\"potentialAction\":[{\"@type\":\"ReadAction\",\"target\":[\"https:\/\/portaltela.pt\/noticias\/2026\/03\/25\/vitoria-agridoce-do-centro-esquerda-na-dinamarca-apos-pior-resultado-100-anos\/\"]}]},{\"@type\":\"ImageObject\",\"inLanguage\":\"pt-PT\",\"@id\":\"https:\/\/portaltela.pt\/noticias\/2026\/03\/25\/vitoria-agridoce-do-centro-esquerda-na-dinamarca-apos-pior-resultado-100-anos\/#primaryimage\",\"url\":\"https:\/\/portaltela.pt\/s.01k8rhncp4jt1\/2026\/03\/2076697.jpg\",\"contentUrl\":\"https:\/\/portaltela.pt\/s.01k8rhncp4jt1\/2026\/03\/2076697.jpg\",\"width\":796,\"height\":448,\"caption\":\"Mette Frederiksen, primeira-ministra da Dinamarca e l\u00edder do Partido Social Democrata, no discurso de vit\u00f3rias nas elei\u00e7\u00f5es de ter\u00e7a-feira\"},{\"@type\":\"BreadcrumbList\",\"@id\":\"https:\/\/portaltela.pt\/noticias\/2026\/03\/25\/vitoria-agridoce-do-centro-esquerda-na-dinamarca-apos-pior-resultado-100-anos\/#breadcrumb\",\"itemListElement\":[{\"@type\":\"ListItem\",\"position\":1,\"name\":\"In\u00edcio\",\"item\":\"https:\/\/portaltela.pt\/\"},{\"@type\":\"ListItem\",\"position\":2,\"name\":\"Vit\u00f3ria agridoce do centro-esquerda na Dinamarca ap\u00f3s pior resultado 100 anos\"}]},{\"@type\":\"WebSite\",\"@id\":\"https:\/\/portaltela.pt\/#website\",\"url\":\"https:\/\/portaltela.pt\/\",\"name\":\"Portal Tela Portugal\",\"description\":\"\",\"potentialAction\":[{\"@type\":\"SearchAction\",\"target\":{\"@type\":\"EntryPoint\",\"urlTemplate\":\"https:\/\/portaltela.pt\/?s={search_term_string}\"},\"query-input\":{\"@type\":\"PropertyValueSpecification\",\"valueRequired\":true,\"valueName\":\"search_term_string\"}}],\"inLanguage\":\"pt-PT\"},{\"@type\":\"Person\",\"@id\":\"https:\/\/portaltela.pt\/#\/schema\/person\/c4278d4a6028830caff9ee44b42d32ed\",\"name\":\"Telinha\",\"image\":{\"@type\":\"ImageObject\",\"inLanguage\":\"pt-PT\",\"@id\":\"https:\/\/portaltela.pt\/s.01k8rhncp4jt1\/2025\/11\/talking-bot-125x125.png\",\"url\":\"https:\/\/portaltela.pt\/s.01k8rhncp4jt1\/2025\/11\/talking-bot-125x125.png\",\"contentUrl\":\"https:\/\/portaltela.pt\/s.01k8rhncp4jt1\/2025\/11\/talking-bot-125x125.png\",\"caption\":\"Telinha\"},\"sameAs\":[\"https:\/\/portaltela.pt\/\"],\"url\":\"https:\/\/portaltela.pt\/por\/367410592786\/\"}]}<\/script>\n<!-- \/ Yoast SEO plugin. -->","yoast_head_json":{"title":"Vit\u00f3ria agridoce do centro-esquerda na Dinamarca ap\u00f3s pior resultado 100 anos - Portal Tela Portugal","robots":{"index":"index","follow":"follow","max-snippet":"max-snippet:-1","max-image-preview":"max-image-preview:large","max-video-preview":"max-video-preview:-1"},"og_locale":"pt_PT","og_type":"article","og_title":"Vit\u00f3ria agridoce do centro-esquerda na Dinamarca ap\u00f3s pior resultado 100 anos - Portal Tela Portugal","og_description":"Na Dinamarca, nenhuma for\u00e7a pol\u00edtica alcan\u00e7ou a maioria no parlamento nas elei\u00e7\u00f5es antecipadas de ter\u00e7a-feira. O Partido Social Democrata (SD) foi o mais votado, com 21,9% dos votos, mantendo-se \u00e0 frente das restantes forma\u00e7\u00f5es. O resultado do SD representa o pior desde 1903 para um partido de centro-esquerda. A primeira-ministra Mette Frederiksen centrou a campanha na seguran\u00e7a europeia e nas amea\u00e7as de Donald Trump \u00e0 Gronel\u00e2ndia. A vit\u00f3ria n\u00e3o garantiu maioria parlamentar para o SD, mantendo o pa\u00eds sem assimetrias claras entre os blocos ideol\u00f3gicos.","og_url":"https:\/\/portaltela.pt\/noticias\/2026\/03\/25\/vitoria-agridoce-do-centro-esquerda-na-dinamarca-apos-pior-resultado-100-anos\/","og_site_name":"Portal Tela Portugal","article_published_time":"2026-03-25T10:28:00+00:00","author":"Telinha","twitter_card":"summary_large_image","twitter_misc":{"Escrito por":"Telinha","Tempo estimado de leitura":"1 minuto"},"schema":{"@context":"https:\/\/schema.org","@graph":[{"@type":"Article","@id":"https:\/\/portaltela.pt\/noticias\/2026\/03\/25\/vitoria-agridoce-do-centro-esquerda-na-dinamarca-apos-pior-resultado-100-anos\/#article","isPartOf":{"@id":"https:\/\/portaltela.pt\/noticias\/2026\/03\/25\/vitoria-agridoce-do-centro-esquerda-na-dinamarca-apos-pior-resultado-100-anos\/"},"author":{"name":"Telinha","@id":"https:\/\/portaltela.pt\/#\/schema\/person\/c4278d4a6028830caff9ee44b42d32ed"},"headline":"Vit\u00f3ria agridoce do centro-esquerda na Dinamarca ap\u00f3s pior resultado 100 anos","datePublished":"2026-03-25T10:28:00+00:00","mainEntityOfPage":{"@id":"https:\/\/portaltela.pt\/noticias\/2026\/03\/25\/vitoria-agridoce-do-centro-esquerda-na-dinamarca-apos-pior-resultado-100-anos\/"},"wordCount":128,"image":{"@id":"https:\/\/portaltela.pt\/noticias\/2026\/03\/25\/vitoria-agridoce-do-centro-esquerda-na-dinamarca-apos-pior-resultado-100-anos\/#primaryimage"},"thumbnailUrl":"https:\/\/portaltela.pt\/s.01k8rhncp4jt1\/2026\/03\/2076697.jpg","keywords":["Dinamarca","elei\u00e7\u00f5es","Europa","Groenl\u00e2ndia","pol\u00edtica internacional","Social Democracia"],"articleSection":["Not\u00edcias","Pol\u00edtica"],"inLanguage":"pt-PT"},{"@type":"WebPage","@id":"https:\/\/portaltela.pt\/noticias\/2026\/03\/25\/vitoria-agridoce-do-centro-esquerda-na-dinamarca-apos-pior-resultado-100-anos\/","url":"https:\/\/portaltela.pt\/noticias\/2026\/03\/25\/vitoria-agridoce-do-centro-esquerda-na-dinamarca-apos-pior-resultado-100-anos\/","name":"Vit\u00f3ria agridoce do centro-esquerda na Dinamarca ap\u00f3s pior resultado 100 anos - Portal Tela Portugal","isPartOf":{"@id":"https:\/\/portaltela.pt\/#website"},"primaryImageOfPage":{"@id":"https:\/\/portaltela.pt\/noticias\/2026\/03\/25\/vitoria-agridoce-do-centro-esquerda-na-dinamarca-apos-pior-resultado-100-anos\/#primaryimage"},"image":{"@id":"https:\/\/portaltela.pt\/noticias\/2026\/03\/25\/vitoria-agridoce-do-centro-esquerda-na-dinamarca-apos-pior-resultado-100-anos\/#primaryimage"},"thumbnailUrl":"https:\/\/portaltela.pt\/s.01k8rhncp4jt1\/2026\/03\/2076697.jpg","datePublished":"2026-03-25T10:28:00+00:00","author":{"@id":"https:\/\/portaltela.pt\/#\/schema\/person\/c4278d4a6028830caff9ee44b42d32ed"},"breadcrumb":{"@id":"https:\/\/portaltela.pt\/noticias\/2026\/03\/25\/vitoria-agridoce-do-centro-esquerda-na-dinamarca-apos-pior-resultado-100-anos\/#breadcrumb"},"inLanguage":"pt-PT","potentialAction":[{"@type":"ReadAction","target":["https:\/\/portaltela.pt\/noticias\/2026\/03\/25\/vitoria-agridoce-do-centro-esquerda-na-dinamarca-apos-pior-resultado-100-anos\/"]}]},{"@type":"ImageObject","inLanguage":"pt-PT","@id":"https:\/\/portaltela.pt\/noticias\/2026\/03\/25\/vitoria-agridoce-do-centro-esquerda-na-dinamarca-apos-pior-resultado-100-anos\/#primaryimage","url":"https:\/\/portaltela.pt\/s.01k8rhncp4jt1\/2026\/03\/2076697.jpg","contentUrl":"https:\/\/portaltela.pt\/s.01k8rhncp4jt1\/2026\/03\/2076697.jpg","width":796,"height":448,"caption":"Mette Frederiksen, primeira-ministra da Dinamarca e l\u00edder do Partido Social Democrata, no discurso de vit\u00f3rias nas elei\u00e7\u00f5es de ter\u00e7a-feira"},{"@type":"BreadcrumbList","@id":"https:\/\/portaltela.pt\/noticias\/2026\/03\/25\/vitoria-agridoce-do-centro-esquerda-na-dinamarca-apos-pior-resultado-100-anos\/#breadcrumb","itemListElement":[{"@type":"ListItem","position":1,"name":"In\u00edcio","item":"https:\/\/portaltela.pt\/"},{"@type":"ListItem","position":2,"name":"Vit\u00f3ria agridoce do centro-esquerda na Dinamarca ap\u00f3s pior resultado 100 anos"}]},{"@type":"WebSite","@id":"https:\/\/portaltela.pt\/#website","url":"https:\/\/portaltela.pt\/","name":"Portal Tela Portugal","description":"","potentialAction":[{"@type":"SearchAction","target":{"@type":"EntryPoint","urlTemplate":"https:\/\/portaltela.pt\/?s={search_term_string}"},"query-input":{"@type":"PropertyValueSpecification","valueRequired":true,"valueName":"search_term_string"}}],"inLanguage":"pt-PT"},{"@type":"Person","@id":"https:\/\/portaltela.pt\/#\/schema\/person\/c4278d4a6028830caff9ee44b42d32ed","name":"Telinha","image":{"@type":"ImageObject","inLanguage":"pt-PT","@id":"https:\/\/portaltela.pt\/s.01k8rhncp4jt1\/2025\/11\/talking-bot-125x125.png","url":"https:\/\/portaltela.pt\/s.01k8rhncp4jt1\/2025\/11\/talking-bot-125x125.png","contentUrl":"https:\/\/portaltela.pt\/s.01k8rhncp4jt1\/2025\/11\/talking-bot-125x125.png","caption":"Telinha"},"sameAs":["https:\/\/portaltela.pt\/"],"url":"https:\/\/portaltela.pt\/por\/367410592786\/"}]}},"_links":{"self":[{"href":"https:\/\/portaltela.pt\/api\/wp\/v2\/posts\/420610","targetHints":{"allow":["GET"]}}],"collection":[{"href":"https:\/\/portaltela.pt\/api\/wp\/v2\/posts"}],"about":[{"href":"https:\/\/portaltela.pt\/api\/wp\/v2\/types\/post"}],"author":[{"embeddable":true,"href":"https:\/\/portaltela.pt\/api\/wp\/v2\/users\/2"}],"replies":[{"embeddable":true,"href":"https:\/\/portaltela.pt\/api\/wp\/v2\/comments?post=420610"}],"version-history":[{"count":0,"href":"https:\/\/portaltela.pt\/api\/wp\/v2\/posts\/420610\/revisions"}],"wp:featuredmedia":[{"embeddable":true,"href":"https:\/\/portaltela.pt\/api\/wp\/v2\/media\/420611"}],"wp:attachment":[{"href":"https:\/\/portaltela.pt\/api\/wp\/v2\/media?parent=420610"}],"wp:term":[{"taxonomy":"category","embeddable":true,"href":"https:\/\/portaltela.pt\/api\/wp\/v2\/categories?post=420610"},{"taxonomy":"post_tag","embeddable":true,"href":"https:\/\/portaltela.pt\/api\/wp\/v2\/tags?post=420610"}],"curies":[{"name":"wp","href":"https:\/\/api.w.org\/{rel}","templated":true}]}}