{"id":420588,"date":"2026-03-25T05:58:00","date_gmt":"2026-03-25T08:58:00","guid":{"rendered":"https:\/\/portaltela.pt\/noticias\/2026\/03\/25\/dois-suspeitos-detidos-por-incendio-antissemita-em-londres-2\/"},"modified":"2026-03-25T05:58:00","modified_gmt":"2026-03-25T08:58:00","slug":"dois-suspeitos-detidos-por-incendio-antissemita-em-londres-2","status":"publish","type":"post","link":"https:\/\/portaltela.pt\/crime\/2026\/03\/25\/dois-suspeitos-detidos-por-incendio-antissemita-em-londres-2\/","title":{"rendered":"Dois suspeitos detidos por inc\u00eandio antissemita em Londres"},"content":{"rendered":"<p>Dois suspeitos foram detidos pela pol\u00edcia de Londres numa investiga\u00e7\u00e3o relacionada com um inc\u00eandio alegadamente antissemita. A ocorr\u00eancia \u00e9 tratada como crime de \u00f3dio, com peritos a analisar vest\u00edgios no local. As autoridades n\u00e3o confirmaram detalhes sobre o momento em que ocorreu o epis\u00f3dio.<\/p>\n<p>A investiga\u00e7\u00e3o envolve unidades da pol\u00edcia de Londres e equipas de investiga\u00e7\u00e3o de crimes ao inc\u00eandio. Ainda n\u00e3o foram divulgadas informa\u00e7\u00f5es sobre a identidade dos suspeitos nem sobre a natureza exata do alvo. A motiva\u00e7\u00e3o antissemita \u00e9 citada pelas autoridades como hip\u00f3tese central.<\/p>\n<p>N\u00e3o foram disponibilizados dados sobre a data espec\u00edfica, nem sobre o local exato dentro da capital inglesa. As autoridades asseguram que o caso est\u00e1 a ser acompanhado com prioridade, com a\u00e7\u00f5es coordenadas entre departamentos para recolha de provas e avalia\u00e7\u00e3o de poss\u00edveis liga\u00e7\u00f5es com outros incidentes semelhantes.<\/p>\n","protected":false},"excerpt":{"rendered":"<ul>\n<li>Dois suspeitos foram detidos em Londres por alegado inc\u00eandio antissemita, segundo a not\u00edcia.<\/li>\n<li>A investiga\u00e7\u00e3o est\u00e1 em curso, com a pol\u00edcia a avan\u00e7ar com dilig\u00eancias.<\/li>\n<li>O artigo original indica que o conte\u00fado completo est\u00e1 dispon\u00edvel apenas para subscritores.<\/li>\n<li>N\u00e3o foram revelados detalhes adicionais sobre a localiza\u00e7\u00e3o exacta nem a data do incidente.<\/li>\n<\/ul>\n","protected":false},"author":2,"featured_media":420592,"comment_status":"closed","ping_status":"closed","sticky":false,"template":"","format":"standard","meta":{"footnotes":""},"categories":[6907],"tags":[1617,3696,1438,217,2376],"class_list":["post-420588","post","type-post","status-publish","format-standard","has-post-thumbnail","hentry","category-crime","tag-antisemitismo","tag-crime-de-odio","tag-incendio","tag-investigacao-criminal","tag-londres"],"yoast_head":"<!-- This site is optimized with the Yoast SEO plugin v27.2 - https:\/\/yoast.com\/product\/yoast-seo-wordpress\/ -->\n<title>Dois suspeitos detidos por inc\u00eandio antissemita em Londres - Portal Tela Portugal<\/title>\n<meta name=\"robots\" content=\"index, follow, max-snippet:-1, max-image-preview:large, max-video-preview:-1\" \/>\n<meta property=\"og:locale\" content=\"pt_PT\" \/>\n<meta property=\"og:type\" content=\"article\" \/>\n<meta property=\"og:title\" content=\"Dois suspeitos detidos por inc\u00eandio antissemita em Londres - Portal Tela Portugal\" \/>\n<meta property=\"og:description\" content=\"Dois suspeitos foram detidos em Londres por alegado inc\u00eandio antissemita, segundo a not\u00edcia. A investiga\u00e7\u00e3o est\u00e1 em curso, com a pol\u00edcia a avan\u00e7ar com dilig\u00eancias. O artigo original indica que o conte\u00fado completo est\u00e1 dispon\u00edvel apenas para subscritores. N\u00e3o foram revelados detalhes adicionais sobre a localiza\u00e7\u00e3o exacta nem a data do incidente.\" \/>\n<meta property=\"og:url\" content=\"https:\/\/portaltela.pt\/noticias\/2026\/03\/25\/dois-suspeitos-detidos-por-incendio-antissemita-em-londres-2\/\" \/>\n<meta property=\"og:site_name\" content=\"Portal Tela Portugal\" \/>\n<meta property=\"article:published_time\" content=\"2026-03-25T08:58:00+00:00\" \/>\n<meta name=\"author\" content=\"Telinha\" \/>\n<meta name=\"twitter:card\" content=\"summary_large_image\" \/>\n<meta name=\"twitter:label1\" content=\"Escrito por\" \/>\n\t<meta name=\"twitter:data1\" content=\"Telinha\" \/>\n\t<meta name=\"twitter:label2\" content=\"Tempo estimado de leitura\" \/>\n\t<meta name=\"twitter:data2\" content=\"1 minuto\" \/>\n<script type=\"application\/ld+json\" class=\"yoast-schema-graph\">{\"@context\":\"https:\/\/schema.org\",\"@graph\":[{\"@type\":\"Article\",\"@id\":\"https:\/\/portaltela.pt\/noticias\/2026\/03\/25\/dois-suspeitos-detidos-por-incendio-antissemita-em-londres-2\/#article\",\"isPartOf\":{\"@id\":\"https:\/\/portaltela.pt\/noticias\/2026\/03\/25\/dois-suspeitos-detidos-por-incendio-antissemita-em-londres-2\/\"},\"author\":{\"name\":\"Telinha\",\"@id\":\"https:\/\/portaltela.pt\/#\/schema\/person\/c4278d4a6028830caff9ee44b42d32ed\"},\"headline\":\"Dois suspeitos detidos por inc\u00eandio antissemita em Londres\",\"datePublished\":\"2026-03-25T08:58:00+00:00\",\"mainEntityOfPage\":{\"@id\":\"https:\/\/portaltela.pt\/noticias\/2026\/03\/25\/dois-suspeitos-detidos-por-incendio-antissemita-em-londres-2\/\"},\"wordCount\":162,\"image\":{\"@id\":\"https:\/\/portaltela.pt\/noticias\/2026\/03\/25\/dois-suspeitos-detidos-por-incendio-antissemita-em-londres-2\/#primaryimage\"},\"thumbnailUrl\":\"https:\/\/portaltela.pt\/s.01k8rhncp4jt1\/2026\/03\/CACHE_780X1200_ANALOG_WATERMARKED_46807641_682449517258573.jpg\",\"keywords\":[\"antisemitismo\",\"crime de \u00f3dio\",\"inc\u00eandio\",\"investiga\u00e7\u00e3o criminal\",\"Londres\"],\"articleSection\":[\"Crime\"],\"inLanguage\":\"pt-PT\"},{\"@type\":\"WebPage\",\"@id\":\"https:\/\/portaltela.pt\/noticias\/2026\/03\/25\/dois-suspeitos-detidos-por-incendio-antissemita-em-londres-2\/\",\"url\":\"https:\/\/portaltela.pt\/noticias\/2026\/03\/25\/dois-suspeitos-detidos-por-incendio-antissemita-em-londres-2\/\",\"name\":\"Dois suspeitos detidos por inc\u00eandio antissemita em Londres - Portal Tela Portugal\",\"isPartOf\":{\"@id\":\"https:\/\/portaltela.pt\/#website\"},\"primaryImageOfPage\":{\"@id\":\"https:\/\/portaltela.pt\/noticias\/2026\/03\/25\/dois-suspeitos-detidos-por-incendio-antissemita-em-londres-2\/#primaryimage\"},\"image\":{\"@id\":\"https:\/\/portaltela.pt\/noticias\/2026\/03\/25\/dois-suspeitos-detidos-por-incendio-antissemita-em-londres-2\/#primaryimage\"},\"thumbnailUrl\":\"https:\/\/portaltela.pt\/s.01k8rhncp4jt1\/2026\/03\/CACHE_780X1200_ANALOG_WATERMARKED_46807641_682449517258573.jpg\",\"datePublished\":\"2026-03-25T08:58:00+00:00\",\"author\":{\"@id\":\"https:\/\/portaltela.pt\/#\/schema\/person\/c4278d4a6028830caff9ee44b42d32ed\"},\"breadcrumb\":{\"@id\":\"https:\/\/portaltela.pt\/noticias\/2026\/03\/25\/dois-suspeitos-detidos-por-incendio-antissemita-em-londres-2\/#breadcrumb\"},\"inLanguage\":\"pt-PT\",\"potentialAction\":[{\"@type\":\"ReadAction\",\"target\":[\"https:\/\/portaltela.pt\/noticias\/2026\/03\/25\/dois-suspeitos-detidos-por-incendio-antissemita-em-londres-2\/\"]}]},{\"@type\":\"ImageObject\",\"inLanguage\":\"pt-PT\",\"@id\":\"https:\/\/portaltela.pt\/noticias\/2026\/03\/25\/dois-suspeitos-detidos-por-incendio-antissemita-em-londres-2\/#primaryimage\",\"url\":\"https:\/\/portaltela.pt\/s.01k8rhncp4jt1\/2026\/03\/CACHE_780X1200_ANALOG_WATERMARKED_46807641_682449517258573.jpg\",\"contentUrl\":\"https:\/\/portaltela.pt\/s.01k8rhncp4jt1\/2026\/03\/CACHE_780X1200_ANALOG_WATERMARKED_46807641_682449517258573.jpg\",\"width\":796,\"height\":448,\"caption\":\"Photo\"},{\"@type\":\"BreadcrumbList\",\"@id\":\"https:\/\/portaltela.pt\/noticias\/2026\/03\/25\/dois-suspeitos-detidos-por-incendio-antissemita-em-londres-2\/#breadcrumb\",\"itemListElement\":[{\"@type\":\"ListItem\",\"position\":1,\"name\":\"In\u00edcio\",\"item\":\"https:\/\/portaltela.pt\/\"},{\"@type\":\"ListItem\",\"position\":2,\"name\":\"Dois suspeitos detidos por inc\u00eandio antissemita em Londres\"}]},{\"@type\":\"WebSite\",\"@id\":\"https:\/\/portaltela.pt\/#website\",\"url\":\"https:\/\/portaltela.pt\/\",\"name\":\"Portal Tela Portugal\",\"description\":\"\",\"potentialAction\":[{\"@type\":\"SearchAction\",\"target\":{\"@type\":\"EntryPoint\",\"urlTemplate\":\"https:\/\/portaltela.pt\/?s={search_term_string}\"},\"query-input\":{\"@type\":\"PropertyValueSpecification\",\"valueRequired\":true,\"valueName\":\"search_term_string\"}}],\"inLanguage\":\"pt-PT\"},{\"@type\":\"Person\",\"@id\":\"https:\/\/portaltela.pt\/#\/schema\/person\/c4278d4a6028830caff9ee44b42d32ed\",\"name\":\"Telinha\",\"image\":{\"@type\":\"ImageObject\",\"inLanguage\":\"pt-PT\",\"@id\":\"https:\/\/portaltela.pt\/s.01k8rhncp4jt1\/2025\/11\/talking-bot-125x125.png\",\"url\":\"https:\/\/portaltela.pt\/s.01k8rhncp4jt1\/2025\/11\/talking-bot-125x125.png\",\"contentUrl\":\"https:\/\/portaltela.pt\/s.01k8rhncp4jt1\/2025\/11\/talking-bot-125x125.png\",\"caption\":\"Telinha\"},\"sameAs\":[\"https:\/\/portaltela.pt\/\"],\"url\":\"https:\/\/portaltela.pt\/por\/367410592786\/\"}]}<\/script>\n<!-- \/ Yoast SEO plugin. -->","yoast_head_json":{"title":"Dois suspeitos detidos por inc\u00eandio antissemita em Londres - Portal Tela Portugal","robots":{"index":"index","follow":"follow","max-snippet":"max-snippet:-1","max-image-preview":"max-image-preview:large","max-video-preview":"max-video-preview:-1"},"og_locale":"pt_PT","og_type":"article","og_title":"Dois suspeitos detidos por inc\u00eandio antissemita em Londres - Portal Tela Portugal","og_description":"Dois suspeitos foram detidos em Londres por alegado inc\u00eandio antissemita, segundo a not\u00edcia. A investiga\u00e7\u00e3o est\u00e1 em curso, com a pol\u00edcia a avan\u00e7ar com dilig\u00eancias. O artigo original indica que o conte\u00fado completo est\u00e1 dispon\u00edvel apenas para subscritores. N\u00e3o foram revelados detalhes adicionais sobre a localiza\u00e7\u00e3o exacta nem a data do incidente.","og_url":"https:\/\/portaltela.pt\/noticias\/2026\/03\/25\/dois-suspeitos-detidos-por-incendio-antissemita-em-londres-2\/","og_site_name":"Portal Tela Portugal","article_published_time":"2026-03-25T08:58:00+00:00","author":"Telinha","twitter_card":"summary_large_image","twitter_misc":{"Escrito por":"Telinha","Tempo estimado de leitura":"1 minuto"},"schema":{"@context":"https:\/\/schema.org","@graph":[{"@type":"Article","@id":"https:\/\/portaltela.pt\/noticias\/2026\/03\/25\/dois-suspeitos-detidos-por-incendio-antissemita-em-londres-2\/#article","isPartOf":{"@id":"https:\/\/portaltela.pt\/noticias\/2026\/03\/25\/dois-suspeitos-detidos-por-incendio-antissemita-em-londres-2\/"},"author":{"name":"Telinha","@id":"https:\/\/portaltela.pt\/#\/schema\/person\/c4278d4a6028830caff9ee44b42d32ed"},"headline":"Dois suspeitos detidos por inc\u00eandio antissemita em Londres","datePublished":"2026-03-25T08:58:00+00:00","mainEntityOfPage":{"@id":"https:\/\/portaltela.pt\/noticias\/2026\/03\/25\/dois-suspeitos-detidos-por-incendio-antissemita-em-londres-2\/"},"wordCount":162,"image":{"@id":"https:\/\/portaltela.pt\/noticias\/2026\/03\/25\/dois-suspeitos-detidos-por-incendio-antissemita-em-londres-2\/#primaryimage"},"thumbnailUrl":"https:\/\/portaltela.pt\/s.01k8rhncp4jt1\/2026\/03\/CACHE_780X1200_ANALOG_WATERMARKED_46807641_682449517258573.jpg","keywords":["antisemitismo","crime de \u00f3dio","inc\u00eandio","investiga\u00e7\u00e3o criminal","Londres"],"articleSection":["Crime"],"inLanguage":"pt-PT"},{"@type":"WebPage","@id":"https:\/\/portaltela.pt\/noticias\/2026\/03\/25\/dois-suspeitos-detidos-por-incendio-antissemita-em-londres-2\/","url":"https:\/\/portaltela.pt\/noticias\/2026\/03\/25\/dois-suspeitos-detidos-por-incendio-antissemita-em-londres-2\/","name":"Dois suspeitos detidos por inc\u00eandio antissemita em Londres - Portal Tela Portugal","isPartOf":{"@id":"https:\/\/portaltela.pt\/#website"},"primaryImageOfPage":{"@id":"https:\/\/portaltela.pt\/noticias\/2026\/03\/25\/dois-suspeitos-detidos-por-incendio-antissemita-em-londres-2\/#primaryimage"},"image":{"@id":"https:\/\/portaltela.pt\/noticias\/2026\/03\/25\/dois-suspeitos-detidos-por-incendio-antissemita-em-londres-2\/#primaryimage"},"thumbnailUrl":"https:\/\/portaltela.pt\/s.01k8rhncp4jt1\/2026\/03\/CACHE_780X1200_ANALOG_WATERMARKED_46807641_682449517258573.jpg","datePublished":"2026-03-25T08:58:00+00:00","author":{"@id":"https:\/\/portaltela.pt\/#\/schema\/person\/c4278d4a6028830caff9ee44b42d32ed"},"breadcrumb":{"@id":"https:\/\/portaltela.pt\/noticias\/2026\/03\/25\/dois-suspeitos-detidos-por-incendio-antissemita-em-londres-2\/#breadcrumb"},"inLanguage":"pt-PT","potentialAction":[{"@type":"ReadAction","target":["https:\/\/portaltela.pt\/noticias\/2026\/03\/25\/dois-suspeitos-detidos-por-incendio-antissemita-em-londres-2\/"]}]},{"@type":"ImageObject","inLanguage":"pt-PT","@id":"https:\/\/portaltela.pt\/noticias\/2026\/03\/25\/dois-suspeitos-detidos-por-incendio-antissemita-em-londres-2\/#primaryimage","url":"https:\/\/portaltela.pt\/s.01k8rhncp4jt1\/2026\/03\/CACHE_780X1200_ANALOG_WATERMARKED_46807641_682449517258573.jpg","contentUrl":"https:\/\/portaltela.pt\/s.01k8rhncp4jt1\/2026\/03\/CACHE_780X1200_ANALOG_WATERMARKED_46807641_682449517258573.jpg","width":796,"height":448,"caption":"Photo"},{"@type":"BreadcrumbList","@id":"https:\/\/portaltela.pt\/noticias\/2026\/03\/25\/dois-suspeitos-detidos-por-incendio-antissemita-em-londres-2\/#breadcrumb","itemListElement":[{"@type":"ListItem","position":1,"name":"In\u00edcio","item":"https:\/\/portaltela.pt\/"},{"@type":"ListItem","position":2,"name":"Dois suspeitos detidos por inc\u00eandio antissemita em Londres"}]},{"@type":"WebSite","@id":"https:\/\/portaltela.pt\/#website","url":"https:\/\/portaltela.pt\/","name":"Portal Tela Portugal","description":"","potentialAction":[{"@type":"SearchAction","target":{"@type":"EntryPoint","urlTemplate":"https:\/\/portaltela.pt\/?s={search_term_string}"},"query-input":{"@type":"PropertyValueSpecification","valueRequired":true,"valueName":"search_term_string"}}],"inLanguage":"pt-PT"},{"@type":"Person","@id":"https:\/\/portaltela.pt\/#\/schema\/person\/c4278d4a6028830caff9ee44b42d32ed","name":"Telinha","image":{"@type":"ImageObject","inLanguage":"pt-PT","@id":"https:\/\/portaltela.pt\/s.01k8rhncp4jt1\/2025\/11\/talking-bot-125x125.png","url":"https:\/\/portaltela.pt\/s.01k8rhncp4jt1\/2025\/11\/talking-bot-125x125.png","contentUrl":"https:\/\/portaltela.pt\/s.01k8rhncp4jt1\/2025\/11\/talking-bot-125x125.png","caption":"Telinha"},"sameAs":["https:\/\/portaltela.pt\/"],"url":"https:\/\/portaltela.pt\/por\/367410592786\/"}]}},"_links":{"self":[{"href":"https:\/\/portaltela.pt\/api\/wp\/v2\/posts\/420588","targetHints":{"allow":["GET"]}}],"collection":[{"href":"https:\/\/portaltela.pt\/api\/wp\/v2\/posts"}],"about":[{"href":"https:\/\/portaltela.pt\/api\/wp\/v2\/types\/post"}],"author":[{"embeddable":true,"href":"https:\/\/portaltela.pt\/api\/wp\/v2\/users\/2"}],"replies":[{"embeddable":true,"href":"https:\/\/portaltela.pt\/api\/wp\/v2\/comments?post=420588"}],"version-history":[{"count":0,"href":"https:\/\/portaltela.pt\/api\/wp\/v2\/posts\/420588\/revisions"}],"wp:featuredmedia":[{"embeddable":true,"href":"https:\/\/portaltela.pt\/api\/wp\/v2\/media\/420592"}],"wp:attachment":[{"href":"https:\/\/portaltela.pt\/api\/wp\/v2\/media?parent=420588"}],"wp:term":[{"taxonomy":"category","embeddable":true,"href":"https:\/\/portaltela.pt\/api\/wp\/v2\/categories?post=420588"},{"taxonomy":"post_tag","embeddable":true,"href":"https:\/\/portaltela.pt\/api\/wp\/v2\/tags?post=420588"}],"curies":[{"name":"wp","href":"https:\/\/api.w.org\/{rel}","templated":true}]}}